{"id":138541,"date":"2025-12-11T13:25:10","date_gmt":"2025-12-11T16:25:10","guid":{"rendered":"https:\/\/www.em.com.br\/emfoco\/?p=138541"},"modified":"2025-12-10T16:24:29","modified_gmt":"2025-12-10T19:24:29","slug":"as-especies-rusticas-que-florescem-lindamente-mesmo-em-solos-pouco-ferteis","status":"publish","type":"post","link":"https:\/\/www.em.com.br\/emfoco\/2025\/12\/11\/as-especies-rusticas-que-florescem-lindamente-mesmo-em-solos-pouco-ferteis\/","title":{"rendered":"As esp\u00e9cies r\u00fasticas que florescem lindamente mesmo em solos pouco f\u00e9rteis"},"content":{"rendered":"\n<p>Plantar flores que n\u00e3o precisam de adubo qu\u00edmico tem se tornado uma escolha comum entre pessoas que buscam um jardim mais simples de cuidar e com menor impacto no meio ambiente, priorizando esp\u00e9cies adaptadas ao clima local e o uso de mat\u00e9ria org\u00e2nica caseira, como folhas secas, restos de cozinha e compostagem dom\u00e9stica, mantendo o solo mais vivo e equilibrado ao longo do ano.<\/p>\n\n\n\n<h2 class=\"wp-block-heading\">Quais s\u00e3o as principais flores que n\u00e3o precisam de adubo qu\u00edmico<\/h2>\n\n\n\n<p>Algumas esp\u00e9cies s\u00e3o famosas por crescerem bem sem aduba\u00e7\u00e3o qu\u00edmica, principalmente em jardins de casa, cal\u00e7adas e pra\u00e7as. Escolher bem as flores \u00e9 essencial para ter um <b>jardim sustent\u00e1vel<\/b>, resistente e f\u00e1cil de manter, mesmo para quem est\u00e1 come\u00e7ando agora na jardinagem.<\/p>\n\n\n\n<p>Essas flores r\u00fasticas precisam muito mais de luz adequada e solo bem drenado do que de adubo forte. Confira algumas das esp\u00e9cies mais usadas em jardins que dispensam fertilizantes qu\u00edmicos:<\/p>\n\n\n\n<ul class=\"wp-block-list\">\n<li><b>Tagetes<\/b> (cravo-de-defunto): muito f\u00e1cil de cultivar, bastante usada em hortas, ajudando at\u00e9 a afastar pragas do solo;<\/li>\n\n\n\n<li><b>Z\u00ednia<\/b>: adora sol direto e floresce bem em solos simples, com um pouco de mat\u00e9ria org\u00e2nica misturada;<\/li>\n\n\n\n<li><b>Cal\u00eandula<\/b>: aguenta solos menos ricos e responde bem a aduba\u00e7\u00e3o org\u00e2nica leve, como composto ocasional;<\/li>\n\n\n\n<li><b>Lavanda<\/b>: prefere solos secos e bem drenados, com baixa fertilidade, e ainda assim produz muitas flores perfumadas;<\/li>\n\n\n\n<li><b>Onze-horas<\/b>: suculenta muito resistente, cresce bem em solo pobre, desde que receba bastante sol;<\/li>\n\n\n\n<li><b>Lanterna-chinesa<\/b> e hibiscos r\u00fasticos: arbustos floridos que se mant\u00eam bonitos com podas e um pouco de mat\u00e9ria org\u00e2nica no p\u00e9.<\/li>\n<\/ul>\n\n\n\n<iframe loading=\"lazy\" src=\"https:\/\/assets.pinterest.com\/ext\/embed.html?id=856950635376397639\" height=\"713\" width=\"345\" frameborder=\"0\" scrolling=\"no\" ><\/iframe>\n\n\n\n<p>Leia tamb\u00e9m:&nbsp;<a href=\"https:\/\/www.em.com.br\/emfoco\/2025\/12\/08\/como-plantar-pimentas-no-auge-do-calor-e-garantir-frutos-mais-ardidos\/\" target=\"_blank\" rel=\"noopener\">Como plantar pimentas no auge do calor e garantir frutos mais ardidos<\/a><\/p>\n\n\n\n<h2 class=\"wp-block-heading\">Como preparar o solo corretamente para flores sem adubo qu\u00edmico<\/h2>\n\n\n\n<p>O preparo do solo \u00e9 um dos pontos mais importantes para que as flores cres\u00e7am bem sem fertilizantes qu\u00edmicos. A meta \u00e9 criar um <b>solo vivo<\/b>, fofinho e com boa drenagem, permitindo que as ra\u00edzes se desenvolvam e aproveitem ao m\u00e1ximo os nutrientes naturais dispon\u00edveis.<\/p>\n\n\n\n<p>Para isso, vale observar a textura da terra, corrigir solos muito compactos e adicionar mat\u00e9ria org\u00e2nica em pequenas quantidades. Com o tempo, o solo passa a funcionar como um \u201cestoque\u201d natural de nutrientes, alimentado por folhas ca\u00eddas, restos de poda e cobertura morta, pr\u00e1tica conhecida como <b>mulching<\/b> em muitos sistemas de jardinagem ecol\u00f3gica.<\/p>\n\n\n<div class=\"wp-block-image\">\n<figure class=\"aligncenter size-large\"><img loading=\"lazy\" decoding=\"async\" width=\"1024\" height=\"576\" src=\"https:\/\/www.em.com.br\/emfoco\/wp-content\/uploads\/2025\/12\/Zinia_1765309060896-1024x576.jpg\" alt=\"\" class=\"wp-image-138013\" srcset=\"https:\/\/www.em.com.br\/emfoco\/wp-content\/uploads\/2025\/12\/Zinia_1765309060896-1024x576.jpg 1024w, https:\/\/www.em.com.br\/emfoco\/wp-content\/uploads\/2025\/12\/Zinia_1765309060896-300x169.jpg 300w, https:\/\/www.em.com.br\/emfoco\/wp-content\/uploads\/2025\/12\/Zinia_1765309060896-768x432.jpg 768w, https:\/\/www.em.com.br\/emfoco\/wp-content\/uploads\/2025\/12\/Zinia_1765309060896-750x422.jpg 750w, https:\/\/www.em.com.br\/emfoco\/wp-content\/uploads\/2025\/12\/Zinia_1765309060896-1140x641.jpg 1140w, https:\/\/www.em.com.br\/emfoco\/wp-content\/uploads\/2025\/12\/Zinia_1765309060896.jpg 1280w\" sizes=\"auto, (max-width: 1024px) 100vw, 1024px\" \/><figcaption class=\"wp-element-caption\">Para que as plantas de crescimento r\u00e1pido realmente transformem a \u00e1rea verde &#8211; Cr\u00e9ditos: depositphotos.com \/ alex9500<\/figcaption><\/figure><\/div>\n\n\n<h2 class=\"wp-block-heading\">Como cuidar das flores sem recorrer a fertilizantes qu\u00edmicos<\/h2>\n\n\n\n<p>Depois de plantadas, as flores que n\u00e3o precisam de adubo qu\u00edmico pedem cuidados simples, por\u00e9m constantes. O foco est\u00e1 nas regas equilibradas, nas podas regulares, na reposi\u00e7\u00e3o leve de mat\u00e9ria org\u00e2nica e no manejo natural de pragas, sem uso de venenos agressivos, priorizando solu\u00e7\u00f5es como <b>calda de fumo<\/b> ou sab\u00e3o neutro dilu\u00eddo.<\/p>\n\n\n\n<p>Em vez de tentar resolver qualquer problema com mais adubo, o ideal \u00e9 ajustar primeiro \u00e1gua, luz e ventila\u00e7\u00e3o. A diversidade de esp\u00e9cies no canteiro tamb\u00e9m ajuda a reduzir doen\u00e7as e atrair polinizadores, como <b>abelhas<\/b> e borboletas, deixando o jardim mais est\u00e1vel e com flora\u00e7\u00f5es durante todo o ano.<\/p>\n\n\n\n<iframe loading=\"lazy\" src=\"https:\/\/assets.pinterest.com\/ext\/embed.html?id=68748862802\" height=\"619\" width=\"345\" frameborder=\"0\" scrolling=\"no\" ><\/iframe>\n\n\n\n<h2 class=\"wp-block-heading\">Vale a pena investir em um jardim sem adubo qu\u00edmico<\/h2>\n\n\n\n<p>Para quem quer um jardim bonito, resistente e com manuten\u00e7\u00e3o mais em conta, vale sim apostar em um cultivo sem adubo qu\u00edmico. Escolhendo esp\u00e9cies adaptadas \u00e0 regi\u00e3o, preparando bem o solo e usando aduba\u00e7\u00e3o org\u00e2nica moderada, \u00e9 poss\u00edvel reduzir bastante ou at\u00e9 eliminar fertilizantes industrializados, tornando o cultivo mais <b>econ\u00f4mico<\/b> a longo prazo.<\/p>\n\n\n\n<p>Esse jeito de jardinar favorece o equil\u00edbrio entre plantas, solo e animais, al\u00e9m de incentivar o reaproveitamento de res\u00edduos da cozinha e do jardim. Assim, o cuidado com as flores se integra \u00e0 rotina da casa, aproximando o dia a dia do funcionamento dos <b>ecossistemas naturais<\/b>.<\/p>\n\n\n\n<p>Para voc\u00ea que gosta de plantar em casa separamos um v\u00eddeo do canal <a class=\"yt-simple-endpoint style-scope yt-formatted-string\" spellcheck=\"false\" href=\"https:\/\/www.youtube.com\/@PlantasArvoreseAdubos\" target=\"_blank\" rel=\"noopener\">Plantas Arvores e Adubos<\/a> sobre como fazer plantar <strong>cal\u00eandula<\/strong> em casa:<\/p>\n\n\n\n<figure class=\"wp-block-embed is-type-video is-provider-youtube wp-block-embed-youtube wp-embed-aspect-16-9 wp-has-aspect-ratio\"><div class=\"wp-block-embed__wrapper\">\n<div class=\"jeg_video_container jeg_video_content\"><iframe loading=\"lazy\" title=\"Flor Calendula como plantar passo a passo video 1\" width=\"500\" height=\"281\" src=\"https:\/\/www.youtube.com\/embed\/F3fzslTHuCI?start=3&#038;feature=oembed\" frameborder=\"0\" allow=\"accelerometer; autoplay; clipboard-write; encrypted-media; gyroscope; picture-in-picture; web-share\" referrerpolicy=\"strict-origin-when-cross-origin\" allowfullscreen><\/iframe><\/div>\n<\/div><\/figure>\n\n\n\n<h2 class=\"wp-block-heading\">Conclus\u00e3o sobre o cultivo de flores que dispensam adubo qu\u00edmico<\/h2>\n\n\n\n<p>Plantar flores que n\u00e3o precisam de adubo qu\u00edmico \u00e9 uma forma acess\u00edvel de ter um jardim bonito, saud\u00e1vel e em harmonia com a natureza. Apostando em esp\u00e9cies r\u00fasticas, melhorando o solo com mat\u00e9ria org\u00e2nica e observando o dia a dia das plantas, reduz-se custos e o uso de produtos qu\u00edmicos, incentivando um estilo de jardinagem mais <b>sustent\u00e1vel<\/b>.<\/p>\n\n\n\n<p>Mesmo iniciantes podem adotar esse tipo de cultivo, construindo aos poucos um espa\u00e7o verde mais sustent\u00e1vel, f\u00e1cil de cuidar e cheio de vida, onde res\u00edduos s\u00e3o reaproveitados e o solo se fortalece naturalmente a cada esta\u00e7\u00e3o, aproximando o jardim de um pequeno <b>ciclo natural<\/b> em casa.<\/p>\n","protected":false},"excerpt":{"rendered":"<p>Plantar flores que n\u00e3o precisam de adubo qu\u00edmico tem se tornado uma escolha comum entre pessoas que buscam um jardim mais simples de cuidar e com menor impacto no meio ambiente, priorizando esp\u00e9cies adaptadas ao clima local e o uso de mat\u00e9ria org\u00e2nica caseira, como folhas secas, restos de cozinha e compostagem dom\u00e9stica, mantendo o [&hellip;]<\/p>\n","protected":false},"author":9,"featured_media":43786,"comment_status":"open","ping_status":"open","sticky":false,"template":"","format":"standard","meta":{"jnews-multi-image_gallery":[],"jnews_single_post":{"format":"standard"},"jnews_primary_category":[],"jnews_social_meta":[],"jnews_override_counter":[],"footnotes":""},"categories":[8691,8819,1],"tags":[6197,7701,3357],"class_list":["post-138541","post","type-post","status-publish","format-standard","has-post-thumbnail","hentry","category-bem-estar","category-curiosidades","category-noticias","tag-adubo","tag-como-plantar","tag-flores"],"yoast_head":"<!-- This site is optimized with the Yoast SEO plugin v23.8 - https:\/\/yoast.com\/wordpress\/plugins\/seo\/ -->\n<title>As esp\u00e9cies r\u00fasticas que florescem lindamente mesmo em solos pouco f\u00e9rteis - Estado de Minas - Em foco<\/title>\n<meta name=\"description\" content=\"Esp\u00e9cies como lavanda e tagetes dispensam qu\u00edmicos. Saiba preparar o solo com mat\u00e9ria org\u00e2nica para um jardim sustent\u00e1vel e florido.\" \/>\n<meta name=\"robots\" content=\"index, follow, max-snippet:-1, max-image-preview:large, max-video-preview:-1\" \/>\n<link rel=\"canonical\" href=\"https:\/\/www.em.com.br\/emfoco\/2025\/12\/11\/as-especies-rusticas-que-florescem-lindamente-mesmo-em-solos-pouco-ferteis\/\" \/>\n<meta property=\"og:locale\" content=\"pt_BR\" \/>\n<meta property=\"og:type\" content=\"article\" \/>\n<meta property=\"og:title\" content=\"As esp\u00e9cies r\u00fasticas que florescem lindamente mesmo em solos pouco f\u00e9rteis - Estado de Minas - Em foco\" \/>\n<meta property=\"og:description\" content=\"Esp\u00e9cies como lavanda e tagetes dispensam qu\u00edmicos. Saiba preparar o solo com mat\u00e9ria org\u00e2nica para um jardim sustent\u00e1vel e florido.\" \/>\n<meta property=\"og:url\" content=\"https:\/\/www.em.com.br\/emfoco\/2025\/12\/11\/as-especies-rusticas-que-florescem-lindamente-mesmo-em-solos-pouco-ferteis\/\" \/>\n<meta property=\"og:site_name\" content=\"Estado de Minas - Em foco\" \/>\n<meta property=\"article:published_time\" content=\"2025-12-11T16:25:10+00:00\" \/>\n<meta property=\"article:modified_time\" content=\"2025-12-10T19:24:29+00:00\" \/>\n<meta property=\"og:image\" content=\"https:\/\/www.em.com.br\/emfoco\/wp-content\/uploads\/2025\/05\/flores-vasos_1746195103079.jpg\" \/>\n\t<meta property=\"og:image:width\" content=\"1280\" \/>\n\t<meta property=\"og:image:height\" content=\"720\" \/>\n\t<meta property=\"og:image:type\" content=\"image\/jpeg\" \/>\n<meta name=\"author\" content=\"Daniely Cardoso\" \/>\n<meta name=\"twitter:card\" content=\"summary_large_image\" \/>\n<meta name=\"twitter:label1\" content=\"Escrito por\" \/>\n\t<meta name=\"twitter:data1\" content=\"Daniely Cardoso\" \/>\n\t<meta name=\"twitter:label2\" content=\"Est. tempo de leitura\" \/>\n\t<meta name=\"twitter:data2\" content=\"5 minutos\" \/>\n<!-- \/ Yoast SEO plugin. -->","yoast_head_json":{"title":"As esp\u00e9cies r\u00fasticas que florescem lindamente mesmo em solos pouco f\u00e9rteis - Estado de Minas - Em foco","description":"Esp\u00e9cies como lavanda e tagetes dispensam qu\u00edmicos. Saiba preparar o solo com mat\u00e9ria org\u00e2nica para um jardim sustent\u00e1vel e florido.","robots":{"index":"index","follow":"follow","max-snippet":"max-snippet:-1","max-image-preview":"max-image-preview:large","max-video-preview":"max-video-preview:-1"},"canonical":"https:\/\/www.em.com.br\/emfoco\/2025\/12\/11\/as-especies-rusticas-que-florescem-lindamente-mesmo-em-solos-pouco-ferteis\/","og_locale":"pt_BR","og_type":"article","og_title":"As esp\u00e9cies r\u00fasticas que florescem lindamente mesmo em solos pouco f\u00e9rteis - Estado de Minas - Em foco","og_description":"Esp\u00e9cies como lavanda e tagetes dispensam qu\u00edmicos. Saiba preparar o solo com mat\u00e9ria org\u00e2nica para um jardim sustent\u00e1vel e florido.","og_url":"https:\/\/www.em.com.br\/emfoco\/2025\/12\/11\/as-especies-rusticas-que-florescem-lindamente-mesmo-em-solos-pouco-ferteis\/","og_site_name":"Estado de Minas - Em foco","article_published_time":"2025-12-11T16:25:10+00:00","article_modified_time":"2025-12-10T19:24:29+00:00","og_image":[{"width":1280,"height":720,"url":"https:\/\/www.em.com.br\/emfoco\/wp-content\/uploads\/2025\/05\/flores-vasos_1746195103079.jpg","type":"image\/jpeg"}],"author":"Daniely Cardoso","twitter_card":"summary_large_image","twitter_misc":{"Escrito por":"Daniely Cardoso","Est. tempo de leitura":"5 minutos"},"schema":{"@context":"https:\/\/schema.org","@graph":[{"@type":"WebPage","@id":"https:\/\/www.em.com.br\/emfoco\/2025\/12\/11\/as-especies-rusticas-que-florescem-lindamente-mesmo-em-solos-pouco-ferteis\/","url":"https:\/\/www.em.com.br\/emfoco\/2025\/12\/11\/as-especies-rusticas-que-florescem-lindamente-mesmo-em-solos-pouco-ferteis\/","name":"As esp\u00e9cies r\u00fasticas que florescem lindamente mesmo em solos pouco f\u00e9rteis - Estado de Minas - Em foco","isPartOf":{"@id":"https:\/\/www.em.com.br\/emfoco\/#website"},"primaryImageOfPage":{"@id":"https:\/\/www.em.com.br\/emfoco\/2025\/12\/11\/as-especies-rusticas-que-florescem-lindamente-mesmo-em-solos-pouco-ferteis\/#primaryimage"},"image":{"@id":"https:\/\/www.em.com.br\/emfoco\/2025\/12\/11\/as-especies-rusticas-que-florescem-lindamente-mesmo-em-solos-pouco-ferteis\/#primaryimage"},"thumbnailUrl":"https:\/\/www.em.com.br\/emfoco\/wp-content\/uploads\/2025\/05\/flores-vasos_1746195103079.jpg","datePublished":"2025-12-11T16:25:10+00:00","dateModified":"2025-12-10T19:24:29+00:00","author":{"@id":"https:\/\/www.em.com.br\/emfoco\/#\/schema\/person\/0a8186d72f2c3a5c6276d90b41f271a0"},"description":"Esp\u00e9cies como lavanda e tagetes dispensam qu\u00edmicos. Saiba preparar o solo com mat\u00e9ria org\u00e2nica para um jardim sustent\u00e1vel e florido.","breadcrumb":{"@id":"https:\/\/www.em.com.br\/emfoco\/2025\/12\/11\/as-especies-rusticas-que-florescem-lindamente-mesmo-em-solos-pouco-ferteis\/#breadcrumb"},"inLanguage":"pt-BR","potentialAction":[{"@type":"ReadAction","target":["https:\/\/www.em.com.br\/emfoco\/2025\/12\/11\/as-especies-rusticas-que-florescem-lindamente-mesmo-em-solos-pouco-ferteis\/"]}]},{"@type":"ImageObject","inLanguage":"pt-BR","@id":"https:\/\/www.em.com.br\/emfoco\/2025\/12\/11\/as-especies-rusticas-que-florescem-lindamente-mesmo-em-solos-pouco-ferteis\/#primaryimage","url":"https:\/\/www.em.com.br\/emfoco\/wp-content\/uploads\/2025\/05\/flores-vasos_1746195103079.jpg","contentUrl":"https:\/\/www.em.com.br\/emfoco\/wp-content\/uploads\/2025\/05\/flores-vasos_1746195103079.jpg","width":1280,"height":720,"caption":"Flores - Cr\u00e9ditos: depositphotos.com \/ brebca"},{"@type":"BreadcrumbList","@id":"https:\/\/www.em.com.br\/emfoco\/2025\/12\/11\/as-especies-rusticas-que-florescem-lindamente-mesmo-em-solos-pouco-ferteis\/#breadcrumb","itemListElement":[{"@type":"ListItem","position":1,"name":"In\u00edcio","item":"https:\/\/www.em.com.br\/emfoco\/"},{"@type":"ListItem","position":2,"name":"As esp\u00e9cies r\u00fasticas que florescem lindamente mesmo em solos pouco f\u00e9rteis"}]},{"@type":"WebSite","@id":"https:\/\/www.em.com.br\/emfoco\/#website","url":"https:\/\/www.em.com.br\/emfoco\/","name":"Estado de Minas - Em foco","description":"Acompanhe as \u00faltimas not\u00edcias e fique bem informado sobre tudo o que acontece em Minas Gerais, Brasil e no mundo.","potentialAction":[{"@type":"SearchAction","target":{"@type":"EntryPoint","urlTemplate":"https:\/\/www.em.com.br\/emfoco\/?s={search_term_string}"},"query-input":{"@type":"PropertyValueSpecification","valueRequired":true,"valueName":"search_term_string"}}],"inLanguage":"pt-BR"},{"@type":"Person","@id":"https:\/\/www.em.com.br\/emfoco\/#\/schema\/person\/0a8186d72f2c3a5c6276d90b41f271a0","name":"Daniely Cardoso","image":{"@type":"ImageObject","inLanguage":"pt-BR","@id":"https:\/\/www.em.com.br\/emfoco\/#\/schema\/person\/image\/","url":"https:\/\/secure.gravatar.com\/avatar\/4b80ddbd124d1f071b626d52d62e5dff?s=96&d=mm&r=g","contentUrl":"https:\/\/secure.gravatar.com\/avatar\/4b80ddbd124d1f071b626d52d62e5dff?s=96&d=mm&r=g","caption":"Daniely Cardoso"},"url":"https:\/\/www.em.com.br\/emfoco\/author\/danielymyth\/"}]}},"_links":{"self":[{"href":"https:\/\/www.em.com.br\/emfoco\/wp-json\/wp\/v2\/posts\/138541","targetHints":{"allow":["GET"]}}],"collection":[{"href":"https:\/\/www.em.com.br\/emfoco\/wp-json\/wp\/v2\/posts"}],"about":[{"href":"https:\/\/www.em.com.br\/emfoco\/wp-json\/wp\/v2\/types\/post"}],"author":[{"embeddable":true,"href":"https:\/\/www.em.com.br\/emfoco\/wp-json\/wp\/v2\/users\/9"}],"replies":[{"embeddable":true,"href":"https:\/\/www.em.com.br\/emfoco\/wp-json\/wp\/v2\/comments?post=138541"}],"version-history":[{"count":4,"href":"https:\/\/www.em.com.br\/emfoco\/wp-json\/wp\/v2\/posts\/138541\/revisions"}],"predecessor-version":[{"id":138590,"href":"https:\/\/www.em.com.br\/emfoco\/wp-json\/wp\/v2\/posts\/138541\/revisions\/138590"}],"wp:featuredmedia":[{"embeddable":true,"href":"https:\/\/www.em.com.br\/emfoco\/wp-json\/wp\/v2\/media\/43786"}],"wp:attachment":[{"href":"https:\/\/www.em.com.br\/emfoco\/wp-json\/wp\/v2\/media?parent=138541"}],"wp:term":[{"taxonomy":"category","embeddable":true,"href":"https:\/\/www.em.com.br\/emfoco\/wp-json\/wp\/v2\/categories?post=138541"},{"taxonomy":"post_tag","embeddable":true,"href":"https:\/\/www.em.com.br\/emfoco\/wp-json\/wp\/v2\/tags?post=138541"}],"curies":[{"name":"wp","href":"https:\/\/api.w.org\/{rel}","templated":true}]}}