{"id":138483,"date":"2025-12-11T20:45:12","date_gmt":"2025-12-11T23:45:12","guid":{"rendered":"https:\/\/www.em.com.br\/emfoco\/?p=138483"},"modified":"2025-12-10T16:57:55","modified_gmt":"2025-12-10T19:57:55","slug":"a-receita-caseira-potente-que-vai-deixar-seus-pes-macios-como-seda-gastando-muito-pouco","status":"publish","type":"post","link":"https:\/\/www.em.com.br\/emfoco\/2025\/12\/11\/a-receita-caseira-potente-que-vai-deixar-seus-pes-macios-como-seda-gastando-muito-pouco\/","title":{"rendered":"A receita caseira potente que vai deixar seus p\u00e9s macios como seda gastando muito pouco"},"content":{"rendered":"\n<p>Cuidar dos p\u00e9s com rachaduras j\u00e1 n\u00e3o \u00e9 algo restrito a tratamentos caros em cl\u00ednicas. Cada vez mais pessoas procuram um <strong>creme caseiro<\/strong> para p\u00e9s com rachadura feito com itens simples de farm\u00e1cia, alternativa que chama aten\u00e7\u00e3o pelo pre\u00e7o em conta, pela possibilidade de adaptar a mistura \u00e0 necessidade de cada pele e por complementar os cuidados b\u00e1sicos de higiene, hidrata\u00e7\u00e3o e conforto no dia a dia.<\/p>\n\n\n\n<h2 class=\"wp-block-heading\">Como funciona o creme caseiro para p\u00e9s com rachadura<\/h2>\n\n\n\n<p>Um <strong>creme caseiro<\/strong> eficaz normalmente junta tr\u00eas tipos de ingredientes: subst\u00e2ncias que hidratam, produtos que deixam a pele mais macia e itens que ajudam a renovar a pele. Quando bem combinados, eles formam uma pel\u00edcula protetora que diminui a perda de \u00e1gua, amacia a pele seca e favorece a recupera\u00e7\u00e3o gradual das rachaduras.<\/p>\n\n\n\n<p>Com o uso cont\u00ednuo, os <strong>calcanhares<\/strong> tendem a ficar mais lisos, macios e menos sens\u00edveis ao atrito. Em muitos casos, esses cremes podem complementar tratamentos prescritos por profissionais de sa\u00fade, especialmente quando usados junto de boas pr\u00e1ticas como secar bem os p\u00e9s e evitar andar descal\u00e7o em superf\u00edcies \u00e1speras.<\/p>\n\n\n<div class=\"wp-block-image\">\n<figure class=\"aligncenter size-large\"><img loading=\"lazy\" decoding=\"async\" width=\"1024\" height=\"576\" src=\"https:\/\/www.em.com.br\/emfoco\/wp-content\/uploads\/2025\/11\/pe-_1763829078954-1024x576.jpg\" alt=\"\" class=\"wp-image-130882\" srcset=\"https:\/\/www.em.com.br\/emfoco\/wp-content\/uploads\/2025\/11\/pe-_1763829078954-1024x576.jpg 1024w, https:\/\/www.em.com.br\/emfoco\/wp-content\/uploads\/2025\/11\/pe-_1763829078954-300x169.jpg 300w, https:\/\/www.em.com.br\/emfoco\/wp-content\/uploads\/2025\/11\/pe-_1763829078954-768x432.jpg 768w, https:\/\/www.em.com.br\/emfoco\/wp-content\/uploads\/2025\/11\/pe-_1763829078954-750x422.jpg 750w, https:\/\/www.em.com.br\/emfoco\/wp-content\/uploads\/2025\/11\/pe-_1763829078954-1140x641.jpg 1140w, https:\/\/www.em.com.br\/emfoco\/wp-content\/uploads\/2025\/11\/pe-_1763829078954.jpg 1280w\" sizes=\"auto, (max-width: 1024px) 100vw, 1024px\" \/><figcaption class=\"wp-element-caption\">creme caseiro preparado com produtos acess\u00edveis da farm\u00e1cia, al\u00e9m de manter os p\u00e9s sempre hidratados e macios &#8211; Cr\u00e9ditos: depositphotos.com \/ Nobilior<\/figcaption><\/figure><\/div>\n\n\n<p>Leia tamb\u00e9m:&nbsp;<a href=\"https:\/\/www.em.com.br\/emfoco\/2025\/12\/10\/como-fazer-seu-proprio-body-splash-hidratante-e-natural-em-casa-de-forma-facil\/\" target=\"_blank\" rel=\"noopener\">Como fazer seu pr\u00f3prio body splash hidratante e natural em casa de forma f\u00e1cil<\/a><\/p>\n\n\n\n<h2 class=\"wp-block-heading\">Quais produtos baratos de farm\u00e1cia podem ser usados com seguran\u00e7a<\/h2>\n\n\n\n<p>Nas <strong>farm\u00e1cias populares<\/strong>, \u00e9 poss\u00edvel montar uma pequena \u201cfarmacinha\u201d s\u00f3 para tratar rachaduras nos p\u00e9s. O mais importante \u00e9 olhar o r\u00f3tulo, verificar se o produto \u00e9 indicado para a pele dos p\u00e9s e evitar f\u00f3rmulas com subst\u00e2ncias muito irritantes para uso di\u00e1rio, como altas concentra\u00e7\u00f5es de ureia ou \u00e1lcool.<\/p>\n\n\n\n<p>Em caso de d\u00favida, vale conversar com um <strong>profissional de sa\u00fade<\/strong>, principalmente quando as rachaduras s\u00e3o muito fundas, doem, apresentam sinais de inflama\u00e7\u00e3o ou se a pessoa tem doen\u00e7as como diabetes e problemas de circula\u00e7\u00e3o. Entre os itens mais usados est\u00e3o:<\/p>\n\n\n\n<ol class=\"wp-block-list\">\n<li><strong>Vaselina s\u00f3lida<\/strong> ou gel\u00e9ia de petr\u00f3leo: cria uma barreira na pele, diminuindo a perda de \u00e1gua e mantendo a hidrata\u00e7\u00e3o por mais tempo.<\/li>\n\n\n\n<li><strong>Pomada com dexpantenol<\/strong>: ajuda na recupera\u00e7\u00e3o da pele, sendo muito usada em assaduras e \u00e1reas bem ressecadas.<\/li>\n\n\n\n<li><strong>Creme com ureia<\/strong> 3% a 10%: hidrata e suaviza a pele \u00e1spera; essas concentra\u00e7\u00f5es mais baixas s\u00e3o as mais indicadas para usar em casa com seguran\u00e7a.<\/li>\n\n\n\n<li><strong>Glicerina bidestilada<\/strong>: puxa e ret\u00e9m \u00e1gua na superf\u00edcie da pele, deixando-a com sensa\u00e7\u00e3o de maciez.<\/li>\n\n\n\n<li><strong>\u00d3leo mineral<\/strong> ou \u00f3leo de am\u00eandoas: funciona como um \u201camaciador\u201d da pele, deixando os p\u00e9s mais flex\u00edveis e menos propensos a racharem de novo.<\/li>\n<\/ol>\n\n\n\n<iframe loading=\"lazy\" src=\"https:\/\/assets.pinterest.com\/ext\/embed.html?id=3377768468141209\" height=\"714\" width=\"345\" frameborder=\"0\" scrolling=\"no\" ><\/iframe>\n\n\n\n<h2 class=\"wp-block-heading\">Como preparar o creme caseiro para rachaduras nos p\u00e9s passo a passo<\/h2>\n\n\n\n<p>Um jeito simples de fazer um <strong>tratamento caseiro<\/strong> para p\u00e9s rachados \u00e9 misturar pequenas quantidades de cada produto em um pote limpo com tampa. Assim, o creme pode ser usado por v\u00e1rios dias, desde que guardado em local seco, arejado, longe de calor excessivo e de contamina\u00e7\u00e3o por \u00e1gua ou sujeira.<\/p>\n\n\n<div class=\"wp-block-image\">\n<figure class=\"aligncenter size-large\"><img loading=\"lazy\" decoding=\"async\" width=\"1024\" height=\"576\" src=\"https:\/\/www.em.com.br\/emfoco\/wp-content\/uploads\/2025\/12\/Gemini_Generated_Image_iuyz8aiuyz8aiuyz-1-1024x576.png\" alt=\"\" class=\"wp-image-138640\" srcset=\"https:\/\/www.em.com.br\/emfoco\/wp-content\/uploads\/2025\/12\/Gemini_Generated_Image_iuyz8aiuyz8aiuyz-1-1024x576.png 1024w, https:\/\/www.em.com.br\/emfoco\/wp-content\/uploads\/2025\/12\/Gemini_Generated_Image_iuyz8aiuyz8aiuyz-1-300x169.png 300w, https:\/\/www.em.com.br\/emfoco\/wp-content\/uploads\/2025\/12\/Gemini_Generated_Image_iuyz8aiuyz8aiuyz-1-768x432.png 768w, https:\/\/www.em.com.br\/emfoco\/wp-content\/uploads\/2025\/12\/Gemini_Generated_Image_iuyz8aiuyz8aiuyz-1-750x422.png 750w, https:\/\/www.em.com.br\/emfoco\/wp-content\/uploads\/2025\/12\/Gemini_Generated_Image_iuyz8aiuyz8aiuyz-1-1140x641.png 1140w, https:\/\/www.em.com.br\/emfoco\/wp-content\/uploads\/2025\/12\/Gemini_Generated_Image_iuyz8aiuyz8aiuyz-1.png 1280w\" sizes=\"auto, (max-width: 1024px) 100vw, 1024px\" \/><figcaption class=\"wp-element-caption\">Um jeito simples de fazer um tratamento caseiro para p\u00e9s rachados \u00e9 misturar pequenas quantidades<\/figcaption><\/figure><\/div>\n\n\n<p>Antes de aplicar o <strong>creme<\/strong>, lave bem os p\u00e9s com \u00e1gua e sabonete neutro, secando direitinho, inclusive entre os dedos. Depois, espalhe uma camada generosa do produto nos calcanhares e nas partes mais secas; usar meias de algod\u00e3o por cima \u00e0 noite ajuda a potencializar o efeito hidratante.<\/p>\n\n\n\n<h2 class=\"wp-block-heading\">Quais cuidados s\u00e3o importantes ao usar creme caseiro para p\u00e9s rachados<\/h2>\n\n\n\n<p>Mesmo sendo feito com produtos comuns de <strong>farm\u00e1cia<\/strong>, o creme caseiro para rachaduras nos p\u00e9s exige alguns cuidados. Quem j\u00e1 sabe que tem alergia a algum componente, como ureia, fragr\u00e2ncias ou \u00f3leos, deve ler o r\u00f3tulo com aten\u00e7\u00e3o e interromper o uso se notar coceira forte, vermelhid\u00e3o persistente ou sensa\u00e7\u00e3o intensa de ard\u00eancia.<\/p>\n\n\n\n<ul class=\"wp-block-list\">\n<li>Evitar passar o <strong>creme<\/strong> em feridas muito fundas ou abertas sem orienta\u00e7\u00e3o m\u00e9dica.<\/li>\n\n\n\n<li>N\u00e3o usar lixas muito agressivas, l\u00e2minas ou objetos cortantes para \u201craspar\u201d a pele grossa em casa.<\/li>\n\n\n\n<li>Diminuir o uso de cal\u00e7ados muito duros, abertos atr\u00e1s ou que fiquem raspando nos calcanhares.<\/li>\n\n\n\n<li>Manter a <strong>hidrata\u00e7\u00e3o di\u00e1ria<\/strong> dos p\u00e9s, mesmo depois que a apar\u00eancia melhorar, para evitar retorno das rachaduras.<\/li>\n\n\n\n<li>Ficar atento a mudan\u00e7as na cor ou sensibilidade dos p\u00e9s, principalmente quem tem <strong>diabetes<\/strong> ou problemas de circula\u00e7\u00e3o.<\/li>\n<\/ul>\n\n\n\n<p>Para voc\u00ea que gosta de uma opini\u00e3o profissional, separamos um v\u00eddeo do canal da <a class=\"yt-simple-endpoint style-scope yt-formatted-string\" spellcheck=\"false\" href=\"https:\/\/www.youtube.com\/@DraMarinaHayashida\" target=\"_blank\" rel=\"noopener\">Dra. Marina Hayashida<\/a> sobre cuidados para melhores os p\u00e9s rachados:<\/p>\n\n\n\n<figure class=\"wp-block-embed is-type-video is-provider-youtube wp-block-embed-youtube wp-embed-aspect-16-9 wp-has-aspect-ratio\"><div class=\"wp-block-embed__wrapper\">\n<div class=\"jeg_video_container jeg_video_content\"><iframe loading=\"lazy\" title=\"P\u00e9s ressecados descubra o que fazer, causas e tratamentos | COMO HIDRATAR OS P\u00c9S #cuidadosemcasa\" width=\"500\" height=\"281\" src=\"https:\/\/www.youtube.com\/embed\/IrsZtznm2Ko?start=2&#038;feature=oembed\" frameborder=\"0\" allow=\"accelerometer; autoplay; clipboard-write; encrypted-media; gyroscope; picture-in-picture; web-share\" referrerpolicy=\"strict-origin-when-cross-origin\" allowfullscreen><\/iframe><\/div>\n<\/div><\/figure>\n\n\n\n<h2 class=\"wp-block-heading\">Conclus\u00e3o sobre o uso de creme caseiro para p\u00e9s com rachadura<\/h2>\n\n\n\n<p>Tratar p\u00e9s rachados em casa \u00e9 poss\u00edvel e, na maioria das vezes, bem simples. Com alguns produtos baratos da <strong>farm\u00e1cia<\/strong>, como vaselina, ureia e dexpantenol, d\u00e1 para montar um creme caseiro para p\u00e9s com rachadura que hidrata profundamente e protege a pele, desde que usado com const\u00e2ncia e aten\u00e7\u00e3o aos sinais do corpo.<\/p>\n\n\n\n<p>Aplicar o <strong>creme<\/strong> todos os dias, cuidar da higiene, escolher cal\u00e7ados confort\u00e1veis e observar qualquer sinal diferente nos p\u00e9s s\u00e3o atitudes essenciais. Se as rachaduras forem muito profundas, doloridas ou n\u00e3o melhorarem com o uso regular do creme, \u00e9 importante procurar um profissional de sa\u00fade para avalia\u00e7\u00e3o detalhada e, se necess\u00e1rio, um tratamento espec\u00edfico e supervisionado.<\/p>\n","protected":false},"excerpt":{"rendered":"<p>Cuidar dos p\u00e9s com rachaduras j\u00e1 n\u00e3o \u00e9 algo restrito a tratamentos caros em cl\u00ednicas. Cada vez mais pessoas procuram um creme caseiro para p\u00e9s com rachadura feito com itens simples de farm\u00e1cia, alternativa que chama aten\u00e7\u00e3o pelo pre\u00e7o em conta, pela possibilidade de adaptar a mistura \u00e0 necessidade de cada pele e por complementar [&hellip;]<\/p>\n","protected":false},"author":9,"featured_media":136603,"comment_status":"open","ping_status":"open","sticky":false,"template":"","format":"standard","meta":{"jnews-multi-image_gallery":[],"jnews_single_post":{"format":"standard"},"jnews_primary_category":[],"jnews_social_meta":[],"jnews_override_counter":[],"footnotes":""},"categories":[8691,8819,1],"tags":[16469,14887,15949],"class_list":["post-138483","post","type-post","status-publish","format-standard","has-post-thumbnail","hentry","category-bem-estar","category-curiosidades","category-noticias","tag-creme-caseiro","tag-cuidado-com-o-corpo","tag-pes-rachados"],"yoast_head":"<!-- This site is optimized with the Yoast SEO plugin v23.8 - https:\/\/yoast.com\/wordpress\/plugins\/seo\/ -->\n<title>A receita caseira potente que vai deixar seus p\u00e9s macios como seda gastando muito pouco - Estado de Minas - Em foco<\/title>\n<meta name=\"description\" content=\"Misture produtos de farm\u00e1cia como vaselina e ureia para criar um creme potente. Saiba como hidratar profundamente e recuperar p\u00e9s rachados em casa.\" \/>\n<meta name=\"robots\" content=\"index, follow, max-snippet:-1, max-image-preview:large, max-video-preview:-1\" \/>\n<link rel=\"canonical\" href=\"https:\/\/www.em.com.br\/emfoco\/2025\/12\/11\/a-receita-caseira-potente-que-vai-deixar-seus-pes-macios-como-seda-gastando-muito-pouco\/\" \/>\n<meta property=\"og:locale\" content=\"pt_BR\" \/>\n<meta property=\"og:type\" content=\"article\" \/>\n<meta property=\"og:title\" content=\"A receita caseira potente que vai deixar seus p\u00e9s macios como seda gastando muito pouco - Estado de Minas - Em foco\" \/>\n<meta property=\"og:description\" content=\"Misture produtos de farm\u00e1cia como vaselina e ureia para criar um creme potente. Saiba como hidratar profundamente e recuperar p\u00e9s rachados em casa.\" \/>\n<meta property=\"og:url\" content=\"https:\/\/www.em.com.br\/emfoco\/2025\/12\/11\/a-receita-caseira-potente-que-vai-deixar-seus-pes-macios-como-seda-gastando-muito-pouco\/\" \/>\n<meta property=\"og:site_name\" content=\"Estado de Minas - Em foco\" \/>\n<meta property=\"article:published_time\" content=\"2025-12-11T23:45:12+00:00\" \/>\n<meta property=\"article:modified_time\" content=\"2025-12-10T19:57:55+00:00\" \/>\n<meta property=\"og:image\" content=\"https:\/\/www.em.com.br\/emfoco\/wp-content\/uploads\/2025\/12\/calo-no-pe_1764981833679.jpg\" \/>\n\t<meta property=\"og:image:width\" content=\"1280\" \/>\n\t<meta property=\"og:image:height\" content=\"720\" \/>\n\t<meta property=\"og:image:type\" content=\"image\/jpeg\" \/>\n<meta name=\"author\" content=\"Daniely Cardoso\" \/>\n<meta name=\"twitter:card\" content=\"summary_large_image\" \/>\n<meta name=\"twitter:label1\" content=\"Escrito por\" \/>\n\t<meta name=\"twitter:data1\" content=\"Daniely Cardoso\" \/>\n\t<meta name=\"twitter:label2\" content=\"Est. tempo de leitura\" \/>\n\t<meta name=\"twitter:data2\" content=\"6 minutos\" \/>\n<!-- \/ Yoast SEO plugin. -->","yoast_head_json":{"title":"A receita caseira potente que vai deixar seus p\u00e9s macios como seda gastando muito pouco - Estado de Minas - Em foco","description":"Misture produtos de farm\u00e1cia como vaselina e ureia para criar um creme potente. Saiba como hidratar profundamente e recuperar p\u00e9s rachados em casa.","robots":{"index":"index","follow":"follow","max-snippet":"max-snippet:-1","max-image-preview":"max-image-preview:large","max-video-preview":"max-video-preview:-1"},"canonical":"https:\/\/www.em.com.br\/emfoco\/2025\/12\/11\/a-receita-caseira-potente-que-vai-deixar-seus-pes-macios-como-seda-gastando-muito-pouco\/","og_locale":"pt_BR","og_type":"article","og_title":"A receita caseira potente que vai deixar seus p\u00e9s macios como seda gastando muito pouco - Estado de Minas - Em foco","og_description":"Misture produtos de farm\u00e1cia como vaselina e ureia para criar um creme potente. Saiba como hidratar profundamente e recuperar p\u00e9s rachados em casa.","og_url":"https:\/\/www.em.com.br\/emfoco\/2025\/12\/11\/a-receita-caseira-potente-que-vai-deixar-seus-pes-macios-como-seda-gastando-muito-pouco\/","og_site_name":"Estado de Minas - Em foco","article_published_time":"2025-12-11T23:45:12+00:00","article_modified_time":"2025-12-10T19:57:55+00:00","og_image":[{"width":1280,"height":720,"url":"https:\/\/www.em.com.br\/emfoco\/wp-content\/uploads\/2025\/12\/calo-no-pe_1764981833679.jpg","type":"image\/jpeg"}],"author":"Daniely Cardoso","twitter_card":"summary_large_image","twitter_misc":{"Escrito por":"Daniely Cardoso","Est. tempo de leitura":"6 minutos"},"schema":{"@context":"https:\/\/schema.org","@graph":[{"@type":"WebPage","@id":"https:\/\/www.em.com.br\/emfoco\/2025\/12\/11\/a-receita-caseira-potente-que-vai-deixar-seus-pes-macios-como-seda-gastando-muito-pouco\/","url":"https:\/\/www.em.com.br\/emfoco\/2025\/12\/11\/a-receita-caseira-potente-que-vai-deixar-seus-pes-macios-como-seda-gastando-muito-pouco\/","name":"A receita caseira potente que vai deixar seus p\u00e9s macios como seda gastando muito pouco - Estado de Minas - Em foco","isPartOf":{"@id":"https:\/\/www.em.com.br\/emfoco\/#website"},"primaryImageOfPage":{"@id":"https:\/\/www.em.com.br\/emfoco\/2025\/12\/11\/a-receita-caseira-potente-que-vai-deixar-seus-pes-macios-como-seda-gastando-muito-pouco\/#primaryimage"},"image":{"@id":"https:\/\/www.em.com.br\/emfoco\/2025\/12\/11\/a-receita-caseira-potente-que-vai-deixar-seus-pes-macios-como-seda-gastando-muito-pouco\/#primaryimage"},"thumbnailUrl":"https:\/\/www.em.com.br\/emfoco\/wp-content\/uploads\/2025\/12\/calo-no-pe_1764981833679.jpg","datePublished":"2025-12-11T23:45:12+00:00","dateModified":"2025-12-10T19:57:55+00:00","author":{"@id":"https:\/\/www.em.com.br\/emfoco\/#\/schema\/person\/0a8186d72f2c3a5c6276d90b41f271a0"},"description":"Misture produtos de farm\u00e1cia como vaselina e ureia para criar um creme potente. Saiba como hidratar profundamente e recuperar p\u00e9s rachados em casa.","breadcrumb":{"@id":"https:\/\/www.em.com.br\/emfoco\/2025\/12\/11\/a-receita-caseira-potente-que-vai-deixar-seus-pes-macios-como-seda-gastando-muito-pouco\/#breadcrumb"},"inLanguage":"pt-BR","potentialAction":[{"@type":"ReadAction","target":["https:\/\/www.em.com.br\/emfoco\/2025\/12\/11\/a-receita-caseira-potente-que-vai-deixar-seus-pes-macios-como-seda-gastando-muito-pouco\/"]}]},{"@type":"ImageObject","inLanguage":"pt-BR","@id":"https:\/\/www.em.com.br\/emfoco\/2025\/12\/11\/a-receita-caseira-potente-que-vai-deixar-seus-pes-macios-como-seda-gastando-muito-pouco\/#primaryimage","url":"https:\/\/www.em.com.br\/emfoco\/wp-content\/uploads\/2025\/12\/calo-no-pe_1764981833679.jpg","contentUrl":"https:\/\/www.em.com.br\/emfoco\/wp-content\/uploads\/2025\/12\/calo-no-pe_1764981833679.jpg","width":1280,"height":720,"caption":"Calos e rachaduras nos p\u00e9s s\u00e3o respostas da pele a agress\u00f5es repetidas - Cr\u00e9ditos: depositphotos.com \/ fotoevent.stock"},{"@type":"BreadcrumbList","@id":"https:\/\/www.em.com.br\/emfoco\/2025\/12\/11\/a-receita-caseira-potente-que-vai-deixar-seus-pes-macios-como-seda-gastando-muito-pouco\/#breadcrumb","itemListElement":[{"@type":"ListItem","position":1,"name":"In\u00edcio","item":"https:\/\/www.em.com.br\/emfoco\/"},{"@type":"ListItem","position":2,"name":"A receita caseira potente que vai deixar seus p\u00e9s macios como seda gastando muito pouco"}]},{"@type":"WebSite","@id":"https:\/\/www.em.com.br\/emfoco\/#website","url":"https:\/\/www.em.com.br\/emfoco\/","name":"Estado de Minas - Em foco","description":"Acompanhe as \u00faltimas not\u00edcias e fique bem informado sobre tudo o que acontece em Minas Gerais, Brasil e no mundo.","potentialAction":[{"@type":"SearchAction","target":{"@type":"EntryPoint","urlTemplate":"https:\/\/www.em.com.br\/emfoco\/?s={search_term_string}"},"query-input":{"@type":"PropertyValueSpecification","valueRequired":true,"valueName":"search_term_string"}}],"inLanguage":"pt-BR"},{"@type":"Person","@id":"https:\/\/www.em.com.br\/emfoco\/#\/schema\/person\/0a8186d72f2c3a5c6276d90b41f271a0","name":"Daniely Cardoso","image":{"@type":"ImageObject","inLanguage":"pt-BR","@id":"https:\/\/www.em.com.br\/emfoco\/#\/schema\/person\/image\/","url":"https:\/\/secure.gravatar.com\/avatar\/4b80ddbd124d1f071b626d52d62e5dff?s=96&d=mm&r=g","contentUrl":"https:\/\/secure.gravatar.com\/avatar\/4b80ddbd124d1f071b626d52d62e5dff?s=96&d=mm&r=g","caption":"Daniely Cardoso"},"url":"https:\/\/www.em.com.br\/emfoco\/author\/danielymyth\/"}]}},"_links":{"self":[{"href":"https:\/\/www.em.com.br\/emfoco\/wp-json\/wp\/v2\/posts\/138483","targetHints":{"allow":["GET"]}}],"collection":[{"href":"https:\/\/www.em.com.br\/emfoco\/wp-json\/wp\/v2\/posts"}],"about":[{"href":"https:\/\/www.em.com.br\/emfoco\/wp-json\/wp\/v2\/types\/post"}],"author":[{"embeddable":true,"href":"https:\/\/www.em.com.br\/emfoco\/wp-json\/wp\/v2\/users\/9"}],"replies":[{"embeddable":true,"href":"https:\/\/www.em.com.br\/emfoco\/wp-json\/wp\/v2\/comments?post=138483"}],"version-history":[{"count":4,"href":"https:\/\/www.em.com.br\/emfoco\/wp-json\/wp\/v2\/posts\/138483\/revisions"}],"predecessor-version":[{"id":138642,"href":"https:\/\/www.em.com.br\/emfoco\/wp-json\/wp\/v2\/posts\/138483\/revisions\/138642"}],"wp:featuredmedia":[{"embeddable":true,"href":"https:\/\/www.em.com.br\/emfoco\/wp-json\/wp\/v2\/media\/136603"}],"wp:attachment":[{"href":"https:\/\/www.em.com.br\/emfoco\/wp-json\/wp\/v2\/media?parent=138483"}],"wp:term":[{"taxonomy":"category","embeddable":true,"href":"https:\/\/www.em.com.br\/emfoco\/wp-json\/wp\/v2\/categories?post=138483"},{"taxonomy":"post_tag","embeddable":true,"href":"https:\/\/www.em.com.br\/emfoco\/wp-json\/wp\/v2\/tags?post=138483"}],"curies":[{"name":"wp","href":"https:\/\/api.w.org\/{rel}","templated":true}]}}