{"id":138393,"date":"2025-12-11T12:25:00","date_gmt":"2025-12-11T15:25:00","guid":{"rendered":"https:\/\/www.em.com.br\/emfoco\/?p=138393"},"modified":"2025-12-10T14:57:28","modified_gmt":"2025-12-10T17:57:28","slug":"fim-do-atestado-medico-nova-mudanca-comeca-a-valer-em-2026","status":"publish","type":"post","link":"https:\/\/www.em.com.br\/emfoco\/2025\/12\/11\/fim-do-atestado-medico-nova-mudanca-comeca-a-valer-em-2026\/","title":{"rendered":"Fim do atestado m\u00e9dico, nova mudan\u00e7a come\u00e7a a valer em 2026"},"content":{"rendered":"\n<p>O ambiente de trabalho e os servi\u00e7os de sa\u00fade no Brasil devem passar por mudan\u00e7as importantes at\u00e9 2026 com a ado\u00e7\u00e3o obrigat\u00f3ria de atestados m\u00e9dicos digitais, tema que ganhou destaque com o an\u00fancio do <strong>Atesta CFM<\/strong>, plataforma criada pelo <strong>Conselho Federal de Medicina<\/strong> para padronizar a emiss\u00e3o e a valida\u00e7\u00e3o desses documentos em todo o pa\u00eds, envolvendo m\u00e9dicos, pacientes, empresas e \u00f3rg\u00e3os p\u00fablicos, e impactando diretamente a forma como afastamentos e comparecimentos s\u00e3o comprovados.<\/p>\n\n\n\n<h2 class=\"wp-block-heading\">O que \u00e9 o Atesta CFM e como funciona o atestado m\u00e9dico digital<\/h2>\n\n\n<div class=\"wp-block-image\">\n<figure class=\"aligncenter size-large\"><img loading=\"lazy\" decoding=\"async\" width=\"1024\" height=\"576\" src=\"https:\/\/www.em.com.br\/emfoco\/wp-content\/uploads\/2025\/12\/atestado-medico-digital_1764114785258-1024x576.jpg\" alt=\"\" class=\"wp-image-138511\" srcset=\"https:\/\/www.em.com.br\/emfoco\/wp-content\/uploads\/2025\/12\/atestado-medico-digital_1764114785258-1024x576.jpg 1024w, https:\/\/www.em.com.br\/emfoco\/wp-content\/uploads\/2025\/12\/atestado-medico-digital_1764114785258-300x169.jpg 300w, https:\/\/www.em.com.br\/emfoco\/wp-content\/uploads\/2025\/12\/atestado-medico-digital_1764114785258-768x432.jpg 768w, https:\/\/www.em.com.br\/emfoco\/wp-content\/uploads\/2025\/12\/atestado-medico-digital_1764114785258-750x422.jpg 750w, https:\/\/www.em.com.br\/emfoco\/wp-content\/uploads\/2025\/12\/atestado-medico-digital_1764114785258-1140x641.jpg 1140w, https:\/\/www.em.com.br\/emfoco\/wp-content\/uploads\/2025\/12\/atestado-medico-digital_1764114785258.jpg 1280w\" sizes=\"auto, (max-width: 1024px) 100vw, 1024px\" \/><figcaption class=\"wp-element-caption\">Nova regra sobre atestado m\u00e9dico em 2026 &#8211; Cr\u00e9ditos: depositphotos.com \/ everythingposs<\/figcaption><\/figure><\/div>\n\n\n<p>O <strong>Atesta CFM<\/strong> \u00e9 uma plataforma nacional regulamentada pela <strong><a href=\"https:\/\/sistemas.cfm.org.br\/normas\/arquivos\/resolucoes\/BR\/2024\/2382_2024.pdf\" target=\"_blank\" rel=\"noreferrer noopener\">Resolu\u00e7\u00e3o CFM n\u00ba 2.382\/2024<\/a><\/strong>, criada como sistema oficial de emiss\u00e3o e valida\u00e7\u00e3o de atestado m\u00e9dico digital no Brasil. O m\u00e9dico registra o documento em ambiente eletr\u00f4nico, que gera um c\u00f3digo \u00fanico de autentica\u00e7\u00e3o consult\u00e1vel por empresas, escolas ou outros interessados.<\/p>\n\n\n\n<p>O sistema contempla diferentes tipos de documentos m\u00e9dicos, como atestados de afastamento do trabalho, justificativas de comparecimento a consultas, visitas domiciliares e atendimentos por telemedicina. A emiss\u00e3o pode ocorrer em formato eletr\u00f4nico ou impresso padronizado, desde que registrada na plataforma, cujo acesso \u00e9 gratuito para m\u00e9dicos, pacientes e empregadores.<\/p>\n\n\n\n<h2 class=\"wp-block-heading\">Quando o atestado m\u00e9dico digital ser\u00e1 obrigat\u00f3rio no Brasil<\/h2>\n\n\n\n<p>A regulamenta\u00e7\u00e3o do <strong>atestado m\u00e9dico digital obrigat\u00f3rio<\/strong> prev\u00ea que, a partir de 5 de mar\u00e7o de 2026, a emiss\u00e3o e a valida\u00e7\u00e3o de atestados passem a ocorrer prioritariamente dentro do <strong>Atesta CFM<\/strong>. Para fins de comprova\u00e7\u00e3o formal, o documento precisar\u00e1 estar registrado no sistema para ser considerado v\u00e1lido, ainda que o paciente receba uma via impressa.<\/p>\n\n\n\n<p>A medida responde a fraudes e uso indevido de atestados, que afetam a gest\u00e3o de pessoal e a confian\u00e7a na documenta\u00e7\u00e3o m\u00e9dica. Ao estabelecer um padr\u00e3o nacional, busca-se reduzir diverg\u00eancias entre estados, facilitar auditorias e alinhar a digitaliza\u00e7\u00e3o dos atestados a prontu\u00e1rios eletr\u00f4nicos e prescri\u00e7\u00f5es digitais.<\/p>\n\n\n\n<p>Leia mais: <a href=\"https:\/\/www.em.com.br\/emfoco\/2025\/11\/28\/donas-de-casa-podem-agora-solicitar-auxilio-de-480-por-11-meses-programa-visa-aliviar-o-orcamento-da-familia\/\" target=\"_blank\" rel=\"noreferrer noopener\">Donas de casa podem agora solicitar aux\u00edlio de 480 por 11 meses: programa visa aliviar o or\u00e7amento da fam\u00edlia<\/a><\/p>\n\n\n\n<h2 class=\"wp-block-heading\">Quais s\u00e3o as principais vantagens e desafios do atestado m\u00e9dico digital<\/h2>\n\n\n<div class=\"wp-block-image\">\n<figure class=\"aligncenter size-large\"><img loading=\"lazy\" decoding=\"async\" width=\"1024\" height=\"576\" src=\"https:\/\/www.em.com.br\/emfoco\/wp-content\/uploads\/2025\/12\/imagem_2025-11-22_221031750-e1764624404773-1024x576.png\" alt=\"Como liberar espa\u00e7o no celular para evitar travamentos em apps do governo\" class=\"wp-image-134271\" srcset=\"https:\/\/www.em.com.br\/emfoco\/wp-content\/uploads\/2025\/12\/imagem_2025-11-22_221031750-e1764624404773-1024x576.png 1024w, https:\/\/www.em.com.br\/emfoco\/wp-content\/uploads\/2025\/12\/imagem_2025-11-22_221031750-e1764624404773-300x169.png 300w, https:\/\/www.em.com.br\/emfoco\/wp-content\/uploads\/2025\/12\/imagem_2025-11-22_221031750-e1764624404773-768x432.png 768w, https:\/\/www.em.com.br\/emfoco\/wp-content\/uploads\/2025\/12\/imagem_2025-11-22_221031750-e1764624404773-750x422.png 750w, https:\/\/www.em.com.br\/emfoco\/wp-content\/uploads\/2025\/12\/imagem_2025-11-22_221031750-e1764624404773-1140x641.png 1140w, https:\/\/www.em.com.br\/emfoco\/wp-content\/uploads\/2025\/12\/imagem_2025-11-22_221031750-e1764624404773.png 1280w\" sizes=\"auto, (max-width: 1024px) 100vw, 1024px\" \/><figcaption class=\"wp-element-caption\">Nova regra sobre atestado m\u00e9dico em 2026<\/figcaption><\/figure><\/div>\n\n\n<p>A ado\u00e7\u00e3o em larga escala do <strong>atestado m\u00e9dico digital<\/strong> promete maior seguran\u00e7a contra fraudes, padroniza\u00e7\u00e3o de informa\u00e7\u00f5es e confer\u00eancia mais r\u00e1pida pelos empregadores. A autentica\u00e7\u00e3o por c\u00f3digo digital permite verificar em segundos se o documento foi emitido por m\u00e9dico registrado e se os dados batem com a vers\u00e3o impressa ou eletr\u00f4nica.<\/p>\n\n\n\n<p>Al\u00e9m disso, o uso do <strong>Atesta CFM<\/strong> costuma ser associado a benef\u00edcios e pontos de aten\u00e7\u00e3o que impactam diretamente a rotina de empresas, \u00f3rg\u00e3os p\u00fablicos e profissionais de sa\u00fade, exigindo planejamento para lidar com quest\u00f5es t\u00e9cnicas e regulat\u00f3rias:<\/p>\n\n\n\n<ul class=\"wp-block-list\">\n<li><strong>Redu\u00e7\u00e3o de fraudes:<\/strong> diminui\u00e7\u00e3o de atestados falsificados ou adulterados.<\/li>\n\n\n\n<li><strong>Padroniza\u00e7\u00e3o nacional:<\/strong> modelo \u00fanico, com campos definidos e leitura simplificada.<\/li>\n\n\n\n<li><strong>Transpar\u00eancia:<\/strong> possibilidade de auditoria e rastreio de informa\u00e7\u00f5es b\u00e1sicas do atestado.<\/li>\n\n\n\n<li><strong>Agilidade administrativa:<\/strong> confer\u00eancia mais r\u00e1pida por RH e setores p\u00fablicos.<\/li>\n\n\n\n<li><strong>Quest\u00f5es de privacidade:<\/strong> necessidade de adequa\u00e7\u00e3o rigorosa \u00e0 LGPD e ao sigilo m\u00e9dico.<\/li>\n<\/ul>\n\n\n\n<p>Leia mais: <a href=\"https:\/\/www.em.com.br\/emfoco\/2025\/11\/28\/como-saber-se-voce-tem-direito-ao-auxilio-doenca-e-quais-requisitos-o-inss-cobra\/\" target=\"_blank\" rel=\"noreferrer noopener\">Como saber se voc\u00ea tem direito ao aux\u00edlio-doen\u00e7a e quais requisitos o INSS cobra<\/a><\/p>\n\n\n\n<h2 class=\"wp-block-heading\">Como empresas e pacientes podem se preparar para o atestado m\u00e9dico digital<\/h2>\n\n\n\n<p>A transi\u00e7\u00e3o para o <strong>atestado m\u00e9dico digital<\/strong> exige que empresas, cl\u00ednicas e hospitais revisem processos internos, incluindo rotinas de confer\u00eancia do c\u00f3digo de verifica\u00e7\u00e3o no sistema do CFM. Pacientes devem se habituar a guardar o n\u00famero de autentica\u00e7\u00e3o e apresentar o documento em formato digital ou impresso, conforme exig\u00eancia do empregador ou institui\u00e7\u00e3o.<\/p>\n\n\n\n<p>Para facilitar essa adapta\u00e7\u00e3o e garantir conformidade com a legisla\u00e7\u00e3o trabalhista e de prote\u00e7\u00e3o de dados, algumas a\u00e7\u00f5es pr\u00e1ticas podem ser adotadas por organiza\u00e7\u00f5es de diferentes portes e por profissionais de sa\u00fade:<\/p>\n\n\n\n<ol class=\"wp-block-list\">\n<li>Adequar rotinas de recursos humanos para checar o c\u00f3digo de valida\u00e7\u00e3o dos atestados.<\/li>\n\n\n\n<li>Orientar equipes m\u00e9dicas sobre o uso da plataforma Atesta CFM e seus campos obrigat\u00f3rios.<\/li>\n\n\n\n<li>Informar pacientes sobre o atestado digital e a forma correta de apresenta\u00e7\u00e3o do documento.<\/li>\n\n\n\n<li>Revisar pol\u00edticas de armazenamento, alinhando-se \u00e0 LGPD e \u00e0s regras de sigilo m\u00e9dico.<\/li>\n<\/ol>\n","protected":false},"excerpt":{"rendered":"<p>O ambiente de trabalho e os servi\u00e7os de sa\u00fade no Brasil devem passar por mudan\u00e7as importantes at\u00e9 2026 com a ado\u00e7\u00e3o obrigat\u00f3ria de atestados m\u00e9dicos digitais, tema que ganhou destaque com o an\u00fancio do Atesta CFM, plataforma criada pelo Conselho Federal de Medicina para padronizar a emiss\u00e3o e a valida\u00e7\u00e3o desses documentos em todo o [&hellip;]<\/p>\n","protected":false},"author":20,"featured_media":124196,"comment_status":"open","ping_status":"open","sticky":false,"template":"","format":"standard","meta":{"jnews-multi-image_gallery":[],"jnews_single_post":{"format":"standard"},"jnews_primary_category":[],"jnews_social_meta":[],"jnews_override_counter":[],"footnotes":""},"categories":[28,1],"tags":[14353,1148,850],"class_list":["post-138393","post","type-post","status-publish","format-standard","has-post-thumbnail","hentry","category-economia","category-noticias","tag-atestado-medico","tag-fraudes","tag-privacidade"],"yoast_head":"<!-- This site is optimized with the Yoast SEO plugin v23.8 - https:\/\/yoast.com\/wordpress\/plugins\/seo\/ -->\n<title>Fim do atestado m\u00e9dico, nova mudan\u00e7a come\u00e7a a valer em 2026 - Estado de Minas - Em foco<\/title>\n<meta name=\"description\" content=\"Fim do atestado m\u00e9dico ter\u00e1 nova mudan\u00e7a em 2026, alterando regras de comprova\u00e7\u00e3o, impacto no trabalho e exig\u00eancias para valida\u00e7\u00e3o de aus\u00eancias.\" \/>\n<meta name=\"robots\" content=\"index, follow, max-snippet:-1, max-image-preview:large, max-video-preview:-1\" \/>\n<link rel=\"canonical\" href=\"https:\/\/www.em.com.br\/emfoco\/2025\/12\/11\/fim-do-atestado-medico-nova-mudanca-comeca-a-valer-em-2026\/\" \/>\n<meta property=\"og:locale\" content=\"pt_BR\" \/>\n<meta property=\"og:type\" content=\"article\" \/>\n<meta property=\"og:title\" content=\"Fim do atestado m\u00e9dico, nova mudan\u00e7a come\u00e7a a valer em 2026 - Estado de Minas - Em foco\" \/>\n<meta property=\"og:description\" content=\"Fim do atestado m\u00e9dico ter\u00e1 nova mudan\u00e7a em 2026, alterando regras de comprova\u00e7\u00e3o, impacto no trabalho e exig\u00eancias para valida\u00e7\u00e3o de aus\u00eancias.\" \/>\n<meta property=\"og:url\" content=\"https:\/\/www.em.com.br\/emfoco\/2025\/12\/11\/fim-do-atestado-medico-nova-mudanca-comeca-a-valer-em-2026\/\" \/>\n<meta property=\"og:site_name\" content=\"Estado de Minas - Em foco\" \/>\n<meta property=\"article:published_time\" content=\"2025-12-11T15:25:00+00:00\" \/>\n<meta property=\"article:modified_time\" content=\"2025-12-10T17:57:28+00:00\" \/>\n<meta property=\"og:image\" content=\"https:\/\/www.em.com.br\/emfoco\/wp-content\/uploads\/2025\/11\/consulta-medica_1761294692147.jpg\" \/>\n\t<meta property=\"og:image:width\" content=\"1280\" \/>\n\t<meta property=\"og:image:height\" content=\"720\" \/>\n\t<meta property=\"og:image:type\" content=\"image\/jpeg\" \/>\n<meta name=\"author\" content=\"Ingrid Diniz\" \/>\n<meta name=\"twitter:card\" content=\"summary_large_image\" \/>\n<meta name=\"twitter:label1\" content=\"Escrito por\" \/>\n\t<meta name=\"twitter:data1\" content=\"Ingrid Diniz\" \/>\n\t<meta name=\"twitter:label2\" content=\"Est. tempo de leitura\" \/>\n\t<meta name=\"twitter:data2\" content=\"5 minutos\" \/>\n<!-- \/ Yoast SEO plugin. -->","yoast_head_json":{"title":"Fim do atestado m\u00e9dico, nova mudan\u00e7a come\u00e7a a valer em 2026 - Estado de Minas - Em foco","description":"Fim do atestado m\u00e9dico ter\u00e1 nova mudan\u00e7a em 2026, alterando regras de comprova\u00e7\u00e3o, impacto no trabalho e exig\u00eancias para valida\u00e7\u00e3o de aus\u00eancias.","robots":{"index":"index","follow":"follow","max-snippet":"max-snippet:-1","max-image-preview":"max-image-preview:large","max-video-preview":"max-video-preview:-1"},"canonical":"https:\/\/www.em.com.br\/emfoco\/2025\/12\/11\/fim-do-atestado-medico-nova-mudanca-comeca-a-valer-em-2026\/","og_locale":"pt_BR","og_type":"article","og_title":"Fim do atestado m\u00e9dico, nova mudan\u00e7a come\u00e7a a valer em 2026 - Estado de Minas - Em foco","og_description":"Fim do atestado m\u00e9dico ter\u00e1 nova mudan\u00e7a em 2026, alterando regras de comprova\u00e7\u00e3o, impacto no trabalho e exig\u00eancias para valida\u00e7\u00e3o de aus\u00eancias.","og_url":"https:\/\/www.em.com.br\/emfoco\/2025\/12\/11\/fim-do-atestado-medico-nova-mudanca-comeca-a-valer-em-2026\/","og_site_name":"Estado de Minas - Em foco","article_published_time":"2025-12-11T15:25:00+00:00","article_modified_time":"2025-12-10T17:57:28+00:00","og_image":[{"width":1280,"height":720,"url":"https:\/\/www.em.com.br\/emfoco\/wp-content\/uploads\/2025\/11\/consulta-medica_1761294692147.jpg","type":"image\/jpeg"}],"author":"Ingrid Diniz","twitter_card":"summary_large_image","twitter_misc":{"Escrito por":"Ingrid Diniz","Est. tempo de leitura":"5 minutos"},"schema":{"@context":"https:\/\/schema.org","@graph":[{"@type":"WebPage","@id":"https:\/\/www.em.com.br\/emfoco\/2025\/12\/11\/fim-do-atestado-medico-nova-mudanca-comeca-a-valer-em-2026\/","url":"https:\/\/www.em.com.br\/emfoco\/2025\/12\/11\/fim-do-atestado-medico-nova-mudanca-comeca-a-valer-em-2026\/","name":"Fim do atestado m\u00e9dico, nova mudan\u00e7a come\u00e7a a valer em 2026 - Estado de Minas - Em foco","isPartOf":{"@id":"https:\/\/www.em.com.br\/emfoco\/#website"},"primaryImageOfPage":{"@id":"https:\/\/www.em.com.br\/emfoco\/2025\/12\/11\/fim-do-atestado-medico-nova-mudanca-comeca-a-valer-em-2026\/#primaryimage"},"image":{"@id":"https:\/\/www.em.com.br\/emfoco\/2025\/12\/11\/fim-do-atestado-medico-nova-mudanca-comeca-a-valer-em-2026\/#primaryimage"},"thumbnailUrl":"https:\/\/www.em.com.br\/emfoco\/wp-content\/uploads\/2025\/11\/consulta-medica_1761294692147.jpg","datePublished":"2025-12-11T15:25:00+00:00","dateModified":"2025-12-10T17:57:28+00:00","author":{"@id":"https:\/\/www.em.com.br\/emfoco\/#\/schema\/person\/649e610b4eb8fff87ff394e54fe17b2b"},"description":"Fim do atestado m\u00e9dico ter\u00e1 nova mudan\u00e7a em 2026, alterando regras de comprova\u00e7\u00e3o, impacto no trabalho e exig\u00eancias para valida\u00e7\u00e3o de aus\u00eancias.","breadcrumb":{"@id":"https:\/\/www.em.com.br\/emfoco\/2025\/12\/11\/fim-do-atestado-medico-nova-mudanca-comeca-a-valer-em-2026\/#breadcrumb"},"inLanguage":"pt-BR","potentialAction":[{"@type":"ReadAction","target":["https:\/\/www.em.com.br\/emfoco\/2025\/12\/11\/fim-do-atestado-medico-nova-mudanca-comeca-a-valer-em-2026\/"]}]},{"@type":"ImageObject","inLanguage":"pt-BR","@id":"https:\/\/www.em.com.br\/emfoco\/2025\/12\/11\/fim-do-atestado-medico-nova-mudanca-comeca-a-valer-em-2026\/#primaryimage","url":"https:\/\/www.em.com.br\/emfoco\/wp-content\/uploads\/2025\/11\/consulta-medica_1761294692147.jpg","contentUrl":"https:\/\/www.em.com.br\/emfoco\/wp-content\/uploads\/2025\/11\/consulta-medica_1761294692147.jpg","width":1280,"height":720,"caption":"O comportamento patol\u00f3gico limita a sua rotina e exige avalia\u00e7\u00e3o - Cr\u00e9ditos: depositphotos.com \/ AlexLipa"},{"@type":"BreadcrumbList","@id":"https:\/\/www.em.com.br\/emfoco\/2025\/12\/11\/fim-do-atestado-medico-nova-mudanca-comeca-a-valer-em-2026\/#breadcrumb","itemListElement":[{"@type":"ListItem","position":1,"name":"In\u00edcio","item":"https:\/\/www.em.com.br\/emfoco\/"},{"@type":"ListItem","position":2,"name":"Fim do atestado m\u00e9dico, nova mudan\u00e7a come\u00e7a a valer em 2026"}]},{"@type":"WebSite","@id":"https:\/\/www.em.com.br\/emfoco\/#website","url":"https:\/\/www.em.com.br\/emfoco\/","name":"Estado de Minas - Em foco","description":"Acompanhe as \u00faltimas not\u00edcias e fique bem informado sobre tudo o que acontece em Minas Gerais, Brasil e no mundo.","potentialAction":[{"@type":"SearchAction","target":{"@type":"EntryPoint","urlTemplate":"https:\/\/www.em.com.br\/emfoco\/?s={search_term_string}"},"query-input":{"@type":"PropertyValueSpecification","valueRequired":true,"valueName":"search_term_string"}}],"inLanguage":"pt-BR"},{"@type":"Person","@id":"https:\/\/www.em.com.br\/emfoco\/#\/schema\/person\/649e610b4eb8fff87ff394e54fe17b2b","name":"Ingrid Diniz","image":{"@type":"ImageObject","inLanguage":"pt-BR","@id":"https:\/\/www.em.com.br\/emfoco\/#\/schema\/person\/image\/","url":"https:\/\/secure.gravatar.com\/avatar\/a3baa1449ec5c39b4c42babc9d4f3951?s=96&d=mm&r=g","contentUrl":"https:\/\/secure.gravatar.com\/avatar\/a3baa1449ec5c39b4c42babc9d4f3951?s=96&d=mm&r=g","caption":"Ingrid Diniz"},"sameAs":["https:\/\/www.em.com.br\/"],"url":"https:\/\/www.em.com.br\/emfoco\/author\/ingridmyth\/"}]}},"_links":{"self":[{"href":"https:\/\/www.em.com.br\/emfoco\/wp-json\/wp\/v2\/posts\/138393","targetHints":{"allow":["GET"]}}],"collection":[{"href":"https:\/\/www.em.com.br\/emfoco\/wp-json\/wp\/v2\/posts"}],"about":[{"href":"https:\/\/www.em.com.br\/emfoco\/wp-json\/wp\/v2\/types\/post"}],"author":[{"embeddable":true,"href":"https:\/\/www.em.com.br\/emfoco\/wp-json\/wp\/v2\/users\/20"}],"replies":[{"embeddable":true,"href":"https:\/\/www.em.com.br\/emfoco\/wp-json\/wp\/v2\/comments?post=138393"}],"version-history":[{"count":1,"href":"https:\/\/www.em.com.br\/emfoco\/wp-json\/wp\/v2\/posts\/138393\/revisions"}],"predecessor-version":[{"id":138513,"href":"https:\/\/www.em.com.br\/emfoco\/wp-json\/wp\/v2\/posts\/138393\/revisions\/138513"}],"wp:featuredmedia":[{"embeddable":true,"href":"https:\/\/www.em.com.br\/emfoco\/wp-json\/wp\/v2\/media\/124196"}],"wp:attachment":[{"href":"https:\/\/www.em.com.br\/emfoco\/wp-json\/wp\/v2\/media?parent=138393"}],"wp:term":[{"taxonomy":"category","embeddable":true,"href":"https:\/\/www.em.com.br\/emfoco\/wp-json\/wp\/v2\/categories?post=138393"},{"taxonomy":"post_tag","embeddable":true,"href":"https:\/\/www.em.com.br\/emfoco\/wp-json\/wp\/v2\/tags?post=138393"}],"curies":[{"name":"wp","href":"https:\/\/api.w.org\/{rel}","templated":true}]}}