{"id":138391,"date":"2025-12-11T09:35:00","date_gmt":"2025-12-11T12:35:00","guid":{"rendered":"https:\/\/www.em.com.br\/emfoco\/?p=138391"},"modified":"2025-12-10T13:57:12","modified_gmt":"2025-12-10T16:57:12","slug":"ciclone-extratropical-avanca-pelo-sul-e-altera-clima-em-metade-do-pais-com-temporais","status":"publish","type":"post","link":"https:\/\/www.em.com.br\/emfoco\/2025\/12\/11\/ciclone-extratropical-avanca-pelo-sul-e-altera-clima-em-metade-do-pais-com-temporais\/","title":{"rendered":"Ciclone extratropical avan\u00e7a pelo Sul e altera clima em metade do pa\u00eds com temporais"},"content":{"rendered":"\n<p>A forma\u00e7\u00e3o de um <strong>ciclone extratropical<\/strong> costuma trazer temporais, rajadas fortes e mudan\u00e7as r\u00e1pidas no tempo, afetando rotinas urbanas e exigindo aten\u00e7\u00e3o \u00e0s previs\u00f5es oficiais. Antes de entrar nos detalhes, segue uma lista direta para entender o essencial do fen\u00f4meno.<\/p>\n\n\n\n<h2 class=\"wp-block-heading\">O que caracteriza um ciclone extratropical?<\/h2>\n\n\n<div class=\"wp-block-image\">\n<figure class=\"aligncenter size-large\"><img loading=\"lazy\" decoding=\"async\" width=\"1024\" height=\"576\" src=\"https:\/\/www.em.com.br\/emfoco\/wp-content\/uploads\/2025\/11\/ciclone_1761219213570-1024x576.jpg\" alt=\"Vento de 100 kmh destr\u00f3i casas a partir do domingo dia 16 de novembro\" class=\"wp-image-123202\" srcset=\"https:\/\/www.em.com.br\/emfoco\/wp-content\/uploads\/2025\/11\/ciclone_1761219213570-1024x576.jpg 1024w, https:\/\/www.em.com.br\/emfoco\/wp-content\/uploads\/2025\/11\/ciclone_1761219213570-300x169.jpg 300w, https:\/\/www.em.com.br\/emfoco\/wp-content\/uploads\/2025\/11\/ciclone_1761219213570-768x432.jpg 768w, https:\/\/www.em.com.br\/emfoco\/wp-content\/uploads\/2025\/11\/ciclone_1761219213570-750x422.jpg 750w, https:\/\/www.em.com.br\/emfoco\/wp-content\/uploads\/2025\/11\/ciclone_1761219213570-1140x641.jpg 1140w, https:\/\/www.em.com.br\/emfoco\/wp-content\/uploads\/2025\/11\/ciclone_1761219213570.jpg 1280w\" sizes=\"auto, (max-width: 1024px) 100vw, 1024px\" \/><figcaption class=\"wp-element-caption\">Ciclone muda o clima e causa temporais no pa\u00eds &#8211; Cr\u00e9ditos: depositphotos.com \/ zstockphotos<\/figcaption><\/figure><\/div>\n\n\n<p>Ele nasce de um centro de baixa press\u00e3o fora da \u00e1rea tropical, motivado por encontros de massas de ar com temperaturas muito diferentes. Esse contraste organiza frentes frias e quentes que giram ao redor do sistema. <\/p>\n\n\n\n<p>O impacto vem em forma de chuva volumosa, rajadas acima de 80 km\/h e oscila\u00e7\u00f5es bruscas de temperatura, inclusive com ressaca no litoral e ondas mais altas.<\/p>\n\n\n\n<h2 class=\"wp-block-heading\">Como um ciclone extratropical afeta o tempo no Brasil?<\/h2>\n\n\n\n<p>No Sul, o efeito costuma ser imediato: temporais, ventos fortes, quedas de \u00e1rvores e energia inst\u00e1vel, com maior risco no RS e SC. <\/p>\n\n\n\n<p>No Sudeste, a passagem das frentes associadas ao ciclone traz rajadas fortes, chuva intensa e sensa\u00e7\u00e3o de abafamento, enquanto o Sul fica mais ameno devido ao ar frio empurrado pelo sistema.<\/p>\n\n\n\n<p>Leia mais: <a href=\"https:\/\/www.em.com.br\/emfoco\/2025\/12\/08\/o-paraiso-das-dunas-no-ceara-que-encanta-com-ruas-de-areia-clima-rustico-e-uma-das-praias-mais-bonitas-do-mundo\/\" target=\"_blank\" rel=\"noreferrer noopener\">O para\u00edso das dunas no Cear\u00e1 que encanta com ruas de areia, clima r\u00fastico e uma das praias mais bonitas do mundo<\/a><\/p>\n\n\n\n<h2 class=\"wp-block-heading\">Quais cuidados tomar durante temporais e ventanias?<\/h2>\n\n\n<div class=\"wp-block-image\">\n<figure class=\"aligncenter size-large\"><img loading=\"lazy\" decoding=\"async\" width=\"1024\" height=\"576\" src=\"https:\/\/www.em.com.br\/emfoco\/wp-content\/uploads\/2025\/12\/imagem_2025-11-25_195242318-e1765385738682-1024x576.png\" alt=\"\" class=\"wp-image-138420\" srcset=\"https:\/\/www.em.com.br\/emfoco\/wp-content\/uploads\/2025\/12\/imagem_2025-11-25_195242318-e1765385738682-1024x576.png 1024w, https:\/\/www.em.com.br\/emfoco\/wp-content\/uploads\/2025\/12\/imagem_2025-11-25_195242318-e1765385738682-300x169.png 300w, https:\/\/www.em.com.br\/emfoco\/wp-content\/uploads\/2025\/12\/imagem_2025-11-25_195242318-e1765385738682-768x432.png 768w, https:\/\/www.em.com.br\/emfoco\/wp-content\/uploads\/2025\/12\/imagem_2025-11-25_195242318-e1765385738682-750x422.png 750w, https:\/\/www.em.com.br\/emfoco\/wp-content\/uploads\/2025\/12\/imagem_2025-11-25_195242318-e1765385738682-1140x641.png 1140w, https:\/\/www.em.com.br\/emfoco\/wp-content\/uploads\/2025\/12\/imagem_2025-11-25_195242318-e1765385738682.png 1280w\" sizes=\"auto, (max-width: 1024px) 100vw, 1024px\" \/><figcaption class=\"wp-element-caption\">Ciclone muda o clima e causa temporais no pa\u00eds<\/figcaption><\/figure><\/div>\n\n\n<p>Ciclones extratropicais acionam alertas de seguran\u00e7a, ent\u00e3o ficar em local protegido \u00e9 sempre prioridade.<br>Medidas simples reduzem danos e riscos, especialmente onde h\u00e1 hist\u00f3rico de alagamentos ou deslizamentos.<\/p>\n\n\n\n<p>Lista de preven\u00e7\u00e3o:<\/p>\n\n\n\n<ul class=\"wp-block-list\">\n<li>Desligar aparelhos e o quadro de energia em tempestades fortes.<\/li>\n\n\n\n<li>Observar sinais de instabilidade em encostas.<\/li>\n\n\n\n<li>Evitar abrigo sob \u00e1rvores e estruturas vulner\u00e1veis.<\/li>\n\n\n\n<li>N\u00e3o estacionar perto de postes, torres e placas.<\/li>\n\n\n\n<li>Proteger documentos em embalagens imperme\u00e1veis.<\/li>\n<\/ul>\n\n\n\n<p>Leia mais: <a href=\"https:\/\/www.em.com.br\/emfoco\/2025\/12\/09\/a-cidade-que-entrega-vida-de-metropole-sem-perder-o-clima-do-interior-paulista\/\" target=\"_blank\" rel=\"noreferrer noopener\">A cidade que entrega vida de metr\u00f3pole sem perder o clima do interior paulista<\/a><\/p>\n\n\n\n<h2 class=\"wp-block-heading\">Por que h\u00e1 diferen\u00e7as de temperatura entre as regi\u00f5es?<\/h2>\n\n\n\n<p>O ciclone influencia cada \u00e1rea de forma distinta porque organiza massas de ar de forma desigual. No Sul, a proximidade da frente fria derruba temperaturas e mant\u00e9m o dia nublado. <\/p>\n\n\n\n<p>J\u00e1 no <strong>Norte<\/strong> e <strong>Centro-Oeste<\/strong>, <a href=\"https:\/\/portal.inmet.gov.br\/\" target=\"_blank\" rel=\"noreferrer noopener\">calor intenso segue dominante<\/a>, formando nuvens carregadas com chance de pancadas fortes. No <strong>Nordeste<\/strong>, \u00e1reas de alta press\u00e3o mant\u00eam o tempo seco, enquanto o ciclone atua mais ao sul do continente.<\/p>\n","protected":false},"excerpt":{"rendered":"<p>A forma\u00e7\u00e3o de um ciclone extratropical costuma trazer temporais, rajadas fortes e mudan\u00e7as r\u00e1pidas no tempo, afetando rotinas urbanas e exigindo aten\u00e7\u00e3o \u00e0s previs\u00f5es oficiais. Antes de entrar nos detalhes, segue uma lista direta para entender o essencial do fen\u00f4meno. O que caracteriza um ciclone extratropical? Ele nasce de um centro de baixa press\u00e3o fora [&hellip;]<\/p>\n","protected":false},"author":20,"featured_media":138411,"comment_status":"open","ping_status":"open","sticky":false,"template":"","format":"standard","meta":{"jnews-multi-image_gallery":[],"jnews_single_post":{"format":"standard"},"jnews_primary_category":[],"jnews_social_meta":[],"jnews_override_counter":[],"footnotes":""},"categories":[28,1],"tags":[15740,152,251],"class_list":["post-138391","post","type-post","status-publish","format-standard","has-post-thumbnail","hentry","category-economia","category-noticias","tag-ciclone","tag-clima","tag-previsao-do-tempo"],"yoast_head":"<!-- This site is optimized with the Yoast SEO plugin v23.8 - https:\/\/yoast.com\/wordpress\/plugins\/seo\/ -->\n<title>Ciclone extratropical avan\u00e7a pelo Sul e altera clima em metade do pa\u00eds com temporais - Estado de Minas - Em foco<\/title>\n<meta name=\"description\" content=\"Ciclone extratropical avan\u00e7a pelo Sul e altera o clima em metade do pa\u00eds, trazendo temporais, ventos fortes e instabilidade que exige aten\u00e7\u00e3o.\" \/>\n<meta name=\"robots\" content=\"index, follow, max-snippet:-1, max-image-preview:large, max-video-preview:-1\" \/>\n<link rel=\"canonical\" href=\"https:\/\/www.em.com.br\/emfoco\/2025\/12\/11\/ciclone-extratropical-avanca-pelo-sul-e-altera-clima-em-metade-do-pais-com-temporais\/\" \/>\n<meta property=\"og:locale\" content=\"pt_BR\" \/>\n<meta property=\"og:type\" content=\"article\" \/>\n<meta property=\"og:title\" content=\"Ciclone extratropical avan\u00e7a pelo Sul e altera clima em metade do pa\u00eds com temporais - Estado de Minas - Em foco\" \/>\n<meta property=\"og:description\" content=\"Ciclone extratropical avan\u00e7a pelo Sul e altera o clima em metade do pa\u00eds, trazendo temporais, ventos fortes e instabilidade que exige aten\u00e7\u00e3o.\" \/>\n<meta property=\"og:url\" content=\"https:\/\/www.em.com.br\/emfoco\/2025\/12\/11\/ciclone-extratropical-avanca-pelo-sul-e-altera-clima-em-metade-do-pais-com-temporais\/\" \/>\n<meta property=\"og:site_name\" content=\"Estado de Minas - Em foco\" \/>\n<meta property=\"article:published_time\" content=\"2025-12-11T12:35:00+00:00\" \/>\n<meta property=\"article:modified_time\" content=\"2025-12-10T16:57:12+00:00\" \/>\n<meta property=\"og:image\" content=\"https:\/\/www.em.com.br\/emfoco\/wp-content\/uploads\/2025\/12\/imagem_2025-11-25_194643767-e1765385557187.png\" \/>\n\t<meta property=\"og:image:width\" content=\"1280\" \/>\n\t<meta property=\"og:image:height\" content=\"720\" \/>\n\t<meta property=\"og:image:type\" content=\"image\/png\" \/>\n<meta name=\"author\" content=\"Ingrid Diniz\" \/>\n<meta name=\"twitter:card\" content=\"summary_large_image\" \/>\n<meta name=\"twitter:label1\" content=\"Escrito por\" \/>\n\t<meta name=\"twitter:data1\" content=\"Ingrid Diniz\" \/>\n\t<meta name=\"twitter:label2\" content=\"Est. tempo de leitura\" \/>\n\t<meta name=\"twitter:data2\" content=\"3 minutos\" \/>\n<!-- \/ Yoast SEO plugin. -->","yoast_head_json":{"title":"Ciclone extratropical avan\u00e7a pelo Sul e altera clima em metade do pa\u00eds com temporais - Estado de Minas - Em foco","description":"Ciclone extratropical avan\u00e7a pelo Sul e altera o clima em metade do pa\u00eds, trazendo temporais, ventos fortes e instabilidade que exige aten\u00e7\u00e3o.","robots":{"index":"index","follow":"follow","max-snippet":"max-snippet:-1","max-image-preview":"max-image-preview:large","max-video-preview":"max-video-preview:-1"},"canonical":"https:\/\/www.em.com.br\/emfoco\/2025\/12\/11\/ciclone-extratropical-avanca-pelo-sul-e-altera-clima-em-metade-do-pais-com-temporais\/","og_locale":"pt_BR","og_type":"article","og_title":"Ciclone extratropical avan\u00e7a pelo Sul e altera clima em metade do pa\u00eds com temporais - Estado de Minas - Em foco","og_description":"Ciclone extratropical avan\u00e7a pelo Sul e altera o clima em metade do pa\u00eds, trazendo temporais, ventos fortes e instabilidade que exige aten\u00e7\u00e3o.","og_url":"https:\/\/www.em.com.br\/emfoco\/2025\/12\/11\/ciclone-extratropical-avanca-pelo-sul-e-altera-clima-em-metade-do-pais-com-temporais\/","og_site_name":"Estado de Minas - Em foco","article_published_time":"2025-12-11T12:35:00+00:00","article_modified_time":"2025-12-10T16:57:12+00:00","og_image":[{"width":1280,"height":720,"url":"https:\/\/www.em.com.br\/emfoco\/wp-content\/uploads\/2025\/12\/imagem_2025-11-25_194643767-e1765385557187.png","type":"image\/png"}],"author":"Ingrid Diniz","twitter_card":"summary_large_image","twitter_misc":{"Escrito por":"Ingrid Diniz","Est. tempo de leitura":"3 minutos"},"schema":{"@context":"https:\/\/schema.org","@graph":[{"@type":"WebPage","@id":"https:\/\/www.em.com.br\/emfoco\/2025\/12\/11\/ciclone-extratropical-avanca-pelo-sul-e-altera-clima-em-metade-do-pais-com-temporais\/","url":"https:\/\/www.em.com.br\/emfoco\/2025\/12\/11\/ciclone-extratropical-avanca-pelo-sul-e-altera-clima-em-metade-do-pais-com-temporais\/","name":"Ciclone extratropical avan\u00e7a pelo Sul e altera clima em metade do pa\u00eds com temporais - Estado de Minas - Em foco","isPartOf":{"@id":"https:\/\/www.em.com.br\/emfoco\/#website"},"primaryImageOfPage":{"@id":"https:\/\/www.em.com.br\/emfoco\/2025\/12\/11\/ciclone-extratropical-avanca-pelo-sul-e-altera-clima-em-metade-do-pais-com-temporais\/#primaryimage"},"image":{"@id":"https:\/\/www.em.com.br\/emfoco\/2025\/12\/11\/ciclone-extratropical-avanca-pelo-sul-e-altera-clima-em-metade-do-pais-com-temporais\/#primaryimage"},"thumbnailUrl":"https:\/\/www.em.com.br\/emfoco\/wp-content\/uploads\/2025\/12\/imagem_2025-11-25_194643767-e1765385557187.png","datePublished":"2025-12-11T12:35:00+00:00","dateModified":"2025-12-10T16:57:12+00:00","author":{"@id":"https:\/\/www.em.com.br\/emfoco\/#\/schema\/person\/649e610b4eb8fff87ff394e54fe17b2b"},"description":"Ciclone extratropical avan\u00e7a pelo Sul e altera o clima em metade do pa\u00eds, trazendo temporais, ventos fortes e instabilidade que exige aten\u00e7\u00e3o.","breadcrumb":{"@id":"https:\/\/www.em.com.br\/emfoco\/2025\/12\/11\/ciclone-extratropical-avanca-pelo-sul-e-altera-clima-em-metade-do-pais-com-temporais\/#breadcrumb"},"inLanguage":"pt-BR","potentialAction":[{"@type":"ReadAction","target":["https:\/\/www.em.com.br\/emfoco\/2025\/12\/11\/ciclone-extratropical-avanca-pelo-sul-e-altera-clima-em-metade-do-pais-com-temporais\/"]}]},{"@type":"ImageObject","inLanguage":"pt-BR","@id":"https:\/\/www.em.com.br\/emfoco\/2025\/12\/11\/ciclone-extratropical-avanca-pelo-sul-e-altera-clima-em-metade-do-pais-com-temporais\/#primaryimage","url":"https:\/\/www.em.com.br\/emfoco\/wp-content\/uploads\/2025\/12\/imagem_2025-11-25_194643767-e1765385557187.png","contentUrl":"https:\/\/www.em.com.br\/emfoco\/wp-content\/uploads\/2025\/12\/imagem_2025-11-25_194643767-e1765385557187.png","width":1280,"height":720,"caption":"Clima irregular deve afetar o Brasil nas pr\u00f3ximas semanas"},{"@type":"BreadcrumbList","@id":"https:\/\/www.em.com.br\/emfoco\/2025\/12\/11\/ciclone-extratropical-avanca-pelo-sul-e-altera-clima-em-metade-do-pais-com-temporais\/#breadcrumb","itemListElement":[{"@type":"ListItem","position":1,"name":"In\u00edcio","item":"https:\/\/www.em.com.br\/emfoco\/"},{"@type":"ListItem","position":2,"name":"Ciclone extratropical avan\u00e7a pelo Sul e altera clima em metade do pa\u00eds com temporais"}]},{"@type":"WebSite","@id":"https:\/\/www.em.com.br\/emfoco\/#website","url":"https:\/\/www.em.com.br\/emfoco\/","name":"Estado de Minas - Em foco","description":"Acompanhe as \u00faltimas not\u00edcias e fique bem informado sobre tudo o que acontece em Minas Gerais, Brasil e no mundo.","potentialAction":[{"@type":"SearchAction","target":{"@type":"EntryPoint","urlTemplate":"https:\/\/www.em.com.br\/emfoco\/?s={search_term_string}"},"query-input":{"@type":"PropertyValueSpecification","valueRequired":true,"valueName":"search_term_string"}}],"inLanguage":"pt-BR"},{"@type":"Person","@id":"https:\/\/www.em.com.br\/emfoco\/#\/schema\/person\/649e610b4eb8fff87ff394e54fe17b2b","name":"Ingrid Diniz","image":{"@type":"ImageObject","inLanguage":"pt-BR","@id":"https:\/\/www.em.com.br\/emfoco\/#\/schema\/person\/image\/","url":"https:\/\/secure.gravatar.com\/avatar\/a3baa1449ec5c39b4c42babc9d4f3951?s=96&d=mm&r=g","contentUrl":"https:\/\/secure.gravatar.com\/avatar\/a3baa1449ec5c39b4c42babc9d4f3951?s=96&d=mm&r=g","caption":"Ingrid Diniz"},"sameAs":["https:\/\/www.em.com.br\/"],"url":"https:\/\/www.em.com.br\/emfoco\/author\/ingridmyth\/"}]}},"_links":{"self":[{"href":"https:\/\/www.em.com.br\/emfoco\/wp-json\/wp\/v2\/posts\/138391","targetHints":{"allow":["GET"]}}],"collection":[{"href":"https:\/\/www.em.com.br\/emfoco\/wp-json\/wp\/v2\/posts"}],"about":[{"href":"https:\/\/www.em.com.br\/emfoco\/wp-json\/wp\/v2\/types\/post"}],"author":[{"embeddable":true,"href":"https:\/\/www.em.com.br\/emfoco\/wp-json\/wp\/v2\/users\/20"}],"replies":[{"embeddable":true,"href":"https:\/\/www.em.com.br\/emfoco\/wp-json\/wp\/v2\/comments?post=138391"}],"version-history":[{"count":1,"href":"https:\/\/www.em.com.br\/emfoco\/wp-json\/wp\/v2\/posts\/138391\/revisions"}],"predecessor-version":[{"id":138422,"href":"https:\/\/www.em.com.br\/emfoco\/wp-json\/wp\/v2\/posts\/138391\/revisions\/138422"}],"wp:featuredmedia":[{"embeddable":true,"href":"https:\/\/www.em.com.br\/emfoco\/wp-json\/wp\/v2\/media\/138411"}],"wp:attachment":[{"href":"https:\/\/www.em.com.br\/emfoco\/wp-json\/wp\/v2\/media?parent=138391"}],"wp:term":[{"taxonomy":"category","embeddable":true,"href":"https:\/\/www.em.com.br\/emfoco\/wp-json\/wp\/v2\/categories?post=138391"},{"taxonomy":"post_tag","embeddable":true,"href":"https:\/\/www.em.com.br\/emfoco\/wp-json\/wp\/v2\/tags?post=138391"}],"curies":[{"name":"wp","href":"https:\/\/api.w.org\/{rel}","templated":true}]}}