{"id":138364,"date":"2025-12-11T18:25:00","date_gmt":"2025-12-11T21:25:00","guid":{"rendered":"https:\/\/www.em.com.br\/emfoco\/?p=138364"},"modified":"2025-12-10T19:46:39","modified_gmt":"2025-12-10T22:46:39","slug":"aprenda-a-preparar-pernil-de-porco-para-o-natal-uma-receita-suculenta-com-uma-crosta-crocante-e-cheia-de-sabor","status":"publish","type":"post","link":"https:\/\/www.em.com.br\/emfoco\/2025\/12\/11\/aprenda-a-preparar-pernil-de-porco-para-o-natal-uma-receita-suculenta-com-uma-crosta-crocante-e-cheia-de-sabor\/","title":{"rendered":"Aprenda a preparar pernil de porco para o Natal: uma receita suculenta com uma crosta crocante e cheia de sabor"},"content":{"rendered":"\n<p>Entre as prepara\u00e7\u00f5es mais tradicionais de fim de ano, o&nbsp;<strong>pernil de porco para Natal<\/strong>&nbsp;segue como estrela da ceia: \u00e9 f\u00e1cil de personalizar, rende bastante, combina com diversos acompanhamentos e, com uma marinada bem feita e forno controlado, entrega carne macia por dentro e dourada por fora, sem exigir t\u00e9cnicas avan\u00e7adas de cozinha.<\/p>\n\n\n\n<h2 class=\"wp-block-heading\">O que saber antes de preparar pernil de porco para Natal<\/h2>\n\n\n\n<p>Para um\u00a0<strong>pernil de Natal<\/strong>\u00a0bem-sucedido, \u00e9 essencial entender que essa carne exige planejamento. A marinada l\u00edquida, ou <a href=\"https:\/\/www.tiktok.com\/@fabriciotalley12\/video\/7524732503056256261\" target=\"_blank\" rel=\"noreferrer noopener\">salmoura<\/a>, hidrata as fibras, tempera em profundidade e contribui diretamente para a maciez e o sabor final do assado.<\/p>\n\n\n\n<p>O peso do pernil define o tempo de forno, normalmente calculado em minutos por quilo. Tamb\u00e9m \u00e9 importante decidir se voc\u00ea prefere o pernil com osso, mais suculento, ou sem osso, que facilita o fatiamento e o servi\u00e7o na hora da ceia.<\/p>\n\n\n\n<h2 class=\"wp-block-heading\">Como escolher e marinar o pernil de porco para Natal<\/h2>\n\n\n\n<p>O pernil de porco inteiro pode ser encontrado com ou sem osso, fresco ou j\u00e1 temperado. Sempre que poss\u00edvel, opte por uma pe\u00e7a com boa camada de gordura externa, pois ela ajuda a proteger a carne durante o longo per\u00edodo de assamento.<\/p>\n\n\n\n<figure class=\"wp-block-image size-large\"><img loading=\"lazy\" decoding=\"async\" width=\"1024\" height=\"576\" src=\"https:\/\/www.em.com.br\/emfoco\/wp-content\/uploads\/2025\/12\/pernil-de-Natal_1765409131544-1024x576.jpg\" alt=\"O toque que deixa o pernil da ceia irresist\u00edvel)\" class=\"wp-image-138806\" srcset=\"https:\/\/www.em.com.br\/emfoco\/wp-content\/uploads\/2025\/12\/pernil-de-Natal_1765409131544-1024x576.jpg 1024w, https:\/\/www.em.com.br\/emfoco\/wp-content\/uploads\/2025\/12\/pernil-de-Natal_1765409131544-300x169.jpg 300w, https:\/\/www.em.com.br\/emfoco\/wp-content\/uploads\/2025\/12\/pernil-de-Natal_1765409131544-768x432.jpg 768w, https:\/\/www.em.com.br\/emfoco\/wp-content\/uploads\/2025\/12\/pernil-de-Natal_1765409131544-750x422.jpg 750w, https:\/\/www.em.com.br\/emfoco\/wp-content\/uploads\/2025\/12\/pernil-de-Natal_1765409131544-1140x641.jpg 1140w, https:\/\/www.em.com.br\/emfoco\/wp-content\/uploads\/2025\/12\/pernil-de-Natal_1765409131544.jpg 1280w\" sizes=\"auto, (max-width: 1024px) 100vw, 1024px\" \/><figcaption class=\"wp-element-caption\">O toque que deixa o pernil da ceia irresist\u00edvel &#8211; Cr\u00e9ditos: depositphotos.com \/ timolina<\/figcaption><\/figure>\n\n\n\n<p>Independentemente do tipo escolhido, a pe\u00e7a deve ficar totalmente coberta pela marinada, seja em um recipiente grande, seja com aux\u00edlio de inje\u00e7\u00f5es de tempero. Assim, voc\u00ea garante sabor mais uniforme e textura mais suculenta em toda a carne.<\/p>\n\n\n\n<h2 class=\"wp-block-heading\">Como fazer pernil de porco para Natal passo a passo<\/h2>\n\n\n\n<p>Para montar um&nbsp;<strong>pernil de porco assado para Natal<\/strong>, voc\u00ea precisa de poucos ingredientes. A base inclui a perna de porco, \u00e1gua, sal e alguns arom\u00e1ticos, al\u00e9m de um molho adocicado e c\u00edtrico para a coc\u00e7\u00e3o que vai formar a cor e a crosta da superf\u00edcie.<\/p>\n\n\n\n<p>A seguir, um exemplo de combina\u00e7\u00e3o utilizada com frequ\u00eancia para essa prepara\u00e7\u00e3o festiva, que pode ser ajustada com mais ervas, especiarias ou toques pessoais, como vinho branco ou alho amassado.<\/p>\n\n\n\n<p><strong>Ingredientes b\u00e1sicos para o pernil de Natal<\/strong>:<\/p>\n\n\n\n<ul class=\"wp-block-list\">\n<li>Pernil de porco inteiro (com ou sem osso)<\/li>\n\n\n\n<li>60 g de sal dissolvidos em 1 litro de \u00e1gua<\/li>\n\n\n\n<li>1 lim\u00e3o em rodelas<\/li>\n\n\n\n<li>30 g de <a href=\"https:\/\/www.em.com.br\/emfoco\/2025\/10\/06\/beneficios-do-cha-de-gengibre-para-a-saude-que-a-ciencia-ja-comprovou\/\" target=\"_blank\" rel=\"noreferrer noopener\">gengibre <\/a>em fatias, com casca<\/li>\n\n\n\n<li>5 g de pimenta-do-reino em gr\u00e3os<\/li>\n<\/ul>\n\n\n\n<p><strong>Para o molho de coc\u00e7\u00e3o<\/strong>:<\/p>\n\n\n\n<ul class=\"wp-block-list\">\n<li>Suco de laranja natural<\/li>\n\n\n\n<li>Mel<\/li>\n\n\n\n<li>Ervas a gosto (alecrim, tomilho, louro, entre outras)<\/li>\n<\/ul>\n\n\n\n<p>O preparo pode ser organizado em etapas claras para facilitar o planejamento da ceia e evitar imprevistos na \u00faltima hora.<\/p>\n\n\n\n<ol class=\"wp-block-list\">\n<li>Aquecer a \u00e1gua com o sal, o lim\u00e3o, o gengibre e a pimenta em gr\u00e3os apenas at\u00e9 que o sal se dissolva, sem deixar ferver.<\/li>\n\n\n\n<li>Esperar a mistura esfriar completamente e, ent\u00e3o, submergir o pernil de porco nesse l\u00edquido, garantindo que fique totalmente coberto. Levar \u00e0 geladeira por cerca de 24 horas.<\/li>\n\n\n\n<li>Ap\u00f3s o descanso, retirar a carne da salmoura, enxaguar em \u00e1gua corrente e secar bem com papel-toalha ou pano limpo.<\/li>\n\n\n\n<li>Preparar o molho misturando partes iguais de suco de laranja e mel, adicionando as ervas escolhidas.<\/li>\n\n\n\n<li>Dispor o pernil em assadeira resistente ao calor e levar ao forno em temperatura baixa a moderada (em torno de 130 \u00b0C), calculando aproximadamente 30 minutos de coc\u00e7\u00e3o por quilo.<\/li>\n\n\n\n<li>A cada 30 minutos, pincelar a superf\u00edcie da carne com o molho de laranja, mel e ervas at\u00e9 completar o tempo estimado.<\/li>\n<\/ol>\n\n\n\n<figure class=\"wp-block-image size-large\"><img loading=\"lazy\" decoding=\"async\" width=\"1024\" height=\"576\" src=\"https:\/\/www.em.com.br\/emfoco\/wp-content\/uploads\/2025\/12\/pernil-de-Natal_1765409200356-1024x576.jpg\" alt=\"Seu pernil pode ficar ultra macio com um detalhe simples\" class=\"wp-image-138816\" srcset=\"https:\/\/www.em.com.br\/emfoco\/wp-content\/uploads\/2025\/12\/pernil-de-Natal_1765409200356-1024x576.jpg 1024w, https:\/\/www.em.com.br\/emfoco\/wp-content\/uploads\/2025\/12\/pernil-de-Natal_1765409200356-300x169.jpg 300w, https:\/\/www.em.com.br\/emfoco\/wp-content\/uploads\/2025\/12\/pernil-de-Natal_1765409200356-768x432.jpg 768w, https:\/\/www.em.com.br\/emfoco\/wp-content\/uploads\/2025\/12\/pernil-de-Natal_1765409200356-750x422.jpg 750w, https:\/\/www.em.com.br\/emfoco\/wp-content\/uploads\/2025\/12\/pernil-de-Natal_1765409200356-1140x641.jpg 1140w, https:\/\/www.em.com.br\/emfoco\/wp-content\/uploads\/2025\/12\/pernil-de-Natal_1765409200356.jpg 1280w\" sizes=\"auto, (max-width: 1024px) 100vw, 1024px\" \/><figcaption class=\"wp-element-caption\">Seu pernil pode ficar ultra macio com um detalhe simples &#8211; Cr\u00e9ditos: depositphotos.com \/ lenyvavsha<\/figcaption><\/figure>\n\n\n\n<h2 class=\"wp-block-heading\">Como deixar o pernil de porco para Natal bem suculento<\/h2>\n\n\n\n<p>Alguns cuidados extras ajudam a manter o&nbsp;<strong>pernil de porco natalino<\/strong>&nbsp;macio e \u00famido. Se voc\u00ea n\u00e3o tiver espa\u00e7o para marinadas volumosas, use uma seringa culin\u00e1ria para injetar o l\u00edquido diretamente na carne e, depois, esfregue sal grosso na parte externa para garantir sabor equilibrado.<\/p>\n\n\n\n<p>O term\u00f4metro de carne \u00e9 um grande aliado para controlar o ponto interno, que deve ficar entre 68 \u00b0C e 72 \u00b0C. Na falta dele, fa\u00e7a um pequeno corte: se o l\u00edquido sair claro, o assado est\u00e1 pr\u00f3ximo do ideal; se ainda estiver avermelhado, volte ao forno por mais alguns minutos.<\/p>\n\n\n\n<h2 class=\"wp-block-heading\">Como finalizar e servir o pernil de porco na ceia de Natal<\/h2>\n\n\n\n<p>Depois de assado, o pernil se beneficia de um descanso de 10 a 20 minutos fora do forno antes de ser fatiado. Esse tempo permite que os sucos se redistribuam, garantindo fatias mais \u00famidas, firmes e com apar\u00eancia bonita na travessa de servir.<\/p>\n\n\n\n<p>Para compor a ceia, sirva o pernil com saladas frescas, farofas ricas e frutas da esta\u00e7\u00e3o, criando um contraste de texturas e temperaturas. Comece a se organizar hoje mesmo, defina o peso da pe\u00e7a, programe a marinada e assegure um lugar de honra para esse pernil na sua mesa de Natal: \u00e9 o tipo de prato que marca a mem\u00f3ria afetiva da fam\u00edlia e n\u00e3o pode ficar para depois.<\/p>\n\n\n\n<p><\/p>\n","protected":false},"excerpt":{"rendered":"<p>Entre as prepara\u00e7\u00f5es mais tradicionais de fim de ano, o&nbsp;pernil de porco para Natal&nbsp;segue como estrela da ceia: \u00e9 f\u00e1cil de personalizar, rende bastante, combina com diversos acompanhamentos e, com uma marinada bem feita e forno controlado, entrega carne macia por dentro e dourada por fora, sem exigir t\u00e9cnicas avan\u00e7adas de cozinha. O que saber [&hellip;]<\/p>\n","protected":false},"author":11,"featured_media":138826,"comment_status":"open","ping_status":"open","sticky":false,"template":"","format":"standard","meta":{"jnews-multi-image_gallery":[],"jnews_single_post":{"format":"standard"},"jnews_primary_category":[],"jnews_social_meta":[],"jnews_override_counter":[],"footnotes":""},"categories":[8819,1],"tags":[14569,743,20439,20438],"class_list":["post-138364","post","type-post","status-publish","format-standard","has-post-thumbnail","hentry","category-curiosidades","category-noticias","tag-forno","tag-natal","tag-pernil","tag-pernil-de-natal-macio"],"yoast_head":"<!-- This site is optimized with the Yoast SEO plugin v23.8 - https:\/\/yoast.com\/wordpress\/plugins\/seo\/ -->\n<title>Aprenda a preparar pernil de porco para o Natal: uma receita suculenta com uma crosta crocante e cheia de sabor - Estado de Minas - Em foco<\/title>\n<meta name=\"description\" content=\"Com poucos ingredientes o pernil ganha maciez e cor intensa seguindo passos pr\u00e1ticos que deixam a ceia mais leve organizada e cheia de sabor.\" \/>\n<meta name=\"robots\" content=\"index, follow, max-snippet:-1, max-image-preview:large, max-video-preview:-1\" \/>\n<link rel=\"canonical\" href=\"https:\/\/www.em.com.br\/emfoco\/2025\/12\/11\/aprenda-a-preparar-pernil-de-porco-para-o-natal-uma-receita-suculenta-com-uma-crosta-crocante-e-cheia-de-sabor\/\" \/>\n<meta property=\"og:locale\" content=\"pt_BR\" \/>\n<meta property=\"og:type\" content=\"article\" \/>\n<meta property=\"og:title\" content=\"Aprenda a preparar pernil de porco para o Natal: uma receita suculenta com uma crosta crocante e cheia de sabor - Estado de Minas - Em foco\" \/>\n<meta property=\"og:description\" content=\"Com poucos ingredientes o pernil ganha maciez e cor intensa seguindo passos pr\u00e1ticos que deixam a ceia mais leve organizada e cheia de sabor.\" \/>\n<meta property=\"og:url\" content=\"https:\/\/www.em.com.br\/emfoco\/2025\/12\/11\/aprenda-a-preparar-pernil-de-porco-para-o-natal-uma-receita-suculenta-com-uma-crosta-crocante-e-cheia-de-sabor\/\" \/>\n<meta property=\"og:site_name\" content=\"Estado de Minas - Em foco\" \/>\n<meta property=\"article:published_time\" content=\"2025-12-11T21:25:00+00:00\" \/>\n<meta property=\"article:modified_time\" content=\"2025-12-10T22:46:39+00:00\" \/>\n<meta property=\"og:image\" content=\"https:\/\/www.em.com.br\/emfoco\/wp-content\/uploads\/2025\/12\/Gemini_Generated_Image_n4ssf3n4ssf3n4ss-1.png\" \/>\n\t<meta property=\"og:image:width\" content=\"1280\" \/>\n\t<meta property=\"og:image:height\" content=\"720\" \/>\n\t<meta property=\"og:image:type\" content=\"image\/png\" \/>\n<meta name=\"author\" content=\"Andre\u0301 Rangel\u00a0\" \/>\n<meta name=\"twitter:card\" content=\"summary_large_image\" \/>\n<meta name=\"twitter:label1\" content=\"Escrito por\" \/>\n\t<meta name=\"twitter:data1\" content=\"Andre\u0301 Rangel\u00a0\" \/>\n\t<meta name=\"twitter:label2\" content=\"Est. tempo de leitura\" \/>\n\t<meta name=\"twitter:data2\" content=\"6 minutos\" \/>\n<!-- \/ Yoast SEO plugin. -->","yoast_head_json":{"title":"Aprenda a preparar pernil de porco para o Natal: uma receita suculenta com uma crosta crocante e cheia de sabor - Estado de Minas - Em foco","description":"Com poucos ingredientes o pernil ganha maciez e cor intensa seguindo passos pr\u00e1ticos que deixam a ceia mais leve organizada e cheia de sabor.","robots":{"index":"index","follow":"follow","max-snippet":"max-snippet:-1","max-image-preview":"max-image-preview:large","max-video-preview":"max-video-preview:-1"},"canonical":"https:\/\/www.em.com.br\/emfoco\/2025\/12\/11\/aprenda-a-preparar-pernil-de-porco-para-o-natal-uma-receita-suculenta-com-uma-crosta-crocante-e-cheia-de-sabor\/","og_locale":"pt_BR","og_type":"article","og_title":"Aprenda a preparar pernil de porco para o Natal: uma receita suculenta com uma crosta crocante e cheia de sabor - Estado de Minas - Em foco","og_description":"Com poucos ingredientes o pernil ganha maciez e cor intensa seguindo passos pr\u00e1ticos que deixam a ceia mais leve organizada e cheia de sabor.","og_url":"https:\/\/www.em.com.br\/emfoco\/2025\/12\/11\/aprenda-a-preparar-pernil-de-porco-para-o-natal-uma-receita-suculenta-com-uma-crosta-crocante-e-cheia-de-sabor\/","og_site_name":"Estado de Minas - Em foco","article_published_time":"2025-12-11T21:25:00+00:00","article_modified_time":"2025-12-10T22:46:39+00:00","og_image":[{"width":1280,"height":720,"url":"https:\/\/www.em.com.br\/emfoco\/wp-content\/uploads\/2025\/12\/Gemini_Generated_Image_n4ssf3n4ssf3n4ss-1.png","type":"image\/png"}],"author":"Andre\u0301 Rangel\u00a0","twitter_card":"summary_large_image","twitter_misc":{"Escrito por":"Andre\u0301 Rangel\u00a0","Est. tempo de leitura":"6 minutos"},"schema":{"@context":"https:\/\/schema.org","@graph":[{"@type":"WebPage","@id":"https:\/\/www.em.com.br\/emfoco\/2025\/12\/11\/aprenda-a-preparar-pernil-de-porco-para-o-natal-uma-receita-suculenta-com-uma-crosta-crocante-e-cheia-de-sabor\/","url":"https:\/\/www.em.com.br\/emfoco\/2025\/12\/11\/aprenda-a-preparar-pernil-de-porco-para-o-natal-uma-receita-suculenta-com-uma-crosta-crocante-e-cheia-de-sabor\/","name":"Aprenda a preparar pernil de porco para o Natal: uma receita suculenta com uma crosta crocante e cheia de sabor - Estado de Minas - Em foco","isPartOf":{"@id":"https:\/\/www.em.com.br\/emfoco\/#website"},"primaryImageOfPage":{"@id":"https:\/\/www.em.com.br\/emfoco\/2025\/12\/11\/aprenda-a-preparar-pernil-de-porco-para-o-natal-uma-receita-suculenta-com-uma-crosta-crocante-e-cheia-de-sabor\/#primaryimage"},"image":{"@id":"https:\/\/www.em.com.br\/emfoco\/2025\/12\/11\/aprenda-a-preparar-pernil-de-porco-para-o-natal-uma-receita-suculenta-com-uma-crosta-crocante-e-cheia-de-sabor\/#primaryimage"},"thumbnailUrl":"https:\/\/www.em.com.br\/emfoco\/wp-content\/uploads\/2025\/12\/Gemini_Generated_Image_n4ssf3n4ssf3n4ss-1.png","datePublished":"2025-12-11T21:25:00+00:00","dateModified":"2025-12-10T22:46:39+00:00","author":{"@id":"https:\/\/www.em.com.br\/emfoco\/#\/schema\/person\/60eda09c1fedf0d6891f4cef4b60b8b8"},"description":"Com poucos ingredientes o pernil ganha maciez e cor intensa seguindo passos pr\u00e1ticos que deixam a ceia mais leve organizada e cheia de sabor.","breadcrumb":{"@id":"https:\/\/www.em.com.br\/emfoco\/2025\/12\/11\/aprenda-a-preparar-pernil-de-porco-para-o-natal-uma-receita-suculenta-com-uma-crosta-crocante-e-cheia-de-sabor\/#breadcrumb"},"inLanguage":"pt-BR","potentialAction":[{"@type":"ReadAction","target":["https:\/\/www.em.com.br\/emfoco\/2025\/12\/11\/aprenda-a-preparar-pernil-de-porco-para-o-natal-uma-receita-suculenta-com-uma-crosta-crocante-e-cheia-de-sabor\/"]}]},{"@type":"ImageObject","inLanguage":"pt-BR","@id":"https:\/\/www.em.com.br\/emfoco\/2025\/12\/11\/aprenda-a-preparar-pernil-de-porco-para-o-natal-uma-receita-suculenta-com-uma-crosta-crocante-e-cheia-de-sabor\/#primaryimage","url":"https:\/\/www.em.com.br\/emfoco\/wp-content\/uploads\/2025\/12\/Gemini_Generated_Image_n4ssf3n4ssf3n4ss-1.png","contentUrl":"https:\/\/www.em.com.br\/emfoco\/wp-content\/uploads\/2025\/12\/Gemini_Generated_Image_n4ssf3n4ssf3n4ss-1.png","width":1280,"height":720,"caption":"O jeito queridinho de preparar pernil para a ceia"},{"@type":"BreadcrumbList","@id":"https:\/\/www.em.com.br\/emfoco\/2025\/12\/11\/aprenda-a-preparar-pernil-de-porco-para-o-natal-uma-receita-suculenta-com-uma-crosta-crocante-e-cheia-de-sabor\/#breadcrumb","itemListElement":[{"@type":"ListItem","position":1,"name":"In\u00edcio","item":"https:\/\/www.em.com.br\/emfoco\/"},{"@type":"ListItem","position":2,"name":"Aprenda a preparar pernil de porco para o Natal: uma receita suculenta com uma crosta crocante e cheia de sabor"}]},{"@type":"WebSite","@id":"https:\/\/www.em.com.br\/emfoco\/#website","url":"https:\/\/www.em.com.br\/emfoco\/","name":"Estado de Minas - Em foco","description":"Acompanhe as \u00faltimas not\u00edcias e fique bem informado sobre tudo o que acontece em Minas Gerais, Brasil e no mundo.","potentialAction":[{"@type":"SearchAction","target":{"@type":"EntryPoint","urlTemplate":"https:\/\/www.em.com.br\/emfoco\/?s={search_term_string}"},"query-input":{"@type":"PropertyValueSpecification","valueRequired":true,"valueName":"search_term_string"}}],"inLanguage":"pt-BR"},{"@type":"Person","@id":"https:\/\/www.em.com.br\/emfoco\/#\/schema\/person\/60eda09c1fedf0d6891f4cef4b60b8b8","name":"Andre\u0301 Rangel\u00a0","image":{"@type":"ImageObject","inLanguage":"pt-BR","@id":"https:\/\/www.em.com.br\/emfoco\/#\/schema\/person\/image\/","url":"https:\/\/secure.gravatar.com\/avatar\/6234dc814c77c8ef6d8bba622c787efc?s=96&d=mm&r=g","contentUrl":"https:\/\/secure.gravatar.com\/avatar\/6234dc814c77c8ef6d8bba622c787efc?s=96&d=mm&r=g","caption":"Andre\u0301 Rangel\u00a0"},"url":"https:\/\/www.em.com.br\/emfoco\/author\/luizmyth\/"}]}},"_links":{"self":[{"href":"https:\/\/www.em.com.br\/emfoco\/wp-json\/wp\/v2\/posts\/138364","targetHints":{"allow":["GET"]}}],"collection":[{"href":"https:\/\/www.em.com.br\/emfoco\/wp-json\/wp\/v2\/posts"}],"about":[{"href":"https:\/\/www.em.com.br\/emfoco\/wp-json\/wp\/v2\/types\/post"}],"author":[{"embeddable":true,"href":"https:\/\/www.em.com.br\/emfoco\/wp-json\/wp\/v2\/users\/11"}],"replies":[{"embeddable":true,"href":"https:\/\/www.em.com.br\/emfoco\/wp-json\/wp\/v2\/comments?post=138364"}],"version-history":[{"count":5,"href":"https:\/\/www.em.com.br\/emfoco\/wp-json\/wp\/v2\/posts\/138364\/revisions"}],"predecessor-version":[{"id":138827,"href":"https:\/\/www.em.com.br\/emfoco\/wp-json\/wp\/v2\/posts\/138364\/revisions\/138827"}],"wp:featuredmedia":[{"embeddable":true,"href":"https:\/\/www.em.com.br\/emfoco\/wp-json\/wp\/v2\/media\/138826"}],"wp:attachment":[{"href":"https:\/\/www.em.com.br\/emfoco\/wp-json\/wp\/v2\/media?parent=138364"}],"wp:term":[{"taxonomy":"category","embeddable":true,"href":"https:\/\/www.em.com.br\/emfoco\/wp-json\/wp\/v2\/categories?post=138364"},{"taxonomy":"post_tag","embeddable":true,"href":"https:\/\/www.em.com.br\/emfoco\/wp-json\/wp\/v2\/tags?post=138364"}],"curies":[{"name":"wp","href":"https:\/\/api.w.org\/{rel}","templated":true}]}}