{"id":138354,"date":"2025-12-11T13:45:00","date_gmt":"2025-12-11T16:45:00","guid":{"rendered":"https:\/\/www.em.com.br\/emfoco\/?p=138354"},"modified":"2025-12-10T19:45:47","modified_gmt":"2025-12-10T22:45:47","slug":"esqueca-a-torradeira-e-a-cafeteira-este-e-o-eletrodomestico-que-esta-com-seus-dias-contados-em-2026","status":"publish","type":"post","link":"https:\/\/www.em.com.br\/emfoco\/2025\/12\/11\/esqueca-a-torradeira-e-a-cafeteira-este-e-o-eletrodomestico-que-esta-com-seus-dias-contados-em-2026\/","title":{"rendered":"Esque\u00e7a a torradeira e a cafeteira, este \u00e9 o eletrodom\u00e9stico que est\u00e1 com seus dias contados em 2026"},"content":{"rendered":"\n<p>O debate sobre o futuro do micro-ondas ganhou for\u00e7a nos \u00faltimos anos, impulsionado pela chegada de aparelhos mais modernos, compactos e conectados. Especialistas em eletrodom\u00e9sticos e consumo apontam que, a partir de 2026, o micro-ondas tende a perder espa\u00e7o de forma acelerada, n\u00e3o por proibi\u00e7\u00e3o, mas pela substitui\u00e7\u00e3o gradual por tecnologias mais eficientes, vers\u00e1teis e alinhadas ao estilo de vida atual.<\/p>\n\n\n\n<h2 class=\"wp-block-heading\">Porque a tend\u00eancia \u201cAdeus ao micro-ondas\u201d ganhou tanta for\u00e7a<\/h2>\n\n\n\n<p>A express\u00e3o\u00a0<strong>\u201cAdeus ao micro-ondas\u201d<\/strong>\u00a0resume a percep\u00e7\u00e3o de que o aparelho deixou de ser essencial na rotina de muitas casas. Tr\u00eas fatores principais explicam esse movimento: tecnologias mais avan\u00e7adas de coc\u00e7\u00e3o, preocupa\u00e7\u00e3o maior com <a href=\"https:\/\/brasilescola.uol.com.br\/fisica\/energia-eletrica.htm\" target=\"_blank\" rel=\"noreferrer noopener\">consumo de energia<\/a> e busca por cozinhas compactas e bem planejadas.<\/p>\n\n\n\n<p>O micro-ondas sempre foi pr\u00e1tico para aquecer e descongelar, mas suas limita\u00e7\u00f5es ficaram mais evidentes com a populariza\u00e7\u00e3o de alternativas. <a href=\"https:\/\/www.em.com.br\/emfoco\/2025\/06\/05\/5-curiosidades-sobre-o-funcionamento-das-air-fryers-e-micro-ondas-que-voce-nao-sabia\/\" target=\"_blank\" rel=\"noreferrer noopener\">Air fryers <\/a>multifuncionais e fornos de convec\u00e7\u00e3o inteligentes entregam aquecimento eficiente, melhor textura e mais possibilidades de preparo em um \u00fanico equipamento, ocupando menos espa\u00e7o e agregando mais fun\u00e7\u00f5es. Em muitos casos, esses aparelhos tamb\u00e9m permitem um preparo mais saud\u00e1vel, com menor uso de \u00f3leo e melhor preserva\u00e7\u00e3o de sabor e textura dos alimentos.<\/p>\n\n\n\n<figure class=\"wp-block-image\"><img decoding=\"async\" src=\"https:\/\/www.em.com.br\/emfoco\/wp-content\/uploads\/2025\/05\/micro-ondas_1747686487745-1024x576.jpg\" alt=\"\"\/><figcaption class=\"wp-element-caption\">O eletro que pode sumir da sua casa antes do esperado &#8211; Cr\u00e9ditos: depositphotos.com \/ HayDmitriy<\/figcaption><\/figure>\n\n\n\n<h2 class=\"wp-block-heading\">Com quais equipamentos o micro-ondas est\u00e1 sendo substitu\u00eddo na cozinha<\/h2>\n\n\n\n<p>Ao falar em&nbsp;<strong>substitui\u00e7\u00e3o do micro-ondas<\/strong>, tr\u00eas eletrodom\u00e9sticos aparecem com frequ\u00eancia nas an\u00e1lises de mercado: fritadoras de ar, fornos de convec\u00e7\u00e3o e placas de indu\u00e7\u00e3o ultrarr\u00e1pidas. Juntos, eles cobrem boa parte das fun\u00e7\u00f5es do micro-ondas e ainda ampliam o repert\u00f3rio culin\u00e1rio, com maior controle de temperatura e, em muitos casos, menor consumo de energia.<\/p>\n\n\n\n<p>Esses aparelhos mostram como o \u201cadeus ao micro-ondas\u201d est\u00e1 saindo do discurso e se tornando realidade nos projetos de cozinhas modernas, onde o espa\u00e7o antes reservado ao micro-ondas agora \u00e9 repensado para otimizar o uso di\u00e1rio.<\/p>\n\n\n\n<ul class=\"wp-block-list\">\n<li><strong>Fritadora de ar multifun\u00e7\u00e3o (air fryer):<\/strong>&nbsp;evoluiu de fritadeira sem \u00f3leo para miniforno que assa, gratina, aquece, descongela e doura com mais efici\u00eancia.<\/li>\n\n\n\n<li><strong>Forno de convec\u00e7\u00e3o inteligente:<\/strong>&nbsp;usa circula\u00e7\u00e3o de ar quente para cozinhar de forma uniforme, com programas autom\u00e1ticos, sensores e conex\u00e3o com aplicativos.<\/li>\n\n\n\n<li><strong>Placas de indu\u00e7\u00e3o ultrarr\u00e1pidas:<\/strong>&nbsp;aquecem panelas em poucos segundos, permitindo ferver \u00e1gua, esquentar sopas e preparar refei\u00e7\u00f5es r\u00e1pidas com precis\u00e3o.<\/li>\n<\/ul>\n\n\n\n<h2 class=\"wp-block-heading\">O micro-ondas vai realmente desaparecer a partir de 2026<\/h2>\n\n\n\n<p>A previs\u00e3o de que o micro-ondas pode se tornar obsoleto a partir de 2026 deve ser entendida como uma tend\u00eancia, n\u00e3o como uma data de \u201cextin\u00e7\u00e3o\u201d do aparelho. A ind\u00fastria ainda fabrica micro-ondas, mas o ritmo de inova\u00e7\u00e3o \u00e9 bem menor se comparado ao de outros eletrodom\u00e9sticos, o que reduz seu apelo em um mercado cada vez mais exigente.<\/p>\n\n\n\n<figure class=\"wp-block-image\"><img decoding=\"async\" src=\"https:\/\/www.em.com.br\/emfoco\/wp-content\/uploads\/2025\/11\/Gemini_Generated_Image_pvfnn8pvfnn8pvfn-1-1024x576.png\" alt=\"\"\/><figcaption class=\"wp-element-caption\">Air fryer \u00e9 uma op\u00e7\u00e3o pr\u00e1tica e saud\u00e1vel para fazer p\u00e3o<\/figcaption><\/figure>\n\n\n\n<p>Pesquisas indicam queda na prioridade de compra do micro-ondas, sobretudo entre moradores de im\u00f3veis menores e entre quem j\u00e1 possui air fryer ou forno de convec\u00e7\u00e3o. Em vez de trocar um modelo antigo por outro, muitos preferem investir em equipamentos multifuncionais que otimizam espa\u00e7o, energia e integra\u00e7\u00e3o digital. Em projetos recentes de cozinhas planejadas, arquitetos j\u00e1 preveem nichos flex\u00edveis, que podem receber fornos de convec\u00e7\u00e3o compactos ou air fryers de embutir no lugar tradicionalmente ocupado pelo micro-ondas.<\/p>\n\n\n\n<h2 class=\"wp-block-heading\">Qual ser\u00e1 o novo papel do micro-ondas nas cozinhas modernas<\/h2>\n\n\n\n<p>Mesmo com essa despedida simb\u00f3lica, o micro-ondas continuar\u00e1 presente em muitos lares ap\u00f3s 2026, especialmente onde a principal demanda \u00e9 aquecer pratos prontos de forma r\u00e1pida. A mudan\u00e7a central est\u00e1 no papel do aparelho: de protagonista na bancada passa a coadjuvante em meio a solu\u00e7\u00f5es mais modernas.<\/p>\n\n\n\n<p>Se voc\u00ea ainda depende do micro-ondas, este \u00e9 o momento de repensar sua cozinha e planejar a transi\u00e7\u00e3o para equipamentos mais eficientes e completos. N\u00e3o espere a tend\u00eancia te alcan\u00e7ar: avalie hoje suas necessidades, compare alternativas e d\u00ea o primeiro passo para uma cozinha mais inteligente, funcional e alinhada ao futuro. Uma boa estrat\u00e9gia \u00e9 iniciar pela troca gradual de h\u00e1bitos \u2014 como aquecer mais alimentos na air fryer ou na placa de indu\u00e7\u00e3o \u2014 at\u00e9 que o \u201cAdeus ao micro-ondas\u201d fa\u00e7a sentido tamb\u00e9m na sua rotina.<\/p>\n\n\n\n<p><\/p>\n","protected":false},"excerpt":{"rendered":"<p>O debate sobre o futuro do micro-ondas ganhou for\u00e7a nos \u00faltimos anos, impulsionado pela chegada de aparelhos mais modernos, compactos e conectados. Especialistas em eletrodom\u00e9sticos e consumo apontam que, a partir de 2026, o micro-ondas tende a perder espa\u00e7o de forma acelerada, n\u00e3o por proibi\u00e7\u00e3o, mas pela substitui\u00e7\u00e3o gradual por tecnologias mais eficientes, vers\u00e1teis e [&hellip;]<\/p>\n","protected":false},"author":11,"featured_media":138768,"comment_status":"open","ping_status":"open","sticky":false,"template":"","format":"standard","meta":{"jnews-multi-image_gallery":[],"jnews_single_post":{"format":"standard"},"jnews_primary_category":[],"jnews_social_meta":[],"jnews_override_counter":[],"footnotes":""},"categories":[1,4204],"tags":[3563,17499,1920],"class_list":["post-138354","post","type-post","status-publish","format-standard","has-post-thumbnail","hentry","category-noticias","category-tecnologia","tag-cozinha","tag-microondas","tag-tendencia"],"yoast_head":"<!-- This site is optimized with the Yoast SEO plugin v23.8 - https:\/\/yoast.com\/wordpress\/plugins\/seo\/ -->\n<title>Esque\u00e7a a torradeira e a cafeteira, este \u00e9 o eletrodom\u00e9stico que est\u00e1 com seus dias contados em 2026 - Estado de Minas - Em foco<\/title>\n<meta name=\"description\" content=\"Tecnologias atuais reduzem o uso e ampliam op\u00e7\u00f5es culin\u00e1rias, veja como essa transi\u00e7\u00e3o melhora espa\u00e7o consumo e praticidade no dia a dia.\" \/>\n<meta name=\"robots\" content=\"index, follow, max-snippet:-1, max-image-preview:large, max-video-preview:-1\" \/>\n<link rel=\"canonical\" href=\"https:\/\/www.em.com.br\/emfoco\/2025\/12\/11\/esqueca-a-torradeira-e-a-cafeteira-este-e-o-eletrodomestico-que-esta-com-seus-dias-contados-em-2026\/\" \/>\n<meta property=\"og:locale\" content=\"pt_BR\" \/>\n<meta property=\"og:type\" content=\"article\" \/>\n<meta property=\"og:title\" content=\"Esque\u00e7a a torradeira e a cafeteira, este \u00e9 o eletrodom\u00e9stico que est\u00e1 com seus dias contados em 2026 - Estado de Minas - Em foco\" \/>\n<meta property=\"og:description\" content=\"Tecnologias atuais reduzem o uso e ampliam op\u00e7\u00f5es culin\u00e1rias, veja como essa transi\u00e7\u00e3o melhora espa\u00e7o consumo e praticidade no dia a dia.\" \/>\n<meta property=\"og:url\" content=\"https:\/\/www.em.com.br\/emfoco\/2025\/12\/11\/esqueca-a-torradeira-e-a-cafeteira-este-e-o-eletrodomestico-que-esta-com-seus-dias-contados-em-2026\/\" \/>\n<meta property=\"og:site_name\" content=\"Estado de Minas - Em foco\" \/>\n<meta property=\"article:published_time\" content=\"2025-12-11T16:45:00+00:00\" \/>\n<meta property=\"article:modified_time\" content=\"2025-12-10T22:45:47+00:00\" \/>\n<meta property=\"og:image\" content=\"https:\/\/www.em.com.br\/emfoco\/wp-content\/uploads\/2025\/12\/Gemini_Generated_Image_62x8zd62x8zd62x8-1.png\" \/>\n\t<meta property=\"og:image:width\" content=\"1280\" \/>\n\t<meta property=\"og:image:height\" content=\"720\" \/>\n\t<meta property=\"og:image:type\" content=\"image\/png\" \/>\n<meta name=\"author\" content=\"Andre\u0301 Rangel\u00a0\" \/>\n<meta name=\"twitter:card\" content=\"summary_large_image\" \/>\n<meta name=\"twitter:label1\" content=\"Escrito por\" \/>\n\t<meta name=\"twitter:data1\" content=\"Andre\u0301 Rangel\u00a0\" \/>\n\t<meta name=\"twitter:label2\" content=\"Est. tempo de leitura\" \/>\n\t<meta name=\"twitter:data2\" content=\"5 minutos\" \/>\n<!-- \/ Yoast SEO plugin. -->","yoast_head_json":{"title":"Esque\u00e7a a torradeira e a cafeteira, este \u00e9 o eletrodom\u00e9stico que est\u00e1 com seus dias contados em 2026 - Estado de Minas - Em foco","description":"Tecnologias atuais reduzem o uso e ampliam op\u00e7\u00f5es culin\u00e1rias, veja como essa transi\u00e7\u00e3o melhora espa\u00e7o consumo e praticidade no dia a dia.","robots":{"index":"index","follow":"follow","max-snippet":"max-snippet:-1","max-image-preview":"max-image-preview:large","max-video-preview":"max-video-preview:-1"},"canonical":"https:\/\/www.em.com.br\/emfoco\/2025\/12\/11\/esqueca-a-torradeira-e-a-cafeteira-este-e-o-eletrodomestico-que-esta-com-seus-dias-contados-em-2026\/","og_locale":"pt_BR","og_type":"article","og_title":"Esque\u00e7a a torradeira e a cafeteira, este \u00e9 o eletrodom\u00e9stico que est\u00e1 com seus dias contados em 2026 - Estado de Minas - Em foco","og_description":"Tecnologias atuais reduzem o uso e ampliam op\u00e7\u00f5es culin\u00e1rias, veja como essa transi\u00e7\u00e3o melhora espa\u00e7o consumo e praticidade no dia a dia.","og_url":"https:\/\/www.em.com.br\/emfoco\/2025\/12\/11\/esqueca-a-torradeira-e-a-cafeteira-este-e-o-eletrodomestico-que-esta-com-seus-dias-contados-em-2026\/","og_site_name":"Estado de Minas - Em foco","article_published_time":"2025-12-11T16:45:00+00:00","article_modified_time":"2025-12-10T22:45:47+00:00","og_image":[{"width":1280,"height":720,"url":"https:\/\/www.em.com.br\/emfoco\/wp-content\/uploads\/2025\/12\/Gemini_Generated_Image_62x8zd62x8zd62x8-1.png","type":"image\/png"}],"author":"Andre\u0301 Rangel\u00a0","twitter_card":"summary_large_image","twitter_misc":{"Escrito por":"Andre\u0301 Rangel\u00a0","Est. tempo de leitura":"5 minutos"},"schema":{"@context":"https:\/\/schema.org","@graph":[{"@type":"WebPage","@id":"https:\/\/www.em.com.br\/emfoco\/2025\/12\/11\/esqueca-a-torradeira-e-a-cafeteira-este-e-o-eletrodomestico-que-esta-com-seus-dias-contados-em-2026\/","url":"https:\/\/www.em.com.br\/emfoco\/2025\/12\/11\/esqueca-a-torradeira-e-a-cafeteira-este-e-o-eletrodomestico-que-esta-com-seus-dias-contados-em-2026\/","name":"Esque\u00e7a a torradeira e a cafeteira, este \u00e9 o eletrodom\u00e9stico que est\u00e1 com seus dias contados em 2026 - Estado de Minas - Em foco","isPartOf":{"@id":"https:\/\/www.em.com.br\/emfoco\/#website"},"primaryImageOfPage":{"@id":"https:\/\/www.em.com.br\/emfoco\/2025\/12\/11\/esqueca-a-torradeira-e-a-cafeteira-este-e-o-eletrodomestico-que-esta-com-seus-dias-contados-em-2026\/#primaryimage"},"image":{"@id":"https:\/\/www.em.com.br\/emfoco\/2025\/12\/11\/esqueca-a-torradeira-e-a-cafeteira-este-e-o-eletrodomestico-que-esta-com-seus-dias-contados-em-2026\/#primaryimage"},"thumbnailUrl":"https:\/\/www.em.com.br\/emfoco\/wp-content\/uploads\/2025\/12\/Gemini_Generated_Image_62x8zd62x8zd62x8-1.png","datePublished":"2025-12-11T16:45:00+00:00","dateModified":"2025-12-10T22:45:47+00:00","author":{"@id":"https:\/\/www.em.com.br\/emfoco\/#\/schema\/person\/60eda09c1fedf0d6891f4cef4b60b8b8"},"description":"Tecnologias atuais reduzem o uso e ampliam op\u00e7\u00f5es culin\u00e1rias, veja como essa transi\u00e7\u00e3o melhora espa\u00e7o consumo e praticidade no dia a dia.","breadcrumb":{"@id":"https:\/\/www.em.com.br\/emfoco\/2025\/12\/11\/esqueca-a-torradeira-e-a-cafeteira-este-e-o-eletrodomestico-que-esta-com-seus-dias-contados-em-2026\/#breadcrumb"},"inLanguage":"pt-BR","potentialAction":[{"@type":"ReadAction","target":["https:\/\/www.em.com.br\/emfoco\/2025\/12\/11\/esqueca-a-torradeira-e-a-cafeteira-este-e-o-eletrodomestico-que-esta-com-seus-dias-contados-em-2026\/"]}]},{"@type":"ImageObject","inLanguage":"pt-BR","@id":"https:\/\/www.em.com.br\/emfoco\/2025\/12\/11\/esqueca-a-torradeira-e-a-cafeteira-este-e-o-eletrodomestico-que-esta-com-seus-dias-contados-em-2026\/#primaryimage","url":"https:\/\/www.em.com.br\/emfoco\/wp-content\/uploads\/2025\/12\/Gemini_Generated_Image_62x8zd62x8zd62x8-1.png","contentUrl":"https:\/\/www.em.com.br\/emfoco\/wp-content\/uploads\/2025\/12\/Gemini_Generated_Image_62x8zd62x8zd62x8-1.png","width":1280,"height":720,"caption":"O momento em que o microondas deixa de ser essencial"},{"@type":"BreadcrumbList","@id":"https:\/\/www.em.com.br\/emfoco\/2025\/12\/11\/esqueca-a-torradeira-e-a-cafeteira-este-e-o-eletrodomestico-que-esta-com-seus-dias-contados-em-2026\/#breadcrumb","itemListElement":[{"@type":"ListItem","position":1,"name":"In\u00edcio","item":"https:\/\/www.em.com.br\/emfoco\/"},{"@type":"ListItem","position":2,"name":"Esque\u00e7a a torradeira e a cafeteira, este \u00e9 o eletrodom\u00e9stico que est\u00e1 com seus dias contados em 2026"}]},{"@type":"WebSite","@id":"https:\/\/www.em.com.br\/emfoco\/#website","url":"https:\/\/www.em.com.br\/emfoco\/","name":"Estado de Minas - Em foco","description":"Acompanhe as \u00faltimas not\u00edcias e fique bem informado sobre tudo o que acontece em Minas Gerais, Brasil e no mundo.","potentialAction":[{"@type":"SearchAction","target":{"@type":"EntryPoint","urlTemplate":"https:\/\/www.em.com.br\/emfoco\/?s={search_term_string}"},"query-input":{"@type":"PropertyValueSpecification","valueRequired":true,"valueName":"search_term_string"}}],"inLanguage":"pt-BR"},{"@type":"Person","@id":"https:\/\/www.em.com.br\/emfoco\/#\/schema\/person\/60eda09c1fedf0d6891f4cef4b60b8b8","name":"Andre\u0301 Rangel\u00a0","image":{"@type":"ImageObject","inLanguage":"pt-BR","@id":"https:\/\/www.em.com.br\/emfoco\/#\/schema\/person\/image\/","url":"https:\/\/secure.gravatar.com\/avatar\/6234dc814c77c8ef6d8bba622c787efc?s=96&d=mm&r=g","contentUrl":"https:\/\/secure.gravatar.com\/avatar\/6234dc814c77c8ef6d8bba622c787efc?s=96&d=mm&r=g","caption":"Andre\u0301 Rangel\u00a0"},"url":"https:\/\/www.em.com.br\/emfoco\/author\/luizmyth\/"}]}},"_links":{"self":[{"href":"https:\/\/www.em.com.br\/emfoco\/wp-json\/wp\/v2\/posts\/138354","targetHints":{"allow":["GET"]}}],"collection":[{"href":"https:\/\/www.em.com.br\/emfoco\/wp-json\/wp\/v2\/posts"}],"about":[{"href":"https:\/\/www.em.com.br\/emfoco\/wp-json\/wp\/v2\/types\/post"}],"author":[{"embeddable":true,"href":"https:\/\/www.em.com.br\/emfoco\/wp-json\/wp\/v2\/users\/11"}],"replies":[{"embeddable":true,"href":"https:\/\/www.em.com.br\/emfoco\/wp-json\/wp\/v2\/comments?post=138354"}],"version-history":[{"count":2,"href":"https:\/\/www.em.com.br\/emfoco\/wp-json\/wp\/v2\/posts\/138354\/revisions"}],"predecessor-version":[{"id":138766,"href":"https:\/\/www.em.com.br\/emfoco\/wp-json\/wp\/v2\/posts\/138354\/revisions\/138766"}],"wp:featuredmedia":[{"embeddable":true,"href":"https:\/\/www.em.com.br\/emfoco\/wp-json\/wp\/v2\/media\/138768"}],"wp:attachment":[{"href":"https:\/\/www.em.com.br\/emfoco\/wp-json\/wp\/v2\/media?parent=138354"}],"wp:term":[{"taxonomy":"category","embeddable":true,"href":"https:\/\/www.em.com.br\/emfoco\/wp-json\/wp\/v2\/categories?post=138354"},{"taxonomy":"post_tag","embeddable":true,"href":"https:\/\/www.em.com.br\/emfoco\/wp-json\/wp\/v2\/tags?post=138354"}],"curies":[{"name":"wp","href":"https:\/\/api.w.org\/{rel}","templated":true}]}}