{"id":138352,"date":"2025-12-11T12:45:00","date_gmt":"2025-12-11T15:45:00","guid":{"rendered":"https:\/\/www.em.com.br\/emfoco\/?p=138352"},"modified":"2025-12-10T15:15:09","modified_gmt":"2025-12-10T18:15:09","slug":"os-3-segredos-para-um-lar-organizado-que-voce-nao-vai-acreditar","status":"publish","type":"post","link":"https:\/\/www.em.com.br\/emfoco\/2025\/12\/11\/os-3-segredos-para-um-lar-organizado-que-voce-nao-vai-acreditar\/","title":{"rendered":"Os 3 segredos para um lar organizado que voc\u00ea n\u00e3o vai acreditar"},"content":{"rendered":"\n<p>Quem v\u00ea uma casa organizada costuma imaginar horas de faxina e caixas por todos os lados, mas, na pr\u00e1tica, s\u00e3o poucos pontos estrat\u00e9gicos que servem como um \u201cterm\u00f4metro visual\u201d da bagun\u00e7a: quando esses lugares-chave est\u00e3o sob controle, a casa inteira parece mais leve, mesmo sem estar 100% arrumada.<\/p>\n\n\n\n<h2 class=\"wp-block-heading\">Por que a organiza\u00e7\u00e3o da casa come\u00e7a pelo que os olhos enxergam primeiro<\/h2>\n\n\n\n<p>O c\u00e9rebro n\u00e3o registra cada detalhe da casa, e sim alguns pontos de impacto visual, aqueles que a pessoa v\u00ea o tempo todo e que entregam r\u00e1pido se o ambiente est\u00e1 em caos ou em equil\u00edbrio. Quando esses pontos est\u00e3o sobrecarregados, a sensa\u00e7\u00e3o imediata \u00e9 de sufocamento e cansa\u00e7o mental.<\/p>\n\n\n\n<p>Em vez de tentar organizar tudo de uma vez, vale enxergar a casa como um cen\u00e1rio em que certos espa\u00e7os comandam a percep\u00e7\u00e3o geral. Ao cuidar deles com mais inten\u00e7\u00e3o, mesmo que o restante n\u00e3o esteja perfeito, o lar j\u00e1 transmite ordem, calma e mais respiro.<\/p>\n\n\n\n<h2 class=\"wp-block-heading\">Superf\u00edcies horizontais funcionam como \u00edm\u00e3s de bagun\u00e7a<\/h2>\n\n\n\n<p>Mesas, bancadas, aparadores e at\u00e9 o topo de m\u00f3veis viram, sem esfor\u00e7o, pontos de ac\u00famulo. Chaves, contas, documentos, copos, brinquedos e fones pousam ali \u201cs\u00f3 por um minuto\u201d e permanecem por dias, criando um painel da desorganiza\u00e7\u00e3o geral da casa.<\/p>\n\n\n\n<p>Um truque minimalista poderoso \u00e9 manter essas superf\u00edcies quase vazias, com no m\u00e1ximo tr\u00eas itens bem escolhidos. Objetos intencionais, como um vaso, uma <a href=\"https:\/\/www.em.com.br\/emfoco\/2025\/12\/08\/perfis-de-luminarias-que-transformam-a-sala-sem-reforma-nenhuma\/\" target=\"_blank\" rel=\"noreferrer noopener\">lumin\u00e1ria <\/a>ou uma bandeja, ajudam a criar sensa\u00e7\u00e3o de casa ampla, respir\u00e1vel e visualmente mais calma.<\/p>\n\n\n\n<figure class=\"wp-block-image size-large\"><img loading=\"lazy\" decoding=\"async\" width=\"1024\" height=\"576\" src=\"https:\/\/www.em.com.br\/emfoco\/wp-content\/uploads\/2025\/12\/Gemini_Generated_Image_2a1pvw2a1pvw2a1p-1-1024x576.png\" alt=\"A superf\u00edcie que entrega o caos da casa\" class=\"wp-image-138463\" srcset=\"https:\/\/www.em.com.br\/emfoco\/wp-content\/uploads\/2025\/12\/Gemini_Generated_Image_2a1pvw2a1pvw2a1p-1-1024x576.png 1024w, https:\/\/www.em.com.br\/emfoco\/wp-content\/uploads\/2025\/12\/Gemini_Generated_Image_2a1pvw2a1pvw2a1p-1-300x169.png 300w, https:\/\/www.em.com.br\/emfoco\/wp-content\/uploads\/2025\/12\/Gemini_Generated_Image_2a1pvw2a1pvw2a1p-1-768x432.png 768w, https:\/\/www.em.com.br\/emfoco\/wp-content\/uploads\/2025\/12\/Gemini_Generated_Image_2a1pvw2a1pvw2a1p-1-750x422.png 750w, https:\/\/www.em.com.br\/emfoco\/wp-content\/uploads\/2025\/12\/Gemini_Generated_Image_2a1pvw2a1pvw2a1p-1-1140x641.png 1140w, https:\/\/www.em.com.br\/emfoco\/wp-content\/uploads\/2025\/12\/Gemini_Generated_Image_2a1pvw2a1pvw2a1p-1.png 1280w\" sizes=\"auto, (max-width: 1024px) 100vw, 1024px\" \/><figcaption class=\"wp-element-caption\">A superf\u00edcie que entrega o caos da casa<\/figcaption><\/figure>\n\n\n\n<h2 class=\"wp-block-heading\">Como manter as superf\u00edcies organizadas no dia a dia<\/h2>\n\n\n\n<p>Para que mesas e bancadas deixem de ser dep\u00f3sitos de coisas, \u00e9 \u00fatil criar um \u201csistema silencioso\u201d: cada item que costuma parar ali ganha um lugar fixo e pr\u00e1tico. Assim, o gesto autom\u00e1tico deixa de ser \u201cjogar em cima da mesa\u201d e passa a ser \u201ccolocar onde pertence\u201d, com m\u00ednimo esfor\u00e7o.<\/p>\n\n\n\n<p>Algumas ideias simples ajudam a transformar essas superf\u00edcies em aliadas da ordem visual e a evitar o retorno da bagun\u00e7a em poucos dias:<\/p>\n\n\n\n<ul class=\"wp-block-list\">\n<li><strong>Bandeja de apoio:<\/strong>&nbsp;concentrar chaves, carteira e pequenos objetos em uma \u00fanica bandeja discreta.<\/li>\n\n\n\n<li><strong>Caixa ou cesto de entrada:<\/strong>&nbsp;manter cartas, boletos e pap\u00e9is tempor\u00e1rios em um \u00fanico ponto.<\/li>\n\n\n\n<li><strong>Regra dos 3 itens:<\/strong>&nbsp;escolher conscientemente os poucos objetos que ficam expostos.<\/li>\n\n\n\n<li><strong>Rotina de 2 minutos:<\/strong>&nbsp;ao notar algo fora do lugar, guardar na hora, antes que a pilha cres\u00e7a.<\/li>\n<\/ul>\n\n\n\n<h2 class=\"wp-block-heading\">A entrada da casa realmente muda a sensa\u00e7\u00e3o do lar<\/h2>\n\n\n\n<p>A entrada da casa funciona como um \u201cportal energ\u00e9tico\u201d, marcando a fronteira entre o mundo externo e o ambiente \u00edntimo. \u00c9 ali que se largam bolsa, sapato, mochila e sacolas; se essa \u00e1rea est\u00e1 sempre carregada, a casa j\u00e1 come\u00e7a com uma mensagem de cansa\u00e7o visual.<\/p>\n\n\n\n<p>Quando esse cantinho \u00e9 pensado de forma funcional, a chegada ao lar fica mais simples: cada coisa tem um lugar definido, nada se acumula no ch\u00e3o e a passagem fica fluida. A primeira impress\u00e3o visual influencia como o resto da casa \u00e9 percebido, mesmo que outros c\u00f4modos ainda estejam em processo de organiza\u00e7\u00e3o.<\/p>\n\n\n\n<h2 class=\"wp-block-heading\">Elementos que n\u00e3o podem faltar em uma entrada organizada<\/h2>\n\n\n\n<p>A entrada n\u00e3o precisa ser grande ou cheia de m\u00f3veis; o essencial \u00e9 funcionar bem. O foco est\u00e1 em criar zonas claras e pr\u00e1ticas para sapatos, bolsas e chaves, somadas a um toque de beleza que deixe o espa\u00e7o acolhedor.<\/p>\n\n\n\n<p>Alguns elementos ajudam a manter esse hall sempre em ordem, evitando montes de coisas encostadas na porta e aquela sensa\u00e7\u00e3o de caos logo ao chegar:<\/p>\n\n\n\n<ul class=\"wp-block-list\">\n<li><strong>Cabideiro ou ganchos:<\/strong>&nbsp;para pendurar bolsas, mochilas, casacos e chap\u00e9us de uso di\u00e1rio.<\/li>\n\n\n\n<li><strong>Sapateira ou cesto:<\/strong>&nbsp;ponto fixo para os cal\u00e7ados que entram em casa, evitando pares espalhados.<\/li>\n\n\n\n<li><strong>Porta-chaves:<\/strong>&nbsp;garante que chaves n\u00e3o fiquem soltas por bolsos, mesas ou balc\u00f5es.<\/li>\n\n\n\n<li><strong>Elemento decorativo \u00fanico:<\/strong>&nbsp;um quadro, planta ou objeto bonito, sem exageros.<\/li>\n<\/ul>\n\n\n\n<h2 class=\"wp-block-heading\">Por que a pia da cozinha revela o estado da rotina<\/h2>\n\n\n\n<p>A pia da cozinha funciona como um espelho da rotina di\u00e1ria: quando est\u00e1 lotada de lou\u00e7a, a sensa\u00e7\u00e3o de tarefa pendente aparece o tempo todo. Essa vis\u00e3o constante alimenta a impress\u00e3o de desordem e torna o ato de cozinhar mais pesado e f\u00e1cil de adiar.<\/p>\n\n\n\n<p>Uma pia zerada muda o clima da casa: a cozinha parece mais dispon\u00edvel, pronta para uso, sem a barreira mental da lou\u00e7a acumulada. Dormir com a pia limpa cria um efeito domin\u00f3 positivo: o dia seguinte come\u00e7a mais leve e com mais disposi\u00e7\u00e3o para manter o resto em ordem.<\/p>\n\n\n\n<p>Selecionamos para voc\u00ea o v\u00eddeo do canal <a href=\"https:\/\/www.youtube.com\/@QuandoMenoseMais\" target=\"_blank\" rel=\"noreferrer noopener\">@QuandoMenoseMais <\/a>com mais de 280 mil inscritos e fala sobre os segredos para um lar organizado:<\/p>\n\n\n\n<figure class=\"wp-block-embed is-type-video is-provider-youtube wp-block-embed-youtube wp-embed-aspect-16-9 wp-has-aspect-ratio\"><div class=\"wp-block-embed__wrapper\">\n<div class=\"jeg_video_container jeg_video_content\"><iframe loading=\"lazy\" title=\"Os 3 Segredos para um Lar Organizado: Voc\u00ea N\u00e3o Vai Acreditar\" width=\"500\" height=\"281\" src=\"https:\/\/www.youtube.com\/embed\/C7qeo8NMX-Q?feature=oembed\" frameborder=\"0\" allow=\"accelerometer; autoplay; clipboard-write; encrypted-media; gyroscope; picture-in-picture; web-share\" referrerpolicy=\"strict-origin-when-cross-origin\" allowfullscreen><\/iframe><\/div>\n<\/div><\/figure>\n\n\n\n<h2 class=\"wp-block-heading\">Quais h\u00e1bitos ajudam a manter a pia sempre sob controle<\/h2>\n\n\n\n<p>Em vez de depender de grandes mutir\u00f5es de limpeza, vale apostar em pequenas a\u00e7\u00f5es frequentes. A regra de resolver na hora o que leva menos de dois minutos, como lavar um prato ou um copo logo ap\u00f3s o uso, evita que a pilha cres\u00e7a e vire algo intimidante.<\/p>\n\n\n\n<p>Outros h\u00e1bitos simples transformam a organiza\u00e7\u00e3o da pia em algo quase autom\u00e1tico, reduzindo o peso mental da cozinha no seu dia a dia:<\/p>\n\n\n\n<ol class=\"wp-block-list\">\n<li><strong>Lavar ap\u00f3s as refei\u00e7\u00f5es:<\/strong>&nbsp;terminar de comer e j\u00e1 lavar ou colocar tudo na lava-lou\u00e7as.<\/li>\n\n\n\n<li><strong>N\u00e3o acumular lou\u00e7a limpa:<\/strong>&nbsp;guardar o que saiu da lava-lou\u00e7as o quanto antes.<\/li>\n\n\n\n<li><strong>Rotina noturna r\u00e1pida:<\/strong>&nbsp;antes de dormir, checar a pia e deixar tudo em ordem.<\/li>\n\n\n\n<li><strong>Limpeza leve di\u00e1ria:<\/strong>&nbsp;passar um pano na pia e bancada logo depois de us\u00e1-las.<\/li>\n<\/ol>\n\n\n\n<h2 class=\"wp-block-heading\">Minimalismo visual como caminho para um lar mais leve<\/h2>\n\n\n\n<p>Nesse contexto, minimalismo n\u00e3o \u00e9 viver com o m\u00ednimo poss\u00edvel, mas reduzir excessos visuais para abrir espa\u00e7o f\u00edsico e mental. Ao cuidar intencionalmente de superf\u00edcies horizontais, entrada da casa e pia da cozinha, o lar ganha outra cara com pouco esfor\u00e7o e mais sensa\u00e7\u00e3o de controle.<\/p>\n\n\n\n<p>N\u00e3o espere \u201ca hora perfeita\u201d para come\u00e7ar: escolha hoje um desses pontos de impacto visual e dedique apenas 15 minutos a ele. Esse primeiro passo pode ser o gatilho que voc\u00ea precisava para transformar sua rotina e criar, agora, uma casa que realmente te acolhe no fim do dia.<\/p>\n\n\n\n<p><\/p>\n","protected":false},"excerpt":{"rendered":"<p>Quem v\u00ea uma casa organizada costuma imaginar horas de faxina e caixas por todos os lados, mas, na pr\u00e1tica, s\u00e3o poucos pontos estrat\u00e9gicos que servem como um \u201cterm\u00f4metro visual\u201d da bagun\u00e7a: quando esses lugares-chave est\u00e3o sob controle, a casa inteira parece mais leve, mesmo sem estar 100% arrumada. Por que a organiza\u00e7\u00e3o da casa come\u00e7a [&hellip;]<\/p>\n","protected":false},"author":11,"featured_media":138461,"comment_status":"open","ping_status":"open","sticky":false,"template":"","format":"standard","meta":{"jnews-multi-image_gallery":[],"jnews_single_post":{"format":"standard"},"jnews_primary_category":[],"jnews_social_meta":[],"jnews_override_counter":[],"footnotes":""},"categories":[8819,1],"tags":[16070,3337,4945,4478],"class_list":["post-138352","post","type-post","status-publish","format-standard","has-post-thumbnail","hentry","category-curiosidades","category-noticias","tag-casa-organizada","tag-limpeza","tag-minimalismo","tag-organizacao"],"yoast_head":"<!-- This site is optimized with the Yoast SEO plugin v23.8 - https:\/\/yoast.com\/wordpress\/plugins\/seo\/ -->\n<title>Os 3 segredos para um lar organizado que voc\u00ea n\u00e3o vai acreditar - Estado de Minas - Em foco<\/title>\n<meta name=\"description\" content=\"A casa parece mais leve quando os pontos de impacto visual est\u00e3o sob controle use rotinas curtas e truques pr\u00e1ticos para reduzir bagun\u00e7a di\u00e1ria.\" \/>\n<meta name=\"robots\" content=\"index, follow, max-snippet:-1, max-image-preview:large, max-video-preview:-1\" \/>\n<link rel=\"canonical\" href=\"https:\/\/www.em.com.br\/emfoco\/2025\/12\/11\/os-3-segredos-para-um-lar-organizado-que-voce-nao-vai-acreditar\/\" \/>\n<meta property=\"og:locale\" content=\"pt_BR\" \/>\n<meta property=\"og:type\" content=\"article\" \/>\n<meta property=\"og:title\" content=\"Os 3 segredos para um lar organizado que voc\u00ea n\u00e3o vai acreditar - Estado de Minas - Em foco\" \/>\n<meta property=\"og:description\" content=\"A casa parece mais leve quando os pontos de impacto visual est\u00e3o sob controle use rotinas curtas e truques pr\u00e1ticos para reduzir bagun\u00e7a di\u00e1ria.\" \/>\n<meta property=\"og:url\" content=\"https:\/\/www.em.com.br\/emfoco\/2025\/12\/11\/os-3-segredos-para-um-lar-organizado-que-voce-nao-vai-acreditar\/\" \/>\n<meta property=\"og:site_name\" content=\"Estado de Minas - Em foco\" \/>\n<meta property=\"article:published_time\" content=\"2025-12-11T15:45:00+00:00\" \/>\n<meta property=\"article:modified_time\" content=\"2025-12-10T18:15:09+00:00\" \/>\n<meta property=\"og:image\" content=\"https:\/\/www.em.com.br\/emfoco\/wp-content\/uploads\/2025\/12\/Gemini_Generated_Image_xiig2jxiig2jxiig-1.png\" \/>\n\t<meta property=\"og:image:width\" content=\"1280\" \/>\n\t<meta property=\"og:image:height\" content=\"720\" \/>\n\t<meta property=\"og:image:type\" content=\"image\/png\" \/>\n<meta name=\"author\" content=\"Andre\u0301 Rangel\u00a0\" \/>\n<meta name=\"twitter:card\" content=\"summary_large_image\" \/>\n<meta name=\"twitter:label1\" content=\"Escrito por\" \/>\n\t<meta name=\"twitter:data1\" content=\"Andre\u0301 Rangel\u00a0\" \/>\n\t<meta name=\"twitter:label2\" content=\"Est. tempo de leitura\" \/>\n\t<meta name=\"twitter:data2\" content=\"6 minutos\" \/>\n<!-- \/ Yoast SEO plugin. -->","yoast_head_json":{"title":"Os 3 segredos para um lar organizado que voc\u00ea n\u00e3o vai acreditar - Estado de Minas - Em foco","description":"A casa parece mais leve quando os pontos de impacto visual est\u00e3o sob controle use rotinas curtas e truques pr\u00e1ticos para reduzir bagun\u00e7a di\u00e1ria.","robots":{"index":"index","follow":"follow","max-snippet":"max-snippet:-1","max-image-preview":"max-image-preview:large","max-video-preview":"max-video-preview:-1"},"canonical":"https:\/\/www.em.com.br\/emfoco\/2025\/12\/11\/os-3-segredos-para-um-lar-organizado-que-voce-nao-vai-acreditar\/","og_locale":"pt_BR","og_type":"article","og_title":"Os 3 segredos para um lar organizado que voc\u00ea n\u00e3o vai acreditar - Estado de Minas - Em foco","og_description":"A casa parece mais leve quando os pontos de impacto visual est\u00e3o sob controle use rotinas curtas e truques pr\u00e1ticos para reduzir bagun\u00e7a di\u00e1ria.","og_url":"https:\/\/www.em.com.br\/emfoco\/2025\/12\/11\/os-3-segredos-para-um-lar-organizado-que-voce-nao-vai-acreditar\/","og_site_name":"Estado de Minas - Em foco","article_published_time":"2025-12-11T15:45:00+00:00","article_modified_time":"2025-12-10T18:15:09+00:00","og_image":[{"width":1280,"height":720,"url":"https:\/\/www.em.com.br\/emfoco\/wp-content\/uploads\/2025\/12\/Gemini_Generated_Image_xiig2jxiig2jxiig-1.png","type":"image\/png"}],"author":"Andre\u0301 Rangel\u00a0","twitter_card":"summary_large_image","twitter_misc":{"Escrito por":"Andre\u0301 Rangel\u00a0","Est. tempo de leitura":"6 minutos"},"schema":{"@context":"https:\/\/schema.org","@graph":[{"@type":"WebPage","@id":"https:\/\/www.em.com.br\/emfoco\/2025\/12\/11\/os-3-segredos-para-um-lar-organizado-que-voce-nao-vai-acreditar\/","url":"https:\/\/www.em.com.br\/emfoco\/2025\/12\/11\/os-3-segredos-para-um-lar-organizado-que-voce-nao-vai-acreditar\/","name":"Os 3 segredos para um lar organizado que voc\u00ea n\u00e3o vai acreditar - Estado de Minas - Em foco","isPartOf":{"@id":"https:\/\/www.em.com.br\/emfoco\/#website"},"primaryImageOfPage":{"@id":"https:\/\/www.em.com.br\/emfoco\/2025\/12\/11\/os-3-segredos-para-um-lar-organizado-que-voce-nao-vai-acreditar\/#primaryimage"},"image":{"@id":"https:\/\/www.em.com.br\/emfoco\/2025\/12\/11\/os-3-segredos-para-um-lar-organizado-que-voce-nao-vai-acreditar\/#primaryimage"},"thumbnailUrl":"https:\/\/www.em.com.br\/emfoco\/wp-content\/uploads\/2025\/12\/Gemini_Generated_Image_xiig2jxiig2jxiig-1.png","datePublished":"2025-12-11T15:45:00+00:00","dateModified":"2025-12-10T18:15:09+00:00","author":{"@id":"https:\/\/www.em.com.br\/emfoco\/#\/schema\/person\/60eda09c1fedf0d6891f4cef4b60b8b8"},"description":"A casa parece mais leve quando os pontos de impacto visual est\u00e3o sob controle use rotinas curtas e truques pr\u00e1ticos para reduzir bagun\u00e7a di\u00e1ria.","breadcrumb":{"@id":"https:\/\/www.em.com.br\/emfoco\/2025\/12\/11\/os-3-segredos-para-um-lar-organizado-que-voce-nao-vai-acreditar\/#breadcrumb"},"inLanguage":"pt-BR","potentialAction":[{"@type":"ReadAction","target":["https:\/\/www.em.com.br\/emfoco\/2025\/12\/11\/os-3-segredos-para-um-lar-organizado-que-voce-nao-vai-acreditar\/"]}]},{"@type":"ImageObject","inLanguage":"pt-BR","@id":"https:\/\/www.em.com.br\/emfoco\/2025\/12\/11\/os-3-segredos-para-um-lar-organizado-que-voce-nao-vai-acreditar\/#primaryimage","url":"https:\/\/www.em.com.br\/emfoco\/wp-content\/uploads\/2025\/12\/Gemini_Generated_Image_xiig2jxiig2jxiig-1.png","contentUrl":"https:\/\/www.em.com.br\/emfoco\/wp-content\/uploads\/2025\/12\/Gemini_Generated_Image_xiig2jxiig2jxiig-1.png","width":1280,"height":720,"caption":"O truque visual que muda sua casa sem esfor\u00e7o"},{"@type":"BreadcrumbList","@id":"https:\/\/www.em.com.br\/emfoco\/2025\/12\/11\/os-3-segredos-para-um-lar-organizado-que-voce-nao-vai-acreditar\/#breadcrumb","itemListElement":[{"@type":"ListItem","position":1,"name":"In\u00edcio","item":"https:\/\/www.em.com.br\/emfoco\/"},{"@type":"ListItem","position":2,"name":"Os 3 segredos para um lar organizado que voc\u00ea n\u00e3o vai acreditar"}]},{"@type":"WebSite","@id":"https:\/\/www.em.com.br\/emfoco\/#website","url":"https:\/\/www.em.com.br\/emfoco\/","name":"Estado de Minas - Em foco","description":"Acompanhe as \u00faltimas not\u00edcias e fique bem informado sobre tudo o que acontece em Minas Gerais, Brasil e no mundo.","potentialAction":[{"@type":"SearchAction","target":{"@type":"EntryPoint","urlTemplate":"https:\/\/www.em.com.br\/emfoco\/?s={search_term_string}"},"query-input":{"@type":"PropertyValueSpecification","valueRequired":true,"valueName":"search_term_string"}}],"inLanguage":"pt-BR"},{"@type":"Person","@id":"https:\/\/www.em.com.br\/emfoco\/#\/schema\/person\/60eda09c1fedf0d6891f4cef4b60b8b8","name":"Andre\u0301 Rangel\u00a0","image":{"@type":"ImageObject","inLanguage":"pt-BR","@id":"https:\/\/www.em.com.br\/emfoco\/#\/schema\/person\/image\/","url":"https:\/\/secure.gravatar.com\/avatar\/6234dc814c77c8ef6d8bba622c787efc?s=96&d=mm&r=g","contentUrl":"https:\/\/secure.gravatar.com\/avatar\/6234dc814c77c8ef6d8bba622c787efc?s=96&d=mm&r=g","caption":"Andre\u0301 Rangel\u00a0"},"url":"https:\/\/www.em.com.br\/emfoco\/author\/luizmyth\/"}]}},"_links":{"self":[{"href":"https:\/\/www.em.com.br\/emfoco\/wp-json\/wp\/v2\/posts\/138352","targetHints":{"allow":["GET"]}}],"collection":[{"href":"https:\/\/www.em.com.br\/emfoco\/wp-json\/wp\/v2\/posts"}],"about":[{"href":"https:\/\/www.em.com.br\/emfoco\/wp-json\/wp\/v2\/types\/post"}],"author":[{"embeddable":true,"href":"https:\/\/www.em.com.br\/emfoco\/wp-json\/wp\/v2\/users\/11"}],"replies":[{"embeddable":true,"href":"https:\/\/www.em.com.br\/emfoco\/wp-json\/wp\/v2\/comments?post=138352"}],"version-history":[{"count":3,"href":"https:\/\/www.em.com.br\/emfoco\/wp-json\/wp\/v2\/posts\/138352\/revisions"}],"predecessor-version":[{"id":138467,"href":"https:\/\/www.em.com.br\/emfoco\/wp-json\/wp\/v2\/posts\/138352\/revisions\/138467"}],"wp:featuredmedia":[{"embeddable":true,"href":"https:\/\/www.em.com.br\/emfoco\/wp-json\/wp\/v2\/media\/138461"}],"wp:attachment":[{"href":"https:\/\/www.em.com.br\/emfoco\/wp-json\/wp\/v2\/media?parent=138352"}],"wp:term":[{"taxonomy":"category","embeddable":true,"href":"https:\/\/www.em.com.br\/emfoco\/wp-json\/wp\/v2\/categories?post=138352"},{"taxonomy":"post_tag","embeddable":true,"href":"https:\/\/www.em.com.br\/emfoco\/wp-json\/wp\/v2\/tags?post=138352"}],"curies":[{"name":"wp","href":"https:\/\/api.w.org\/{rel}","templated":true}]}}