{"id":138324,"date":"2025-12-11T06:35:00","date_gmt":"2025-12-11T09:35:00","guid":{"rendered":"https:\/\/www.em.com.br\/emfoco\/?p=138324"},"modified":"2025-12-10T15:12:53","modified_gmt":"2025-12-10T18:12:53","slug":"quer-mais-crescimento-veja-os-dias-perfeitos-para-cortar-o-cabelo-em-dezembro-de-2025-pela-lua","status":"publish","type":"post","link":"https:\/\/www.em.com.br\/emfoco\/2025\/12\/11\/quer-mais-crescimento-veja-os-dias-perfeitos-para-cortar-o-cabelo-em-dezembro-de-2025-pela-lua\/","title":{"rendered":"Quer mais crescimento? Veja os dias perfeitos para cortar o cabelo em dezembro de 2025 pela lua"},"content":{"rendered":"\n<p>Cortar ou cuidar do cabelo de acordo com as fases da lua tem ganhado espa\u00e7o entre quem curte astrologia, bem-estar e beleza mais consciente. A ideia \u00e9 que cada fase lunar traga uma \u201cenergia\u201d diferente, capaz de influenciar o crescimento, o brilho e at\u00e9 a durabilidade do corte; mesmo sem comprova\u00e7\u00e3o cient\u00edfica, o chamado&nbsp;<strong>corte de cabelo segundo a lua<\/strong>&nbsp;virou uma esp\u00e9cie de calend\u00e1rio pessoal de autocuidado e organiza\u00e7\u00e3o da rotina capilar.<\/p>\n\n\n\n<h2 class=\"wp-block-heading\">Como funciona o corte de cabelo segundo a lua<\/h2>\n\n\n\n<p>O<a href=\"https:\/\/www.em.com.br\/emfoco\/2025\/12\/04\/o-corte-de-cabelo-perfeito-para-renovar-o-visual-e-conquistar-um-visual-jovem-sem-radicalizar\/\" target=\"_blank\" rel=\"noreferrer noopener\">\u00a0<strong>corte de cabelo<\/strong><\/a><strong> de acordo com as fases da lua<\/strong>\u00a0se baseia na divis\u00e3o tradicional do ciclo lunar: lua nova, quarto crescente, lua cheia e quarto minguante. Cada etapa \u00e9 associada a um prop\u00f3sito espec\u00edfico, adaptando antigas observa\u00e7\u00f5es de ciclos da natureza para o universo da beleza.<\/p>\n\n\n\n<p>Na pr\u00e1tica, fases em que a lua \u201ccresce\u201d seriam mais indicadas para estimular o aumento do comprimento, enquanto per\u00edodos em que a lua \u201cmingua\u201d ajudariam a manter o tamanho por mais tempo. Assim, o sal\u00e3o passa a ser visitado em datas escolhidas com anteced\u00eancia, orientadas por inten\u00e7\u00e3o est\u00e9tica e simb\u00f3lica.<\/p>\n\n\n\n<figure class=\"wp-block-image\"><img decoding=\"async\" src=\"https:\/\/www.em.com.br\/emfoco\/wp-content\/uploads\/2025\/08\/calendario-lunar_1756229627941-1024x576.jpg\" alt=\"\"\/><figcaption class=\"wp-element-caption\">Fases da Lua Melhores datas para renovar o visual &#8211; Cr\u00e9ditos: depositphotos.com \/ mejn<\/figcaption><\/figure>\n\n\n\n<h2 class=\"wp-block-heading\">Cortar o cabelo segundo a lua interfere mesmo no crescimento?<\/h2>\n\n\n\n<p>Do ponto de vista cient\u00edfico, n\u00e3o h\u00e1 provas de que a lua altere diretamente a velocidade de crescimento do cabelo. Fatores como gen\u00e9tica, alimenta\u00e7\u00e3o, sa\u00fade geral e cuidados di\u00e1rios com o couro cabeludo ainda s\u00e3o os principais determinantes do desenvolvimento dos fios.<\/p>\n\n\n\n<p>Para muitas pessoas, o&nbsp;<strong>corte de cabelo segundo a lua<\/strong>&nbsp;funciona como um lembrete de autocuidado e disciplina. Ao escolher datas espec\u00edficas, a pessoa organiza melhor cortes, hidrata\u00e7\u00f5es e tratamentos, o que, por si s\u00f3, tende a gerar resultados vis\u00edveis na apar\u00eancia e na sa\u00fade capilar.<\/p>\n\n\n\n<h2 class=\"wp-block-heading\">O que representa cada fase da lua no cuidado com o cabelo<\/h2>\n\n\n\n<p>Na astrologia e em tradi\u00e7\u00f5es populares, cada fase da lua \u00e9 associada a uma inten\u00e7\u00e3o de corte ou tratamento. Essas leituras variam conforme a cultura, a linha astrol\u00f3gica e o profissional de beleza, mas algumas interpreta\u00e7\u00f5es s\u00e3o mais recorrentes.<\/p>\n\n\n\n<p>A seguir, veja como cada fase costuma ser usada como refer\u00eancia para o cuidado capilar e para planejar mudan\u00e7as de visual:<\/p>\n\n\n\n<ul class=\"wp-block-list\">\n<li><strong>Lua nova<\/strong>&nbsp;\u2013 Momento ligado a in\u00edcios e renova\u00e7\u00f5es, ideal para mudar o visual, remover pontas muito danificadas ou simbolizar uma fase nova na vida.<\/li>\n\n\n\n<li><strong>Quarto crescente<\/strong>&nbsp;\u2013 Associado a impulso e expans\u00e3o, indicado para quem deseja que o cabelo cres\u00e7a mais r\u00e1pido e aparente mais vitalidade.<\/li>\n\n\n\n<li><strong>Lua cheia<\/strong>&nbsp;\u2013 Relacionada \u00e0 plenitude e intensidade, sugerida para quem busca mais volume, for\u00e7a visual e brilho nos fios.<\/li>\n\n\n\n<li><strong>Quarto minguante<\/strong>&nbsp;\u2013 Ligado \u00e0 redu\u00e7\u00e3o e desacelera\u00e7\u00e3o, escolhido por quem quer manter o comprimento atual por mais tempo e preservar o formato do corte.<\/li>\n<\/ul>\n\n\n\n<blockquote class=\"instagram-media\" data-instgrm-captioned data-instgrm-permalink=\"https:\/\/www.instagram.com\/p\/DPRNdzBkbrZ\/?utm_source=ig_embed&amp;utm_campaign=loading\" data-instgrm-version=\"14\" style=\" background:#FFF; border:0; border-radius:3px; box-shadow:0 0 1px 0 rgba(0,0,0,0.5),0 1px 10px 0 rgba(0,0,0,0.15); margin: 1px; max-width:540px; min-width:326px; padding:0; width:99.375%; width:-webkit-calc(100% - 2px); width:calc(100% - 2px);\"><div style=\"padding:16px;\"> <a href=\"https:\/\/www.instagram.com\/p\/DPRNdzBkbrZ\/?utm_source=ig_embed&amp;utm_campaign=loading\" style=\" background:#FFFFFF; line-height:0; padding:0 0; text-align:center; text-decoration:none; width:100%;\" target=\"_blank\"> <div style=\" display: flex; flex-direction: row; align-items: center;\"> <div style=\"background-color: #F4F4F4; border-radius: 50%; flex-grow: 0; height: 40px; margin-right: 14px; width: 40px;\"><\/div> <div style=\"display: flex; flex-direction: column; flex-grow: 1; justify-content: center;\"> <div style=\" background-color: #F4F4F4; border-radius: 4px; flex-grow: 0; height: 14px; margin-bottom: 6px; width: 100px;\"><\/div> <div style=\" background-color: #F4F4F4; border-radius: 4px; flex-grow: 0; height: 14px; width: 60px;\"><\/div><\/div><\/div><div style=\"padding: 19% 0;\"><\/div> <div style=\"display:block; height:50px; margin:0 auto 12px; width:50px;\"><svg width=\"50px\" height=\"50px\" viewBox=\"0 0 60 60\" version=\"1.1\" xmlns=\"https:\/\/www.w3.org\/2000\/svg\" xmlns:xlink=\"https:\/\/www.w3.org\/1999\/xlink\"><g stroke=\"none\" stroke-width=\"1\" fill=\"none\" fill-rule=\"evenodd\"><g transform=\"translate(-511.000000, -20.000000)\" fill=\"#000000\"><g><path d=\"M556.869,30.41 C554.814,30.41 553.148,32.076 553.148,34.131 C553.148,36.186 554.814,37.852 556.869,37.852 C558.924,37.852 560.59,36.186 560.59,34.131 C560.59,32.076 558.924,30.41 556.869,30.41 M541,60.657 C535.114,60.657 530.342,55.887 530.342,50 C530.342,44.114 535.114,39.342 541,39.342 C546.887,39.342 551.658,44.114 551.658,50 C551.658,55.887 546.887,60.657 541,60.657 M541,33.886 C532.1,33.886 524.886,41.1 524.886,50 C524.886,58.899 532.1,66.113 541,66.113 C549.9,66.113 557.115,58.899 557.115,50 C557.115,41.1 549.9,33.886 541,33.886 M565.378,62.101 C565.244,65.022 564.756,66.606 564.346,67.663 C563.803,69.06 563.154,70.057 562.106,71.106 C561.058,72.155 560.06,72.803 558.662,73.347 C557.607,73.757 556.021,74.244 553.102,74.378 C549.944,74.521 548.997,74.552 541,74.552 C533.003,74.552 532.056,74.521 528.898,74.378 C525.979,74.244 524.393,73.757 523.338,73.347 C521.94,72.803 520.942,72.155 519.894,71.106 C518.846,70.057 518.197,69.06 517.654,67.663 C517.244,66.606 516.755,65.022 516.623,62.101 C516.479,58.943 516.448,57.996 516.448,50 C516.448,42.003 516.479,41.056 516.623,37.899 C516.755,34.978 517.244,33.391 517.654,32.338 C518.197,30.938 518.846,29.942 519.894,28.894 C520.942,27.846 521.94,27.196 523.338,26.654 C524.393,26.244 525.979,25.756 528.898,25.623 C532.057,25.479 533.004,25.448 541,25.448 C548.997,25.448 549.943,25.479 553.102,25.623 C556.021,25.756 557.607,26.244 558.662,26.654 C560.06,27.196 561.058,27.846 562.106,28.894 C563.154,29.942 563.803,30.938 564.346,32.338 C564.756,33.391 565.244,34.978 565.378,37.899 C565.522,41.056 565.552,42.003 565.552,50 C565.552,57.996 565.522,58.943 565.378,62.101 M570.82,37.631 C570.674,34.438 570.167,32.258 569.425,30.349 C568.659,28.377 567.633,26.702 565.965,25.035 C564.297,23.368 562.623,22.342 560.652,21.575 C558.743,20.834 556.562,20.326 553.369,20.18 C550.169,20.033 549.148,20 541,20 C532.853,20 531.831,20.033 528.631,20.18 C525.438,20.326 523.257,20.834 521.349,21.575 C519.376,22.342 517.703,23.368 516.035,25.035 C514.368,26.702 513.342,28.377 512.574,30.349 C511.834,32.258 511.326,34.438 511.181,37.631 C511.035,40.831 511,41.851 511,50 C511,58.147 511.035,59.17 511.181,62.369 C511.326,65.562 511.834,67.743 512.574,69.651 C513.342,71.625 514.368,73.296 516.035,74.965 C517.703,76.634 519.376,77.658 521.349,78.425 C523.257,79.167 525.438,79.673 528.631,79.82 C531.831,79.965 532.853,80.001 541,80.001 C549.148,80.001 550.169,79.965 553.369,79.82 C556.562,79.673 558.743,79.167 560.652,78.425 C562.623,77.658 564.297,76.634 565.965,74.965 C567.633,73.296 568.659,71.625 569.425,69.651 C570.167,67.743 570.674,65.562 570.82,62.369 C570.966,59.17 571,58.147 571,50 C571,41.851 570.966,40.831 570.82,37.631\"><\/path><\/g><\/g><\/g><\/svg><\/div><div style=\"padding-top: 8px;\"> <div style=\" color:#3897f0; font-family:Arial,sans-serif; font-size:14px; font-style:normal; font-weight:550; line-height:18px;\">Ver essa foto no Instagram<\/div><\/div><div style=\"padding: 12.5% 0;\"><\/div> <div style=\"display: flex; flex-direction: row; margin-bottom: 14px; align-items: center;\"><div> <div style=\"background-color: #F4F4F4; border-radius: 50%; height: 12.5px; width: 12.5px; transform: translateX(0px) translateY(7px);\"><\/div> <div style=\"background-color: #F4F4F4; height: 12.5px; transform: rotate(-45deg) translateX(3px) translateY(1px); width: 12.5px; flex-grow: 0; margin-right: 14px; margin-left: 2px;\"><\/div> <div style=\"background-color: #F4F4F4; border-radius: 50%; height: 12.5px; width: 12.5px; transform: translateX(9px) translateY(-18px);\"><\/div><\/div><div style=\"margin-left: 8px;\"> <div style=\" background-color: #F4F4F4; border-radius: 50%; flex-grow: 0; height: 20px; width: 20px;\"><\/div> <div style=\" width: 0; height: 0; border-top: 2px solid transparent; border-left: 6px solid #f4f4f4; border-bottom: 2px solid transparent; transform: translateX(16px) translateY(-4px) rotate(30deg)\"><\/div><\/div><div style=\"margin-left: auto;\"> <div style=\" width: 0px; border-top: 8px solid #F4F4F4; border-right: 8px solid transparent; transform: translateY(16px);\"><\/div> <div style=\" background-color: #F4F4F4; flex-grow: 0; height: 12px; width: 16px; transform: translateY(-4px);\"><\/div> <div style=\" width: 0; height: 0; border-top: 8px solid #F4F4F4; border-left: 8px solid transparent; transform: translateY(-4px) translateX(8px);\"><\/div><\/div><\/div> <div style=\"display: flex; flex-direction: column; flex-grow: 1; justify-content: center; margin-bottom: 24px;\"> <div style=\" background-color: #F4F4F4; border-radius: 4px; flex-grow: 0; height: 14px; margin-bottom: 6px; width: 224px;\"><\/div> <div style=\" background-color: #F4F4F4; border-radius: 4px; flex-grow: 0; height: 14px; width: 144px;\"><\/div><\/div><\/a><p style=\" color:#c9c8cd; font-family:Arial,sans-serif; font-size:14px; line-height:17px; margin-bottom:0; margin-top:8px; overflow:hidden; padding:8px 0 7px; text-align:center; text-overflow:ellipsis; white-space:nowrap;\"><a href=\"https:\/\/www.instagram.com\/p\/DPRNdzBkbrZ\/?utm_source=ig_embed&amp;utm_campaign=loading\" style=\" color:#c9c8cd; font-family:Arial,sans-serif; font-size:14px; font-style:normal; font-weight:normal; line-height:17px; text-decoration:none;\" target=\"_blank\">Um post compartilhado por AME As Meninas Sal\u00e3o de Beleza l Chapec\u00f3 (@salaoasmeninas_)<\/a><\/p><\/div><\/blockquote>\n<script async src=\"\/\/www.instagram.com\/embed.js\"><\/script>\n\n\n\n<h2 class=\"wp-block-heading\">Como organizar uma rotina de corte de cabelo segundo a lua<\/h2>\n\n\n\n<p>Quem deseja experimentar o corte lunar pode come\u00e7ar sem mudan\u00e7as radicais, usando o calend\u00e1rio como um guia flex\u00edvel. A ideia \u00e9 alinhar o cuidado real do cabelo com as datas que mais fa\u00e7am sentido para seus objetivos e sua agenda.<\/p>\n\n\n\n<p>Para facilitar o planejamento, vale seguir alguns passos simples que conectam inten\u00e7\u00e3o, calend\u00e1rio lunar e rotina de cuidados di\u00e1rios com os fios.<\/p>\n\n\n\n<ol class=\"wp-block-list\">\n<li><strong>Identificar o objetivo principal<\/strong><br>Defina se voc\u00ea quer crescimento acelerado, manuten\u00e7\u00e3o do comprimento, redu\u00e7\u00e3o de volume ou renova\u00e7\u00e3o completa do visual.<\/li>\n\n\n\n<li><strong>Consultar um calend\u00e1rio lunar atualizado<\/strong><br>Verifique os dias de lua nova, quarto crescente, lua cheia e quarto minguante no m\u00eas desejado, em aplicativos, sites ou agendas.<\/li>\n\n\n\n<li><strong>Relacionar o objetivo \u00e0 fase correspondente<\/strong><br>Estimule o crescimento no quarto crescente; mantenha o corte por mais tempo no quarto minguante; renove na lua nova.<\/li>\n\n\n\n<li><strong>Marcar o hor\u00e1rio com anteced\u00eancia<\/strong><br>Com a data escolhida, agende o sal\u00e3o ou separe o momento em casa, evitando decis\u00f5es de \u00faltima hora.<\/li>\n\n\n\n<li><strong>Combinar com cuidados di\u00e1rios<\/strong><br>Mantenha lavagem adequada, hidrata\u00e7\u00f5es, prote\u00e7\u00e3o t\u00e9rmica e boa alimenta\u00e7\u00e3o para potencializar qualquer resultado.<\/li>\n<\/ol>\n\n\n\n<h2 class=\"wp-block-heading\">Quais cuidados complementam o corte de cabelo segundo a lua<\/h2>\n\n\n\n<p>Mesmo para quem segue fielmente o calend\u00e1rio lunar, a qualidade dos fios depende da soma de h\u00e1bitos di\u00e1rios. O&nbsp;<strong>corte de cabelo de acordo com a lua<\/strong>&nbsp;costuma ser combinado com uma rotina consistente de fortalecimento, prote\u00e7\u00e3o e nutri\u00e7\u00e3o.<\/p>\n\n\n\n<p>Essas pr\u00e1ticas ampliam os benef\u00edcios percebidos do ritual lunar, ajudando a transformar a data do corte em apenas uma parte de um cuidado mais completo com sua imagem e autoestima.<\/p>\n\n\n\n<ul class=\"wp-block-list\">\n<li><strong>Hidrata\u00e7\u00e3o e nutri\u00e7\u00e3o regulares<\/strong>&nbsp;mant\u00eam a fibra capilar resistente, male\u00e1vel e com menos frizz.<\/li>\n\n\n\n<li><strong>Prote\u00e7\u00e3o contra fontes de calor<\/strong>, como secador e chapinha, reduz quebra, ressecamento e pontas duplas.<\/li>\n\n\n\n<li><strong>Cuidados com o couro cabeludo<\/strong>, com limpeza adequada e tratamentos espec\u00edficos, criam um ambiente saud\u00e1vel para o crescimento.<\/li>\n\n\n\n<li><strong>Alimenta\u00e7\u00e3o balanceada e hidrata\u00e7\u00e3o do corpo<\/strong>&nbsp;garantem nutrientes essenciais \u00e0 forma\u00e7\u00e3o de fios fortes e brilhantes.<\/li>\n<\/ul>\n\n\n\n<h2 class=\"wp-block-heading\">Como usar o corte lunar para transformar sua rotina de beleza<\/h2>\n\n\n\n<p>O corte de cabelo segundo a lua pode ser apenas um m\u00e9todo para organizar a agenda ou um ritual simb\u00f3lico de renova\u00e7\u00e3o pessoal. Ao conectar datas, inten\u00e7\u00e3o e cuidado di\u00e1rio, voc\u00ea cria uma rotina mais consciente, planejada e alinhada com a imagem que deseja construir.<\/p>\n\n\n\n<p>Se voc\u00ea est\u00e1 esperando o \u201cmomento certo\u201d para mudar o visual, usar o calend\u00e1rio lunar pode ser o empurr\u00e3o que faltava. Escolha j\u00e1 a pr\u00f3xima fase da lua que combina com o seu objetivo, marque o hor\u00e1rio no sal\u00e3o ou reserve um tempo em casa e comece hoje mesmo a transformar seu cabelo \u2014 e a forma como voc\u00ea cuida de si.<\/p>\n\n\n\n<p><\/p>\n","protected":false},"excerpt":{"rendered":"<p>Cortar ou cuidar do cabelo de acordo com as fases da lua tem ganhado espa\u00e7o entre quem curte astrologia, bem-estar e beleza mais consciente. A ideia \u00e9 que cada fase lunar traga uma \u201cenergia\u201d diferente, capaz de influenciar o crescimento, o brilho e at\u00e9 a durabilidade do corte; mesmo sem comprova\u00e7\u00e3o cient\u00edfica, o chamado&nbsp;corte de [&hellip;]<\/p>\n","protected":false},"author":11,"featured_media":135726,"comment_status":"open","ping_status":"open","sticky":false,"template":"","format":"standard","meta":{"jnews-multi-image_gallery":[],"jnews_single_post":{"format":"standard"},"jnews_primary_category":[],"jnews_social_meta":[],"jnews_override_counter":[],"footnotes":""},"categories":[8819,1],"tags":[787,5257,20345,3938],"class_list":["post-138324","post","type-post","status-publish","format-standard","has-post-thumbnail","hentry","category-curiosidades","category-noticias","tag-calendario","tag-corte","tag-corte-conforme-a-lua","tag-lua"],"yoast_head":"<!-- This site is optimized with the Yoast SEO plugin v23.8 - https:\/\/yoast.com\/wordpress\/plugins\/seo\/ -->\n<title>Quer mais crescimento? Veja os dias perfeitos para cortar o cabelo em dezembro de 2025 pela lua - Estado de Minas - Em foco<\/title>\n<meta name=\"description\" content=\"Cortar segundo a lua vira ritual de autocuidado aprenda que fase favorece crescimento brilho ou manuten\u00e7\u00e3o e combine com tratamentos pr\u00e1ticos.\" \/>\n<meta name=\"robots\" content=\"index, follow, max-snippet:-1, max-image-preview:large, max-video-preview:-1\" \/>\n<link rel=\"canonical\" href=\"https:\/\/www.em.com.br\/emfoco\/2025\/12\/11\/quer-mais-crescimento-veja-os-dias-perfeitos-para-cortar-o-cabelo-em-dezembro-de-2025-pela-lua\/\" \/>\n<meta property=\"og:locale\" content=\"pt_BR\" \/>\n<meta property=\"og:type\" content=\"article\" \/>\n<meta property=\"og:title\" content=\"Quer mais crescimento? Veja os dias perfeitos para cortar o cabelo em dezembro de 2025 pela lua - Estado de Minas - Em foco\" \/>\n<meta property=\"og:description\" content=\"Cortar segundo a lua vira ritual de autocuidado aprenda que fase favorece crescimento brilho ou manuten\u00e7\u00e3o e combine com tratamentos pr\u00e1ticos.\" \/>\n<meta property=\"og:url\" content=\"https:\/\/www.em.com.br\/emfoco\/2025\/12\/11\/quer-mais-crescimento-veja-os-dias-perfeitos-para-cortar-o-cabelo-em-dezembro-de-2025-pela-lua\/\" \/>\n<meta property=\"og:site_name\" content=\"Estado de Minas - Em foco\" \/>\n<meta property=\"article:published_time\" content=\"2025-12-11T09:35:00+00:00\" \/>\n<meta property=\"article:modified_time\" content=\"2025-12-10T18:12:53+00:00\" \/>\n<meta property=\"og:image\" content=\"https:\/\/www.em.com.br\/emfoco\/wp-content\/uploads\/2025\/12\/Gemini_Generated_Image_bgd17fbgd17fbgd1-1.png\" \/>\n\t<meta property=\"og:image:width\" content=\"1280\" \/>\n\t<meta property=\"og:image:height\" content=\"720\" \/>\n\t<meta property=\"og:image:type\" content=\"image\/png\" \/>\n<meta name=\"author\" content=\"Andre\u0301 Rangel\u00a0\" \/>\n<meta name=\"twitter:card\" content=\"summary_large_image\" \/>\n<meta name=\"twitter:label1\" content=\"Escrito por\" \/>\n\t<meta name=\"twitter:data1\" content=\"Andre\u0301 Rangel\u00a0\" \/>\n\t<meta name=\"twitter:label2\" content=\"Est. tempo de leitura\" \/>\n\t<meta name=\"twitter:data2\" content=\"6 minutos\" \/>\n<!-- \/ Yoast SEO plugin. -->","yoast_head_json":{"title":"Quer mais crescimento? Veja os dias perfeitos para cortar o cabelo em dezembro de 2025 pela lua - Estado de Minas - Em foco","description":"Cortar segundo a lua vira ritual de autocuidado aprenda que fase favorece crescimento brilho ou manuten\u00e7\u00e3o e combine com tratamentos pr\u00e1ticos.","robots":{"index":"index","follow":"follow","max-snippet":"max-snippet:-1","max-image-preview":"max-image-preview:large","max-video-preview":"max-video-preview:-1"},"canonical":"https:\/\/www.em.com.br\/emfoco\/2025\/12\/11\/quer-mais-crescimento-veja-os-dias-perfeitos-para-cortar-o-cabelo-em-dezembro-de-2025-pela-lua\/","og_locale":"pt_BR","og_type":"article","og_title":"Quer mais crescimento? Veja os dias perfeitos para cortar o cabelo em dezembro de 2025 pela lua - Estado de Minas - Em foco","og_description":"Cortar segundo a lua vira ritual de autocuidado aprenda que fase favorece crescimento brilho ou manuten\u00e7\u00e3o e combine com tratamentos pr\u00e1ticos.","og_url":"https:\/\/www.em.com.br\/emfoco\/2025\/12\/11\/quer-mais-crescimento-veja-os-dias-perfeitos-para-cortar-o-cabelo-em-dezembro-de-2025-pela-lua\/","og_site_name":"Estado de Minas - Em foco","article_published_time":"2025-12-11T09:35:00+00:00","article_modified_time":"2025-12-10T18:12:53+00:00","og_image":[{"width":1280,"height":720,"url":"https:\/\/www.em.com.br\/emfoco\/wp-content\/uploads\/2025\/12\/Gemini_Generated_Image_bgd17fbgd17fbgd1-1.png","type":"image\/png"}],"author":"Andre\u0301 Rangel\u00a0","twitter_card":"summary_large_image","twitter_misc":{"Escrito por":"Andre\u0301 Rangel\u00a0","Est. tempo de leitura":"6 minutos"},"schema":{"@context":"https:\/\/schema.org","@graph":[{"@type":"WebPage","@id":"https:\/\/www.em.com.br\/emfoco\/2025\/12\/11\/quer-mais-crescimento-veja-os-dias-perfeitos-para-cortar-o-cabelo-em-dezembro-de-2025-pela-lua\/","url":"https:\/\/www.em.com.br\/emfoco\/2025\/12\/11\/quer-mais-crescimento-veja-os-dias-perfeitos-para-cortar-o-cabelo-em-dezembro-de-2025-pela-lua\/","name":"Quer mais crescimento? Veja os dias perfeitos para cortar o cabelo em dezembro de 2025 pela lua - Estado de Minas - Em foco","isPartOf":{"@id":"https:\/\/www.em.com.br\/emfoco\/#website"},"primaryImageOfPage":{"@id":"https:\/\/www.em.com.br\/emfoco\/2025\/12\/11\/quer-mais-crescimento-veja-os-dias-perfeitos-para-cortar-o-cabelo-em-dezembro-de-2025-pela-lua\/#primaryimage"},"image":{"@id":"https:\/\/www.em.com.br\/emfoco\/2025\/12\/11\/quer-mais-crescimento-veja-os-dias-perfeitos-para-cortar-o-cabelo-em-dezembro-de-2025-pela-lua\/#primaryimage"},"thumbnailUrl":"https:\/\/www.em.com.br\/emfoco\/wp-content\/uploads\/2025\/12\/Gemini_Generated_Image_bgd17fbgd17fbgd1-1.png","datePublished":"2025-12-11T09:35:00+00:00","dateModified":"2025-12-10T18:12:53+00:00","author":{"@id":"https:\/\/www.em.com.br\/emfoco\/#\/schema\/person\/60eda09c1fedf0d6891f4cef4b60b8b8"},"description":"Cortar segundo a lua vira ritual de autocuidado aprenda que fase favorece crescimento brilho ou manuten\u00e7\u00e3o e combine com tratamentos pr\u00e1ticos.","breadcrumb":{"@id":"https:\/\/www.em.com.br\/emfoco\/2025\/12\/11\/quer-mais-crescimento-veja-os-dias-perfeitos-para-cortar-o-cabelo-em-dezembro-de-2025-pela-lua\/#breadcrumb"},"inLanguage":"pt-BR","potentialAction":[{"@type":"ReadAction","target":["https:\/\/www.em.com.br\/emfoco\/2025\/12\/11\/quer-mais-crescimento-veja-os-dias-perfeitos-para-cortar-o-cabelo-em-dezembro-de-2025-pela-lua\/"]}]},{"@type":"ImageObject","inLanguage":"pt-BR","@id":"https:\/\/www.em.com.br\/emfoco\/2025\/12\/11\/quer-mais-crescimento-veja-os-dias-perfeitos-para-cortar-o-cabelo-em-dezembro-de-2025-pela-lua\/#primaryimage","url":"https:\/\/www.em.com.br\/emfoco\/wp-content\/uploads\/2025\/12\/Gemini_Generated_Image_bgd17fbgd17fbgd1-1.png","contentUrl":"https:\/\/www.em.com.br\/emfoco\/wp-content\/uploads\/2025\/12\/Gemini_Generated_Image_bgd17fbgd17fbgd1-1.png","width":1280,"height":720,"caption":"Dias ideais para cortar o cabelo no fim do ano"},{"@type":"BreadcrumbList","@id":"https:\/\/www.em.com.br\/emfoco\/2025\/12\/11\/quer-mais-crescimento-veja-os-dias-perfeitos-para-cortar-o-cabelo-em-dezembro-de-2025-pela-lua\/#breadcrumb","itemListElement":[{"@type":"ListItem","position":1,"name":"In\u00edcio","item":"https:\/\/www.em.com.br\/emfoco\/"},{"@type":"ListItem","position":2,"name":"Quer mais crescimento? Veja os dias perfeitos para cortar o cabelo em dezembro de 2025 pela lua"}]},{"@type":"WebSite","@id":"https:\/\/www.em.com.br\/emfoco\/#website","url":"https:\/\/www.em.com.br\/emfoco\/","name":"Estado de Minas - Em foco","description":"Acompanhe as \u00faltimas not\u00edcias e fique bem informado sobre tudo o que acontece em Minas Gerais, Brasil e no mundo.","potentialAction":[{"@type":"SearchAction","target":{"@type":"EntryPoint","urlTemplate":"https:\/\/www.em.com.br\/emfoco\/?s={search_term_string}"},"query-input":{"@type":"PropertyValueSpecification","valueRequired":true,"valueName":"search_term_string"}}],"inLanguage":"pt-BR"},{"@type":"Person","@id":"https:\/\/www.em.com.br\/emfoco\/#\/schema\/person\/60eda09c1fedf0d6891f4cef4b60b8b8","name":"Andre\u0301 Rangel\u00a0","image":{"@type":"ImageObject","inLanguage":"pt-BR","@id":"https:\/\/www.em.com.br\/emfoco\/#\/schema\/person\/image\/","url":"https:\/\/secure.gravatar.com\/avatar\/6234dc814c77c8ef6d8bba622c787efc?s=96&d=mm&r=g","contentUrl":"https:\/\/secure.gravatar.com\/avatar\/6234dc814c77c8ef6d8bba622c787efc?s=96&d=mm&r=g","caption":"Andre\u0301 Rangel\u00a0"},"url":"https:\/\/www.em.com.br\/emfoco\/author\/luizmyth\/"}]}},"_links":{"self":[{"href":"https:\/\/www.em.com.br\/emfoco\/wp-json\/wp\/v2\/posts\/138324","targetHints":{"allow":["GET"]}}],"collection":[{"href":"https:\/\/www.em.com.br\/emfoco\/wp-json\/wp\/v2\/posts"}],"about":[{"href":"https:\/\/www.em.com.br\/emfoco\/wp-json\/wp\/v2\/types\/post"}],"author":[{"embeddable":true,"href":"https:\/\/www.em.com.br\/emfoco\/wp-json\/wp\/v2\/users\/11"}],"replies":[{"embeddable":true,"href":"https:\/\/www.em.com.br\/emfoco\/wp-json\/wp\/v2\/comments?post=138324"}],"version-history":[{"count":4,"href":"https:\/\/www.em.com.br\/emfoco\/wp-json\/wp\/v2\/posts\/138324\/revisions"}],"predecessor-version":[{"id":138529,"href":"https:\/\/www.em.com.br\/emfoco\/wp-json\/wp\/v2\/posts\/138324\/revisions\/138529"}],"wp:featuredmedia":[{"embeddable":true,"href":"https:\/\/www.em.com.br\/emfoco\/wp-json\/wp\/v2\/media\/135726"}],"wp:attachment":[{"href":"https:\/\/www.em.com.br\/emfoco\/wp-json\/wp\/v2\/media?parent=138324"}],"wp:term":[{"taxonomy":"category","embeddable":true,"href":"https:\/\/www.em.com.br\/emfoco\/wp-json\/wp\/v2\/categories?post=138324"},{"taxonomy":"post_tag","embeddable":true,"href":"https:\/\/www.em.com.br\/emfoco\/wp-json\/wp\/v2\/tags?post=138324"}],"curies":[{"name":"wp","href":"https:\/\/api.w.org\/{rel}","templated":true}]}}