{"id":138313,"date":"2025-12-10T06:49:23","date_gmt":"2025-12-10T09:49:23","guid":{"rendered":"https:\/\/www.em.com.br\/emfoco\/?p=138313"},"modified":"2025-12-10T06:56:12","modified_gmt":"2025-12-10T09:56:12","slug":"cidade-mineira-chega-a-5-c-e-encanta-com-lareiras-causos-e-azeite","status":"publish","type":"post","link":"https:\/\/www.em.com.br\/emfoco\/2025\/12\/10\/cidade-mineira-chega-a-5-c-e-encanta-com-lareiras-causos-e-azeite\/","title":{"rendered":"Cidade mineira chega a -5\u202f\u00b0C e encanta com lareiras, causos e azeite"},"content":{"rendered":"\n<p>Em plena Serra da Mantiqueira, uma pequena cidade chama aten\u00e7\u00e3o por unir frio intenso, hist\u00f3rias curiosas, azeites premiados e o tradicional acolhimento mineiro. Maria da F\u00e9, conhecida como a cidade mais gelada de Minas Gerais, virou destino ideal para quem gosta de lugares diferentes, cheios de causos, sabores e paisagens de inverno bem marcadas.<\/p>\n\n\n\n<h2 class=\"wp-block-heading\">Como \u00e9 acordar na cidade mais fria de Minas Gerais?<\/h2>\n\n\n\n<p>Logo cedo, o sol pode aparecer e o c\u00e9u estar azul, mas o clima engana quem n\u00e3o conhece a regi\u00e3o. A temperatura fica t\u00e3o baixa que a famosa \u201cfumacinha da boca\u201d acompanha cada palavra dita na rua. Em alguns dias de inverno, os term\u00f4metros registram valores abaixo de zero, chegando a cerca de&nbsp;<strong>-5 \u00baC<\/strong>, marca que permanece na mem\u00f3ria de quem visita a cidade.<\/p>\n\n\n\n<figure class=\"wp-block-image size-full is-resized\"><img loading=\"lazy\" decoding=\"async\" width=\"640\" height=\"360\" src=\"https:\/\/www.em.com.br\/emfoco\/wp-content\/uploads\/2025\/12\/cassia-maria-9.jpg\" alt=\"\" class=\"wp-image-138315\" style=\"width:925px;height:auto\" srcset=\"https:\/\/www.em.com.br\/emfoco\/wp-content\/uploads\/2025\/12\/cassia-maria-9.jpg 640w, https:\/\/www.em.com.br\/emfoco\/wp-content\/uploads\/2025\/12\/cassia-maria-9-300x169.jpg 300w\" sizes=\"auto, (max-width: 640px) 100vw, 640px\" \/><figcaption class=\"wp-element-caption\">No dia 14 de junho de 2016, os term\u00f4metros marcaram -6.3\u00ba C,  (Foto de C\u00e1ssia Almeida\/conhecaminas)<\/figcaption><\/figure>\n\n\n\n<p>Essa combina\u00e7\u00e3o de frio com visual de montanha cria cen\u00e1rios que lembram destinos cl\u00e1ssicos de inverno, mas em pleno interior de Minas. A cerca de 430 km de Belo Horizonte, em \u00e1rea elevada da Serra da Mantiqueira, Maria da F\u00e9 re\u00fane lareiras acesas, casacos pesados e um ritmo de vida tranquilo, em que o clima interfere na rotina, sem diminuir o acolhimento dos moradores.<\/p>\n\n\n\n<h2 class=\"wp-block-heading\">Por que o nome Maria da F\u00e9 chama tanta aten\u00e7\u00e3o?<\/h2>\n\n\n\n<p>O nome da cidade desperta curiosidade e est\u00e1 ligado \u00e0 hist\u00f3ria de uma mulher que viveu entre o fim do s\u00e9culo XIX e o in\u00edcio do s\u00e9culo XX. Vi\u00fava, ela assumiu a gest\u00e3o de uma fazenda em uma \u00e9poca em que n\u00e3o era comum mulheres comandarem terras e neg\u00f3cios rurais.<\/p>\n\n\n\n<p>Esse epis\u00f3dio marcou o imagin\u00e1rio local e virou homenagem: o munic\u00edpio passou a se chamar&nbsp;<strong>Maria da F\u00e9<\/strong>, lembrando uma figura feminina que rompeu padr\u00f5es de seu tempo. Assim, a cidade une o frio t\u00edpico da Mantiqueira a uma hist\u00f3ria de coragem e protagonismo feminino no campo.<\/p>\n\n\n\n<p>No canal <a href=\"https:\/\/www.youtube.com\/@BoaSorteViajante\" target=\"_blank\" rel=\"noreferrer noopener\">Boa Sorte Viajante,<\/a> Matheus nos mostra um pouquinho dessa cidade:<\/p>\n\n\n\n<figure class=\"wp-block-embed is-type-video is-provider-youtube wp-block-embed-youtube wp-embed-aspect-16-9 wp-has-aspect-ratio\"><div class=\"wp-block-embed__wrapper\">\n<div class=\"jeg_video_container jeg_video_content\"><iframe loading=\"lazy\" title=\"Como \u00e9 a vida em uma cidade gelada de Minas Gerais?\" width=\"500\" height=\"281\" src=\"https:\/\/www.youtube.com\/embed\/il7AS9irG-4?feature=oembed\" frameborder=\"0\" allow=\"accelerometer; autoplay; clipboard-write; encrypted-media; gyroscope; picture-in-picture; web-share\" referrerpolicy=\"strict-origin-when-cross-origin\" allowfullscreen><\/iframe><\/div>\n<\/div><\/figure>\n\n\n\n<h2 class=\"wp-block-heading\">Como o frio transformou Maria da F\u00e9 na terra do azeite?<\/h2>\n\n\n\n<p>O clima gelado, que muitos associam apenas a casacos e caf\u00e9 quente, tornou-se essencial para outra caracter\u00edstica da cidade: o cultivo de oliveiras. As primeiras mudas chegaram com imigrantes portugueses, por volta da d\u00e9cada de 1930, e encontraram em Maria da F\u00e9 altitude, solo e temperaturas ideais para a produ\u00e7\u00e3o.<\/p>\n\n\n\n<p>Com o tempo, o plantio ganhou for\u00e7a e passou a fazer parte da identidade agr\u00edcola local. A cidade se tornou refer\u00eancia em&nbsp;<strong>olivicultura<\/strong>&nbsp;no Brasil, principalmente quando a produ\u00e7\u00e3o de azeite come\u00e7ou a ser estudada tecnicamente e apoiada por pesquisas especializadas, transformando a regi\u00e3o em polo pioneiro no pa\u00eds.<\/p>\n\n\n\n<h2 class=\"wp-block-heading\">Quais curiosidades cercam o azeite e a agricultura em Maria da F\u00e9?<\/h2>\n\n\n\n<p>A EPAMIG, institui\u00e7\u00e3o de pesquisa de Minas Gerais, tem papel central nessa hist\u00f3ria. Desde 2008, coordena estudos sobre olivicultura, acompanhando do plantio ao processamento. Foi em Maria da F\u00e9 que ocorreu a&nbsp;<strong>primeira extra\u00e7\u00e3o de azeite extra-virgem do Brasil<\/strong>, fato que colocou a cidade no mapa da produ\u00e7\u00e3o nacional.<\/p>\n\n\n\n<p>Muitos produtores adotam agricultura biodin\u00e2mica e artesanal, com foco no cuidado com o solo e na redu\u00e7\u00e3o de agrot\u00f3xicos. Entre os destaques est\u00e3o:<\/p>\n\n\n\n<ul class=\"wp-block-list\">\n<li>Uso de aduba\u00e7\u00e3o org\u00e2nica e respeito ao ciclo natural das plantas.<\/li>\n\n\n\n<li>Colheita em momentos espec\u00edficos para preservar aroma e sabor.<\/li>\n\n\n\n<li>Processamento r\u00e1pido ap\u00f3s a colheita para evitar oxida\u00e7\u00e3o.<\/li>\n\n\n\n<li>Produ\u00e7\u00e3o em pequenos lotes, com maior controle de qualidade.<\/li>\n\n\n\n<li>Marcas locais premiadas em concursos nacionais e internacionais.<\/li>\n<\/ul>\n\n\n\n<p>Essas pr\u00e1ticas ajudaram a consolidar Maria da F\u00e9 como terroir de azeites finos na Mantiqueira, aproximando-a de regi\u00f5es tradicionais do mundo e fortalecendo tamb\u00e9m o turismo gastron\u00f4mico local.<\/p>\n\n\n\n<blockquote class=\"instagram-media\" data-instgrm-captioned data-instgrm-permalink=\"https:\/\/www.instagram.com\/reel\/DK4LOwru5tv\/?utm_source=ig_embed&amp;utm_campaign=loading\" data-instgrm-version=\"14\" style=\" background:#FFF; border:0; border-radius:3px; box-shadow:0 0 1px 0 rgba(0,0,0,0.5),0 1px 10px 0 rgba(0,0,0,0.15); margin: 1px; max-width:540px; min-width:326px; padding:0; width:99.375%; width:-webkit-calc(100% - 2px); width:calc(100% - 2px);\"><div style=\"padding:16px;\"> <a href=\"https:\/\/www.instagram.com\/reel\/DK4LOwru5tv\/?utm_source=ig_embed&amp;utm_campaign=loading\" style=\" background:#FFFFFF; line-height:0; padding:0 0; text-align:center; text-decoration:none; width:100%;\" target=\"_blank\"> <div style=\" display: flex; flex-direction: row; align-items: center;\"> <div style=\"background-color: #F4F4F4; border-radius: 50%; flex-grow: 0; height: 40px; margin-right: 14px; width: 40px;\"><\/div> <div style=\"display: flex; flex-direction: column; flex-grow: 1; justify-content: center;\"> <div style=\" background-color: #F4F4F4; border-radius: 4px; flex-grow: 0; height: 14px; margin-bottom: 6px; width: 100px;\"><\/div> <div style=\" background-color: #F4F4F4; border-radius: 4px; flex-grow: 0; height: 14px; width: 60px;\"><\/div><\/div><\/div><div style=\"padding: 19% 0;\"><\/div> <div style=\"display:block; height:50px; margin:0 auto 12px; width:50px;\"><svg width=\"50px\" height=\"50px\" viewBox=\"0 0 60 60\" version=\"1.1\" xmlns=\"https:\/\/www.w3.org\/2000\/svg\" xmlns:xlink=\"https:\/\/www.w3.org\/1999\/xlink\"><g stroke=\"none\" stroke-width=\"1\" fill=\"none\" fill-rule=\"evenodd\"><g transform=\"translate(-511.000000, -20.000000)\" fill=\"#000000\"><g><path d=\"M556.869,30.41 C554.814,30.41 553.148,32.076 553.148,34.131 C553.148,36.186 554.814,37.852 556.869,37.852 C558.924,37.852 560.59,36.186 560.59,34.131 C560.59,32.076 558.924,30.41 556.869,30.41 M541,60.657 C535.114,60.657 530.342,55.887 530.342,50 C530.342,44.114 535.114,39.342 541,39.342 C546.887,39.342 551.658,44.114 551.658,50 C551.658,55.887 546.887,60.657 541,60.657 M541,33.886 C532.1,33.886 524.886,41.1 524.886,50 C524.886,58.899 532.1,66.113 541,66.113 C549.9,66.113 557.115,58.899 557.115,50 C557.115,41.1 549.9,33.886 541,33.886 M565.378,62.101 C565.244,65.022 564.756,66.606 564.346,67.663 C563.803,69.06 563.154,70.057 562.106,71.106 C561.058,72.155 560.06,72.803 558.662,73.347 C557.607,73.757 556.021,74.244 553.102,74.378 C549.944,74.521 548.997,74.552 541,74.552 C533.003,74.552 532.056,74.521 528.898,74.378 C525.979,74.244 524.393,73.757 523.338,73.347 C521.94,72.803 520.942,72.155 519.894,71.106 C518.846,70.057 518.197,69.06 517.654,67.663 C517.244,66.606 516.755,65.022 516.623,62.101 C516.479,58.943 516.448,57.996 516.448,50 C516.448,42.003 516.479,41.056 516.623,37.899 C516.755,34.978 517.244,33.391 517.654,32.338 C518.197,30.938 518.846,29.942 519.894,28.894 C520.942,27.846 521.94,27.196 523.338,26.654 C524.393,26.244 525.979,25.756 528.898,25.623 C532.057,25.479 533.004,25.448 541,25.448 C548.997,25.448 549.943,25.479 553.102,25.623 C556.021,25.756 557.607,26.244 558.662,26.654 C560.06,27.196 561.058,27.846 562.106,28.894 C563.154,29.942 563.803,30.938 564.346,32.338 C564.756,33.391 565.244,34.978 565.378,37.899 C565.522,41.056 565.552,42.003 565.552,50 C565.552,57.996 565.522,58.943 565.378,62.101 M570.82,37.631 C570.674,34.438 570.167,32.258 569.425,30.349 C568.659,28.377 567.633,26.702 565.965,25.035 C564.297,23.368 562.623,22.342 560.652,21.575 C558.743,20.834 556.562,20.326 553.369,20.18 C550.169,20.033 549.148,20 541,20 C532.853,20 531.831,20.033 528.631,20.18 C525.438,20.326 523.257,20.834 521.349,21.575 C519.376,22.342 517.703,23.368 516.035,25.035 C514.368,26.702 513.342,28.377 512.574,30.349 C511.834,32.258 511.326,34.438 511.181,37.631 C511.035,40.831 511,41.851 511,50 C511,58.147 511.035,59.17 511.181,62.369 C511.326,65.562 511.834,67.743 512.574,69.651 C513.342,71.625 514.368,73.296 516.035,74.965 C517.703,76.634 519.376,77.658 521.349,78.425 C523.257,79.167 525.438,79.673 528.631,79.82 C531.831,79.965 532.853,80.001 541,80.001 C549.148,80.001 550.169,79.965 553.369,79.82 C556.562,79.673 558.743,79.167 560.652,78.425 C562.623,77.658 564.297,76.634 565.965,74.965 C567.633,73.296 568.659,71.625 569.425,69.651 C570.167,67.743 570.674,65.562 570.82,62.369 C570.966,59.17 571,58.147 571,50 C571,41.851 570.966,40.831 570.82,37.631\"><\/path><\/g><\/g><\/g><\/svg><\/div><div style=\"padding-top: 8px;\"> <div style=\" color:#3897f0; font-family:Arial,sans-serif; font-size:14px; font-style:normal; font-weight:550; line-height:18px;\">Ver essa foto no Instagram<\/div><\/div><div style=\"padding: 12.5% 0;\"><\/div> <div style=\"display: flex; flex-direction: row; margin-bottom: 14px; align-items: center;\"><div> <div style=\"background-color: #F4F4F4; border-radius: 50%; height: 12.5px; width: 12.5px; transform: translateX(0px) translateY(7px);\"><\/div> <div style=\"background-color: #F4F4F4; height: 12.5px; transform: rotate(-45deg) translateX(3px) translateY(1px); width: 12.5px; flex-grow: 0; margin-right: 14px; margin-left: 2px;\"><\/div> <div style=\"background-color: #F4F4F4; border-radius: 50%; height: 12.5px; width: 12.5px; transform: translateX(9px) translateY(-18px);\"><\/div><\/div><div style=\"margin-left: 8px;\"> <div style=\" background-color: #F4F4F4; border-radius: 50%; flex-grow: 0; height: 20px; width: 20px;\"><\/div> <div style=\" width: 0; height: 0; border-top: 2px solid transparent; border-left: 6px solid #f4f4f4; border-bottom: 2px solid transparent; transform: translateX(16px) translateY(-4px) rotate(30deg)\"><\/div><\/div><div style=\"margin-left: auto;\"> <div style=\" width: 0px; border-top: 8px solid #F4F4F4; border-right: 8px solid transparent; transform: translateY(16px);\"><\/div> <div style=\" background-color: #F4F4F4; flex-grow: 0; height: 12px; width: 16px; transform: translateY(-4px);\"><\/div> <div style=\" width: 0; height: 0; border-top: 8px solid #F4F4F4; border-left: 8px solid transparent; transform: translateY(-4px) translateX(8px);\"><\/div><\/div><\/div> <div style=\"display: flex; flex-direction: column; flex-grow: 1; justify-content: center; margin-bottom: 24px;\"> <div style=\" background-color: #F4F4F4; border-radius: 4px; flex-grow: 0; height: 14px; margin-bottom: 6px; width: 224px;\"><\/div> <div style=\" background-color: #F4F4F4; border-radius: 4px; flex-grow: 0; height: 14px; width: 144px;\"><\/div><\/div><\/a><p style=\" color:#c9c8cd; font-family:Arial,sans-serif; font-size:14px; line-height:17px; margin-bottom:0; margin-top:8px; overflow:hidden; padding:8px 0 7px; text-align:center; text-overflow:ellipsis; white-space:nowrap;\"><a href=\"https:\/\/www.instagram.com\/reel\/DK4LOwru5tv\/?utm_source=ig_embed&amp;utm_campaign=loading\" style=\" color:#c9c8cd; font-family:Arial,sans-serif; font-size:14px; font-style:normal; font-weight:normal; line-height:17px; text-decoration:none;\" target=\"_blank\">Um post compartilhado por \ud83c\udf43 Minas Gerais (@oficialminasgerais)<\/a><\/p><\/div><\/blockquote>\n<script async src=\"\/\/www.instagram.com\/embed.js\"><\/script>\n\n\n\n<h2 class=\"wp-block-heading\">O que torna a gastronomia de Maria da F\u00e9 t\u00e3o especial?<\/h2>\n\n\n\n<p>Para enfrentar o frio, a mesa em Maria da F\u00e9 traz o melhor da culin\u00e1ria mineira. Quitandas, bolos, biscoitos e o cl\u00e1ssico p\u00e3o de queijo ganham espa\u00e7o em caf\u00e9s, pousadas e padarias, sempre acompanhados de caf\u00e9 passado na hora e boas conversas.<\/p>\n\n\n\n<p>Al\u00e9m das oliveiras, o cultivo de uvas e a produ\u00e7\u00e3o de vinhos artesanais refor\u00e7am a voca\u00e7\u00e3o para a&nbsp;<strong>gastronomia de altitude<\/strong>. Entre as experi\u00eancias para quem visita a regi\u00e3o, destacam-se:<\/p>\n\n\n\n<ul class=\"wp-block-list\">\n<li>Degusta\u00e7\u00f5es de azeites locais com diferentes perfis sensoriais.<\/li>\n\n\n\n<li>Vinhos artesanais produzidos em clima frio, de matura\u00e7\u00e3o equilibrada.<\/li>\n\n\n\n<li>Pratos que harmonizam quitandas, azeites e r\u00f3tulos da regi\u00e3o.<\/li>\n\n\n\n<li>Turismo rural em pequenas propriedades com hist\u00f3ria, passeio e degusta\u00e7\u00e3o.<\/li>\n\n\n\n<li>Uso de produtos regionais valorizando a comida de origem.<\/li>\n<\/ul>\n\n\n\n<blockquote class=\"instagram-media\" data-instgrm-captioned data-instgrm-permalink=\"https:\/\/www.instagram.com\/reel\/DLitjaOuFr5\/?utm_source=ig_embed&amp;utm_campaign=loading\" data-instgrm-version=\"14\" style=\" background:#FFF; border:0; border-radius:3px; box-shadow:0 0 1px 0 rgba(0,0,0,0.5),0 1px 10px 0 rgba(0,0,0,0.15); margin: 1px; max-width:540px; min-width:326px; padding:0; width:99.375%; width:-webkit-calc(100% - 2px); width:calc(100% - 2px);\"><div style=\"padding:16px;\"> <a href=\"https:\/\/www.instagram.com\/reel\/DLitjaOuFr5\/?utm_source=ig_embed&amp;utm_campaign=loading\" style=\" background:#FFFFFF; line-height:0; padding:0 0; text-align:center; text-decoration:none; width:100%;\" target=\"_blank\"> <div style=\" display: flex; flex-direction: row; align-items: center;\"> <div style=\"background-color: #F4F4F4; border-radius: 50%; flex-grow: 0; height: 40px; margin-right: 14px; width: 40px;\"><\/div> <div style=\"display: flex; flex-direction: column; flex-grow: 1; justify-content: center;\"> <div style=\" background-color: #F4F4F4; border-radius: 4px; flex-grow: 0; height: 14px; margin-bottom: 6px; width: 100px;\"><\/div> <div style=\" background-color: #F4F4F4; border-radius: 4px; flex-grow: 0; height: 14px; width: 60px;\"><\/div><\/div><\/div><div style=\"padding: 19% 0;\"><\/div> <div style=\"display:block; height:50px; margin:0 auto 12px; width:50px;\"><svg width=\"50px\" height=\"50px\" viewBox=\"0 0 60 60\" version=\"1.1\" xmlns=\"https:\/\/www.w3.org\/2000\/svg\" xmlns:xlink=\"https:\/\/www.w3.org\/1999\/xlink\"><g stroke=\"none\" stroke-width=\"1\" fill=\"none\" fill-rule=\"evenodd\"><g transform=\"translate(-511.000000, -20.000000)\" fill=\"#000000\"><g><path d=\"M556.869,30.41 C554.814,30.41 553.148,32.076 553.148,34.131 C553.148,36.186 554.814,37.852 556.869,37.852 C558.924,37.852 560.59,36.186 560.59,34.131 C560.59,32.076 558.924,30.41 556.869,30.41 M541,60.657 C535.114,60.657 530.342,55.887 530.342,50 C530.342,44.114 535.114,39.342 541,39.342 C546.887,39.342 551.658,44.114 551.658,50 C551.658,55.887 546.887,60.657 541,60.657 M541,33.886 C532.1,33.886 524.886,41.1 524.886,50 C524.886,58.899 532.1,66.113 541,66.113 C549.9,66.113 557.115,58.899 557.115,50 C557.115,41.1 549.9,33.886 541,33.886 M565.378,62.101 C565.244,65.022 564.756,66.606 564.346,67.663 C563.803,69.06 563.154,70.057 562.106,71.106 C561.058,72.155 560.06,72.803 558.662,73.347 C557.607,73.757 556.021,74.244 553.102,74.378 C549.944,74.521 548.997,74.552 541,74.552 C533.003,74.552 532.056,74.521 528.898,74.378 C525.979,74.244 524.393,73.757 523.338,73.347 C521.94,72.803 520.942,72.155 519.894,71.106 C518.846,70.057 518.197,69.06 517.654,67.663 C517.244,66.606 516.755,65.022 516.623,62.101 C516.479,58.943 516.448,57.996 516.448,50 C516.448,42.003 516.479,41.056 516.623,37.899 C516.755,34.978 517.244,33.391 517.654,32.338 C518.197,30.938 518.846,29.942 519.894,28.894 C520.942,27.846 521.94,27.196 523.338,26.654 C524.393,26.244 525.979,25.756 528.898,25.623 C532.057,25.479 533.004,25.448 541,25.448 C548.997,25.448 549.943,25.479 553.102,25.623 C556.021,25.756 557.607,26.244 558.662,26.654 C560.06,27.196 561.058,27.846 562.106,28.894 C563.154,29.942 563.803,30.938 564.346,32.338 C564.756,33.391 565.244,34.978 565.378,37.899 C565.522,41.056 565.552,42.003 565.552,50 C565.552,57.996 565.522,58.943 565.378,62.101 M570.82,37.631 C570.674,34.438 570.167,32.258 569.425,30.349 C568.659,28.377 567.633,26.702 565.965,25.035 C564.297,23.368 562.623,22.342 560.652,21.575 C558.743,20.834 556.562,20.326 553.369,20.18 C550.169,20.033 549.148,20 541,20 C532.853,20 531.831,20.033 528.631,20.18 C525.438,20.326 523.257,20.834 521.349,21.575 C519.376,22.342 517.703,23.368 516.035,25.035 C514.368,26.702 513.342,28.377 512.574,30.349 C511.834,32.258 511.326,34.438 511.181,37.631 C511.035,40.831 511,41.851 511,50 C511,58.147 511.035,59.17 511.181,62.369 C511.326,65.562 511.834,67.743 512.574,69.651 C513.342,71.625 514.368,73.296 516.035,74.965 C517.703,76.634 519.376,77.658 521.349,78.425 C523.257,79.167 525.438,79.673 528.631,79.82 C531.831,79.965 532.853,80.001 541,80.001 C549.148,80.001 550.169,79.965 553.369,79.82 C556.562,79.673 558.743,79.167 560.652,78.425 C562.623,77.658 564.297,76.634 565.965,74.965 C567.633,73.296 568.659,71.625 569.425,69.651 C570.167,67.743 570.674,65.562 570.82,62.369 C570.966,59.17 571,58.147 571,50 C571,41.851 570.966,40.831 570.82,37.631\"><\/path><\/g><\/g><\/g><\/svg><\/div><div style=\"padding-top: 8px;\"> <div style=\" color:#3897f0; font-family:Arial,sans-serif; font-size:14px; font-style:normal; font-weight:550; line-height:18px;\">Ver essa foto no Instagram<\/div><\/div><div style=\"padding: 12.5% 0;\"><\/div> <div style=\"display: flex; flex-direction: row; margin-bottom: 14px; align-items: center;\"><div> <div style=\"background-color: #F4F4F4; border-radius: 50%; height: 12.5px; width: 12.5px; transform: translateX(0px) translateY(7px);\"><\/div> <div style=\"background-color: #F4F4F4; height: 12.5px; transform: rotate(-45deg) translateX(3px) translateY(1px); width: 12.5px; flex-grow: 0; margin-right: 14px; margin-left: 2px;\"><\/div> <div style=\"background-color: #F4F4F4; border-radius: 50%; height: 12.5px; width: 12.5px; transform: translateX(9px) translateY(-18px);\"><\/div><\/div><div style=\"margin-left: 8px;\"> <div style=\" background-color: #F4F4F4; border-radius: 50%; flex-grow: 0; height: 20px; width: 20px;\"><\/div> <div style=\" width: 0; height: 0; border-top: 2px solid transparent; border-left: 6px solid #f4f4f4; border-bottom: 2px solid transparent; transform: translateX(16px) translateY(-4px) rotate(30deg)\"><\/div><\/div><div style=\"margin-left: auto;\"> <div style=\" width: 0px; border-top: 8px solid #F4F4F4; border-right: 8px solid transparent; transform: translateY(16px);\"><\/div> <div style=\" background-color: #F4F4F4; flex-grow: 0; height: 12px; width: 16px; transform: translateY(-4px);\"><\/div> <div style=\" width: 0; height: 0; border-top: 8px solid #F4F4F4; border-left: 8px solid transparent; transform: translateY(-4px) translateX(8px);\"><\/div><\/div><\/div> <div style=\"display: flex; flex-direction: column; flex-grow: 1; justify-content: center; margin-bottom: 24px;\"> <div style=\" background-color: #F4F4F4; border-radius: 4px; flex-grow: 0; height: 14px; margin-bottom: 6px; width: 224px;\"><\/div> <div style=\" background-color: #F4F4F4; border-radius: 4px; flex-grow: 0; height: 14px; width: 144px;\"><\/div><\/div><\/a><p style=\" color:#c9c8cd; font-family:Arial,sans-serif; font-size:14px; line-height:17px; margin-bottom:0; margin-top:8px; overflow:hidden; padding:8px 0 7px; text-align:center; text-overflow:ellipsis; white-space:nowrap;\"><a href=\"https:\/\/www.instagram.com\/reel\/DLitjaOuFr5\/?utm_source=ig_embed&amp;utm_campaign=loading\" style=\" color:#c9c8cd; font-family:Arial,sans-serif; font-size:14px; font-style:normal; font-weight:normal; line-height:17px; text-decoration:none;\" target=\"_blank\">Um post compartilhado por Maria da F\u00e9 | MG (@mariadafe.mg)<\/a><\/p><\/div><\/blockquote>\n<script async src=\"\/\/www.instagram.com\/embed.js\"><\/script>\n\n\n\n<p>Entre lareiras, oliveiras e x\u00edcaras de caf\u00e9 fumegando, Maria da F\u00e9 mostra como uma cidade pequena pode unir clima extremo, hist\u00f3rias marcantes e sabores intensos, revelando um interior de Minas cheio de surpresas ligadas ao frio e \u00e0 boa gastronomia.<\/p>\n\n\n\n<p><\/p>\n","protected":false},"excerpt":{"rendered":"<p>Em plena Serra da Mantiqueira, uma pequena cidade chama aten\u00e7\u00e3o por unir frio intenso, hist\u00f3rias curiosas, azeites premiados e o tradicional acolhimento mineiro. Maria da F\u00e9, conhecida como a cidade mais gelada de Minas Gerais, virou destino ideal para quem gosta de lugares diferentes, cheios de causos, sabores e paisagens de inverno bem marcadas. Como [&hellip;]<\/p>\n","protected":false},"author":19,"featured_media":138314,"comment_status":"open","ping_status":"open","sticky":false,"template":"","format":"standard","meta":{"jnews-multi-image_gallery":[],"jnews_single_post":{"format":"standard"},"jnews_primary_category":[],"jnews_social_meta":[],"jnews_override_counter":[],"footnotes":""},"categories":[8819],"tags":[20335,20336,20337,20334,20333,1003],"class_list":["post-138313","post","type-post","status-publish","format-standard","has-post-thumbnail","hentry","category-curiosidades","tag-azeite-mineiro","tag-cidade-mais-gelada-de-minas-gerais","tag-frio-em-minas-gerais","tag-inverno-em-minas-gerais","tag-maria-da-fe","tag-serra-da-mantiqueira"],"yoast_head":"<!-- This site is optimized with the Yoast SEO plugin v23.8 - https:\/\/yoast.com\/wordpress\/plugins\/seo\/ -->\n<title>Cidade mineira chega a -5\u202f\u00b0C e encanta com lareiras, causos e azeite - Estado de Minas - Em foco<\/title>\n<meta name=\"description\" content=\"Em Maria da F\u00e9, o frio chega a -5\u202f\u00b0C, mas \u00e9 o calor das hist\u00f3rias, do azeite premiado e da vida tranquila que conquista quem visita.\" \/>\n<meta name=\"robots\" content=\"index, follow, max-snippet:-1, max-image-preview:large, max-video-preview:-1\" \/>\n<link rel=\"canonical\" href=\"https:\/\/www.em.com.br\/emfoco\/2025\/12\/10\/cidade-mineira-chega-a-5-c-e-encanta-com-lareiras-causos-e-azeite\/\" \/>\n<meta property=\"og:locale\" content=\"pt_BR\" \/>\n<meta property=\"og:type\" content=\"article\" \/>\n<meta property=\"og:title\" content=\"Cidade mineira chega a -5\u202f\u00b0C e encanta com lareiras, causos e azeite - Estado de Minas - Em foco\" \/>\n<meta property=\"og:description\" content=\"Em Maria da F\u00e9, o frio chega a -5\u202f\u00b0C, mas \u00e9 o calor das hist\u00f3rias, do azeite premiado e da vida tranquila que conquista quem visita.\" \/>\n<meta property=\"og:url\" content=\"https:\/\/www.em.com.br\/emfoco\/2025\/12\/10\/cidade-mineira-chega-a-5-c-e-encanta-com-lareiras-causos-e-azeite\/\" \/>\n<meta property=\"og:site_name\" content=\"Estado de Minas - Em foco\" \/>\n<meta property=\"article:published_time\" content=\"2025-12-10T09:49:23+00:00\" \/>\n<meta property=\"article:modified_time\" content=\"2025-12-10T09:56:12+00:00\" \/>\n<meta property=\"og:image\" content=\"https:\/\/www.em.com.br\/emfoco\/wp-content\/uploads\/2025\/12\/1591666186huG7nihGkd.jpg\" \/>\n\t<meta property=\"og:image:width\" content=\"960\" \/>\n\t<meta property=\"og:image:height\" content=\"640\" \/>\n\t<meta property=\"og:image:type\" content=\"image\/jpeg\" \/>\n<meta name=\"author\" content=\"Vanessa Tavares\" \/>\n<meta name=\"twitter:card\" content=\"summary_large_image\" \/>\n<meta name=\"twitter:label1\" content=\"Escrito por\" \/>\n\t<meta name=\"twitter:data1\" content=\"Vanessa Tavares\" \/>\n\t<meta name=\"twitter:label2\" content=\"Est. tempo de leitura\" \/>\n\t<meta name=\"twitter:data2\" content=\"5 minutos\" \/>\n<!-- \/ Yoast SEO plugin. -->","yoast_head_json":{"title":"Cidade mineira chega a -5\u202f\u00b0C e encanta com lareiras, causos e azeite - Estado de Minas - Em foco","description":"Em Maria da F\u00e9, o frio chega a -5\u202f\u00b0C, mas \u00e9 o calor das hist\u00f3rias, do azeite premiado e da vida tranquila que conquista quem visita.","robots":{"index":"index","follow":"follow","max-snippet":"max-snippet:-1","max-image-preview":"max-image-preview:large","max-video-preview":"max-video-preview:-1"},"canonical":"https:\/\/www.em.com.br\/emfoco\/2025\/12\/10\/cidade-mineira-chega-a-5-c-e-encanta-com-lareiras-causos-e-azeite\/","og_locale":"pt_BR","og_type":"article","og_title":"Cidade mineira chega a -5\u202f\u00b0C e encanta com lareiras, causos e azeite - Estado de Minas - Em foco","og_description":"Em Maria da F\u00e9, o frio chega a -5\u202f\u00b0C, mas \u00e9 o calor das hist\u00f3rias, do azeite premiado e da vida tranquila que conquista quem visita.","og_url":"https:\/\/www.em.com.br\/emfoco\/2025\/12\/10\/cidade-mineira-chega-a-5-c-e-encanta-com-lareiras-causos-e-azeite\/","og_site_name":"Estado de Minas - Em foco","article_published_time":"2025-12-10T09:49:23+00:00","article_modified_time":"2025-12-10T09:56:12+00:00","og_image":[{"width":960,"height":640,"url":"https:\/\/www.em.com.br\/emfoco\/wp-content\/uploads\/2025\/12\/1591666186huG7nihGkd.jpg","type":"image\/jpeg"}],"author":"Vanessa Tavares","twitter_card":"summary_large_image","twitter_misc":{"Escrito por":"Vanessa Tavares","Est. tempo de leitura":"5 minutos"},"schema":{"@context":"https:\/\/schema.org","@graph":[{"@type":"WebPage","@id":"https:\/\/www.em.com.br\/emfoco\/2025\/12\/10\/cidade-mineira-chega-a-5-c-e-encanta-com-lareiras-causos-e-azeite\/","url":"https:\/\/www.em.com.br\/emfoco\/2025\/12\/10\/cidade-mineira-chega-a-5-c-e-encanta-com-lareiras-causos-e-azeite\/","name":"Cidade mineira chega a -5\u202f\u00b0C e encanta com lareiras, causos e azeite - Estado de Minas - Em foco","isPartOf":{"@id":"https:\/\/www.em.com.br\/emfoco\/#website"},"primaryImageOfPage":{"@id":"https:\/\/www.em.com.br\/emfoco\/2025\/12\/10\/cidade-mineira-chega-a-5-c-e-encanta-com-lareiras-causos-e-azeite\/#primaryimage"},"image":{"@id":"https:\/\/www.em.com.br\/emfoco\/2025\/12\/10\/cidade-mineira-chega-a-5-c-e-encanta-com-lareiras-causos-e-azeite\/#primaryimage"},"thumbnailUrl":"https:\/\/www.em.com.br\/emfoco\/wp-content\/uploads\/2025\/12\/1591666186huG7nihGkd.jpg","datePublished":"2025-12-10T09:49:23+00:00","dateModified":"2025-12-10T09:56:12+00:00","author":{"@id":"https:\/\/www.em.com.br\/emfoco\/#\/schema\/person\/4a7a157aac450b98edc86f15a7434f0b"},"description":"Em Maria da F\u00e9, o frio chega a -5\u202f\u00b0C, mas \u00e9 o calor das hist\u00f3rias, do azeite premiado e da vida tranquila que conquista quem visita.","breadcrumb":{"@id":"https:\/\/www.em.com.br\/emfoco\/2025\/12\/10\/cidade-mineira-chega-a-5-c-e-encanta-com-lareiras-causos-e-azeite\/#breadcrumb"},"inLanguage":"pt-BR","potentialAction":[{"@type":"ReadAction","target":["https:\/\/www.em.com.br\/emfoco\/2025\/12\/10\/cidade-mineira-chega-a-5-c-e-encanta-com-lareiras-causos-e-azeite\/"]}]},{"@type":"ImageObject","inLanguage":"pt-BR","@id":"https:\/\/www.em.com.br\/emfoco\/2025\/12\/10\/cidade-mineira-chega-a-5-c-e-encanta-com-lareiras-causos-e-azeite\/#primaryimage","url":"https:\/\/www.em.com.br\/emfoco\/wp-content\/uploads\/2025\/12\/1591666186huG7nihGkd.jpg","contentUrl":"https:\/\/www.em.com.br\/emfoco\/wp-content\/uploads\/2025\/12\/1591666186huG7nihGkd.jpg","width":960,"height":640,"caption":"(Imagem: Prefeiturademariadafe)"},{"@type":"BreadcrumbList","@id":"https:\/\/www.em.com.br\/emfoco\/2025\/12\/10\/cidade-mineira-chega-a-5-c-e-encanta-com-lareiras-causos-e-azeite\/#breadcrumb","itemListElement":[{"@type":"ListItem","position":1,"name":"In\u00edcio","item":"https:\/\/www.em.com.br\/emfoco\/"},{"@type":"ListItem","position":2,"name":"Cidade mineira chega a -5\u202f\u00b0C e encanta com lareiras, causos e azeite"}]},{"@type":"WebSite","@id":"https:\/\/www.em.com.br\/emfoco\/#website","url":"https:\/\/www.em.com.br\/emfoco\/","name":"Estado de Minas - Em foco","description":"Acompanhe as \u00faltimas not\u00edcias e fique bem informado sobre tudo o que acontece em Minas Gerais, Brasil e no mundo.","potentialAction":[{"@type":"SearchAction","target":{"@type":"EntryPoint","urlTemplate":"https:\/\/www.em.com.br\/emfoco\/?s={search_term_string}"},"query-input":{"@type":"PropertyValueSpecification","valueRequired":true,"valueName":"search_term_string"}}],"inLanguage":"pt-BR"},{"@type":"Person","@id":"https:\/\/www.em.com.br\/emfoco\/#\/schema\/person\/4a7a157aac450b98edc86f15a7434f0b","name":"Vanessa Tavares","image":{"@type":"ImageObject","inLanguage":"pt-BR","@id":"https:\/\/www.em.com.br\/emfoco\/#\/schema\/person\/image\/","url":"https:\/\/secure.gravatar.com\/avatar\/088c9372da58da00f00f8e508f13d635?s=96&d=mm&r=g","contentUrl":"https:\/\/secure.gravatar.com\/avatar\/088c9372da58da00f00f8e508f13d635?s=96&d=mm&r=g","caption":"Vanessa Tavares"},"sameAs":["https:\/\/www.em.com.br\/emfoco"],"url":"https:\/\/www.em.com.br\/emfoco\/author\/vanessamyth\/"}]}},"_links":{"self":[{"href":"https:\/\/www.em.com.br\/emfoco\/wp-json\/wp\/v2\/posts\/138313","targetHints":{"allow":["GET"]}}],"collection":[{"href":"https:\/\/www.em.com.br\/emfoco\/wp-json\/wp\/v2\/posts"}],"about":[{"href":"https:\/\/www.em.com.br\/emfoco\/wp-json\/wp\/v2\/types\/post"}],"author":[{"embeddable":true,"href":"https:\/\/www.em.com.br\/emfoco\/wp-json\/wp\/v2\/users\/19"}],"replies":[{"embeddable":true,"href":"https:\/\/www.em.com.br\/emfoco\/wp-json\/wp\/v2\/comments?post=138313"}],"version-history":[{"count":2,"href":"https:\/\/www.em.com.br\/emfoco\/wp-json\/wp\/v2\/posts\/138313\/revisions"}],"predecessor-version":[{"id":138318,"href":"https:\/\/www.em.com.br\/emfoco\/wp-json\/wp\/v2\/posts\/138313\/revisions\/138318"}],"wp:featuredmedia":[{"embeddable":true,"href":"https:\/\/www.em.com.br\/emfoco\/wp-json\/wp\/v2\/media\/138314"}],"wp:attachment":[{"href":"https:\/\/www.em.com.br\/emfoco\/wp-json\/wp\/v2\/media?parent=138313"}],"wp:term":[{"taxonomy":"category","embeddable":true,"href":"https:\/\/www.em.com.br\/emfoco\/wp-json\/wp\/v2\/categories?post=138313"},{"taxonomy":"post_tag","embeddable":true,"href":"https:\/\/www.em.com.br\/emfoco\/wp-json\/wp\/v2\/tags?post=138313"}],"curies":[{"name":"wp","href":"https:\/\/api.w.org\/{rel}","templated":true}]}}