{"id":1383,"date":"2024-11-26T07:20:00","date_gmt":"2024-11-26T10:20:00","guid":{"rendered":"https:\/\/www.em.com.br\/emfoco\/?p=1383"},"modified":"2024-11-25T18:02:47","modified_gmt":"2024-11-25T21:02:47","slug":"mudancas-na-aposentadoria-a-nova-lei-que-permite-aposentar-se-aos-55","status":"publish","type":"post","link":"https:\/\/www.em.com.br\/emfoco\/2024\/11\/26\/mudancas-na-aposentadoria-a-nova-lei-que-permite-aposentar-se-aos-55\/","title":{"rendered":"Mudan\u00e7as na Aposentadoria: A Nova Lei que Permite Aposentar-se aos 55"},"content":{"rendered":"\n<p>Em 2024, as pol\u00edticas de aposentadoria continuam a beneficiar trabalhadores expostos a ambientes de <a href=\"https:\/\/www.em.com.br\/emfoco\/categoria\/economia\/\" target=\"_blank\" rel=\"noreferrer noopener\"><strong>trabalho <\/strong><\/a>adversos, possibilitando a aposentadoria aos 55 anos. Esta medida visa amparar profissionais cuja sa\u00fade foi comprometida por suas condi\u00e7\u00f5es <a href=\"https:\/\/www.em.com.br\/emfoco\/2024\/11\/23\/caixa-economica-faz-comunicado-para-beneficiarios-com-nis-de-final-5\/\" target=\"_blank\" rel=\"noreferrer noopener\"><strong>laborais<\/strong><\/a>. Este artigo explica quem pode se aposentar nessa modalidade e os requisitos necess\u00e1rios.<\/p>\n\n\n\n<p>A aposentadoria <a href=\"https:\/\/www.gov.br\/inss\/pt-br\" target=\"_blank\" rel=\"noreferrer noopener\"><strong>especial <\/strong><\/a>est\u00e1 mais acess\u00edvel, condicionada ao cumprimento de rigorosos crit\u00e9rios. Esta mudan\u00e7a faz parte de um esfor\u00e7o para ampliar os benef\u00edcios sociais, visando uma melhor qualidade de vida para trabalhadores que enfrentaram altos riscos durante suas carreiras.<\/p>\n\n\n\n<h2 class=\"wp-block-heading\">Quem Pode Se Aposentar aos 55 Anos?<\/h2>\n\n\n\n<p>Para se qualificar para a aposentadoria aos 55 anos, \u00e9 necess\u00e1rio provar a exposi\u00e7\u00e3o a agentes nocivos no trabalho. Documentos evidenciando tal exposi\u00e7\u00e3o, como a subst\u00e2ncias qu\u00edmicas, eletricidade e materiais radioativos, s\u00e3o essenciais. Al\u00e9m disso, o Projeto de Lei 42\/2023, com apoio de parlamentares como Alberto Fraga e Geovania de S\u00e1, busca ajustar as regras para tornar essa aposentadoria mais acess\u00edvel e justa.<\/p>\n\n\n\n<p>Al\u00e9m dos documentos comprobat\u00f3rios, \u00e9 preciso cumprir crit\u00e9rios de idade e tempo de contribui\u00e7\u00e3o, que variam conforme o agente nocivo. A aposentadoria especial exige 15, 20 ou 25 anos de contribui\u00e7\u00e3o efetiva em condi\u00e7\u00f5es de risco, junto a uma idade m\u00ednima de 55 a 60 anos, conforme a Emenda Constitucional n\u00ba 103 de 2019.<\/p>\n\n\n\n<p>A proposta visa n\u00e3o apenas reduzir a idade m\u00ednima, mas tamb\u00e9m aumentar o benef\u00edcio concedido, garantindo uma compensa\u00e7\u00e3o adequada ao desgaste enfrentado por esses trabalhadores.<\/p>\n\n\n\n<h2 class=\"wp-block-heading\">Por que a Reforma \u00e9 Necess\u00e1ria para a aposentadoria?<\/h2>\n\n\n\n<p>Modificar as regras de aposentadoria tem grande impacto sobre trabalhadores expostos a riscos di\u00e1rios. A exposi\u00e7\u00e3o a ambientes prejudiciais pode resultar em problemas graves de sa\u00fade, como doen\u00e7as respirat\u00f3rias e c\u00e2ncer. Permitir que esses indiv\u00edduos se aposentem mais cedo pode melhorar significativamente sua qualidade de vida.<\/p>\n\n\n\n<ul class=\"wp-block-list\">\n<li><strong>Sa\u00fade dos Trabalhadores:<\/strong> Minimiza\u00e7\u00e3o dos efeitos da exposi\u00e7\u00e3o a ambientes adversos.<\/li>\n\n\n\n<li><strong>Justi\u00e7a Social:<\/strong> Distribui\u00e7\u00e3o justa dos benef\u00edcios sociais, segundo a contribui\u00e7\u00e3o do trabalhador.<\/li>\n\n\n\n<li><strong>Produtividade:<\/strong> Renova\u00e7\u00e3o da for\u00e7a de trabalho com espa\u00e7o para novos profissionais.<\/li>\n<\/ul>\n\n\n\n<h2 class=\"wp-block-heading\">Desafios e Discuss\u00f5es do Projeto<\/h2>\n\n\n\n<figure class=\"wp-block-gallery has-nested-images columns-default is-cropped wp-block-gallery-1 is-layout-flex wp-block-gallery-is-layout-flex\">\n<figure class=\"wp-block-image size-large\"><img loading=\"lazy\" decoding=\"async\" width=\"1024\" height=\"576\" data-id=\"962\" src=\"https:\/\/www.em.com.br\/emfoco\/wp-content\/uploads\/2024\/11\/aposentadoria-antecipada-Creditos-depositphotos.com-AllaSerebrina-1024x576.jpg\" alt=\"aposentadoria antecipada - Cr\u00e9ditos depositphotos.com AllaSerebrina\" class=\"wp-image-962\" srcset=\"https:\/\/www.em.com.br\/emfoco\/wp-content\/uploads\/2024\/11\/aposentadoria-antecipada-Creditos-depositphotos.com-AllaSerebrina-1024x576.jpg 1024w, https:\/\/www.em.com.br\/emfoco\/wp-content\/uploads\/2024\/11\/aposentadoria-antecipada-Creditos-depositphotos.com-AllaSerebrina-300x169.jpg 300w, https:\/\/www.em.com.br\/emfoco\/wp-content\/uploads\/2024\/11\/aposentadoria-antecipada-Creditos-depositphotos.com-AllaSerebrina-768x432.jpg 768w, https:\/\/www.em.com.br\/emfoco\/wp-content\/uploads\/2024\/11\/aposentadoria-antecipada-Creditos-depositphotos.com-AllaSerebrina-750x422.jpg 750w, https:\/\/www.em.com.br\/emfoco\/wp-content\/uploads\/2024\/11\/aposentadoria-antecipada-Creditos-depositphotos.com-AllaSerebrina-1140x641.jpg 1140w, https:\/\/www.em.com.br\/emfoco\/wp-content\/uploads\/2024\/11\/aposentadoria-antecipada-Creditos-depositphotos.com-AllaSerebrina.jpg 1280w\" sizes=\"auto, (max-width: 1024px) 100vw, 1024px\" \/><figcaption class=\"wp-element-caption\">aposentadoria antecipada &#8211; Cr\u00e9ditos depositphotos.com AllaSerebrina<\/figcaption><\/figure>\n<\/figure>\n\n\n\n<p>Embora o Projeto de Lei 42\/2023 seja promissor, ele enfrenta desafios, especialmente no impacto financeiro sobre o sistema previdenci\u00e1rio. \u00c9 crucial balancear os direitos dos trabalhadores com a economia do sistema.<\/p>\n\n\n\n<ul class=\"wp-block-list\">\n<li><strong>Impacto Financeiro:<\/strong> Aloca\u00e7\u00e3o de recursos para suportar a aposentadoria especial.<\/li>\n\n\n\n<li><strong>Criteriza\u00e7\u00e3o:<\/strong> Defini\u00e7\u00e3o clara dos agentes nocivos eleg\u00edveis para benef\u00edcios.<\/li>\n\n\n\n<li><strong>Sustentabilidade a Longo Prazo:<\/strong> Manter a robustez do sistema previdenci\u00e1rio.<\/li>\n<\/ul>\n\n\n\n<h2 class=\"wp-block-heading\">Outras Modalidades de Aposentadoria<\/h2>\n\n\n\n<p>Al\u00e9m da aposentadoria especial, o sistema previdenci\u00e1rio brasileiro em 2024 oferece outras op\u00e7\u00f5es:<\/p>\n\n\n\n<ol class=\"wp-block-list\">\n<li><strong>Por Idade:<\/strong> Homens aos 65 anos e mulheres aos 62 anos, com 15 anos de contribui\u00e7\u00e3o.<\/li>\n\n\n\n<li><strong>Aposentadoria por Tempo de Contribui\u00e7\u00e3o:<\/strong> Homens com 35 anos e mulheres com 30 anos de contribui\u00e7\u00e3o.<\/li>\n\n\n\n<li><strong>Por Invalidez:<\/strong> Para indiv\u00edduos incapazes de trabalhar devido a uma incapacidade total e permanente.<\/li>\n\n\n\n<li><strong>Aposentadoria Rural:<\/strong> Requer comprova\u00e7\u00e3o de pelo menos 15 anos de atividade rural.<\/li>\n<\/ol>\n\n\n\n<p>Com foco em melhorar as condi\u00e7\u00f5es para trabalhadores em risco, essas reformas refletem um compromisso com a sa\u00fade e bem-estar da for\u00e7a de trabalho brasileira.<\/p>\n","protected":false},"excerpt":{"rendered":"<p>Pol\u00edticas de aposentadoria especial em 2024 para trabalhadores expostos a condi\u00e7\u00f5es de risco. Compreenda os crit\u00e9rios de elegibilidade e os benef\u00edcios desta reforma.<\/p>\n","protected":false},"author":3,"featured_media":277,"comment_status":"open","ping_status":"open","sticky":false,"template":"","format":"standard","meta":{"jnews-multi-image_gallery":[],"jnews_single_post":{"format":"standard"},"jnews_primary_category":[],"jnews_social_meta":[],"jnews_override_counter":[],"footnotes":""},"categories":[28],"tags":[172,256,642,641],"class_list":["post-1383","post","type-post","status-publish","format-standard","has-post-thumbnail","hentry","category-economia","tag-aposentadoria","tag-beneficios","tag-direitos-sociais","tag-trabalhador"],"yoast_head":"<!-- This site is optimized with the Yoast SEO plugin v23.8 - https:\/\/yoast.com\/wordpress\/plugins\/seo\/ -->\n<title>Mudan\u00e7as na Aposentadoria: A Nova Lei que Permite Aposentar-se aos 55 - Estado de Minas - Em foco<\/title>\n<meta name=\"description\" content=\"Pol\u00edticas de aposentadoria especial em 2024 para trabalhadores, compreenda os crit\u00e9rios de elegibilidade e os benef\u00edcios desta reforma\" \/>\n<meta name=\"robots\" content=\"index, follow, max-snippet:-1, max-image-preview:large, max-video-preview:-1\" \/>\n<link rel=\"canonical\" href=\"https:\/\/www.em.com.br\/emfoco\/2024\/11\/26\/mudancas-na-aposentadoria-a-nova-lei-que-permite-aposentar-se-aos-55\/\" \/>\n<meta property=\"og:locale\" content=\"pt_BR\" \/>\n<meta property=\"og:type\" content=\"article\" \/>\n<meta property=\"og:title\" content=\"Mudan\u00e7as na Aposentadoria: A Nova Lei que Permite Aposentar-se aos 55 - Estado de Minas - Em foco\" \/>\n<meta property=\"og:description\" content=\"Pol\u00edticas de aposentadoria especial em 2024 para trabalhadores, compreenda os crit\u00e9rios de elegibilidade e os benef\u00edcios desta reforma\" \/>\n<meta property=\"og:url\" content=\"https:\/\/www.em.com.br\/emfoco\/2024\/11\/26\/mudancas-na-aposentadoria-a-nova-lei-que-permite-aposentar-se-aos-55\/\" \/>\n<meta property=\"og:site_name\" content=\"Estado de Minas - Em foco\" \/>\n<meta property=\"article:published_time\" content=\"2024-11-26T10:20:00+00:00\" \/>\n<meta property=\"article:modified_time\" content=\"2024-11-25T21:02:47+00:00\" \/>\n<meta property=\"og:image\" content=\"https:\/\/www.em.com.br\/emfoco\/wp-content\/uploads\/2024\/11\/cidades-para-aposentados-Creditos-depositphotos.com-michaeljung.jpg\" \/>\n\t<meta property=\"og:image:width\" content=\"1280\" \/>\n\t<meta property=\"og:image:height\" content=\"720\" \/>\n\t<meta property=\"og:image:type\" content=\"image\/jpeg\" \/>\n<meta name=\"author\" content=\"Helen Palma\" \/>\n<meta name=\"twitter:card\" content=\"summary_large_image\" \/>\n<meta name=\"twitter:label1\" content=\"Escrito por\" \/>\n\t<meta name=\"twitter:data1\" content=\"Helen Palma\" \/>\n\t<meta name=\"twitter:label2\" content=\"Est. tempo de leitura\" \/>\n\t<meta name=\"twitter:data2\" content=\"4 minutos\" \/>\n<!-- \/ Yoast SEO plugin. -->","yoast_head_json":{"title":"Mudan\u00e7as na Aposentadoria: A Nova Lei que Permite Aposentar-se aos 55 - Estado de Minas - Em foco","description":"Pol\u00edticas de aposentadoria especial em 2024 para trabalhadores, compreenda os crit\u00e9rios de elegibilidade e os benef\u00edcios desta reforma","robots":{"index":"index","follow":"follow","max-snippet":"max-snippet:-1","max-image-preview":"max-image-preview:large","max-video-preview":"max-video-preview:-1"},"canonical":"https:\/\/www.em.com.br\/emfoco\/2024\/11\/26\/mudancas-na-aposentadoria-a-nova-lei-que-permite-aposentar-se-aos-55\/","og_locale":"pt_BR","og_type":"article","og_title":"Mudan\u00e7as na Aposentadoria: A Nova Lei que Permite Aposentar-se aos 55 - Estado de Minas - Em foco","og_description":"Pol\u00edticas de aposentadoria especial em 2024 para trabalhadores, compreenda os crit\u00e9rios de elegibilidade e os benef\u00edcios desta reforma","og_url":"https:\/\/www.em.com.br\/emfoco\/2024\/11\/26\/mudancas-na-aposentadoria-a-nova-lei-que-permite-aposentar-se-aos-55\/","og_site_name":"Estado de Minas - Em foco","article_published_time":"2024-11-26T10:20:00+00:00","article_modified_time":"2024-11-25T21:02:47+00:00","og_image":[{"width":1280,"height":720,"url":"https:\/\/www.em.com.br\/emfoco\/wp-content\/uploads\/2024\/11\/cidades-para-aposentados-Creditos-depositphotos.com-michaeljung.jpg","type":"image\/jpeg"}],"author":"Helen Palma","twitter_card":"summary_large_image","twitter_misc":{"Escrito por":"Helen Palma","Est. tempo de leitura":"4 minutos"},"schema":{"@context":"https:\/\/schema.org","@graph":[{"@type":"WebPage","@id":"https:\/\/www.em.com.br\/emfoco\/2024\/11\/26\/mudancas-na-aposentadoria-a-nova-lei-que-permite-aposentar-se-aos-55\/","url":"https:\/\/www.em.com.br\/emfoco\/2024\/11\/26\/mudancas-na-aposentadoria-a-nova-lei-que-permite-aposentar-se-aos-55\/","name":"Mudan\u00e7as na Aposentadoria: A Nova Lei que Permite Aposentar-se aos 55 - Estado de Minas - Em foco","isPartOf":{"@id":"https:\/\/www.em.com.br\/emfoco\/#website"},"primaryImageOfPage":{"@id":"https:\/\/www.em.com.br\/emfoco\/2024\/11\/26\/mudancas-na-aposentadoria-a-nova-lei-que-permite-aposentar-se-aos-55\/#primaryimage"},"image":{"@id":"https:\/\/www.em.com.br\/emfoco\/2024\/11\/26\/mudancas-na-aposentadoria-a-nova-lei-que-permite-aposentar-se-aos-55\/#primaryimage"},"thumbnailUrl":"https:\/\/www.em.com.br\/emfoco\/wp-content\/uploads\/2024\/11\/cidades-para-aposentados-Creditos-depositphotos.com-michaeljung.jpg","datePublished":"2024-11-26T10:20:00+00:00","dateModified":"2024-11-25T21:02:47+00:00","author":{"@id":"https:\/\/www.em.com.br\/emfoco\/#\/schema\/person\/d79d5c83ee37ab7ca6781d92bd406eac"},"description":"Pol\u00edticas de aposentadoria especial em 2024 para trabalhadores, compreenda os crit\u00e9rios de elegibilidade e os benef\u00edcios desta reforma","breadcrumb":{"@id":"https:\/\/www.em.com.br\/emfoco\/2024\/11\/26\/mudancas-na-aposentadoria-a-nova-lei-que-permite-aposentar-se-aos-55\/#breadcrumb"},"inLanguage":"pt-BR","potentialAction":[{"@type":"ReadAction","target":["https:\/\/www.em.com.br\/emfoco\/2024\/11\/26\/mudancas-na-aposentadoria-a-nova-lei-que-permite-aposentar-se-aos-55\/"]}]},{"@type":"ImageObject","inLanguage":"pt-BR","@id":"https:\/\/www.em.com.br\/emfoco\/2024\/11\/26\/mudancas-na-aposentadoria-a-nova-lei-que-permite-aposentar-se-aos-55\/#primaryimage","url":"https:\/\/www.em.com.br\/emfoco\/wp-content\/uploads\/2024\/11\/cidades-para-aposentados-Creditos-depositphotos.com-michaeljung.jpg","contentUrl":"https:\/\/www.em.com.br\/emfoco\/wp-content\/uploads\/2024\/11\/cidades-para-aposentados-Creditos-depositphotos.com-michaeljung.jpg","width":1280,"height":720,"caption":"cidades para aposentados - Cr\u00e9ditos depositphotos.com michaeljung"},{"@type":"BreadcrumbList","@id":"https:\/\/www.em.com.br\/emfoco\/2024\/11\/26\/mudancas-na-aposentadoria-a-nova-lei-que-permite-aposentar-se-aos-55\/#breadcrumb","itemListElement":[{"@type":"ListItem","position":1,"name":"In\u00edcio","item":"https:\/\/www.em.com.br\/emfoco\/"},{"@type":"ListItem","position":2,"name":"Mudan\u00e7as na Aposentadoria: A Nova Lei que Permite Aposentar-se aos 55"}]},{"@type":"WebSite","@id":"https:\/\/www.em.com.br\/emfoco\/#website","url":"https:\/\/www.em.com.br\/emfoco\/","name":"Estado de Minas - Em foco","description":"Acompanhe as \u00faltimas not\u00edcias e fique bem informado sobre tudo o que acontece em Minas Gerais, Brasil e no mundo.","potentialAction":[{"@type":"SearchAction","target":{"@type":"EntryPoint","urlTemplate":"https:\/\/www.em.com.br\/emfoco\/?s={search_term_string}"},"query-input":{"@type":"PropertyValueSpecification","valueRequired":true,"valueName":"search_term_string"}}],"inLanguage":"pt-BR"},{"@type":"Person","@id":"https:\/\/www.em.com.br\/emfoco\/#\/schema\/person\/d79d5c83ee37ab7ca6781d92bd406eac","name":"Helen Palma","image":{"@type":"ImageObject","inLanguage":"pt-BR","@id":"https:\/\/www.em.com.br\/emfoco\/#\/schema\/person\/image\/","url":"https:\/\/secure.gravatar.com\/avatar\/c657d9266c25fd5b35a8a6274fb730cd?s=96&d=mm&r=g","contentUrl":"https:\/\/secure.gravatar.com\/avatar\/c657d9266c25fd5b35a8a6274fb730cd?s=96&d=mm&r=g","caption":"Helen Palma"},"url":"https:\/\/www.em.com.br\/emfoco\/author\/helenmyth\/"}]}},"_links":{"self":[{"href":"https:\/\/www.em.com.br\/emfoco\/wp-json\/wp\/v2\/posts\/1383","targetHints":{"allow":["GET"]}}],"collection":[{"href":"https:\/\/www.em.com.br\/emfoco\/wp-json\/wp\/v2\/posts"}],"about":[{"href":"https:\/\/www.em.com.br\/emfoco\/wp-json\/wp\/v2\/types\/post"}],"author":[{"embeddable":true,"href":"https:\/\/www.em.com.br\/emfoco\/wp-json\/wp\/v2\/users\/3"}],"replies":[{"embeddable":true,"href":"https:\/\/www.em.com.br\/emfoco\/wp-json\/wp\/v2\/comments?post=1383"}],"version-history":[{"count":2,"href":"https:\/\/www.em.com.br\/emfoco\/wp-json\/wp\/v2\/posts\/1383\/revisions"}],"predecessor-version":[{"id":1438,"href":"https:\/\/www.em.com.br\/emfoco\/wp-json\/wp\/v2\/posts\/1383\/revisions\/1438"}],"wp:featuredmedia":[{"embeddable":true,"href":"https:\/\/www.em.com.br\/emfoco\/wp-json\/wp\/v2\/media\/277"}],"wp:attachment":[{"href":"https:\/\/www.em.com.br\/emfoco\/wp-json\/wp\/v2\/media?parent=1383"}],"wp:term":[{"taxonomy":"category","embeddable":true,"href":"https:\/\/www.em.com.br\/emfoco\/wp-json\/wp\/v2\/categories?post=1383"},{"taxonomy":"post_tag","embeddable":true,"href":"https:\/\/www.em.com.br\/emfoco\/wp-json\/wp\/v2\/tags?post=1383"}],"curies":[{"name":"wp","href":"https:\/\/api.w.org\/{rel}","templated":true}]}}