{"id":138106,"date":"2025-12-11T13:55:00","date_gmt":"2025-12-11T16:55:00","guid":{"rendered":"https:\/\/www.em.com.br\/emfoco\/?p=138106"},"modified":"2025-12-10T19:28:13","modified_gmt":"2025-12-10T22:28:13","slug":"como-a-ansiedade-financeira-dos-pais-afeta-diretamente-os-filhos","status":"publish","type":"post","link":"https:\/\/www.em.com.br\/emfoco\/2025\/12\/11\/como-a-ansiedade-financeira-dos-pais-afeta-diretamente-os-filhos\/","title":{"rendered":"Como a ansiedade financeira dos pais afeta diretamente os filhos"},"content":{"rendered":"\n<p>Mesmo sem entender contas ou boletos, as crian\u00e7as percebem quando o clima da casa muda por causa do dinheiro. A <strong>ansiedade financeira<\/strong> aparece no ar, nas discuss\u00f5es e no sil\u00eancio tenso. E elas absorvem tudo, mesmo quando ningu\u00e9m fala disso diretamente.<\/p>\n\n\n\n<h2 class=\"wp-block-heading\">Como a ansiedade financeira \u00e9 captada no n\u00edvel emocional?<\/h2>\n\n\n\n<p>O c\u00e9rebro infantil \u00e9 altamente sens\u00edvel ao ambiente e reage ao <strong>tom de voz<\/strong>, \u00e0s express\u00f5es faciais e \u00e0 postura dos adultos. Quando o dinheiro vira fonte constante de tens\u00e3o, a crian\u00e7a sente a inseguran\u00e7a como uma amea\u00e7a emocional real.<\/p>\n\n\n\n<p>Mesmo sem entender a causa, o corpo da crian\u00e7a percebe mudan\u00e7as no <strong>comportamento dos pais<\/strong> e reage com alerta interno. A sensa\u00e7\u00e3o de instabilidade se instala porque, para ela, seguran\u00e7a emocional depende diretamente da previsibilidade dos adultos.<\/p>\n\n\n\n<figure class=\"wp-block-image size-large\"><img loading=\"lazy\" decoding=\"async\" width=\"1024\" height=\"576\" src=\"https:\/\/www.em.com.br\/emfoco\/wp-content\/uploads\/2025\/12\/Ansiedade-financeira_1765312209517-1024x576.jpg\" alt=\"Como a ansiedade financeira dos pais afeta diretamente os filhos\" class=\"wp-image-138113\" srcset=\"https:\/\/www.em.com.br\/emfoco\/wp-content\/uploads\/2025\/12\/Ansiedade-financeira_1765312209517-1024x576.jpg 1024w, https:\/\/www.em.com.br\/emfoco\/wp-content\/uploads\/2025\/12\/Ansiedade-financeira_1765312209517-300x169.jpg 300w, https:\/\/www.em.com.br\/emfoco\/wp-content\/uploads\/2025\/12\/Ansiedade-financeira_1765312209517-768x432.jpg 768w, https:\/\/www.em.com.br\/emfoco\/wp-content\/uploads\/2025\/12\/Ansiedade-financeira_1765312209517-750x422.jpg 750w, https:\/\/www.em.com.br\/emfoco\/wp-content\/uploads\/2025\/12\/Ansiedade-financeira_1765312209517-1140x641.jpg 1140w, https:\/\/www.em.com.br\/emfoco\/wp-content\/uploads\/2025\/12\/Ansiedade-financeira_1765312209517.jpg 1280w\" sizes=\"auto, (max-width: 1024px) 100vw, 1024px\" \/><figcaption class=\"wp-element-caption\">As crian\u00e7as sentem a tens\u00e3o pelos gestos, sil\u00eancios e mudan\u00e7as emocionais &#8211; Cr\u00e9ditos: depositphotos.com \/ F01photo<\/figcaption><\/figure>\n\n\n\n<h2 class=\"wp-block-heading\">Quais atitudes dos adultos mais transferem essa ansiedade?<\/h2>\n\n\n\n<p>Alguns comportamentos cotidianos ampliam essa transfer\u00eancia emocional sem que os pais percebam. Falar de medo o tempo todo, reagir com estresse extremo a gastos e discutir d\u00edvidas na frente dos filhos s\u00e3o exemplos cl\u00e1ssicos, como voc\u00ea observa nos pontos a seguir.<\/p>\n\n\n\n<ul class=\"wp-block-list\">\n<li><strong>Reclama\u00e7\u00f5es constantes<\/strong> sobre falta de dinheiro e futuro incerto.<\/li>\n\n\n\n<li><strong>Discuss\u00f5es financeiras<\/strong> frequentes diante das crian\u00e7as.<\/li>\n\n\n\n<li><strong>Mudan\u00e7as bruscas de padr\u00e3o<\/strong> sem explica\u00e7\u00e3o emocional acess\u00edvel.<\/li>\n<\/ul>\n\n\n\n<p><em>Leia mais: <strong><a href=\"https:\/\/www.em.com.br\/emfoco\/2025\/12\/09\/__trashed-12\/\" target=\"_blank\" rel=\"noreferrer noopener\">O que muda quando voc\u00ea passa a guardar at\u00e9 os valores que parecem insignificantes<\/a><\/strong><\/em><\/p>\n\n\n\n<h2 class=\"wp-block-heading\">Como essa ansiedade aparece no comportamento infantil?<\/h2>\n\n\n\n<p>A absor\u00e7\u00e3o da tens\u00e3o financeira pode surgir como <strong>inseguran\u00e7a excessiva<\/strong>, medo de pedir coisas simples ou sensa\u00e7\u00e3o de culpa ao desejar algo. A crian\u00e7a passa a se controlar demais para n\u00e3o \u201cdar trabalho\u201d aos adultos.<\/p>\n\n\n\n<p>Tamb\u00e9m podem surgir <strong>dificuldades para dormir<\/strong>, irritabilidade, regress\u00f5es no comportamento e queda no rendimento escolar. Em alguns casos, aparece uma maturidade precoce for\u00e7ada, quando a crian\u00e7a tenta proteger emocionalmente os pr\u00f3prios pais.<\/p>\n\n\n\n<p>Separamos a seguir algumas falas da <strong>Dra. M\u00e1rcia Tosin <\/strong>em um trecho compartilhado pelo canal do TikTok <strong>@<a href=\"https:\/\/www.tiktok.com\/@pobre_show\" target=\"_blank\" rel=\"noreferrer noopener\"><strong>pobre_show<\/strong><\/a><\/strong>:<\/p>\n\n\n\n<blockquote class=\"tiktok-embed\" cite=\"https:\/\/www.tiktok.com\/@pobre_show\/video\/7535307631242628357\" data-video-id=\"7535307631242628357\" style=\"max-width: 605px;min-width: 325px;\" > <section> <a target=\"_blank\" title=\"@pobre_show\" href=\"https:\/\/www.tiktok.com\/@pobre_show?refer=embed\">@pobre_show<\/a> <p>Como a Pobreza Aumenta a Ansiedade nas Crian\u00e7as \ud83d\ude22 | Dra. M\u00e1rcia Tosin A ansiedade infantil tem crescido assustadoramente \u2014 e o que muitos ignoram \u00e9 o efeito devastador da instabilidade financeira na mente das crian\u00e7as \ud83d\ude14\ud83d\udc94 Dra. M\u00e1rcia Tosin explica como a pobreza, o uso excessivo de telas \ud83d\udcf1 e at\u00e9 a press\u00e3o escolar est\u00e3o por tr\u00e1s de casos graves, incluindo suic\u00eddio infantil \ud83e\udde0\u26a0\ufe0f \ud83d\udc49 Assista ao v\u00eddeo completo no nosso canal no Youtube para entender como proteger seus filhos desse cen\u00e1rio alarmante! \ud83d\udccc J\u00e1 segue, curta e compartilhe com quem precisa ouvir isso \ud83d\ude4f #AnsiedadeInfantil #Sa\u00fadeMental #Pobreza #Inf\u00e2ncia #DraMarciaTosin #PrimoPobre #Educa\u00e7\u00e3oInfantil #PsicologiaInfantil #MaternidadeReal #ComoAjudarSeuFilho<\/p> <a target=\"_blank\" title=\"\u266c som original  - Pobre Show\" href=\"https:\/\/www.tiktok.com\/music\/som-original-Pobre-Show-7535307774449355525?refer=embed\">\u266c som original  &#8211; Pobre Show<\/a> <\/section> <\/blockquote> <script async src=\"https:\/\/www.tiktok.com\/embed.js\"><\/script>\n\n\n\n<h2 class=\"wp-block-heading\">Quais s\u00e3o os efeitos da ansiedade financeira levada para a vida adulta?<\/h2>\n\n\n\n<p>Viver esse clima na inf\u00e2ncia pode gerar adultos com <strong>medo constante de faltar dinheiro<\/strong>, dificuldade de investir em si mesmos, compuls\u00e3o por controle financeiro ou at\u00e9 autossabotagem quando come\u00e7am a prosperar, como mostram os exemplos pr\u00e1ticos abaixo.<\/p>\n\n\n\n<ul class=\"wp-block-list\">\n<li><strong>Comportamento de escassez<\/strong> mesmo em fases de estabilidade.<\/li>\n\n\n\n<li><strong>Ansiedade cr\u00f4nica<\/strong> diante de qualquer gasto pessoal.<\/li>\n\n\n\n<li><strong>Autossabotagem financeira<\/strong> ao se aproximar de conquistas.<\/li>\n<\/ul>\n\n\n\n<h2 class=\"wp-block-heading\">Como proteger emocionalmente os filhos em fases dif\u00edceis?<\/h2>\n\n\n\n<p>Proteger n\u00e3o significa esconder a realidade, mas comunicar com <strong>calma emocional<\/strong>, evitando discuss\u00f5es financeiras na frente das crian\u00e7as. Manter rotinas est\u00e1veis sempre que poss\u00edvel ajuda a preservar a sensa\u00e7\u00e3o de seguran\u00e7a b\u00e1sica.<\/p>\n\n\n\n<p>Validar sentimentos, explicar limites de forma simples e transmitir que os adultos est\u00e3o cuidando dos problemas fortalece a <strong>seguran\u00e7a afetiva<\/strong>. Crian\u00e7as n\u00e3o adoecem pela falta de dinheiro, mas pela falta de prote\u00e7\u00e3o emocional no ambiente onde vivem.<\/p>\n","protected":false},"excerpt":{"rendered":"<p>Mesmo sem entender contas ou boletos, as crian\u00e7as percebem quando o clima da casa muda por causa do dinheiro. A ansiedade financeira aparece no ar, nas discuss\u00f5es e no sil\u00eancio tenso. E elas absorvem tudo, mesmo quando ningu\u00e9m fala disso diretamente. Como a ansiedade financeira \u00e9 captada no n\u00edvel emocional? O c\u00e9rebro infantil \u00e9 altamente [&hellip;]<\/p>\n","protected":false},"author":13,"featured_media":138112,"comment_status":"open","ping_status":"open","sticky":false,"template":"","format":"standard","meta":{"jnews-multi-image_gallery":[],"jnews_single_post":{"format":"standard"},"jnews_primary_category":[],"jnews_social_meta":[],"jnews_override_counter":[],"footnotes":""},"categories":[8819],"tags":[20096,20237,15745],"class_list":["post-138106","post","type-post","status-publish","format-standard","has-post-thumbnail","hentry","category-curiosidades","tag-ansiedade-financeira","tag-comportamento-das-criancas","tag-vida-financeira"],"yoast_head":"<!-- This site is optimized with the Yoast SEO plugin v23.8 - https:\/\/yoast.com\/wordpress\/plugins\/seo\/ -->\n<title>Como a ansiedade financeira dos pais afeta diretamente os filhos - Estado de Minas - Em foco<\/title>\n<meta name=\"description\" content=\"Crian\u00e7as percebem o peso do dinheiro no clima da casa. Veja como evitar que a ansiedade financeira afete o bem-estar emocional delas.\" \/>\n<meta name=\"robots\" content=\"index, follow, max-snippet:-1, max-image-preview:large, max-video-preview:-1\" \/>\n<link rel=\"canonical\" href=\"https:\/\/www.em.com.br\/emfoco\/2025\/12\/11\/como-a-ansiedade-financeira-dos-pais-afeta-diretamente-os-filhos\/\" \/>\n<meta property=\"og:locale\" content=\"pt_BR\" \/>\n<meta property=\"og:type\" content=\"article\" \/>\n<meta property=\"og:title\" content=\"Como a ansiedade financeira dos pais afeta diretamente os filhos - Estado de Minas - Em foco\" \/>\n<meta property=\"og:description\" content=\"Crian\u00e7as percebem o peso do dinheiro no clima da casa. Veja como evitar que a ansiedade financeira afete o bem-estar emocional delas.\" \/>\n<meta property=\"og:url\" content=\"https:\/\/www.em.com.br\/emfoco\/2025\/12\/11\/como-a-ansiedade-financeira-dos-pais-afeta-diretamente-os-filhos\/\" \/>\n<meta property=\"og:site_name\" content=\"Estado de Minas - Em foco\" \/>\n<meta property=\"article:published_time\" content=\"2025-12-11T16:55:00+00:00\" \/>\n<meta property=\"article:modified_time\" content=\"2025-12-10T22:28:13+00:00\" \/>\n<meta property=\"og:image\" content=\"https:\/\/www.em.com.br\/emfoco\/wp-content\/uploads\/2025\/12\/Ansiedade-financeira_1765312184835.jpg\" \/>\n\t<meta property=\"og:image:width\" content=\"1280\" \/>\n\t<meta property=\"og:image:height\" content=\"720\" \/>\n\t<meta property=\"og:image:type\" content=\"image\/jpeg\" \/>\n<meta name=\"author\" content=\"Gabriel Martins\" \/>\n<meta name=\"twitter:card\" content=\"summary_large_image\" \/>\n<meta name=\"twitter:label1\" content=\"Escrito por\" \/>\n\t<meta name=\"twitter:data1\" content=\"Gabriel Martins\" \/>\n\t<meta name=\"twitter:label2\" content=\"Est. tempo de leitura\" \/>\n\t<meta name=\"twitter:data2\" content=\"4 minutos\" \/>\n<!-- \/ Yoast SEO plugin. -->","yoast_head_json":{"title":"Como a ansiedade financeira dos pais afeta diretamente os filhos - Estado de Minas - Em foco","description":"Crian\u00e7as percebem o peso do dinheiro no clima da casa. Veja como evitar que a ansiedade financeira afete o bem-estar emocional delas.","robots":{"index":"index","follow":"follow","max-snippet":"max-snippet:-1","max-image-preview":"max-image-preview:large","max-video-preview":"max-video-preview:-1"},"canonical":"https:\/\/www.em.com.br\/emfoco\/2025\/12\/11\/como-a-ansiedade-financeira-dos-pais-afeta-diretamente-os-filhos\/","og_locale":"pt_BR","og_type":"article","og_title":"Como a ansiedade financeira dos pais afeta diretamente os filhos - Estado de Minas - Em foco","og_description":"Crian\u00e7as percebem o peso do dinheiro no clima da casa. Veja como evitar que a ansiedade financeira afete o bem-estar emocional delas.","og_url":"https:\/\/www.em.com.br\/emfoco\/2025\/12\/11\/como-a-ansiedade-financeira-dos-pais-afeta-diretamente-os-filhos\/","og_site_name":"Estado de Minas - Em foco","article_published_time":"2025-12-11T16:55:00+00:00","article_modified_time":"2025-12-10T22:28:13+00:00","og_image":[{"width":1280,"height":720,"url":"https:\/\/www.em.com.br\/emfoco\/wp-content\/uploads\/2025\/12\/Ansiedade-financeira_1765312184835.jpg","type":"image\/jpeg"}],"author":"Gabriel Martins","twitter_card":"summary_large_image","twitter_misc":{"Escrito por":"Gabriel Martins","Est. tempo de leitura":"4 minutos"},"schema":{"@context":"https:\/\/schema.org","@graph":[{"@type":"WebPage","@id":"https:\/\/www.em.com.br\/emfoco\/2025\/12\/11\/como-a-ansiedade-financeira-dos-pais-afeta-diretamente-os-filhos\/","url":"https:\/\/www.em.com.br\/emfoco\/2025\/12\/11\/como-a-ansiedade-financeira-dos-pais-afeta-diretamente-os-filhos\/","name":"Como a ansiedade financeira dos pais afeta diretamente os filhos - Estado de Minas - Em foco","isPartOf":{"@id":"https:\/\/www.em.com.br\/emfoco\/#website"},"primaryImageOfPage":{"@id":"https:\/\/www.em.com.br\/emfoco\/2025\/12\/11\/como-a-ansiedade-financeira-dos-pais-afeta-diretamente-os-filhos\/#primaryimage"},"image":{"@id":"https:\/\/www.em.com.br\/emfoco\/2025\/12\/11\/como-a-ansiedade-financeira-dos-pais-afeta-diretamente-os-filhos\/#primaryimage"},"thumbnailUrl":"https:\/\/www.em.com.br\/emfoco\/wp-content\/uploads\/2025\/12\/Ansiedade-financeira_1765312184835.jpg","datePublished":"2025-12-11T16:55:00+00:00","dateModified":"2025-12-10T22:28:13+00:00","author":{"@id":"https:\/\/www.em.com.br\/emfoco\/#\/schema\/person\/1c9ddeab18b98abeffef834667bcf08a"},"description":"Crian\u00e7as percebem o peso do dinheiro no clima da casa. Veja como evitar que a ansiedade financeira afete o bem-estar emocional delas.","breadcrumb":{"@id":"https:\/\/www.em.com.br\/emfoco\/2025\/12\/11\/como-a-ansiedade-financeira-dos-pais-afeta-diretamente-os-filhos\/#breadcrumb"},"inLanguage":"pt-BR","potentialAction":[{"@type":"ReadAction","target":["https:\/\/www.em.com.br\/emfoco\/2025\/12\/11\/como-a-ansiedade-financeira-dos-pais-afeta-diretamente-os-filhos\/"]}]},{"@type":"ImageObject","inLanguage":"pt-BR","@id":"https:\/\/www.em.com.br\/emfoco\/2025\/12\/11\/como-a-ansiedade-financeira-dos-pais-afeta-diretamente-os-filhos\/#primaryimage","url":"https:\/\/www.em.com.br\/emfoco\/wp-content\/uploads\/2025\/12\/Ansiedade-financeira_1765312184835.jpg","contentUrl":"https:\/\/www.em.com.br\/emfoco\/wp-content\/uploads\/2025\/12\/Ansiedade-financeira_1765312184835.jpg","width":1280,"height":720,"caption":"A ansiedade financeira dos adultos afeta profundamente a seguran\u00e7a emocional infantil - Cr\u00e9ditos: depositphotos.com \/ jjstockstudio"},{"@type":"BreadcrumbList","@id":"https:\/\/www.em.com.br\/emfoco\/2025\/12\/11\/como-a-ansiedade-financeira-dos-pais-afeta-diretamente-os-filhos\/#breadcrumb","itemListElement":[{"@type":"ListItem","position":1,"name":"In\u00edcio","item":"https:\/\/www.em.com.br\/emfoco\/"},{"@type":"ListItem","position":2,"name":"Como a ansiedade financeira dos pais afeta diretamente os filhos"}]},{"@type":"WebSite","@id":"https:\/\/www.em.com.br\/emfoco\/#website","url":"https:\/\/www.em.com.br\/emfoco\/","name":"Estado de Minas - Em foco","description":"Acompanhe as \u00faltimas not\u00edcias e fique bem informado sobre tudo o que acontece em Minas Gerais, Brasil e no mundo.","potentialAction":[{"@type":"SearchAction","target":{"@type":"EntryPoint","urlTemplate":"https:\/\/www.em.com.br\/emfoco\/?s={search_term_string}"},"query-input":{"@type":"PropertyValueSpecification","valueRequired":true,"valueName":"search_term_string"}}],"inLanguage":"pt-BR"},{"@type":"Person","@id":"https:\/\/www.em.com.br\/emfoco\/#\/schema\/person\/1c9ddeab18b98abeffef834667bcf08a","name":"Gabriel Martins","image":{"@type":"ImageObject","inLanguage":"pt-BR","@id":"https:\/\/www.em.com.br\/emfoco\/#\/schema\/person\/image\/","url":"https:\/\/secure.gravatar.com\/avatar\/f0f1e2efdfd88f1ad2cb08c5c2731e50?s=96&d=mm&r=g","contentUrl":"https:\/\/secure.gravatar.com\/avatar\/f0f1e2efdfd88f1ad2cb08c5c2731e50?s=96&d=mm&r=g","caption":"Gabriel Martins"},"sameAs":["https:\/\/www.em.com.br\/emfoco\/"],"url":"https:\/\/www.em.com.br\/emfoco\/author\/gabrielmartinsmyth\/"}]}},"_links":{"self":[{"href":"https:\/\/www.em.com.br\/emfoco\/wp-json\/wp\/v2\/posts\/138106","targetHints":{"allow":["GET"]}}],"collection":[{"href":"https:\/\/www.em.com.br\/emfoco\/wp-json\/wp\/v2\/posts"}],"about":[{"href":"https:\/\/www.em.com.br\/emfoco\/wp-json\/wp\/v2\/types\/post"}],"author":[{"embeddable":true,"href":"https:\/\/www.em.com.br\/emfoco\/wp-json\/wp\/v2\/users\/13"}],"replies":[{"embeddable":true,"href":"https:\/\/www.em.com.br\/emfoco\/wp-json\/wp\/v2\/comments?post=138106"}],"version-history":[{"count":2,"href":"https:\/\/www.em.com.br\/emfoco\/wp-json\/wp\/v2\/posts\/138106\/revisions"}],"predecessor-version":[{"id":138823,"href":"https:\/\/www.em.com.br\/emfoco\/wp-json\/wp\/v2\/posts\/138106\/revisions\/138823"}],"wp:featuredmedia":[{"embeddable":true,"href":"https:\/\/www.em.com.br\/emfoco\/wp-json\/wp\/v2\/media\/138112"}],"wp:attachment":[{"href":"https:\/\/www.em.com.br\/emfoco\/wp-json\/wp\/v2\/media?parent=138106"}],"wp:term":[{"taxonomy":"category","embeddable":true,"href":"https:\/\/www.em.com.br\/emfoco\/wp-json\/wp\/v2\/categories?post=138106"},{"taxonomy":"post_tag","embeddable":true,"href":"https:\/\/www.em.com.br\/emfoco\/wp-json\/wp\/v2\/tags?post=138106"}],"curies":[{"name":"wp","href":"https:\/\/api.w.org\/{rel}","templated":true}]}}