{"id":13790,"date":"2025-01-26T08:19:00","date_gmt":"2025-01-26T11:19:00","guid":{"rendered":"https:\/\/www.em.com.br\/emfoco\/?p=13790"},"modified":"2025-01-26T04:46:36","modified_gmt":"2025-01-26T07:46:36","slug":"comunicado-importante-26-01-para-todos-os-donos-de-cpf","status":"publish","type":"post","link":"https:\/\/www.em.com.br\/emfoco\/2025\/01\/26\/comunicado-importante-26-01-para-todos-os-donos-de-cpf\/","title":{"rendered":"Comunicado importante 26\/01 para todos os donos de CPF"},"content":{"rendered":"\n<p>A seguran\u00e7a de dados pessoais tornou-se uma preocupa\u00e7\u00e3o crucial nos dias de hoje, especialmente com o aumento de fraudes que envolvem o uso indevido de informa\u00e7\u00f5es como o CPF. A utiliza\u00e7\u00e3o maliciosa desse n\u00famero pode gerar s\u00e9rias complica\u00e7\u00f5es financeiras e afetar a vida pessoal das v\u00edtimas de maneira significativa. Por isso, \u00e9 essencial estar atento a atividades suspeitas em contas financeiras e adotar medidas de precau\u00e7\u00e3o para se proteger contra esses crimes.<\/p>\n\n\n\n<p>Os golpes envolvendo o uso indevido do CPF s\u00e3o variados e muitas vezes sofisticados, explorando vulnerabilidades nos sistemas e o desconhecimento das v\u00edtimas. Compreender as t\u00e9cnicas comuns usadas por fraudadores e implementar pr\u00e1ticas seguras pode reduzir significativamente o risco de se tornar uma v\u00edtima.<\/p>\n\n\n\n<h2 class=\"wp-block-heading\">Quais s\u00e3o os golpes mais comuns envolvendo o CPF?<\/h2>\n\n\n\n<p>Um dos m\u00e9todos frequentes de golpe com CPF \u00e9 a clonagem de cart\u00e3o de cr\u00e9dito. Nesse caso, criminosos obt\u00eam os dados do cart\u00e3o e o CPF das v\u00edtimas atrav\u00e9s de invas\u00f5es a sistemas ou aquisi\u00e7\u00e3o de informa\u00e7\u00f5es em mercados ilegais. Com esses dados, realizam compras que a v\u00edtima s\u00f3 percebe ao conferir o extrato banc\u00e1rio.<\/p>\n\n\n\n<p>Outro golpe comum inclui a cria\u00e7\u00e3o de contas banc\u00e1rias falsas usando o CPF de terceiros. Golpistas podem produzir identidades fict\u00edcias ou validar contas sem a autoriza\u00e7\u00e3o da v\u00edtima, o que lhes permite efetuar transa\u00e7\u00f5es ilegais ou solicitar empr\u00e9stimos que causam s\u00e9rias complica\u00e7\u00f5es financeiras ao verdadeiro propriet\u00e1rio do CPF.<\/p>\n\n\n\n<figure class=\"wp-block-image size-large\"><img loading=\"lazy\" decoding=\"async\" width=\"1024\" height=\"576\" src=\"https:\/\/www.em.com.br\/emfoco\/wp-content\/uploads\/2024\/12\/cpf_1735336911493-1024x576.jpg\" alt=\"Por que colocar o CPF na nota? Saiba como isso te beneficia!\" class=\"wp-image-7165\" srcset=\"https:\/\/www.em.com.br\/emfoco\/wp-content\/uploads\/2024\/12\/cpf_1735336911493-1024x576.jpg 1024w, https:\/\/www.em.com.br\/emfoco\/wp-content\/uploads\/2024\/12\/cpf_1735336911493-300x169.jpg 300w, https:\/\/www.em.com.br\/emfoco\/wp-content\/uploads\/2024\/12\/cpf_1735336911493-768x432.jpg 768w, https:\/\/www.em.com.br\/emfoco\/wp-content\/uploads\/2024\/12\/cpf_1735336911493-750x422.jpg 750w, https:\/\/www.em.com.br\/emfoco\/wp-content\/uploads\/2024\/12\/cpf_1735336911493-1140x641.jpg 1140w, https:\/\/www.em.com.br\/emfoco\/wp-content\/uploads\/2024\/12\/cpf_1735336911493.jpg 1280w\" sizes=\"auto, (max-width: 1024px) 100vw, 1024px\" \/><figcaption class=\"wp-element-caption\">Imagem Ilustrativa de CPF &#8211; Cr\u00e9ditos: depositphotos.com \/ Mehaniq<\/figcaption><\/figure>\n\n\n\n<h2 class=\"wp-block-heading\">Como evitar se tornar uma v\u00edtima de roubo de identidade?<\/h2>\n\n\n\n<p>O roubo de identidade \u00e9 um golpe devastador, onde o CPF e outros dados pessoais s\u00e3o utilizados para adquirir cr\u00e9dito, como empr\u00e9stimos e cart\u00f5es de cr\u00e9dito, sem o conhecimento da v\u00edtima. Frequentemente, a v\u00edtima s\u00f3 descobre a fraude ao ser contatada por institui\u00e7\u00f5es financeiras sobre d\u00edvidas que desconhece, causando impactos duradouros no hist\u00f3rico de cr\u00e9dito.<\/p>\n\n\n\n<p>Para evitar tais fraudes, \u00e9 crucial seguir algumas pr\u00e1ticas de seguran\u00e7a, tais como:<\/p>\n\n\n\n<ul class=\"wp-block-list\">\n<li><strong>Monitoramento constante:<\/strong> Verificar regularmente extratos banc\u00e1rios e notifica\u00e7\u00f5es de cr\u00e9dito pode ajudar a identificar atividades suspeitas rapidamente.<\/li>\n\n\n\n<li><strong>Uso de senhas fortes e \u00fanicas:<\/strong> Alterar senhas regularmente e evitar o uso de senhas iguais em diferentes contas diminui a chance de acesso n\u00e3o autorizado \u00e0s suas informa\u00e7\u00f5es financeiras.<\/li>\n\n\n\n<li><strong>Educa\u00e7\u00e3o sobre phishing:<\/strong> Estar ciente das t\u00e1ticas comumente usadas em ataques de phishing pode prevenir que informa\u00e7\u00f5es pessoais sejam inadvertidamente comprometidas.<\/li>\n<\/ul>\n\n\n\n<h2 class=\"wp-block-heading\">Por que a conscientiza\u00e7\u00e3o \u00e9 fundamental?<\/h2>\n\n\n\n<p>A conscientiza\u00e7\u00e3o e a preven\u00e7\u00e3o s\u00e3o aliadas poderosas na prote\u00e7\u00e3o dos dados pessoais em um cen\u00e1rio cada vez mais digital. Compreender as amea\u00e7as e estar ciente dos m\u00e9todos utilizados pelos golpistas pode ser um divisor de \u00e1guas na luta contra as fraudes. Ao adotar pr\u00e1ticas de seguran\u00e7a e ser vigilante com qualquer atividade fora do comum, qualquer pessoa pode minimizar os riscos de cair em golpes utilizando indevidamente seu CPF.<\/p>\n","protected":false},"excerpt":{"rendered":"<p>A seguran\u00e7a de dados pessoais tornou-se uma preocupa\u00e7\u00e3o crucial nos dias de hoje, especialmente com o aumento de fraudes que envolvem o uso indevido de informa\u00e7\u00f5es como o CPF.<\/p>\n","protected":false},"author":2,"featured_media":13792,"comment_status":"open","ping_status":"open","sticky":false,"template":"","format":"standard","meta":{"jnews-multi-image_gallery":[],"jnews_single_post":{"format":"standard"},"jnews_primary_category":[],"jnews_social_meta":[],"jnews_override_counter":[],"footnotes":""},"categories":[28,1],"tags":[848,163,1644,3355,4203],"class_list":["post-13790","post","type-post","status-publish","format-standard","has-post-thumbnail","hentry","category-economia","category-noticias","tag-cpf","tag-fraude","tag-golpes","tag-roubo-de-identidade","tag-seguranca-de-dados"],"yoast_head":"<!-- This site is optimized with the Yoast SEO plugin v23.8 - https:\/\/yoast.com\/wordpress\/plugins\/seo\/ -->\n<title>Comunicado importante 26\/01 para todos os donos de CPF - Estado de Minas - Em foco<\/title>\n<meta name=\"description\" content=\"A seguran\u00e7a de dados pessoais tornou-se uma preocupa\u00e7\u00e3o crucial nos dias de hoje, especialmente com o aumento de fraudes que envolvem o uso indevido de informa\u00e7\u00f5es como o CPF.\" \/>\n<meta name=\"robots\" content=\"index, follow, max-snippet:-1, max-image-preview:large, max-video-preview:-1\" \/>\n<link rel=\"canonical\" href=\"https:\/\/www.em.com.br\/emfoco\/2025\/01\/26\/comunicado-importante-26-01-para-todos-os-donos-de-cpf\/\" \/>\n<meta property=\"og:locale\" content=\"pt_BR\" \/>\n<meta property=\"og:type\" content=\"article\" \/>\n<meta property=\"og:title\" content=\"Comunicado importante 26\/01 para todos os donos de CPF - Estado de Minas - Em foco\" \/>\n<meta property=\"og:description\" content=\"A seguran\u00e7a de dados pessoais tornou-se uma preocupa\u00e7\u00e3o crucial nos dias de hoje, especialmente com o aumento de fraudes que envolvem o uso indevido de informa\u00e7\u00f5es como o CPF.\" \/>\n<meta property=\"og:url\" content=\"https:\/\/www.em.com.br\/emfoco\/2025\/01\/26\/comunicado-importante-26-01-para-todos-os-donos-de-cpf\/\" \/>\n<meta property=\"og:site_name\" content=\"Estado de Minas - Em foco\" \/>\n<meta property=\"article:published_time\" content=\"2025-01-26T11:19:00+00:00\" \/>\n<meta property=\"article:modified_time\" content=\"2025-01-26T07:46:36+00:00\" \/>\n<meta property=\"og:image\" content=\"https:\/\/www.em.com.br\/emfoco\/wp-content\/uploads\/2025\/01\/cpf_1737877380858.jpg\" \/>\n\t<meta property=\"og:image:width\" content=\"1280\" \/>\n\t<meta property=\"og:image:height\" content=\"720\" \/>\n\t<meta property=\"og:image:type\" content=\"image\/jpeg\" \/>\n<meta name=\"author\" content=\"Guilherme\" \/>\n<meta name=\"twitter:card\" content=\"summary_large_image\" \/>\n<meta name=\"twitter:label1\" content=\"Escrito por\" \/>\n\t<meta name=\"twitter:data1\" content=\"Guilherme\" \/>\n\t<meta name=\"twitter:label2\" content=\"Est. tempo de leitura\" \/>\n\t<meta name=\"twitter:data2\" content=\"3 minutos\" \/>\n<!-- \/ Yoast SEO plugin. -->","yoast_head_json":{"title":"Comunicado importante 26\/01 para todos os donos de CPF - Estado de Minas - Em foco","description":"A seguran\u00e7a de dados pessoais tornou-se uma preocupa\u00e7\u00e3o crucial nos dias de hoje, especialmente com o aumento de fraudes que envolvem o uso indevido de informa\u00e7\u00f5es como o CPF.","robots":{"index":"index","follow":"follow","max-snippet":"max-snippet:-1","max-image-preview":"max-image-preview:large","max-video-preview":"max-video-preview:-1"},"canonical":"https:\/\/www.em.com.br\/emfoco\/2025\/01\/26\/comunicado-importante-26-01-para-todos-os-donos-de-cpf\/","og_locale":"pt_BR","og_type":"article","og_title":"Comunicado importante 26\/01 para todos os donos de CPF - Estado de Minas - Em foco","og_description":"A seguran\u00e7a de dados pessoais tornou-se uma preocupa\u00e7\u00e3o crucial nos dias de hoje, especialmente com o aumento de fraudes que envolvem o uso indevido de informa\u00e7\u00f5es como o CPF.","og_url":"https:\/\/www.em.com.br\/emfoco\/2025\/01\/26\/comunicado-importante-26-01-para-todos-os-donos-de-cpf\/","og_site_name":"Estado de Minas - Em foco","article_published_time":"2025-01-26T11:19:00+00:00","article_modified_time":"2025-01-26T07:46:36+00:00","og_image":[{"width":1280,"height":720,"url":"https:\/\/www.em.com.br\/emfoco\/wp-content\/uploads\/2025\/01\/cpf_1737877380858.jpg","type":"image\/jpeg"}],"author":"Guilherme","twitter_card":"summary_large_image","twitter_misc":{"Escrito por":"Guilherme","Est. tempo de leitura":"3 minutos"},"schema":{"@context":"https:\/\/schema.org","@graph":[{"@type":"WebPage","@id":"https:\/\/www.em.com.br\/emfoco\/2025\/01\/26\/comunicado-importante-26-01-para-todos-os-donos-de-cpf\/","url":"https:\/\/www.em.com.br\/emfoco\/2025\/01\/26\/comunicado-importante-26-01-para-todos-os-donos-de-cpf\/","name":"Comunicado importante 26\/01 para todos os donos de CPF - Estado de Minas - Em foco","isPartOf":{"@id":"https:\/\/www.em.com.br\/emfoco\/#website"},"primaryImageOfPage":{"@id":"https:\/\/www.em.com.br\/emfoco\/2025\/01\/26\/comunicado-importante-26-01-para-todos-os-donos-de-cpf\/#primaryimage"},"image":{"@id":"https:\/\/www.em.com.br\/emfoco\/2025\/01\/26\/comunicado-importante-26-01-para-todos-os-donos-de-cpf\/#primaryimage"},"thumbnailUrl":"https:\/\/www.em.com.br\/emfoco\/wp-content\/uploads\/2025\/01\/cpf_1737877380858.jpg","datePublished":"2025-01-26T11:19:00+00:00","dateModified":"2025-01-26T07:46:36+00:00","author":{"@id":"https:\/\/www.em.com.br\/emfoco\/#\/schema\/person\/097c4a57cc4dc96be3b74aaf7185dd84"},"description":"A seguran\u00e7a de dados pessoais tornou-se uma preocupa\u00e7\u00e3o crucial nos dias de hoje, especialmente com o aumento de fraudes que envolvem o uso indevido de informa\u00e7\u00f5es como o CPF.","breadcrumb":{"@id":"https:\/\/www.em.com.br\/emfoco\/2025\/01\/26\/comunicado-importante-26-01-para-todos-os-donos-de-cpf\/#breadcrumb"},"inLanguage":"pt-BR","potentialAction":[{"@type":"ReadAction","target":["https:\/\/www.em.com.br\/emfoco\/2025\/01\/26\/comunicado-importante-26-01-para-todos-os-donos-de-cpf\/"]}]},{"@type":"ImageObject","inLanguage":"pt-BR","@id":"https:\/\/www.em.com.br\/emfoco\/2025\/01\/26\/comunicado-importante-26-01-para-todos-os-donos-de-cpf\/#primaryimage","url":"https:\/\/www.em.com.br\/emfoco\/wp-content\/uploads\/2025\/01\/cpf_1737877380858.jpg","contentUrl":"https:\/\/www.em.com.br\/emfoco\/wp-content\/uploads\/2025\/01\/cpf_1737877380858.jpg","width":1280,"height":720,"caption":"CPF Cr\u00e9ditos: depositphotos.com \/ rafapress"},{"@type":"BreadcrumbList","@id":"https:\/\/www.em.com.br\/emfoco\/2025\/01\/26\/comunicado-importante-26-01-para-todos-os-donos-de-cpf\/#breadcrumb","itemListElement":[{"@type":"ListItem","position":1,"name":"In\u00edcio","item":"https:\/\/www.em.com.br\/emfoco\/"},{"@type":"ListItem","position":2,"name":"Comunicado importante 26\/01 para todos os donos de CPF"}]},{"@type":"WebSite","@id":"https:\/\/www.em.com.br\/emfoco\/#website","url":"https:\/\/www.em.com.br\/emfoco\/","name":"Estado de Minas - Em foco","description":"Acompanhe as \u00faltimas not\u00edcias e fique bem informado sobre tudo o que acontece em Minas Gerais, Brasil e no mundo.","potentialAction":[{"@type":"SearchAction","target":{"@type":"EntryPoint","urlTemplate":"https:\/\/www.em.com.br\/emfoco\/?s={search_term_string}"},"query-input":{"@type":"PropertyValueSpecification","valueRequired":true,"valueName":"search_term_string"}}],"inLanguage":"pt-BR"},{"@type":"Person","@id":"https:\/\/www.em.com.br\/emfoco\/#\/schema\/person\/097c4a57cc4dc96be3b74aaf7185dd84","name":"Guilherme","image":{"@type":"ImageObject","inLanguage":"pt-BR","@id":"https:\/\/www.em.com.br\/emfoco\/#\/schema\/person\/image\/","url":"https:\/\/secure.gravatar.com\/avatar\/6a059d20d980bdeb1d1d6b0fa2b4633c?s=96&d=mm&r=g","contentUrl":"https:\/\/secure.gravatar.com\/avatar\/6a059d20d980bdeb1d1d6b0fa2b4633c?s=96&d=mm&r=g","caption":"Guilherme"},"url":"https:\/\/www.em.com.br\/emfoco\/author\/guilhermemyth\/"}]}},"_links":{"self":[{"href":"https:\/\/www.em.com.br\/emfoco\/wp-json\/wp\/v2\/posts\/13790","targetHints":{"allow":["GET"]}}],"collection":[{"href":"https:\/\/www.em.com.br\/emfoco\/wp-json\/wp\/v2\/posts"}],"about":[{"href":"https:\/\/www.em.com.br\/emfoco\/wp-json\/wp\/v2\/types\/post"}],"author":[{"embeddable":true,"href":"https:\/\/www.em.com.br\/emfoco\/wp-json\/wp\/v2\/users\/2"}],"replies":[{"embeddable":true,"href":"https:\/\/www.em.com.br\/emfoco\/wp-json\/wp\/v2\/comments?post=13790"}],"version-history":[{"count":2,"href":"https:\/\/www.em.com.br\/emfoco\/wp-json\/wp\/v2\/posts\/13790\/revisions"}],"predecessor-version":[{"id":13793,"href":"https:\/\/www.em.com.br\/emfoco\/wp-json\/wp\/v2\/posts\/13790\/revisions\/13793"}],"wp:featuredmedia":[{"embeddable":true,"href":"https:\/\/www.em.com.br\/emfoco\/wp-json\/wp\/v2\/media\/13792"}],"wp:attachment":[{"href":"https:\/\/www.em.com.br\/emfoco\/wp-json\/wp\/v2\/media?parent=13790"}],"wp:term":[{"taxonomy":"category","embeddable":true,"href":"https:\/\/www.em.com.br\/emfoco\/wp-json\/wp\/v2\/categories?post=13790"},{"taxonomy":"post_tag","embeddable":true,"href":"https:\/\/www.em.com.br\/emfoco\/wp-json\/wp\/v2\/tags?post=13790"}],"curies":[{"name":"wp","href":"https:\/\/api.w.org\/{rel}","templated":true}]}}