{"id":137895,"date":"2025-12-10T17:35:47","date_gmt":"2025-12-10T20:35:47","guid":{"rendered":"https:\/\/www.em.com.br\/emfoco\/?p=137895"},"modified":"2025-12-09T22:27:10","modified_gmt":"2025-12-10T01:27:10","slug":"pare-de-esperar-meses-e-aposte-nestas-flores-que-germinam-e-abrem-botoes-rapidamente","status":"publish","type":"post","link":"https:\/\/www.em.com.br\/emfoco\/2025\/12\/10\/pare-de-esperar-meses-e-aposte-nestas-flores-que-germinam-e-abrem-botoes-rapidamente\/","title":{"rendered":"As flores que deixam seu jardim colorido em apenas 30 dias"},"content":{"rendered":"\n<p>Quem pretende deixar o jardim mais colorido em pouco tempo costuma buscar <b>flores<\/b> que crescem r\u00e1pido e d\u00e3o resultado em cerca de 30 dias. Essa estrat\u00e9gia \u00e9 \u00fatil para pequenos espa\u00e7os, varandas de apartamentos ou at\u00e9 para decorar um ambiente para uma data espec\u00edfica, e com alguns cuidados simples em rela\u00e7\u00e3o ao solo, \u00e0 escolha das esp\u00e9cies, \u00e0 rega e ao clima, \u00e9 poss\u00edvel acompanhar o desenvolvimento das plantas praticamente dia a dia.<\/p>\n\n\n\n<h2 class=\"wp-block-heading\">Como o ambiente influencia as flores de crescimento r\u00e1pido<\/h2>\n\n\n\n<p>Al\u00e9m da gen\u00e9tica das esp\u00e9cies, o <b>ambiente<\/b> influencia diretamente a velocidade do florescimento. Temperatura adequada, boa luminosidade, solo bem preparado e prote\u00e7\u00e3o contra ventos fortes podem adiantar a flora\u00e7\u00e3o alguns dias e garantir plantas mais resistentes.<\/p>\n\n\n\n<p>Por outro lado, frio excessivo, falta de sol, encharcamento ou solos muito compactados podem atrasar o desenvolvimento e comprometer o objetivo de ver o jardim florido em um m\u00eas. Em regi\u00f5es muito quentes, a meia-sombra nas horas mais intensas de sol tamb\u00e9m ajuda a evitar <b>estresse h\u00eddrico<\/b>.<\/p>\n\n\n<div class=\"wp-block-image\">\n<figure class=\"aligncenter size-large\"><img loading=\"lazy\" decoding=\"async\" width=\"1024\" height=\"576\" src=\"https:\/\/www.em.com.br\/emfoco\/wp-content\/uploads\/2025\/04\/petunia-flor_1745406799175-1024x576.jpg\" alt=\"As melhores flores para cultivar em vasos mesmo em espa\u00e7os pequenos\" class=\"wp-image-40709\" srcset=\"https:\/\/www.em.com.br\/emfoco\/wp-content\/uploads\/2025\/04\/petunia-flor_1745406799175-1024x576.jpg 1024w, https:\/\/www.em.com.br\/emfoco\/wp-content\/uploads\/2025\/04\/petunia-flor_1745406799175-300x169.jpg 300w, https:\/\/www.em.com.br\/emfoco\/wp-content\/uploads\/2025\/04\/petunia-flor_1745406799175-768x432.jpg 768w, https:\/\/www.em.com.br\/emfoco\/wp-content\/uploads\/2025\/04\/petunia-flor_1745406799175-750x422.jpg 750w, https:\/\/www.em.com.br\/emfoco\/wp-content\/uploads\/2025\/04\/petunia-flor_1745406799175-1140x641.jpg 1140w, https:\/\/www.em.com.br\/emfoco\/wp-content\/uploads\/2025\/04\/petunia-flor_1745406799175.jpg 1280w\" sizes=\"auto, (max-width: 1024px) 100vw, 1024px\" \/><figcaption class=\"wp-element-caption\">Pet\u00fania conhecidas por florescimento r\u00e1pido &#8211; Cr\u00e9ditos: depositphotos.com \/ yuiyuize@gmail.com<\/figcaption><\/figure><\/div>\n\n\n<p>Leia tamb\u00e9m:&nbsp;<a href=\"https:\/\/www.em.com.br\/emfoco\/2025\/12\/09\/flores-tropicais-que-atraem-borboletas-e-mantem-jardins-coloridos-por-meses\/\" target=\"_blank\" rel=\"noopener\">Flores tropicais que atraem borboletas e mant\u00eam jardins coloridos por meses<\/a><\/p>\n\n\n\n<h2 class=\"wp-block-heading\">Como plantar flores com ciclo r\u00e1pido passo a passo<\/h2>\n\n\n\n<p>Para que o plantio de flores com ciclo r\u00e1pido funcione bem, vale seguir uma sequ\u00eancia de cuidados b\u00e1sicos. A organiza\u00e7\u00e3o dessas etapas ajuda a reduzir falhas de <b>germina\u00e7\u00e3o<\/b> e perda de mudas fr\u00e1geis, algo comum quando se busca rapidez de resultado e quando o jardineiro ainda est\u00e1 come\u00e7ando.<\/p>\n\n\n\n<div style=\"font-family: Arial, sans-serif; max-width: 1100px; margin: 0 auto; background: #ffffff; padding: 10px; border-radius: 16px; border: 1px solid #cba7f5;\">\n\n    <div style=\"background: #f7ecff; padding: 8px; border-radius: 12px; border: 1px solid #d3b8f7; text-align: center; margin-bottom: 15px;\">\n        <h2 style=\"margin: 0; color: #6b38a5; font-size: 18px;\">\ud83c\udf3b Guia Passo a Passo: Plantio de Flores<\/h2>\n    <\/div>\n\n    <table style=\"width: 100%; border-collapse: collapse;\">\n        <thead>\n            <tr>\n                <th style=\"background: #f3e6ff; padding: 10px; border: 1px solid #d3b8f7; font-size: 14px; color: #4b2a78; width: 30%;\">Etapa<\/th>\n                <th style=\"background: #f3e6ff; padding: 10px; border: 1px solid #d3b8f7; font-size: 14px; color: #4b2a78;\">Orienta\u00e7\u00f5es e Cuidados<\/th>\n            <\/tr>\n        <\/thead>\n\n        <tbody>\n\n            <tr style=\"vertical-align: middle; border-bottom: 1px solid #e5d4fa;\">\n                <td style=\"padding: 10px; text-align: center; border-right: 1px solid #d3b8f7;\">\n                    <div style=\"background: #e9d6ff; padding: 8px 12px; border-radius: 14px; display: inline-block; color: #5a2d91; font-weight: bold; font-size: 13px;\">\n                        1. Escolha das esp\u00e9cies\n                    <\/div>\n                <\/td>\n                <td style=\"padding: 10px; color: #333; font-size: 13px; line-height: 1.6;\">\n                    <ul style=\"margin: 0; padding-left: 20px;\">\n                        <li>Priorizar <strong>flores anuais<\/strong> de germina\u00e7\u00e3o r\u00e1pida (ex: cravina-an\u00e3, tagetes, cal\u00eandula de porte baixo, z\u00ednias).<\/li>\n                        <li>Verificar na embalagem o prazo m\u00e9dio de <strong>germina\u00e7\u00e3o<\/strong> e in\u00edcio da flora\u00e7\u00e3o.<\/li>\n                        <li>Optar por cultivares marcadas como &#8220;precoce&#8221;, &#8220;ciclo curto&#8221; ou &#8220;flora\u00e7\u00e3o r\u00e1pida&#8221;.<\/li>\n                    <\/ul>\n                <\/td>\n            <\/tr>\n\n            <tr style=\"vertical-align: middle; border-bottom: 1px solid #e5d4fa;\">\n                <td style=\"padding: 10px; text-align: center; border-right: 1px solid #d3b8f7;\">\n                    <div style=\"background: #e9d6ff; padding: 8px 12px; border-radius: 14px; display: inline-block; color: #5a2d91; font-weight: bold; font-size: 13px;\">\n                        2. Prepara\u00e7\u00e3o do solo ou substrato\n                    <\/div>\n                <\/td>\n                <td style=\"padding: 10px; color: #333; font-size: 13px; line-height: 1.6;\">\n                    <ul style=\"margin: 0; padding-left: 20px;\">\n                        <li>Usar <strong>substrato<\/strong> leve e bem drenado, espec\u00edfico para flores (vasos\/jardineiras).<\/li>\n                        <li>Em canteiros, revolver a terra, retirar pedras e misturar <strong>composto org\u00e2nico<\/strong> bem curtido.<\/li>\n                        <li>Garantir boa drenagem com uma camada de brita ou argila expandida no fundo dos vasos.<\/li>\n                    <\/ul>\n                <\/td>\n            <\/tr>\n\n            <tr style=\"vertical-align: middle; border-bottom: 1px solid #e5d4fa;\">\n                <td style=\"padding: 10px; text-align: center; border-right: 1px solid #d3b8f7;\">\n                    <div style=\"background: #e9d6ff; padding: 8px 12px; border-radius: 14px; display: inline-block; color: #5a2d91; font-weight: bold; font-size: 13px;\">\n                        3. Plantio das sementes ou mudas\n                    <\/div>\n                <\/td>\n                <td style=\"padding: 10px; color: #333; font-size: 13px; line-height: 1.6;\">\n                    <ul style=\"margin: 0; padding-left: 20px;\">\n                        <li>Semeadura superficial, cobrindo levemente as sementes com fina camada de <strong>substrato<\/strong>.<\/li>\n                        <li>Respeitar o espa\u00e7amento indicado para evitar competi\u00e7\u00e3o por luz e <strong>nutrientes<\/strong>.<\/li>\n                        <li>Ao usar mudas, plantar sem apertar demais a raiz para n\u00e3o prejudicar o crescimento.<\/li>\n                    <\/ul>\n                <\/td>\n            <\/tr>\n\n            <tr style=\"vertical-align: middle;\">\n                <td style=\"padding: 10px; text-align: center; border-right: 1px solid #d3b8f7;\">\n                    <div style=\"background: #e9d6ff; padding: 8px 12px; border-radius: 14px; display: inline-block; color: #5a2d91; font-weight: bold; font-size: 13px;\">\n                        4. Cuidados nas primeiras semanas\n                    <\/div>\n                <\/td>\n                <td style=\"padding: 10px; color: #333; font-size: 13px; line-height: 1.6;\">\n                    <ul style=\"margin: 0; padding-left: 20px;\">\n                        <li>Manter o solo \u00famido, sem encharcar, especialmente durante a <strong>germina\u00e7\u00e3o<\/strong>.<\/li>\n                        <li>Colocar os vasos em local com boa ilumina\u00e7\u00e3o, preferencialmente <strong>sol da manh\u00e3<\/strong>.<\/li>\n                        <li>Fazer aduba\u00e7\u00f5es leves e frequentes com fertilizantes pr\u00f3prios para flores.<\/li>\n                    <\/ul>\n                <\/td>\n            <\/tr>\n\n        <\/tbody>\n    <\/table>\n<\/div>\n\n\n\n<h2 class=\"wp-block-heading\">Que cuidados aceleram o florescimento em aproximadamente 30 dias<\/h2>\n\n\n\n<p>Alguns ajustes de manejo podem favorecer o <b>florescimento<\/b> r\u00e1pido e manter as plantas saud\u00e1veis, sem for\u00e7ar demais o ciclo natural. A ideia \u00e9 criar condi\u00e7\u00f5es ideais para que o potencial gen\u00e9tico das flores de ciclo curto seja aproveitado, especialmente em espa\u00e7os pequenos ou em vasos.<\/p>\n\n\n\n<ul class=\"wp-block-list\">\n<li><strong>Luz adequada:<\/strong> a maioria das flores de crescimento r\u00e1pido precisa de pelo menos 4 a 6 horas de <b>sol direto<\/b> por dia.<\/li>\n\n\n\n<li><strong>Rega controlada:<\/strong> regas frequentes e em pequena quantidade funcionam melhor que grandes volumes de \u00e1gua de uma s\u00f3 vez, ajudando a evitar o <b>encharcamento<\/b>.<\/li>\n\n\n\n<li><strong>Aduba\u00e7\u00e3o equilibrada:<\/strong> fertilizantes ricos em <b>f\u00f3sforo<\/b> e pot\u00e1ssio favorecem a forma\u00e7\u00e3o de flores.<\/li>\n\n\n\n<li><strong>Poda de limpeza:<\/strong> a retirada das flores secas direciona a energia da planta para novos <b>bot\u00f5es<\/b>.<\/li>\n\n\n\n<li><strong>Prote\u00e7\u00e3o contra pragas:<\/strong> inspe\u00e7\u00f5es r\u00e1pidas semanais ajudam a controlar <b>pulg\u00f5es<\/b>, cochonilhas e fungos no in\u00edcio.<\/li>\n<\/ul>\n\n\n\n<p>Para voc\u00ea que gosta de plantar em casa, separamos um v\u00eddeo do canal <a class=\"yt-simple-endpoint style-scope yt-formatted-string\" spellcheck=\"false\" href=\"https:\/\/www.youtube.com\/@SpagnholPlantas1\" target=\"_blank\" rel=\"noopener\">Spagnhol Plantas<\/a> sobre 10 flores de cultivo r\u00e1pido e f\u00e1cil:<\/p>\n\n\n\n<figure class=\"wp-block-embed is-type-video is-provider-youtube wp-block-embed-youtube wp-embed-aspect-16-9 wp-has-aspect-ratio\"><div class=\"wp-block-embed__wrapper\">\n<div class=\"jeg_video_container jeg_video_content\"><iframe loading=\"lazy\" title=\"10 FLORES de f\u00e1cil cultivo para o SEU VASO ou JARDIM\" width=\"500\" height=\"281\" src=\"https:\/\/www.youtube.com\/embed\/qoarcaZVF24?feature=oembed\" frameborder=\"0\" allow=\"accelerometer; autoplay; clipboard-write; encrypted-media; gyroscope; picture-in-picture; web-share\" referrerpolicy=\"strict-origin-when-cross-origin\" allowfullscreen><\/iframe><\/div>\n<\/div><\/figure>\n\n\n\n<h2 class=\"wp-block-heading\">Quais flores r\u00e1pidas s\u00e3o ideais para jardins e vasos pequenos<\/h2>\n\n\n\n<p>Ao planejar um pequeno jardim com resultado em aproximadamente 30 dias, \u00e9 comum combinar diferentes tipos de flores de ciclo r\u00e1pido em vasos, jardineiras e canteiros. Essa mistura gera diversidade de <b>cores<\/b> e alturas, mantendo o visual interessante mesmo quando algumas plantas come\u00e7am a encerrar o ciclo e precisam ser substitu\u00eddas.<\/p>\n\n\n\n<p>Entre as op\u00e7\u00f5es mais utilizadas est\u00e3o <b>cravina-an\u00e3<\/b> e variedades compactas de tagetes, al\u00e9m de z\u00ednias de porte baixo, cal\u00eandulas em clima ameno e pet\u00fanias h\u00edbridas precoces. Em sacadas e janelas, vale alternar vasos com flores de crescimento r\u00e1pido e <b>ervas arom\u00e1ticas<\/b>, desde que tenham exig\u00eancias parecidas de luz e \u00e1gua, tornando o espa\u00e7o bonito e funcional o ano todo.<\/p>\n","protected":false},"excerpt":{"rendered":"<p>Quem pretende deixar o jardim mais colorido em pouco tempo costuma buscar flores que crescem r\u00e1pido e d\u00e3o resultado em cerca de 30 dias. Essa estrat\u00e9gia \u00e9 \u00fatil para pequenos espa\u00e7os, varandas de apartamentos ou at\u00e9 para decorar um ambiente para uma data espec\u00edfica, e com alguns cuidados simples em rela\u00e7\u00e3o ao solo, \u00e0 escolha [&hellip;]<\/p>\n","protected":false},"author":9,"featured_media":89551,"comment_status":"open","ping_status":"open","sticky":false,"template":"","format":"standard","meta":{"jnews-multi-image_gallery":[],"jnews_single_post":{"format":"standard"},"jnews_primary_category":[],"jnews_social_meta":[],"jnews_override_counter":[],"footnotes":""},"categories":[8691,8819,1],"tags":[7701,3357,3325],"class_list":["post-137895","post","type-post","status-publish","format-standard","has-post-thumbnail","hentry","category-bem-estar","category-curiosidades","category-noticias","tag-como-plantar","tag-flores","tag-jardim"],"yoast_head":"<!-- This site is optimized with the Yoast SEO plugin v23.8 - https:\/\/yoast.com\/wordpress\/plugins\/seo\/ -->\n<title>As flores que deixam seu jardim colorido em apenas 30 dias - Estado de Minas - Em foco<\/title>\n<meta name=\"description\" content=\"Esp\u00e9cies de ciclo curto florescem em cerca de 30 dias. Saiba escolher plantas como tagetes e preparar o solo para um jardim r\u00e1pido.\" \/>\n<meta name=\"robots\" content=\"index, follow, max-snippet:-1, max-image-preview:large, max-video-preview:-1\" \/>\n<link rel=\"canonical\" href=\"https:\/\/www.em.com.br\/emfoco\/2025\/12\/10\/pare-de-esperar-meses-e-aposte-nestas-flores-que-germinam-e-abrem-botoes-rapidamente\/\" \/>\n<meta property=\"og:locale\" content=\"pt_BR\" \/>\n<meta property=\"og:type\" content=\"article\" \/>\n<meta property=\"og:title\" content=\"As flores que deixam seu jardim colorido em apenas 30 dias - Estado de Minas - Em foco\" \/>\n<meta property=\"og:description\" content=\"Esp\u00e9cies de ciclo curto florescem em cerca de 30 dias. Saiba escolher plantas como tagetes e preparar o solo para um jardim r\u00e1pido.\" \/>\n<meta property=\"og:url\" content=\"https:\/\/www.em.com.br\/emfoco\/2025\/12\/10\/pare-de-esperar-meses-e-aposte-nestas-flores-que-germinam-e-abrem-botoes-rapidamente\/\" \/>\n<meta property=\"og:site_name\" content=\"Estado de Minas - Em foco\" \/>\n<meta property=\"article:published_time\" content=\"2025-12-10T20:35:47+00:00\" \/>\n<meta property=\"article:modified_time\" content=\"2025-12-10T01:27:10+00:00\" \/>\n<meta property=\"og:image\" content=\"https:\/\/www.em.com.br\/emfoco\/wp-content\/uploads\/2025\/08\/canteiro-casa-flores_1754916900127.jpg\" \/>\n\t<meta property=\"og:image:width\" content=\"1279\" \/>\n\t<meta property=\"og:image:height\" content=\"720\" \/>\n\t<meta property=\"og:image:type\" content=\"image\/jpeg\" \/>\n<meta name=\"author\" content=\"Daniely Cardoso\" \/>\n<meta name=\"twitter:card\" content=\"summary_large_image\" \/>\n<meta name=\"twitter:label1\" content=\"Escrito por\" \/>\n\t<meta name=\"twitter:data1\" content=\"Daniely Cardoso\" \/>\n\t<meta name=\"twitter:label2\" content=\"Est. tempo de leitura\" \/>\n\t<meta name=\"twitter:data2\" content=\"5 minutos\" \/>\n<!-- \/ Yoast SEO plugin. -->","yoast_head_json":{"title":"As flores que deixam seu jardim colorido em apenas 30 dias - Estado de Minas - Em foco","description":"Esp\u00e9cies de ciclo curto florescem em cerca de 30 dias. Saiba escolher plantas como tagetes e preparar o solo para um jardim r\u00e1pido.","robots":{"index":"index","follow":"follow","max-snippet":"max-snippet:-1","max-image-preview":"max-image-preview:large","max-video-preview":"max-video-preview:-1"},"canonical":"https:\/\/www.em.com.br\/emfoco\/2025\/12\/10\/pare-de-esperar-meses-e-aposte-nestas-flores-que-germinam-e-abrem-botoes-rapidamente\/","og_locale":"pt_BR","og_type":"article","og_title":"As flores que deixam seu jardim colorido em apenas 30 dias - Estado de Minas - Em foco","og_description":"Esp\u00e9cies de ciclo curto florescem em cerca de 30 dias. Saiba escolher plantas como tagetes e preparar o solo para um jardim r\u00e1pido.","og_url":"https:\/\/www.em.com.br\/emfoco\/2025\/12\/10\/pare-de-esperar-meses-e-aposte-nestas-flores-que-germinam-e-abrem-botoes-rapidamente\/","og_site_name":"Estado de Minas - Em foco","article_published_time":"2025-12-10T20:35:47+00:00","article_modified_time":"2025-12-10T01:27:10+00:00","og_image":[{"width":1279,"height":720,"url":"https:\/\/www.em.com.br\/emfoco\/wp-content\/uploads\/2025\/08\/canteiro-casa-flores_1754916900127.jpg","type":"image\/jpeg"}],"author":"Daniely Cardoso","twitter_card":"summary_large_image","twitter_misc":{"Escrito por":"Daniely Cardoso","Est. tempo de leitura":"5 minutos"},"schema":{"@context":"https:\/\/schema.org","@graph":[{"@type":"WebPage","@id":"https:\/\/www.em.com.br\/emfoco\/2025\/12\/10\/pare-de-esperar-meses-e-aposte-nestas-flores-que-germinam-e-abrem-botoes-rapidamente\/","url":"https:\/\/www.em.com.br\/emfoco\/2025\/12\/10\/pare-de-esperar-meses-e-aposte-nestas-flores-que-germinam-e-abrem-botoes-rapidamente\/","name":"As flores que deixam seu jardim colorido em apenas 30 dias - Estado de Minas - Em foco","isPartOf":{"@id":"https:\/\/www.em.com.br\/emfoco\/#website"},"primaryImageOfPage":{"@id":"https:\/\/www.em.com.br\/emfoco\/2025\/12\/10\/pare-de-esperar-meses-e-aposte-nestas-flores-que-germinam-e-abrem-botoes-rapidamente\/#primaryimage"},"image":{"@id":"https:\/\/www.em.com.br\/emfoco\/2025\/12\/10\/pare-de-esperar-meses-e-aposte-nestas-flores-que-germinam-e-abrem-botoes-rapidamente\/#primaryimage"},"thumbnailUrl":"https:\/\/www.em.com.br\/emfoco\/wp-content\/uploads\/2025\/08\/canteiro-casa-flores_1754916900127.jpg","datePublished":"2025-12-10T20:35:47+00:00","dateModified":"2025-12-10T01:27:10+00:00","author":{"@id":"https:\/\/www.em.com.br\/emfoco\/#\/schema\/person\/0a8186d72f2c3a5c6276d90b41f271a0"},"description":"Esp\u00e9cies de ciclo curto florescem em cerca de 30 dias. Saiba escolher plantas como tagetes e preparar o solo para um jardim r\u00e1pido.","breadcrumb":{"@id":"https:\/\/www.em.com.br\/emfoco\/2025\/12\/10\/pare-de-esperar-meses-e-aposte-nestas-flores-que-germinam-e-abrem-botoes-rapidamente\/#breadcrumb"},"inLanguage":"pt-BR","potentialAction":[{"@type":"ReadAction","target":["https:\/\/www.em.com.br\/emfoco\/2025\/12\/10\/pare-de-esperar-meses-e-aposte-nestas-flores-que-germinam-e-abrem-botoes-rapidamente\/"]}]},{"@type":"ImageObject","inLanguage":"pt-BR","@id":"https:\/\/www.em.com.br\/emfoco\/2025\/12\/10\/pare-de-esperar-meses-e-aposte-nestas-flores-que-germinam-e-abrem-botoes-rapidamente\/#primaryimage","url":"https:\/\/www.em.com.br\/emfoco\/wp-content\/uploads\/2025\/08\/canteiro-casa-flores_1754916900127.jpg","contentUrl":"https:\/\/www.em.com.br\/emfoco\/wp-content\/uploads\/2025\/08\/canteiro-casa-flores_1754916900127.jpg","width":1279,"height":720,"caption":"Canteiro de flores - Cr\u00e9ditos: depositphotos.com \/ maxim1717"},{"@type":"BreadcrumbList","@id":"https:\/\/www.em.com.br\/emfoco\/2025\/12\/10\/pare-de-esperar-meses-e-aposte-nestas-flores-que-germinam-e-abrem-botoes-rapidamente\/#breadcrumb","itemListElement":[{"@type":"ListItem","position":1,"name":"In\u00edcio","item":"https:\/\/www.em.com.br\/emfoco\/"},{"@type":"ListItem","position":2,"name":"As flores que deixam seu jardim colorido em apenas 30 dias"}]},{"@type":"WebSite","@id":"https:\/\/www.em.com.br\/emfoco\/#website","url":"https:\/\/www.em.com.br\/emfoco\/","name":"Estado de Minas - Em foco","description":"Acompanhe as \u00faltimas not\u00edcias e fique bem informado sobre tudo o que acontece em Minas Gerais, Brasil e no mundo.","potentialAction":[{"@type":"SearchAction","target":{"@type":"EntryPoint","urlTemplate":"https:\/\/www.em.com.br\/emfoco\/?s={search_term_string}"},"query-input":{"@type":"PropertyValueSpecification","valueRequired":true,"valueName":"search_term_string"}}],"inLanguage":"pt-BR"},{"@type":"Person","@id":"https:\/\/www.em.com.br\/emfoco\/#\/schema\/person\/0a8186d72f2c3a5c6276d90b41f271a0","name":"Daniely Cardoso","image":{"@type":"ImageObject","inLanguage":"pt-BR","@id":"https:\/\/www.em.com.br\/emfoco\/#\/schema\/person\/image\/","url":"https:\/\/secure.gravatar.com\/avatar\/4b80ddbd124d1f071b626d52d62e5dff?s=96&d=mm&r=g","contentUrl":"https:\/\/secure.gravatar.com\/avatar\/4b80ddbd124d1f071b626d52d62e5dff?s=96&d=mm&r=g","caption":"Daniely Cardoso"},"url":"https:\/\/www.em.com.br\/emfoco\/author\/danielymyth\/"}]}},"_links":{"self":[{"href":"https:\/\/www.em.com.br\/emfoco\/wp-json\/wp\/v2\/posts\/137895","targetHints":{"allow":["GET"]}}],"collection":[{"href":"https:\/\/www.em.com.br\/emfoco\/wp-json\/wp\/v2\/posts"}],"about":[{"href":"https:\/\/www.em.com.br\/emfoco\/wp-json\/wp\/v2\/types\/post"}],"author":[{"embeddable":true,"href":"https:\/\/www.em.com.br\/emfoco\/wp-json\/wp\/v2\/users\/9"}],"replies":[{"embeddable":true,"href":"https:\/\/www.em.com.br\/emfoco\/wp-json\/wp\/v2\/comments?post=137895"}],"version-history":[{"count":4,"href":"https:\/\/www.em.com.br\/emfoco\/wp-json\/wp\/v2\/posts\/137895\/revisions"}],"predecessor-version":[{"id":138262,"href":"https:\/\/www.em.com.br\/emfoco\/wp-json\/wp\/v2\/posts\/137895\/revisions\/138262"}],"wp:featuredmedia":[{"embeddable":true,"href":"https:\/\/www.em.com.br\/emfoco\/wp-json\/wp\/v2\/media\/89551"}],"wp:attachment":[{"href":"https:\/\/www.em.com.br\/emfoco\/wp-json\/wp\/v2\/media?parent=137895"}],"wp:term":[{"taxonomy":"category","embeddable":true,"href":"https:\/\/www.em.com.br\/emfoco\/wp-json\/wp\/v2\/categories?post=137895"},{"taxonomy":"post_tag","embeddable":true,"href":"https:\/\/www.em.com.br\/emfoco\/wp-json\/wp\/v2\/tags?post=137895"}],"curies":[{"name":"wp","href":"https:\/\/api.w.org\/{rel}","templated":true}]}}