{"id":137893,"date":"2025-12-10T15:45:39","date_gmt":"2025-12-10T18:45:39","guid":{"rendered":"https:\/\/www.em.com.br\/emfoco\/?p=137893"},"modified":"2025-12-09T16:43:54","modified_gmt":"2025-12-09T19:43:54","slug":"a-bebida-natural-e-acessivel-para-quem-sofre-com-ma-digestao-frequente","status":"publish","type":"post","link":"https:\/\/www.em.com.br\/emfoco\/2025\/12\/10\/a-bebida-natural-e-acessivel-para-quem-sofre-com-ma-digestao-frequente\/","title":{"rendered":"A bebida natural e acess\u00edvel para quem sofre com m\u00e1 digest\u00e3o frequente"},"content":{"rendered":"\n<p>O <b>boldo<\/b> \u00e9 uma das <b>plantas medicinais<\/b> mais citadas quando o assunto \u00e9 f\u00edgado e digest\u00e3o. Em muitas casas, o ch\u00e1 de boldo \u00e9 usado como apoio ap\u00f3s refei\u00e7\u00f5es pesadas ou momentos de desconforto abdominal, mas ainda h\u00e1 d\u00favidas sobre como essa erva realmente atua no organismo, quais esp\u00e9cies s\u00e3o mais indicadas e quais cuidados precisam ser observados para que seu uso seja seguro.<\/p>\n\n\n\n<h2 class=\"wp-block-heading\">Como o boldo age no f\u00edgado e no sistema digestivo<\/h2>\n\n\n\n<p>O principal interesse em torno do boldo est\u00e1 em seus compostos amargos, como a <b>boldina<\/b>, presentes principalmente no <b>boldo-do-Chile<\/b>. Essas subst\u00e2ncias estimulam a produ\u00e7\u00e3o e a libera\u00e7\u00e3o de bile pela ves\u00edcula biliar, ajudando o f\u00edgado na digest\u00e3o de gorduras e reduzindo a sensa\u00e7\u00e3o de peso ap\u00f3s refei\u00e7\u00f5es gordurosas.<\/p>\n\n\n\n<p>Al\u00e9m da a\u00e7\u00e3o na bile, estudos apontam que o boldo pode apresentar efeito <b>hepatoprotetor<\/b> em algumas situa\u00e7\u00f5es, ajudando a reduzir o <b>estresse oxidativo<\/b> nas c\u00e9lulas do f\u00edgado. Esse potencial antioxidante n\u00e3o transforma a planta em tratamento isolado para doen\u00e7as hep\u00e1ticas, mas em um poss\u00edvel coadjuvante, sempre com orienta\u00e7\u00e3o profissional.<\/p>\n\n\n<div class=\"wp-block-image\">\n<figure class=\"aligncenter size-large\"><img loading=\"lazy\" decoding=\"async\" width=\"1024\" height=\"576\" src=\"https:\/\/www.em.com.br\/emfoco\/wp-content\/uploads\/2025\/11\/boldo_1763657784459-1024x576.jpg\" alt=\"\" class=\"wp-image-129919\" srcset=\"https:\/\/www.em.com.br\/emfoco\/wp-content\/uploads\/2025\/11\/boldo_1763657784459-1024x576.jpg 1024w, https:\/\/www.em.com.br\/emfoco\/wp-content\/uploads\/2025\/11\/boldo_1763657784459-300x169.jpg 300w, https:\/\/www.em.com.br\/emfoco\/wp-content\/uploads\/2025\/11\/boldo_1763657784459-768x432.jpg 768w, https:\/\/www.em.com.br\/emfoco\/wp-content\/uploads\/2025\/11\/boldo_1763657784459-750x422.jpg 750w, https:\/\/www.em.com.br\/emfoco\/wp-content\/uploads\/2025\/11\/boldo_1763657784459-1140x641.jpg 1140w, https:\/\/www.em.com.br\/emfoco\/wp-content\/uploads\/2025\/11\/boldo_1763657784459.jpg 1280w\" sizes=\"auto, (max-width: 1024px) 100vw, 1024px\" \/><figcaption class=\"wp-element-caption\">O boldo \u00e9 uma das plantas medicinais mais citadas quando o assunto \u00e9 f\u00edgado e digest\u00e3o &#8211; Cr\u00e9ditos: depositphotos.com \/ vbacarin<\/figcaption><\/figure><\/div>\n\n\n<p>Leia tamb\u00e9m:&nbsp;<a href=\"https:\/\/www.em.com.br\/emfoco\/2025\/12\/07\/o-segredo-roxo-que-ajuda-a-limpar-a-gordura-do-figado-naturalmente\/\" target=\"_blank\" rel=\"noopener\">O segredo roxo que ajuda a limpar a gordura do f\u00edgado naturalmente<\/a><\/p>\n\n\n\n<h2 class=\"wp-block-heading\">Quais s\u00e3o os principais benef\u00edcios do boldo para o f\u00edgado<\/h2>\n\n\n\n<p>Os benef\u00edcios do boldo para o f\u00edgado s\u00e3o frequentemente mencionados em pesquisas e na pr\u00e1tica tradicional, principalmente em rela\u00e7\u00e3o \u00e0 <b>digest\u00e3o<\/b> e ao metabolismo de <b>gorduras<\/b>. Em geral, ele \u00e9 usado de forma pontual, como parte de uma rotina de cuidados que inclui alimenta\u00e7\u00e3o equilibrada, menor consumo de \u00e1lcool e acompanhamento m\u00e9dico.<\/p>\n\n\n\n<p>Entre os efeitos mais citados do uso adequado do boldo para o f\u00edgado e o sistema digestivo, destacam-se:<\/p>\n\n\n\n<ul class=\"wp-block-list\">\n<li><strong>Estimula\u00e7\u00e3o da bile:<\/strong> favorece a produ\u00e7\u00e3o e a libera\u00e7\u00e3o de <b>bile<\/b>, facilitando o trabalho do <b>f\u00edgado<\/b> e da ves\u00edcula biliar na digest\u00e3o de lip\u00eddios.<\/li>\n\n\n\n<li><strong>Apoio em casos de m\u00e1 digest\u00e3o:<\/strong> pode aliviar sensa\u00e7\u00e3o de est\u00f4mago pesado, gases e desconforto ap\u00f3s refei\u00e7\u00f5es volumosas, sendo especialmente \u00fatil ap\u00f3s consumo excessivo de <b>\u00e1lcool<\/b> ou refei\u00e7\u00f5es muito <b>gordurosas<\/b>.<\/li>\n\n\n\n<li><strong>A\u00e7\u00e3o antioxidante:<\/strong> compostos da planta ajudam a proteger c\u00e9lulas <b>hep\u00e1ticas<\/b> contra danos <b>oxidativos<\/b>.<\/li>\n\n\n\n<li><strong>Poss\u00edvel efeito anti-inflamat\u00f3rio:<\/strong> estudos experimentais sugerem modula\u00e7\u00e3o de processos <b>inflamat\u00f3rios<\/b> no <b>f\u00edgado<\/b>.<\/li>\n<\/ul>\n\n\n\n<h2 class=\"wp-block-heading\">Como usar o boldo para cuidar do f\u00edgado com seguran\u00e7a<\/h2>\n\n\n\n<p>O boldo pode ser utilizado em forma de <b>ch\u00e1<\/b>, c\u00e1psulas padronizadas ou extratos l\u00edquidos, sempre em consumo moderado e por tempo limitado. Cada apresenta\u00e7\u00e3o exige aten\u00e7\u00e3o \u00e0 dose descrita na embalagem ou ajustada por <b>m\u00e9dicos<\/b> e nutricionistas, evitando a automedica\u00e7\u00e3o prolongada.<\/p>\n\n\n\n<ol class=\"wp-block-list\">\n<li><strong>Ch\u00e1 de boldo:<\/strong> preparado com 1 colher de ch\u00e1 de folhas secas (ou 1 folha fresca grande) em 150 a 200 ml de <b>\u00e1gua quente<\/b>, em <b>infus\u00e3o<\/b> por alguns minutos.<\/li>\n\n\n\n<li><strong>C\u00e1psulas ou comprimidos:<\/strong> possuem concentra\u00e7\u00e3o conhecida do <b>extrato<\/b>; a dose deve seguir orienta\u00e7\u00f5es do <b>fabricante<\/b> ou profissional de sa\u00fade.<\/li>\n\n\n\n<li><strong>Extratos l\u00edquidos:<\/strong> usados em gotas, dilu\u00eddas em <b>\u00e1gua<\/b>, respeitando a indica\u00e7\u00e3o de quantidade <b>di\u00e1ria<\/b>.<\/li>\n<\/ol>\n\n\n\n<p>Doses elevadas ou uso prolongado podem sobrecarregar o <b>f\u00edgado<\/b>, causar irrita\u00e7\u00e3o <b>g\u00e1strica<\/b> e at\u00e9 efeitos t\u00f3xicos, especialmente com o boldo-do-Chile, mais rico em alcaloides. Por isso, \u00e9 essencial n\u00e3o ultrapassar a dose recomendada e suspender o uso em caso de efeitos indesejados.<\/p>\n\n\n\n<p>Para voc\u00ea que gosta de ouvir profissionais, separamos um v\u00eddeo do canal do <a class=\"yt-simple-endpoint style-scope yt-formatted-string\" spellcheck=\"false\" href=\"https:\/\/www.youtube.com\/@DrJulianoTeles\" target=\"_blank\" rel=\"noopener\">Dr Juliano Teles<\/a> onde ele fala sobre os benef\u00edcios desse ch\u00e1:<\/p>\n\n\n\n<figure class=\"wp-block-embed is-type-video is-provider-youtube wp-block-embed-youtube wp-embed-aspect-16-9 wp-has-aspect-ratio\"><div class=\"wp-block-embed__wrapper\">\n<div class=\"jeg_video_container jeg_video_content\"><iframe loading=\"lazy\" title=\"Ch\u00e1 de boldo \u00e9 bom para qu\u00ea | Dr Juliano Teles\" width=\"500\" height=\"281\" src=\"https:\/\/www.youtube.com\/embed\/LkL1Uy_Q6w8?start=1&#038;feature=oembed\" frameborder=\"0\" allow=\"accelerometer; autoplay; clipboard-write; encrypted-media; gyroscope; picture-in-picture; web-share\" referrerpolicy=\"strict-origin-when-cross-origin\" allowfullscreen><\/iframe><\/div>\n<\/div><\/figure>\n\n\n\n<h2 class=\"wp-block-heading\">Quem n\u00e3o deve usar boldo para o f\u00edgado<\/h2>\n\n\n\n<p>Alguns grupos precisam de aten\u00e7\u00e3o especial ao considerar o consumo de boldo, como pessoas com doen\u00e7as <b>hep\u00e1ticas graves<\/b>, cirrose avan\u00e7ada ou <b>hepatite<\/b> em atividade. Nessas situa\u00e7\u00f5es, a estimula\u00e7\u00e3o da bile pode ser inadequada, tornando a avalia\u00e7\u00e3o m\u00e9dica indispens\u00e1vel antes de qualquer fitoter\u00e1pico.<\/p>\n\n\n\n<p><b>Gestantes<\/b>, lactantes, crian\u00e7as pequenas e indiv\u00edduos com c\u00e1lculo na ves\u00edcula biliar tamb\u00e9m devem ter cautela, pois a seguran\u00e7a n\u00e3o est\u00e1 totalmente estabelecida e o aumento do fluxo de bile pode piorar sintomas. Em casos de dor intensa, <b>icter\u00edcia<\/b> ou n\u00e1useas persistentes, o atendimento m\u00e9dico n\u00e3o deve ser adiado, e o boldo jamais deve substituir tratamentos prescritos.<\/p>\n","protected":false},"excerpt":{"rendered":"<p>O boldo \u00e9 uma das plantas medicinais mais citadas quando o assunto \u00e9 f\u00edgado e digest\u00e3o. Em muitas casas, o ch\u00e1 de boldo \u00e9 usado como apoio ap\u00f3s refei\u00e7\u00f5es pesadas ou momentos de desconforto abdominal, mas ainda h\u00e1 d\u00favidas sobre como essa erva realmente atua no organismo, quais esp\u00e9cies s\u00e3o mais indicadas e quais cuidados [&hellip;]<\/p>\n","protected":false},"author":9,"featured_media":134617,"comment_status":"open","ping_status":"open","sticky":false,"template":"","format":"standard","meta":{"jnews-multi-image_gallery":[],"jnews_single_post":{"format":"standard"},"jnews_primary_category":[],"jnews_social_meta":[],"jnews_override_counter":[],"footnotes":""},"categories":[8691,8819,1],"tags":[7188,1924,9257],"class_list":["post-137893","post","type-post","status-publish","format-standard","has-post-thumbnail","hentry","category-bem-estar","category-curiosidades","category-noticias","tag-boldo","tag-cha","tag-figado"],"yoast_head":"<!-- This site is optimized with the Yoast SEO plugin v23.8 - https:\/\/yoast.com\/wordpress\/plugins\/seo\/ -->\n<title>A bebida natural e acess\u00edvel para quem sofre com m\u00e1 digest\u00e3o frequente - Estado de Minas - Em foco<\/title>\n<meta name=\"description\" content=\"Rico em boldina o boldo estimula a bile e auxilia na digest\u00e3o de gorduras. Saiba como consumir com seguran\u00e7a e as contraindica\u00e7\u00f5es.\" \/>\n<meta name=\"robots\" content=\"index, follow, max-snippet:-1, max-image-preview:large, max-video-preview:-1\" \/>\n<link rel=\"canonical\" href=\"https:\/\/www.em.com.br\/emfoco\/2025\/12\/10\/a-bebida-natural-e-acessivel-para-quem-sofre-com-ma-digestao-frequente\/\" \/>\n<meta property=\"og:locale\" content=\"pt_BR\" \/>\n<meta property=\"og:type\" content=\"article\" \/>\n<meta property=\"og:title\" content=\"A bebida natural e acess\u00edvel para quem sofre com m\u00e1 digest\u00e3o frequente - Estado de Minas - Em foco\" \/>\n<meta property=\"og:description\" content=\"Rico em boldina o boldo estimula a bile e auxilia na digest\u00e3o de gorduras. Saiba como consumir com seguran\u00e7a e as contraindica\u00e7\u00f5es.\" \/>\n<meta property=\"og:url\" content=\"https:\/\/www.em.com.br\/emfoco\/2025\/12\/10\/a-bebida-natural-e-acessivel-para-quem-sofre-com-ma-digestao-frequente\/\" \/>\n<meta property=\"og:site_name\" content=\"Estado de Minas - Em foco\" \/>\n<meta property=\"article:published_time\" content=\"2025-12-10T18:45:39+00:00\" \/>\n<meta property=\"article:modified_time\" content=\"2025-12-09T19:43:54+00:00\" \/>\n<meta property=\"og:image\" content=\"https:\/\/www.em.com.br\/emfoco\/wp-content\/uploads\/2025\/12\/cha_1764698551487.jpg\" \/>\n\t<meta property=\"og:image:width\" content=\"1280\" \/>\n\t<meta property=\"og:image:height\" content=\"720\" \/>\n\t<meta property=\"og:image:type\" content=\"image\/jpeg\" \/>\n<meta name=\"author\" content=\"Daniely Cardoso\" \/>\n<meta name=\"twitter:card\" content=\"summary_large_image\" \/>\n<meta name=\"twitter:label1\" content=\"Escrito por\" \/>\n\t<meta name=\"twitter:data1\" content=\"Daniely Cardoso\" \/>\n\t<meta name=\"twitter:label2\" content=\"Est. tempo de leitura\" \/>\n\t<meta name=\"twitter:data2\" content=\"4 minutos\" \/>\n<!-- \/ Yoast SEO plugin. -->","yoast_head_json":{"title":"A bebida natural e acess\u00edvel para quem sofre com m\u00e1 digest\u00e3o frequente - Estado de Minas - Em foco","description":"Rico em boldina o boldo estimula a bile e auxilia na digest\u00e3o de gorduras. Saiba como consumir com seguran\u00e7a e as contraindica\u00e7\u00f5es.","robots":{"index":"index","follow":"follow","max-snippet":"max-snippet:-1","max-image-preview":"max-image-preview:large","max-video-preview":"max-video-preview:-1"},"canonical":"https:\/\/www.em.com.br\/emfoco\/2025\/12\/10\/a-bebida-natural-e-acessivel-para-quem-sofre-com-ma-digestao-frequente\/","og_locale":"pt_BR","og_type":"article","og_title":"A bebida natural e acess\u00edvel para quem sofre com m\u00e1 digest\u00e3o frequente - Estado de Minas - Em foco","og_description":"Rico em boldina o boldo estimula a bile e auxilia na digest\u00e3o de gorduras. Saiba como consumir com seguran\u00e7a e as contraindica\u00e7\u00f5es.","og_url":"https:\/\/www.em.com.br\/emfoco\/2025\/12\/10\/a-bebida-natural-e-acessivel-para-quem-sofre-com-ma-digestao-frequente\/","og_site_name":"Estado de Minas - Em foco","article_published_time":"2025-12-10T18:45:39+00:00","article_modified_time":"2025-12-09T19:43:54+00:00","og_image":[{"width":1280,"height":720,"url":"https:\/\/www.em.com.br\/emfoco\/wp-content\/uploads\/2025\/12\/cha_1764698551487.jpg","type":"image\/jpeg"}],"author":"Daniely Cardoso","twitter_card":"summary_large_image","twitter_misc":{"Escrito por":"Daniely Cardoso","Est. tempo de leitura":"4 minutos"},"schema":{"@context":"https:\/\/schema.org","@graph":[{"@type":"WebPage","@id":"https:\/\/www.em.com.br\/emfoco\/2025\/12\/10\/a-bebida-natural-e-acessivel-para-quem-sofre-com-ma-digestao-frequente\/","url":"https:\/\/www.em.com.br\/emfoco\/2025\/12\/10\/a-bebida-natural-e-acessivel-para-quem-sofre-com-ma-digestao-frequente\/","name":"A bebida natural e acess\u00edvel para quem sofre com m\u00e1 digest\u00e3o frequente - Estado de Minas - Em foco","isPartOf":{"@id":"https:\/\/www.em.com.br\/emfoco\/#website"},"primaryImageOfPage":{"@id":"https:\/\/www.em.com.br\/emfoco\/2025\/12\/10\/a-bebida-natural-e-acessivel-para-quem-sofre-com-ma-digestao-frequente\/#primaryimage"},"image":{"@id":"https:\/\/www.em.com.br\/emfoco\/2025\/12\/10\/a-bebida-natural-e-acessivel-para-quem-sofre-com-ma-digestao-frequente\/#primaryimage"},"thumbnailUrl":"https:\/\/www.em.com.br\/emfoco\/wp-content\/uploads\/2025\/12\/cha_1764698551487.jpg","datePublished":"2025-12-10T18:45:39+00:00","dateModified":"2025-12-09T19:43:54+00:00","author":{"@id":"https:\/\/www.em.com.br\/emfoco\/#\/schema\/person\/0a8186d72f2c3a5c6276d90b41f271a0"},"description":"Rico em boldina o boldo estimula a bile e auxilia na digest\u00e3o de gorduras. Saiba como consumir com seguran\u00e7a e as contraindica\u00e7\u00f5es.","breadcrumb":{"@id":"https:\/\/www.em.com.br\/emfoco\/2025\/12\/10\/a-bebida-natural-e-acessivel-para-quem-sofre-com-ma-digestao-frequente\/#breadcrumb"},"inLanguage":"pt-BR","potentialAction":[{"@type":"ReadAction","target":["https:\/\/www.em.com.br\/emfoco\/2025\/12\/10\/a-bebida-natural-e-acessivel-para-quem-sofre-com-ma-digestao-frequente\/"]}]},{"@type":"ImageObject","inLanguage":"pt-BR","@id":"https:\/\/www.em.com.br\/emfoco\/2025\/12\/10\/a-bebida-natural-e-acessivel-para-quem-sofre-com-ma-digestao-frequente\/#primaryimage","url":"https:\/\/www.em.com.br\/emfoco\/wp-content\/uploads\/2025\/12\/cha_1764698551487.jpg","contentUrl":"https:\/\/www.em.com.br\/emfoco\/wp-content\/uploads\/2025\/12\/cha_1764698551487.jpg","width":1280,"height":720,"caption":"ch\u00e1 que melhora a sa\u00fade do seu pulm\u00e3o - Cr\u00e9ditos: depositphotos.com \/ HayDmitriy"},{"@type":"BreadcrumbList","@id":"https:\/\/www.em.com.br\/emfoco\/2025\/12\/10\/a-bebida-natural-e-acessivel-para-quem-sofre-com-ma-digestao-frequente\/#breadcrumb","itemListElement":[{"@type":"ListItem","position":1,"name":"In\u00edcio","item":"https:\/\/www.em.com.br\/emfoco\/"},{"@type":"ListItem","position":2,"name":"A bebida natural e acess\u00edvel para quem sofre com m\u00e1 digest\u00e3o frequente"}]},{"@type":"WebSite","@id":"https:\/\/www.em.com.br\/emfoco\/#website","url":"https:\/\/www.em.com.br\/emfoco\/","name":"Estado de Minas - Em foco","description":"Acompanhe as \u00faltimas not\u00edcias e fique bem informado sobre tudo o que acontece em Minas Gerais, Brasil e no mundo.","potentialAction":[{"@type":"SearchAction","target":{"@type":"EntryPoint","urlTemplate":"https:\/\/www.em.com.br\/emfoco\/?s={search_term_string}"},"query-input":{"@type":"PropertyValueSpecification","valueRequired":true,"valueName":"search_term_string"}}],"inLanguage":"pt-BR"},{"@type":"Person","@id":"https:\/\/www.em.com.br\/emfoco\/#\/schema\/person\/0a8186d72f2c3a5c6276d90b41f271a0","name":"Daniely Cardoso","image":{"@type":"ImageObject","inLanguage":"pt-BR","@id":"https:\/\/www.em.com.br\/emfoco\/#\/schema\/person\/image\/","url":"https:\/\/secure.gravatar.com\/avatar\/4b80ddbd124d1f071b626d52d62e5dff?s=96&d=mm&r=g","contentUrl":"https:\/\/secure.gravatar.com\/avatar\/4b80ddbd124d1f071b626d52d62e5dff?s=96&d=mm&r=g","caption":"Daniely Cardoso"},"url":"https:\/\/www.em.com.br\/emfoco\/author\/danielymyth\/"}]}},"_links":{"self":[{"href":"https:\/\/www.em.com.br\/emfoco\/wp-json\/wp\/v2\/posts\/137893","targetHints":{"allow":["GET"]}}],"collection":[{"href":"https:\/\/www.em.com.br\/emfoco\/wp-json\/wp\/v2\/posts"}],"about":[{"href":"https:\/\/www.em.com.br\/emfoco\/wp-json\/wp\/v2\/types\/post"}],"author":[{"embeddable":true,"href":"https:\/\/www.em.com.br\/emfoco\/wp-json\/wp\/v2\/users\/9"}],"replies":[{"embeddable":true,"href":"https:\/\/www.em.com.br\/emfoco\/wp-json\/wp\/v2\/comments?post=137893"}],"version-history":[{"count":3,"href":"https:\/\/www.em.com.br\/emfoco\/wp-json\/wp\/v2\/posts\/137893\/revisions"}],"predecessor-version":[{"id":138050,"href":"https:\/\/www.em.com.br\/emfoco\/wp-json\/wp\/v2\/posts\/137893\/revisions\/138050"}],"wp:featuredmedia":[{"embeddable":true,"href":"https:\/\/www.em.com.br\/emfoco\/wp-json\/wp\/v2\/media\/134617"}],"wp:attachment":[{"href":"https:\/\/www.em.com.br\/emfoco\/wp-json\/wp\/v2\/media?parent=137893"}],"wp:term":[{"taxonomy":"category","embeddable":true,"href":"https:\/\/www.em.com.br\/emfoco\/wp-json\/wp\/v2\/categories?post=137893"},{"taxonomy":"post_tag","embeddable":true,"href":"https:\/\/www.em.com.br\/emfoco\/wp-json\/wp\/v2\/tags?post=137893"}],"curies":[{"name":"wp","href":"https:\/\/api.w.org\/{rel}","templated":true}]}}