{"id":137853,"date":"2025-12-10T21:45:00","date_gmt":"2025-12-11T00:45:00","guid":{"rendered":"https:\/\/www.em.com.br\/emfoco\/?p=137853"},"modified":"2025-12-09T14:11:49","modified_gmt":"2025-12-09T17:11:49","slug":"como-recomecar-a-vida-financeira-apos-um-baque-emocional-que-parece-irreversivel","status":"publish","type":"post","link":"https:\/\/www.em.com.br\/emfoco\/2025\/12\/10\/como-recomecar-a-vida-financeira-apos-um-baque-emocional-que-parece-irreversivel\/","title":{"rendered":"Como recome\u00e7ar a vida financeira ap\u00f3s um baque emocional que parece irrevers\u00edvel"},"content":{"rendered":"\n<p>Um <strong>baque emocional<\/strong> como separa\u00e7\u00e3o, luto, demiss\u00e3o, doen\u00e7a ou fal\u00eancia desorganiza n\u00e3o s\u00f3 a mente, mas toda a vida financeira. Muitas pessoas entram em modo autom\u00e1tico, acumulam d\u00edvidas, evitam olhar gastos e sentem vergonha, mas <strong>\u00e9 poss\u00edvel recome\u00e7ar financeiramente<\/strong> mesmo quando tudo parece fora de lugar por dentro.<\/p>\n\n\n\n<h2 class=\"wp-block-heading\">Como o impacto emocional afeta as decis\u00f5es com dinheiro?<\/h2>\n\n\n\n<p>Ap\u00f3s um trauma, emo\u00e7\u00f5es como <strong>tristeza<\/strong>, ansiedade e medo alteram diretamente a forma de lidar com pagamentos, contas e escolhas di\u00e1rias. \u00c9 comum abandonar qualquer controle financeiro por exaust\u00e3o mental, vivendo no improviso e adiando decis\u00f5es importantes por simples incapacidade emocional.<\/p>\n\n\n\n<p>Em outros casos, surge o comportamento oposto, com <strong>gastos compensat\u00f3rios<\/strong> usados como tentativa de aliviar a dor. Compras por impulso, contratos precipitados e a falta de planejamento viram rotas de fuga emocionais, aprofundando ainda mais o descontrole financeiro j\u00e1 instalado.<\/p>\n\n\n\n<figure class=\"wp-block-image size-large\"><img loading=\"lazy\" decoding=\"async\" width=\"1024\" height=\"576\" src=\"https:\/\/www.em.com.br\/emfoco\/wp-content\/uploads\/2025\/12\/Ansiedade-financeira_1765300136922-1024x576.jpg\" alt=\"Como recome\u00e7ar a vida financeira ap\u00f3s um baque emocional que parece irrevers\u00edvel \" class=\"wp-image-137873\" srcset=\"https:\/\/www.em.com.br\/emfoco\/wp-content\/uploads\/2025\/12\/Ansiedade-financeira_1765300136922-1024x576.jpg 1024w, https:\/\/www.em.com.br\/emfoco\/wp-content\/uploads\/2025\/12\/Ansiedade-financeira_1765300136922-300x169.jpg 300w, https:\/\/www.em.com.br\/emfoco\/wp-content\/uploads\/2025\/12\/Ansiedade-financeira_1765300136922-768x432.jpg 768w, https:\/\/www.em.com.br\/emfoco\/wp-content\/uploads\/2025\/12\/Ansiedade-financeira_1765300136922-750x422.jpg 750w, https:\/\/www.em.com.br\/emfoco\/wp-content\/uploads\/2025\/12\/Ansiedade-financeira_1765300136922-1140x641.jpg 1140w, https:\/\/www.em.com.br\/emfoco\/wp-content\/uploads\/2025\/12\/Ansiedade-financeira_1765300136922.jpg 1280w\" sizes=\"auto, (max-width: 1024px) 100vw, 1024px\" \/><figcaption class=\"wp-element-caption\">Tristeza, ansiedade e medo comprometem controle e favorecem decis\u00f5es financeiras impulsivas &#8211; Cr\u00e9ditos: depositphotos.com \/ itchaznong@gmail.com<\/figcaption><\/figure>\n\n\n\n<h2 class=\"wp-block-heading\">Quais s\u00e3o os primeiros passos pr\u00e1ticos do recome\u00e7o?<\/h2>\n\n\n\n<p>O ponto inicial do <strong>recome\u00e7o financeiro<\/strong> n\u00e3o \u00e9 investir, mas reconstruir clareza sobre a pr\u00f3pria realidade. Levantar quanto entra, quanto sai, quais d\u00edvidas existem e quais gastos s\u00e3o essenciais \u00e9 desconfort\u00e1vel, por\u00e9m libertador, como voc\u00ea percebe nas orienta\u00e7\u00f5es a seguir.<\/p>\n\n\n\n<ul class=\"wp-block-list\">\n<li><strong>Mapear todas as entradas e sa\u00eddas<\/strong>, sem filtros ou julgamentos pr\u00e9vios.<\/li>\n\n\n\n<li><strong>Identificar d\u00edvidas ativas<\/strong>, incluindo prazos, juros e valores reais.<\/li>\n\n\n\n<li><strong>Diferenciar gastos essenciais<\/strong> de despesas puramente emocionais.<\/li>\n<\/ul>\n\n\n\n<p><em>Leia mais: <strong><a href=\"https:\/\/www.em.com.br\/emfoco\/2025\/12\/09\/__trashed-12\/\" target=\"_blank\" rel=\"noreferrer noopener\">O que muda quando voc\u00ea passa a guardar at\u00e9 os valores que parecem insignificantes<\/a><\/strong><\/em><\/p>\n\n\n\n<h2 class=\"wp-block-heading\">Como reorganizar a vida financeira no ritmo emocional poss\u00edvel?<\/h2>\n\n\n\n<p>Ap\u00f3s o mapeamento, entra a fase de <strong>renegociar d\u00edvidas<\/strong> sem p\u00e2nico e sem promessas irreais. Reduzir padr\u00f5es de consumo incompat\u00edveis com a nova fase evita novos rombos e cria um ambiente de menor press\u00e3o emocional sobre cada decis\u00e3o financeira.<\/p>\n\n\n\n<p>Tamb\u00e9m \u00e9 essencial criar <strong>metas pequenas e realistas<\/strong>, reconstruir uma reserva de emerg\u00eancia ainda que com valores simb\u00f3licos e retomar o h\u00e1bito de guardar dinheiro como gesto de autocuidado, n\u00e3o como puni\u00e7\u00e3o por erros do passado.<\/p>\n\n\n\n<p>A seguir separamos mais dicas compartilhadas pelo canal do TikTok <strong>@<a href=\"https:\/\/www.tiktok.com\/@moneymindcm\"><strong>moneymindcm<\/strong><\/a><\/strong> que ir\u00e3o te ajudar a recome\u00e7ar e organizar sua vida financeira da forma correta.<\/p>\n\n\n\n<blockquote class=\"tiktok-embed\" cite=\"https:\/\/www.tiktok.com\/@moneymindcm\/video\/7566004580832627985\" data-video-id=\"7566004580832627985\" style=\"max-width: 605px;min-width: 325px;\" > <section> <a target=\"_blank\" title=\"@moneymindcm\" href=\"https:\/\/www.tiktok.com\/@moneymindcm?refer=embed\">@moneymindcm<\/a> 5 DICAS para te livrar de vez das d\u00edvidas!!  <a title=\"dividas\" target=\"_blank\" href=\"https:\/\/www.tiktok.com\/tag\/dividas?refer=embed\">#dividas<\/a>  <a title=\"educa\u00e7\u00e3ofinanceira\" target=\"_blank\" href=\"https:\/\/www.tiktok.com\/tag\/educa%C3%A7%C3%A3ofinanceira?refer=embed\">#educa\u00e7\u00e3ofinanceira<\/a> <a title=\"finan\u00e7as\" target=\"_blank\" href=\"https:\/\/www.tiktok.com\/tag\/finan%C3%A7as?refer=embed\">#finan\u00e7as<\/a> <a target=\"_blank\" title=\"\u266c Storytelling - Adriel\" href=\"https:\/\/www.tiktok.com\/music\/Storytelling-7031101555747080194?refer=embed\">\u266c Storytelling &#8211; Adriel<\/a> <\/section> <\/blockquote> <script async src=\"https:\/\/www.tiktok.com\/embed.js\"><\/script>\n\n\n\n<h2 class=\"wp-block-heading\">Como reconstruir a rela\u00e7\u00e3o com o dinheiro ap\u00f3s o trauma?<\/h2>\n\n\n\n<p>O trauma costuma instalar <strong>culpa<\/strong>, medo e sensa\u00e7\u00e3o de fracasso na rela\u00e7\u00e3o com o dinheiro. Ressignificar esses sentimentos e trocar a l\u00f3gica de puni\u00e7\u00e3o pela de recupera\u00e7\u00e3o permite entender que recome\u00e7ar n\u00e3o \u00e9 retroceder, mas se adaptar \u00e0 nova vers\u00e3o da pr\u00f3pria vida, como mostram os pontos a seguir.<\/p>\n\n\n\n<ul class=\"wp-block-list\">\n<li><strong>Transformar o dinheiro em aliado<\/strong>, n\u00e3o em fonte constante de puni\u00e7\u00e3o.<\/li>\n\n\n\n<li><strong>Buscar apoio emocional<\/strong> com pessoas de confian\u00e7a ou ajuda psicol\u00f3gica.<\/li>\n\n\n\n<li><strong>Evitar o isolamento<\/strong>, que prolonga a dor e o descontrole financeiro.<\/li>\n<\/ul>\n\n\n\n<h2 class=\"wp-block-heading\">Em quanto tempo o recome\u00e7o come\u00e7a a trazer al\u00edvio real?<\/h2>\n\n\n\n<p>O <strong>al\u00edvio emocional<\/strong> costuma aparecer antes da melhora vis\u00edvel no saldo banc\u00e1rio. Pequenas vit\u00f3rias, como pagar uma d\u00edvida, fechar um m\u00eas no azul ou conseguir guardar um valor m\u00ednimo, t\u00eam impacto profundo na autoestima e na sensa\u00e7\u00e3o de controle.<\/p>\n\n\n\n<p>Recome\u00e7ar financeiramente ap\u00f3s um baque emocional exige <strong>gentileza consigo mesmo<\/strong>, const\u00e2ncia em passos pequenos e coragem para olhar a realidade sem se punir. Com paci\u00eancia, a vida volta a se organizar tanto por fora quanto por dentro, de forma gradual e sustent\u00e1vel.<\/p>\n","protected":false},"excerpt":{"rendered":"<p>Um baque emocional como separa\u00e7\u00e3o, luto, demiss\u00e3o, doen\u00e7a ou fal\u00eancia desorganiza n\u00e3o s\u00f3 a mente, mas toda a vida financeira. Muitas pessoas entram em modo autom\u00e1tico, acumulam d\u00edvidas, evitam olhar gastos e sentem vergonha, mas \u00e9 poss\u00edvel recome\u00e7ar financeiramente mesmo quando tudo parece fora de lugar por dentro. Como o impacto emocional afeta as decis\u00f5es [&hellip;]<\/p>\n","protected":false},"author":13,"featured_media":137871,"comment_status":"open","ping_status":"open","sticky":false,"template":"","format":"standard","meta":{"jnews-multi-image_gallery":[],"jnews_single_post":{"format":"standard"},"jnews_primary_category":[],"jnews_social_meta":[],"jnews_override_counter":[],"footnotes":""},"categories":[8819],"tags":[20198,167,20197,15745],"class_list":["post-137853","post","type-post","status-publish","format-standard","has-post-thumbnail","hentry","category-curiosidades","tag-baque-emocional","tag-financas","tag-recomecar-financeiramente","tag-vida-financeira"],"yoast_head":"<!-- This site is optimized with the Yoast SEO plugin v23.8 - https:\/\/yoast.com\/wordpress\/plugins\/seo\/ -->\n<title>Como recome\u00e7ar a vida financeira ap\u00f3s um baque emocional que parece irrevers\u00edvel - Estado de Minas - Em foco<\/title>\n<meta name=\"description\" content=\"Ap\u00f3s um trauma, \u00e9 comum se perder nas finan\u00e7as e nas emo\u00e7\u00f5es. Veja como recome\u00e7ar com clareza, leveza e pequenos passos poss\u00edveis.\" \/>\n<meta name=\"robots\" content=\"index, follow, max-snippet:-1, max-image-preview:large, max-video-preview:-1\" \/>\n<link rel=\"canonical\" href=\"https:\/\/www.em.com.br\/emfoco\/2025\/12\/10\/como-recomecar-a-vida-financeira-apos-um-baque-emocional-que-parece-irreversivel\/\" \/>\n<meta property=\"og:locale\" content=\"pt_BR\" \/>\n<meta property=\"og:type\" content=\"article\" \/>\n<meta property=\"og:title\" content=\"Como recome\u00e7ar a vida financeira ap\u00f3s um baque emocional que parece irrevers\u00edvel - Estado de Minas - Em foco\" \/>\n<meta property=\"og:description\" content=\"Ap\u00f3s um trauma, \u00e9 comum se perder nas finan\u00e7as e nas emo\u00e7\u00f5es. Veja como recome\u00e7ar com clareza, leveza e pequenos passos poss\u00edveis.\" \/>\n<meta property=\"og:url\" content=\"https:\/\/www.em.com.br\/emfoco\/2025\/12\/10\/como-recomecar-a-vida-financeira-apos-um-baque-emocional-que-parece-irreversivel\/\" \/>\n<meta property=\"og:site_name\" content=\"Estado de Minas - Em foco\" \/>\n<meta property=\"article:published_time\" content=\"2025-12-11T00:45:00+00:00\" \/>\n<meta property=\"article:modified_time\" content=\"2025-12-09T17:11:49+00:00\" \/>\n<meta property=\"og:image\" content=\"https:\/\/www.em.com.br\/emfoco\/wp-content\/uploads\/2025\/12\/Vida-financeira_1765300070710.jpg\" \/>\n\t<meta property=\"og:image:width\" content=\"1280\" \/>\n\t<meta property=\"og:image:height\" content=\"720\" \/>\n\t<meta property=\"og:image:type\" content=\"image\/jpeg\" \/>\n<meta name=\"author\" content=\"Gabriel Martins\" \/>\n<meta name=\"twitter:card\" content=\"summary_large_image\" \/>\n<meta name=\"twitter:label1\" content=\"Escrito por\" \/>\n\t<meta name=\"twitter:data1\" content=\"Gabriel Martins\" \/>\n\t<meta name=\"twitter:label2\" content=\"Est. tempo de leitura\" \/>\n\t<meta name=\"twitter:data2\" content=\"4 minutos\" \/>\n<!-- \/ Yoast SEO plugin. -->","yoast_head_json":{"title":"Como recome\u00e7ar a vida financeira ap\u00f3s um baque emocional que parece irrevers\u00edvel - Estado de Minas - Em foco","description":"Ap\u00f3s um trauma, \u00e9 comum se perder nas finan\u00e7as e nas emo\u00e7\u00f5es. Veja como recome\u00e7ar com clareza, leveza e pequenos passos poss\u00edveis.","robots":{"index":"index","follow":"follow","max-snippet":"max-snippet:-1","max-image-preview":"max-image-preview:large","max-video-preview":"max-video-preview:-1"},"canonical":"https:\/\/www.em.com.br\/emfoco\/2025\/12\/10\/como-recomecar-a-vida-financeira-apos-um-baque-emocional-que-parece-irreversivel\/","og_locale":"pt_BR","og_type":"article","og_title":"Como recome\u00e7ar a vida financeira ap\u00f3s um baque emocional que parece irrevers\u00edvel - Estado de Minas - Em foco","og_description":"Ap\u00f3s um trauma, \u00e9 comum se perder nas finan\u00e7as e nas emo\u00e7\u00f5es. Veja como recome\u00e7ar com clareza, leveza e pequenos passos poss\u00edveis.","og_url":"https:\/\/www.em.com.br\/emfoco\/2025\/12\/10\/como-recomecar-a-vida-financeira-apos-um-baque-emocional-que-parece-irreversivel\/","og_site_name":"Estado de Minas - Em foco","article_published_time":"2025-12-11T00:45:00+00:00","article_modified_time":"2025-12-09T17:11:49+00:00","og_image":[{"width":1280,"height":720,"url":"https:\/\/www.em.com.br\/emfoco\/wp-content\/uploads\/2025\/12\/Vida-financeira_1765300070710.jpg","type":"image\/jpeg"}],"author":"Gabriel Martins","twitter_card":"summary_large_image","twitter_misc":{"Escrito por":"Gabriel Martins","Est. tempo de leitura":"4 minutos"},"schema":{"@context":"https:\/\/schema.org","@graph":[{"@type":"WebPage","@id":"https:\/\/www.em.com.br\/emfoco\/2025\/12\/10\/como-recomecar-a-vida-financeira-apos-um-baque-emocional-que-parece-irreversivel\/","url":"https:\/\/www.em.com.br\/emfoco\/2025\/12\/10\/como-recomecar-a-vida-financeira-apos-um-baque-emocional-que-parece-irreversivel\/","name":"Como recome\u00e7ar a vida financeira ap\u00f3s um baque emocional que parece irrevers\u00edvel - Estado de Minas - Em foco","isPartOf":{"@id":"https:\/\/www.em.com.br\/emfoco\/#website"},"primaryImageOfPage":{"@id":"https:\/\/www.em.com.br\/emfoco\/2025\/12\/10\/como-recomecar-a-vida-financeira-apos-um-baque-emocional-que-parece-irreversivel\/#primaryimage"},"image":{"@id":"https:\/\/www.em.com.br\/emfoco\/2025\/12\/10\/como-recomecar-a-vida-financeira-apos-um-baque-emocional-que-parece-irreversivel\/#primaryimage"},"thumbnailUrl":"https:\/\/www.em.com.br\/emfoco\/wp-content\/uploads\/2025\/12\/Vida-financeira_1765300070710.jpg","datePublished":"2025-12-11T00:45:00+00:00","dateModified":"2025-12-09T17:11:49+00:00","author":{"@id":"https:\/\/www.em.com.br\/emfoco\/#\/schema\/person\/1c9ddeab18b98abeffef834667bcf08a"},"description":"Ap\u00f3s um trauma, \u00e9 comum se perder nas finan\u00e7as e nas emo\u00e7\u00f5es. Veja como recome\u00e7ar com clareza, leveza e pequenos passos poss\u00edveis.","breadcrumb":{"@id":"https:\/\/www.em.com.br\/emfoco\/2025\/12\/10\/como-recomecar-a-vida-financeira-apos-um-baque-emocional-que-parece-irreversivel\/#breadcrumb"},"inLanguage":"pt-BR","potentialAction":[{"@type":"ReadAction","target":["https:\/\/www.em.com.br\/emfoco\/2025\/12\/10\/como-recomecar-a-vida-financeira-apos-um-baque-emocional-que-parece-irreversivel\/"]}]},{"@type":"ImageObject","inLanguage":"pt-BR","@id":"https:\/\/www.em.com.br\/emfoco\/2025\/12\/10\/como-recomecar-a-vida-financeira-apos-um-baque-emocional-que-parece-irreversivel\/#primaryimage","url":"https:\/\/www.em.com.br\/emfoco\/wp-content\/uploads\/2025\/12\/Vida-financeira_1765300070710.jpg","contentUrl":"https:\/\/www.em.com.br\/emfoco\/wp-content\/uploads\/2025\/12\/Vida-financeira_1765300070710.jpg","width":1280,"height":720,"caption":"Recome\u00e7ar financeiramente ap\u00f3s um trauma exige gentileza, clareza e const\u00e2ncia di\u00e1ria"},{"@type":"BreadcrumbList","@id":"https:\/\/www.em.com.br\/emfoco\/2025\/12\/10\/como-recomecar-a-vida-financeira-apos-um-baque-emocional-que-parece-irreversivel\/#breadcrumb","itemListElement":[{"@type":"ListItem","position":1,"name":"In\u00edcio","item":"https:\/\/www.em.com.br\/emfoco\/"},{"@type":"ListItem","position":2,"name":"Como recome\u00e7ar a vida financeira ap\u00f3s um baque emocional que parece irrevers\u00edvel"}]},{"@type":"WebSite","@id":"https:\/\/www.em.com.br\/emfoco\/#website","url":"https:\/\/www.em.com.br\/emfoco\/","name":"Estado de Minas - Em foco","description":"Acompanhe as \u00faltimas not\u00edcias e fique bem informado sobre tudo o que acontece em Minas Gerais, Brasil e no mundo.","potentialAction":[{"@type":"SearchAction","target":{"@type":"EntryPoint","urlTemplate":"https:\/\/www.em.com.br\/emfoco\/?s={search_term_string}"},"query-input":{"@type":"PropertyValueSpecification","valueRequired":true,"valueName":"search_term_string"}}],"inLanguage":"pt-BR"},{"@type":"Person","@id":"https:\/\/www.em.com.br\/emfoco\/#\/schema\/person\/1c9ddeab18b98abeffef834667bcf08a","name":"Gabriel Martins","image":{"@type":"ImageObject","inLanguage":"pt-BR","@id":"https:\/\/www.em.com.br\/emfoco\/#\/schema\/person\/image\/","url":"https:\/\/secure.gravatar.com\/avatar\/f0f1e2efdfd88f1ad2cb08c5c2731e50?s=96&d=mm&r=g","contentUrl":"https:\/\/secure.gravatar.com\/avatar\/f0f1e2efdfd88f1ad2cb08c5c2731e50?s=96&d=mm&r=g","caption":"Gabriel Martins"},"sameAs":["https:\/\/www.em.com.br\/emfoco\/"],"url":"https:\/\/www.em.com.br\/emfoco\/author\/gabrielmartinsmyth\/"}]}},"_links":{"self":[{"href":"https:\/\/www.em.com.br\/emfoco\/wp-json\/wp\/v2\/posts\/137853","targetHints":{"allow":["GET"]}}],"collection":[{"href":"https:\/\/www.em.com.br\/emfoco\/wp-json\/wp\/v2\/posts"}],"about":[{"href":"https:\/\/www.em.com.br\/emfoco\/wp-json\/wp\/v2\/types\/post"}],"author":[{"embeddable":true,"href":"https:\/\/www.em.com.br\/emfoco\/wp-json\/wp\/v2\/users\/13"}],"replies":[{"embeddable":true,"href":"https:\/\/www.em.com.br\/emfoco\/wp-json\/wp\/v2\/comments?post=137853"}],"version-history":[{"count":1,"href":"https:\/\/www.em.com.br\/emfoco\/wp-json\/wp\/v2\/posts\/137853\/revisions"}],"predecessor-version":[{"id":137880,"href":"https:\/\/www.em.com.br\/emfoco\/wp-json\/wp\/v2\/posts\/137853\/revisions\/137880"}],"wp:featuredmedia":[{"embeddable":true,"href":"https:\/\/www.em.com.br\/emfoco\/wp-json\/wp\/v2\/media\/137871"}],"wp:attachment":[{"href":"https:\/\/www.em.com.br\/emfoco\/wp-json\/wp\/v2\/media?parent=137853"}],"wp:term":[{"taxonomy":"category","embeddable":true,"href":"https:\/\/www.em.com.br\/emfoco\/wp-json\/wp\/v2\/categories?post=137853"},{"taxonomy":"post_tag","embeddable":true,"href":"https:\/\/www.em.com.br\/emfoco\/wp-json\/wp\/v2\/tags?post=137853"}],"curies":[{"name":"wp","href":"https:\/\/api.w.org\/{rel}","templated":true}]}}