{"id":137845,"date":"2025-12-10T08:15:46","date_gmt":"2025-12-10T11:15:46","guid":{"rendered":"https:\/\/www.em.com.br\/emfoco\/?p=137845"},"modified":"2025-12-09T16:25:21","modified_gmt":"2025-12-09T19:25:21","slug":"esqueca-o-cabelo-solto-e-sem-graca-apostando-nestas-opcoes-praticas-e-modernas","status":"publish","type":"post","link":"https:\/\/www.em.com.br\/emfoco\/2025\/12\/10\/esqueca-o-cabelo-solto-e-sem-graca-apostando-nestas-opcoes-praticas-e-modernas\/","title":{"rendered":"Esque\u00e7a o cabelo solto e sem gra\u00e7a, aposte nestas op\u00e7\u00f5es pr\u00e1ticas e modernas"},"content":{"rendered":"\n<p>Penteados f\u00e1ceis para usar no dia a dia tornaram-se parte da rotina de quem precisa se arrumar r\u00e1pido sem abrir m\u00e3o de um visual organizado. Em poucos minutos, \u00e9 poss\u00edvel prender, torcer ou tran\u00e7ar os fios de um jeito pr\u00e1tico, adaptando o cabelo a diferentes compromissos, como <b>trabalho<\/b>, estudos ou tarefas dom\u00e9sticas, valorizando do liso ao <b>crespo<\/b> sem exigir t\u00e9cnicas profissionais.<\/p>\n\n\n\n<h2 class=\"wp-block-heading\">Quais penteados f\u00e1ceis funcionam melhor no dia a dia<\/h2>\n\n\n\n<p>Entre os penteados simples, alguns modelos aparecem com frequ\u00eancia por causa da versatilidade e da facilidade de execu\u00e7\u00e3o. <b>Rabo de cavalo<\/b>, coque e tran\u00e7as r\u00e1pidas atendem bem quem busca praticidade, podendo ser ajustados com detalhes discretos ou acess\u00f3rios b\u00e1sicos, como presilhas, la\u00e7os e <b>scrunchies<\/b> de tecido.<\/p>\n\n\n\n<p>Esses penteados r\u00e1pidos podem ser combinados com el\u00e1sticos discretos, grampos pr\u00f3ximos \u00e0 cor do cabelo e presilhas simples. Em dias \u00famidos, prender a <b>franja<\/b> ou a parte frontal em pequenas torcidinhas ajuda a reduzir o frizz e mant\u00e9m o visual organizado por mais tempo, especialmente em regi\u00f5es de clima mais <b>\u00famido<\/b> ou muito quente.<\/p>\n\n\n\n<ul class=\"wp-block-list\">\n<li><strong>Rabo de cavalo baixo:<\/strong> indicado para ambientes profissionais, ajuda a manter os fios <b>alinhados<\/b>.<\/li>\n<\/ul>\n\n\n\n<iframe loading=\"lazy\" src=\"https:\/\/assets.pinterest.com\/ext\/embed.html?id=1125968718702664\" height=\"532\" width=\"345\" frameborder=\"0\" scrolling=\"no\" ><\/iframe>\n\n\n\n<ul class=\"wp-block-list\">\n<li><strong>Rabo de cavalo alto:<\/strong> favorece quem precisa de <b>movimento<\/b> e prefere o rosto mais livre.<\/li>\n<\/ul>\n\n\n\n<iframe loading=\"lazy\" src=\"https:\/\/assets.pinterest.com\/ext\/embed.html?id=338966309462726212\" height=\"714\" width=\"345\" frameborder=\"0\" scrolling=\"no\" ><\/iframe>\n\n\n\n<ul class=\"wp-block-list\">\n<li><strong>Coque abacaxi:<\/strong> muito usado em cabelos <b>cacheados<\/b> e crespos, concentra o volume no topo da cabe\u00e7a.<\/li>\n<\/ul>\n\n\n\n<iframe loading=\"lazy\" src=\"https:\/\/assets.pinterest.com\/ext\/embed.html?id=68749161365\" height=\"714\" width=\"345\" frameborder=\"0\" scrolling=\"no\" ><\/iframe>\n\n\n\n<ul class=\"wp-block-list\">\n<li><strong>Coque baixo despojado:<\/strong> combina com rotinas longas, pois pode ser ajustado com <b>facilidade<\/b>.<\/li>\n<\/ul>\n\n\n\n<iframe loading=\"lazy\" src=\"https:\/\/assets.pinterest.com\/ext\/embed.html?id=789255903466824358\" height=\"714\" width=\"345\" frameborder=\"0\" scrolling=\"no\" ><\/iframe>\n\n\n\n<ul class=\"wp-block-list\">\n<li><strong>Tran\u00e7a lateral simples:<\/strong> ideal para cabelos m\u00e9dios e longos, mantendo os fios presos de forma <b>suave<\/b>.<\/li>\n<\/ul>\n\n\n\n<iframe loading=\"lazy\" src=\"https:\/\/assets.pinterest.com\/ext\/embed.html?id=9781324186680901\" height=\"714\" width=\"345\" frameborder=\"0\" scrolling=\"no\" ><\/iframe>\n\n\n\n<p>Leia tamb\u00e9m:&nbsp;<a href=\"https:\/\/www.em.com.br\/emfoco\/2025\/12\/09\/o-truque-da-hidratacao-que-faz-o-cheiro-suave-durar-muito-mais-tempo-na-pele\/\" target=\"_blank\" rel=\"noopener\">O truque da hidrata\u00e7\u00e3o que faz o cheiro suave durar muito mais tempo na pele<\/a><\/p>\n\n\n\n<h2 class=\"wp-block-heading\">Como fazer penteados simples em poucos minutos<\/h2>\n\n\n\n<p>Para incluir penteados f\u00e1ceis na rotina, a organiza\u00e7\u00e3o dos materiais faz diferen\u00e7a no tempo gasto. Ter \u00e0 m\u00e3o el\u00e1sticos resistentes, grampos, escova ou pente e algum produto de <b>finaliza\u00e7\u00e3o<\/b> j\u00e1 reduz minutos em frente ao espelho e facilita repetir o mesmo modelo at\u00e9 ganhar mais <b>agilidade<\/b>.<\/p>\n\n\n\n<p>Separamos um v\u00eddeo do canal da <a class=\"yt-simple-endpoint style-scope yt-formatted-string\" spellcheck=\"false\" href=\"https:\/\/www.youtube.com\/@LauraKuczynski\" target=\"_blank\" rel=\"noopener\">Laura Kuczynski<\/a>, onde ela ensina penteados para o dia a dia que s\u00e3o f\u00e1ceis de fazer:<\/p>\n\n\n\n<figure class=\"wp-block-embed is-type-video is-provider-youtube wp-block-embed-youtube wp-embed-aspect-16-9 wp-has-aspect-ratio\"><div class=\"wp-block-embed__wrapper\">\n<div class=\"jeg_video_container jeg_video_content\"><iframe loading=\"lazy\" title=\"PENTEADOS F\u00c1CEIS PARA O VER\u00c3O - Laura Kuczynski\" width=\"500\" height=\"281\" src=\"https:\/\/www.youtube.com\/embed\/Zt98vboP1AM?feature=oembed\" frameborder=\"0\" allow=\"accelerometer; autoplay; clipboard-write; encrypted-media; gyroscope; picture-in-picture; web-share\" referrerpolicy=\"strict-origin-when-cross-origin\" allowfullscreen><\/iframe><\/div>\n<\/div><\/figure>\n\n\n\n<h2 class=\"wp-block-heading\">Quais cuidados ajudam os penteados do dia a dia a durarem mais<\/h2>\n\n\n\n<p>Para que os penteados f\u00e1ceis se mantenham firmes, alguns cuidados b\u00e1sicos s\u00e3o recomendados, come\u00e7ando pela escolha dos acess\u00f3rios. El\u00e1sticos sem <b>metal<\/b> reduzem quebras, enquanto grampos bem posicionados, colocados na dire\u00e7\u00e3o contr\u00e1ria ao movimento do cabelo, oferecem maior <b>sustenta\u00e7\u00e3o<\/b>.<\/p>\n\n\n\n<p>A prepara\u00e7\u00e3o do cabelo tamb\u00e9m influencia na durabilidade: fios limpos, com creme, leave-in ou spray leve de <b>fixa\u00e7\u00e3o<\/b>, seguram melhor rabos de cavalo, coques e tran\u00e7as. Alternar a forma de prender ao longo da semana diminui a tens\u00e3o sempre na mesma \u00e1rea, favorecendo a sa\u00fade do <b>couro cabeludo<\/b> e evitando quedas por tra\u00e7\u00e3o, especialmente em quem j\u00e1 tem fios mais finos ou sens\u00edveis.<\/p>\n","protected":false},"excerpt":{"rendered":"<p>Penteados f\u00e1ceis para usar no dia a dia tornaram-se parte da rotina de quem precisa se arrumar r\u00e1pido sem abrir m\u00e3o de um visual organizado. Em poucos minutos, \u00e9 poss\u00edvel prender, torcer ou tran\u00e7ar os fios de um jeito pr\u00e1tico, adaptando o cabelo a diferentes compromissos, como trabalho, estudos ou tarefas dom\u00e9sticas, valorizando do liso [&hellip;]<\/p>\n","protected":false},"author":9,"featured_media":83292,"comment_status":"open","ping_status":"open","sticky":false,"template":"","format":"standard","meta":{"jnews-multi-image_gallery":[],"jnews_single_post":{"format":"standard"},"jnews_primary_category":[],"jnews_social_meta":[],"jnews_override_counter":[],"footnotes":""},"categories":[8691,8819,1],"tags":[17586,11085,8078],"class_list":["post-137845","post","type-post","status-publish","format-standard","has-post-thumbnail","hentry","category-bem-estar","category-curiosidades","category-noticias","tag-cuidado-com-cabelo","tag-dia-a-dia","tag-penteado"],"yoast_head":"<!-- This site is optimized with the Yoast SEO plugin v23.8 - https:\/\/yoast.com\/wordpress\/plugins\/seo\/ -->\n<title>Esque\u00e7a o cabelo solto e sem gra\u00e7a, aposte nestas op\u00e7\u00f5es pr\u00e1ticas e modernas - Estado de Minas - Em foco<\/title>\n<meta name=\"description\" content=\"Penteados pr\u00e1ticos como coques e tran\u00e7as facilitam a rotina. Saiba como fazer estilos r\u00e1pidos e proteger os fios com os acess\u00f3rios certos.\" \/>\n<meta name=\"robots\" content=\"index, follow, max-snippet:-1, max-image-preview:large, max-video-preview:-1\" \/>\n<link rel=\"canonical\" href=\"https:\/\/www.em.com.br\/emfoco\/2025\/12\/10\/esqueca-o-cabelo-solto-e-sem-graca-apostando-nestas-opcoes-praticas-e-modernas\/\" \/>\n<meta property=\"og:locale\" content=\"pt_BR\" \/>\n<meta property=\"og:type\" content=\"article\" \/>\n<meta property=\"og:title\" content=\"Esque\u00e7a o cabelo solto e sem gra\u00e7a, aposte nestas op\u00e7\u00f5es pr\u00e1ticas e modernas - Estado de Minas - Em foco\" \/>\n<meta property=\"og:description\" content=\"Penteados pr\u00e1ticos como coques e tran\u00e7as facilitam a rotina. Saiba como fazer estilos r\u00e1pidos e proteger os fios com os acess\u00f3rios certos.\" \/>\n<meta property=\"og:url\" content=\"https:\/\/www.em.com.br\/emfoco\/2025\/12\/10\/esqueca-o-cabelo-solto-e-sem-graca-apostando-nestas-opcoes-praticas-e-modernas\/\" \/>\n<meta property=\"og:site_name\" content=\"Estado de Minas - Em foco\" \/>\n<meta property=\"article:published_time\" content=\"2025-12-10T11:15:46+00:00\" \/>\n<meta property=\"article:modified_time\" content=\"2025-12-09T19:25:21+00:00\" \/>\n<meta property=\"og:image\" content=\"https:\/\/www.em.com.br\/emfoco\/wp-content\/uploads\/2025\/07\/penteado_1753804904101.jpg\" \/>\n\t<meta property=\"og:image:width\" content=\"1280\" \/>\n\t<meta property=\"og:image:height\" content=\"720\" \/>\n\t<meta property=\"og:image:type\" content=\"image\/jpeg\" \/>\n<meta name=\"author\" content=\"Daniely Cardoso\" \/>\n<meta name=\"twitter:card\" content=\"summary_large_image\" \/>\n<meta name=\"twitter:label1\" content=\"Escrito por\" \/>\n\t<meta name=\"twitter:data1\" content=\"Daniely Cardoso\" \/>\n\t<meta name=\"twitter:label2\" content=\"Est. tempo de leitura\" \/>\n\t<meta name=\"twitter:data2\" content=\"3 minutos\" \/>\n<!-- \/ Yoast SEO plugin. -->","yoast_head_json":{"title":"Esque\u00e7a o cabelo solto e sem gra\u00e7a, aposte nestas op\u00e7\u00f5es pr\u00e1ticas e modernas - Estado de Minas - Em foco","description":"Penteados pr\u00e1ticos como coques e tran\u00e7as facilitam a rotina. Saiba como fazer estilos r\u00e1pidos e proteger os fios com os acess\u00f3rios certos.","robots":{"index":"index","follow":"follow","max-snippet":"max-snippet:-1","max-image-preview":"max-image-preview:large","max-video-preview":"max-video-preview:-1"},"canonical":"https:\/\/www.em.com.br\/emfoco\/2025\/12\/10\/esqueca-o-cabelo-solto-e-sem-graca-apostando-nestas-opcoes-praticas-e-modernas\/","og_locale":"pt_BR","og_type":"article","og_title":"Esque\u00e7a o cabelo solto e sem gra\u00e7a, aposte nestas op\u00e7\u00f5es pr\u00e1ticas e modernas - Estado de Minas - Em foco","og_description":"Penteados pr\u00e1ticos como coques e tran\u00e7as facilitam a rotina. Saiba como fazer estilos r\u00e1pidos e proteger os fios com os acess\u00f3rios certos.","og_url":"https:\/\/www.em.com.br\/emfoco\/2025\/12\/10\/esqueca-o-cabelo-solto-e-sem-graca-apostando-nestas-opcoes-praticas-e-modernas\/","og_site_name":"Estado de Minas - Em foco","article_published_time":"2025-12-10T11:15:46+00:00","article_modified_time":"2025-12-09T19:25:21+00:00","og_image":[{"width":1280,"height":720,"url":"https:\/\/www.em.com.br\/emfoco\/wp-content\/uploads\/2025\/07\/penteado_1753804904101.jpg","type":"image\/jpeg"}],"author":"Daniely Cardoso","twitter_card":"summary_large_image","twitter_misc":{"Escrito por":"Daniely Cardoso","Est. tempo de leitura":"3 minutos"},"schema":{"@context":"https:\/\/schema.org","@graph":[{"@type":"WebPage","@id":"https:\/\/www.em.com.br\/emfoco\/2025\/12\/10\/esqueca-o-cabelo-solto-e-sem-graca-apostando-nestas-opcoes-praticas-e-modernas\/","url":"https:\/\/www.em.com.br\/emfoco\/2025\/12\/10\/esqueca-o-cabelo-solto-e-sem-graca-apostando-nestas-opcoes-praticas-e-modernas\/","name":"Esque\u00e7a o cabelo solto e sem gra\u00e7a, aposte nestas op\u00e7\u00f5es pr\u00e1ticas e modernas - Estado de Minas - Em foco","isPartOf":{"@id":"https:\/\/www.em.com.br\/emfoco\/#website"},"primaryImageOfPage":{"@id":"https:\/\/www.em.com.br\/emfoco\/2025\/12\/10\/esqueca-o-cabelo-solto-e-sem-graca-apostando-nestas-opcoes-praticas-e-modernas\/#primaryimage"},"image":{"@id":"https:\/\/www.em.com.br\/emfoco\/2025\/12\/10\/esqueca-o-cabelo-solto-e-sem-graca-apostando-nestas-opcoes-praticas-e-modernas\/#primaryimage"},"thumbnailUrl":"https:\/\/www.em.com.br\/emfoco\/wp-content\/uploads\/2025\/07\/penteado_1753804904101.jpg","datePublished":"2025-12-10T11:15:46+00:00","dateModified":"2025-12-09T19:25:21+00:00","author":{"@id":"https:\/\/www.em.com.br\/emfoco\/#\/schema\/person\/0a8186d72f2c3a5c6276d90b41f271a0"},"description":"Penteados pr\u00e1ticos como coques e tran\u00e7as facilitam a rotina. Saiba como fazer estilos r\u00e1pidos e proteger os fios com os acess\u00f3rios certos.","breadcrumb":{"@id":"https:\/\/www.em.com.br\/emfoco\/2025\/12\/10\/esqueca-o-cabelo-solto-e-sem-graca-apostando-nestas-opcoes-praticas-e-modernas\/#breadcrumb"},"inLanguage":"pt-BR","potentialAction":[{"@type":"ReadAction","target":["https:\/\/www.em.com.br\/emfoco\/2025\/12\/10\/esqueca-o-cabelo-solto-e-sem-graca-apostando-nestas-opcoes-praticas-e-modernas\/"]}]},{"@type":"ImageObject","inLanguage":"pt-BR","@id":"https:\/\/www.em.com.br\/emfoco\/2025\/12\/10\/esqueca-o-cabelo-solto-e-sem-graca-apostando-nestas-opcoes-praticas-e-modernas\/#primaryimage","url":"https:\/\/www.em.com.br\/emfoco\/wp-content\/uploads\/2025\/07\/penteado_1753804904101.jpg","contentUrl":"https:\/\/www.em.com.br\/emfoco\/wp-content\/uploads\/2025\/07\/penteado_1753804904101.jpg","width":1280,"height":720,"caption":"Penteado pr\u00e1ticos para o dia a dia - Cr\u00e9ditos: depositphotos.com \/ Dimid_86"},{"@type":"BreadcrumbList","@id":"https:\/\/www.em.com.br\/emfoco\/2025\/12\/10\/esqueca-o-cabelo-solto-e-sem-graca-apostando-nestas-opcoes-praticas-e-modernas\/#breadcrumb","itemListElement":[{"@type":"ListItem","position":1,"name":"In\u00edcio","item":"https:\/\/www.em.com.br\/emfoco\/"},{"@type":"ListItem","position":2,"name":"Esque\u00e7a o cabelo solto e sem gra\u00e7a, aposte nestas op\u00e7\u00f5es pr\u00e1ticas e modernas"}]},{"@type":"WebSite","@id":"https:\/\/www.em.com.br\/emfoco\/#website","url":"https:\/\/www.em.com.br\/emfoco\/","name":"Estado de Minas - Em foco","description":"Acompanhe as \u00faltimas not\u00edcias e fique bem informado sobre tudo o que acontece em Minas Gerais, Brasil e no mundo.","potentialAction":[{"@type":"SearchAction","target":{"@type":"EntryPoint","urlTemplate":"https:\/\/www.em.com.br\/emfoco\/?s={search_term_string}"},"query-input":{"@type":"PropertyValueSpecification","valueRequired":true,"valueName":"search_term_string"}}],"inLanguage":"pt-BR"},{"@type":"Person","@id":"https:\/\/www.em.com.br\/emfoco\/#\/schema\/person\/0a8186d72f2c3a5c6276d90b41f271a0","name":"Daniely Cardoso","image":{"@type":"ImageObject","inLanguage":"pt-BR","@id":"https:\/\/www.em.com.br\/emfoco\/#\/schema\/person\/image\/","url":"https:\/\/secure.gravatar.com\/avatar\/4b80ddbd124d1f071b626d52d62e5dff?s=96&d=mm&r=g","contentUrl":"https:\/\/secure.gravatar.com\/avatar\/4b80ddbd124d1f071b626d52d62e5dff?s=96&d=mm&r=g","caption":"Daniely Cardoso"},"url":"https:\/\/www.em.com.br\/emfoco\/author\/danielymyth\/"}]}},"_links":{"self":[{"href":"https:\/\/www.em.com.br\/emfoco\/wp-json\/wp\/v2\/posts\/137845","targetHints":{"allow":["GET"]}}],"collection":[{"href":"https:\/\/www.em.com.br\/emfoco\/wp-json\/wp\/v2\/posts"}],"about":[{"href":"https:\/\/www.em.com.br\/emfoco\/wp-json\/wp\/v2\/types\/post"}],"author":[{"embeddable":true,"href":"https:\/\/www.em.com.br\/emfoco\/wp-json\/wp\/v2\/users\/9"}],"replies":[{"embeddable":true,"href":"https:\/\/www.em.com.br\/emfoco\/wp-json\/wp\/v2\/comments?post=137845"}],"version-history":[{"count":3,"href":"https:\/\/www.em.com.br\/emfoco\/wp-json\/wp\/v2\/posts\/137845\/revisions"}],"predecessor-version":[{"id":137993,"href":"https:\/\/www.em.com.br\/emfoco\/wp-json\/wp\/v2\/posts\/137845\/revisions\/137993"}],"wp:featuredmedia":[{"embeddable":true,"href":"https:\/\/www.em.com.br\/emfoco\/wp-json\/wp\/v2\/media\/83292"}],"wp:attachment":[{"href":"https:\/\/www.em.com.br\/emfoco\/wp-json\/wp\/v2\/media?parent=137845"}],"wp:term":[{"taxonomy":"category","embeddable":true,"href":"https:\/\/www.em.com.br\/emfoco\/wp-json\/wp\/v2\/categories?post=137845"},{"taxonomy":"post_tag","embeddable":true,"href":"https:\/\/www.em.com.br\/emfoco\/wp-json\/wp\/v2\/tags?post=137845"}],"curies":[{"name":"wp","href":"https:\/\/api.w.org\/{rel}","templated":true}]}}