{"id":137804,"date":"2025-12-10T11:25:00","date_gmt":"2025-12-10T14:25:00","guid":{"rendered":"https:\/\/www.em.com.br\/emfoco\/?p=137804"},"modified":"2025-12-09T17:37:35","modified_gmt":"2025-12-09T20:37:35","slug":"a-cidade-onde-os-baloes-coloridos-voam-sobre-falesias-e-o-mar-encontra-a-serra-com-uma-vista-de-tirar-o-folego","status":"publish","type":"post","link":"https:\/\/www.em.com.br\/emfoco\/2025\/12\/10\/a-cidade-onde-os-baloes-coloridos-voam-sobre-falesias-e-o-mar-encontra-a-serra-com-uma-vista-de-tirar-o-folego\/","title":{"rendered":"A cidade onde os bal\u00f5es coloridos voam sobre fal\u00e9sias e o mar encontra a serra com uma vista de tirar o f\u00f4lego"},"content":{"rendered":"\n<p><strong>Torres<\/strong> \u00e9 amplamente considerada a joia do litoral ga\u00facho, sendo o \u00fanico ponto da costa onde os pared\u00f5es rochosos encontram o mar. Com uma popula\u00e7\u00e3o residente estimada em cerca de 42.000 habitantes, segundo dados do<a href=\"https:\/\/cidades.ibge.gov.br\/brasil\/rs\/torres\/panorama\" target=\"_blank\" rel=\"noreferrer noopener\"> <strong>Instituto Brasileiro de Geografia e Estat\u00edstica<\/strong><\/a> (<strong>IBGE<\/strong>), a cidade oferece uma atmosfera vibrante que se transforma completamente durante a alta temporada.<\/p>\n\n\n\n<p>Localizada na divisa com <strong>Santa Catarina<\/strong>, a cidade \u00e9 separada do munic\u00edpio vizinho, <strong>Passo de Torres<\/strong>, apenas pelo <strong>Rio Mampituba<\/strong>. Essa posi\u00e7\u00e3o estrat\u00e9gica, pr\u00f3xima tamb\u00e9m de <strong>Arroio do Sal<\/strong> e a cerca de 197 km da capital <strong>Porto Alegre<\/strong>, facilita o acesso e impulsiona o turismo regional.<\/p>\n\n\n\n<h2 class=\"wp-block-heading\">Por que morar onde a serra encontra o mar?<\/h2>\n\n\n\n<p>A <strong>qualidade de vida<\/strong> em Torres \u00e9 elevada, destacando-se pela seguran\u00e7a e pela infraestrutura urbana que funciona bem o ano todo, n\u00e3o apenas no ver\u00e3o. A cidade atrai muitos aposentados e profissionais em home office que buscam o equil\u00edbrio entre a brisa do mar e servi\u00e7os de sa\u00fade e educa\u00e7\u00e3o de qualidade.<\/p>\n\n\n\n<p>Morar aqui significa ter a praia como quintal para caminhadas matinais e contar com um com\u00e9rcio ativo e diversificado. A cidade possui um ritmo pr\u00f3prio, que mescla a tranquilidade de uma cidade do interior no inverno com a energia pulsante de um grande polo tur\u00edstico no ver\u00e3o, quando a popula\u00e7\u00e3o flutuante multiplica significativamente.<\/p>\n\n\n<div class=\"wp-block-image\">\n<figure class=\"aligncenter size-large\"><img loading=\"lazy\" decoding=\"async\" width=\"1024\" height=\"576\" src=\"https:\/\/www.em.com.br\/emfoco\/wp-content\/uploads\/2025\/12\/VISTA-COM-DRONE-Torres-RS-3-8-screenshot-1024x576.jpg\" alt=\"\" class=\"wp-image-138021\" srcset=\"https:\/\/www.em.com.br\/emfoco\/wp-content\/uploads\/2025\/12\/VISTA-COM-DRONE-Torres-RS-3-8-screenshot-1024x576.jpg 1024w, https:\/\/www.em.com.br\/emfoco\/wp-content\/uploads\/2025\/12\/VISTA-COM-DRONE-Torres-RS-3-8-screenshot-300x169.jpg 300w, https:\/\/www.em.com.br\/emfoco\/wp-content\/uploads\/2025\/12\/VISTA-COM-DRONE-Torres-RS-3-8-screenshot-768x432.jpg 768w, https:\/\/www.em.com.br\/emfoco\/wp-content\/uploads\/2025\/12\/VISTA-COM-DRONE-Torres-RS-3-8-screenshot-750x422.jpg 750w, https:\/\/www.em.com.br\/emfoco\/wp-content\/uploads\/2025\/12\/VISTA-COM-DRONE-Torres-RS-3-8-screenshot-1140x641.jpg 1140w, https:\/\/www.em.com.br\/emfoco\/wp-content\/uploads\/2025\/12\/VISTA-COM-DRONE-Torres-RS-3-8-screenshot.jpg 1280w\" sizes=\"auto, (max-width: 1024px) 100vw, 1024px\" \/><figcaption class=\"wp-element-caption\">Torres oferece equil\u00edbrio perfeito entre descanso e qualidade de vida \/\/ Cr\u00e9ditos: YouTube.com\/@boraladeuno<\/figcaption><\/figure><\/div>\n\n\n<h2 class=\"wp-block-heading\">As fal\u00e9sias criam um cen\u00e1rio \u00fanico no estado<\/h2>\n\n\n\n<p>Diferente do restante do litoral do <strong>Rio Grande do Sul<\/strong>, que \u00e9 majoritariamente plano, esta regi\u00e3o impressiona pelas suas torres de basalto que chegam a dezenas de metros de altura. O <strong>Parque da Guarita<\/strong> \u00e9 o cart\u00e3o-postal definitivo, onde \u00e9 poss\u00edvel subir nas forma\u00e7\u00f5es rochosas e ter uma vista panor\u00e2mica inesquec\u00edvel do Oceano Atl\u00e2ntico.<\/p>\n\n\n\n<p>A <strong>Praia Grande<\/strong> \u00e9 o ponto de encontro central, com cal\u00e7ad\u00e3o largo e excelente estrutura de quiosques e restaurantes. J\u00e1 a <strong>Prainha<\/strong> (ou Praia do Meio) oferece um gramado verdejante ideal para piqueniques e para observar o sol se pondo atr\u00e1s da silhueta das montanhas da Serra Geral.<\/p>\n\n\n\n<h2 class=\"wp-block-heading\">Como se comporta o clima no litoral norte?<\/h2>\n\n\n\n<p>A regi\u00e3o possui clima subtropical e, embora esteja ao n\u00edvel do mar, a presen\u00e7a dos pared\u00f5es rochosos ajuda a proteger certas enseadas do vento excessivo em dias espec\u00edficos. As esta\u00e7\u00f5es s\u00e3o bem marcadas, permitindo aproveitar a cidade de formas diferentes ao longo do ano.<\/p>\n\n\n\n<p>Confira abaixo as m\u00e9dias de temperatura baseadas em dados hist\u00f3ricos monitorados pelo <strong><strong><a href=\"https:\/\/previsao.inmet.gov.br\/4321501\" target=\"_blank\" rel=\"noreferrer noopener\">Instituto Nacional de Meteorologia<\/a> (INMET)<\/strong><\/strong> e <strong><a href=\"https:\/\/www.climatempo.com.br\/previsao-do-tempo\/cidade\/370\/torres-rs\" target=\"_blank\" rel=\"noreferrer noopener\">Climatempo<\/a><\/strong>:<\/p>\n\n\n\n<figure class=\"wp-block-table\"><table class=\"has-fixed-layout\"><thead><tr><th>Esta\u00e7\u00e3o<\/th><th>M\u00ednima M\u00e9dia<\/th><th>M\u00e1xima M\u00e9dia<\/th><th>Caracter\u00edstica Principal<\/th><\/tr><\/thead><tbody><tr><td><strong>Ver\u00e3o<\/strong><\/td><td>20\u00b0C<\/td><td>29\u00b0C<\/td><td>Calor intenso, \u00e1gua mais clara e cidade movimentada.<\/td><\/tr><tr><td><strong>Outono<\/strong><\/td><td>15\u00b0C<\/td><td>25\u00b0C<\/td><td>Dias dourados, pouco vento e temperaturas muito agrad\u00e1veis.<\/td><\/tr><tr><td><strong>Inverno<\/strong><\/td><td>10\u00b0C<\/td><td>18\u00b0C<\/td><td>Frio \u00famido, ideal para avistamento de baleias e gastronomia.<\/td><\/tr><tr><td><strong>Primavera<\/strong><\/td><td>16\u00b0C<\/td><td>24\u00b0C<\/td><td>Aumento dos ventos e in\u00edcio da temporada de flora\u00e7\u00e3o.<\/td><\/tr><\/tbody><\/table><\/figure>\n\n\n\n<h2 class=\"wp-block-heading\">Voc\u00ea sabia que aqui fica a \u00fanica ilha mar\u00edtima do estado?<\/h2>\n\n\n\n<p>Uma <strong>curiosidade<\/strong> ecol\u00f3gica fascinante \u00e9 a <strong>Ilha dos Lobos<\/strong>, situada a cerca de 1,8 km da costa. \u00c9 a \u00fanica ilha mar\u00edtima de todo o estado ga\u00facho e serve como ref\u00fagio natural para le\u00f5es e lobos-marinhos que migram de regi\u00f5es polares e da Patag\u00f4nia para descansar nas pedras.<\/p>\n\n\n\n<p>Al\u00e9m dos lobos, entre os meses de julho e outubro, \u00e9 comum avistar <strong>Baleias-Francas<\/strong> com seus filhotes pr\u00f3ximas \u00e0 costa, transformando a cidade em um observat\u00f3rio natural incr\u00edvel. Embora o desembarque na ilha seja proibido, passeios de barco permitem ver essa fauna rica de perto.<\/p>\n\n\n\n<p>Quem deseja explorar as belezas do litoral ga\u00facho e suas fal\u00e9sias impressionantes, vai curtir esse v\u00eddeo especialmente selecionado do canal <strong>Beatriz Fontana<\/strong>, que conta com mais de 11 mil inscritos, onde <strong>Beatriz<\/strong> mostra detalhadamente as principais atra\u00e7\u00f5es de <strong>Torres<\/strong>, incluindo o <strong>Parque da Guarita<\/strong>, as praias locais e dicas sobre o famoso festival de balonismo:<\/p>\n\n\n\n<figure class=\"wp-block-embed is-type-video is-provider-youtube wp-block-embed-youtube wp-embed-aspect-16-9 wp-has-aspect-ratio\"><div class=\"wp-block-embed__wrapper\">\n<div class=\"jeg_video_container jeg_video_content\"><iframe loading=\"lazy\" title=\"TORRES - Rio Grande do Sul - Roteiro com pre\u00e7os, dicas e tudo que voc\u00ea precisa saber!\" width=\"500\" height=\"281\" src=\"https:\/\/www.youtube.com\/embed\/ge5WusKgA40?start=240&#038;feature=oembed\" frameborder=\"0\" allow=\"accelerometer; autoplay; clipboard-write; encrypted-media; gyroscope; picture-in-picture; web-share\" referrerpolicy=\"strict-origin-when-cross-origin\" allowfullscreen><\/iframe><\/div>\n<\/div><\/figure>\n\n\n\n<h2 class=\"wp-block-heading\">O c\u00e9u colorido \u00e9 uma tradi\u00e7\u00e3o local<\/h2>\n\n\n\n<p>A cidade ostenta o t\u00edtulo de Capital Brasileira do Balonismo, sediando anualmente o <strong>Festival Internacional de Balonismo<\/strong>. As condi\u00e7\u00f5es atmosf\u00e9ricas da regi\u00e3o s\u00e3o consideradas perfeitas para a pr\u00e1tica, atraindo pilotos de elite do mundo todo.<\/p>\n\n\n\n<p>Ver dezenas de bal\u00f5es coloridos flutuando sobre o mar e as fal\u00e9sias \u00e9 um espet\u00e1culo visual que define a identidade do munic\u00edpio. Mesmo fora da \u00e9poca do festival, a cultura de voar \u00e9 forte, com operadores oferecendo voos panor\u00e2micos tur\u00edsticos regulares.<\/p>\n\n\n<div class=\"wp-block-image\">\n<figure class=\"aligncenter size-large\"><img loading=\"lazy\" decoding=\"async\" width=\"1024\" height=\"576\" src=\"https:\/\/www.em.com.br\/emfoco\/wp-content\/uploads\/2025\/12\/torres_1765309235427-1024x576.jpg\" alt=\"\" class=\"wp-image-138031\" srcset=\"https:\/\/www.em.com.br\/emfoco\/wp-content\/uploads\/2025\/12\/torres_1765309235427-1024x576.jpg 1024w, https:\/\/www.em.com.br\/emfoco\/wp-content\/uploads\/2025\/12\/torres_1765309235427-300x169.jpg 300w, https:\/\/www.em.com.br\/emfoco\/wp-content\/uploads\/2025\/12\/torres_1765309235427-768x432.jpg 768w, https:\/\/www.em.com.br\/emfoco\/wp-content\/uploads\/2025\/12\/torres_1765309235427-750x422.jpg 750w, https:\/\/www.em.com.br\/emfoco\/wp-content\/uploads\/2025\/12\/torres_1765309235427-1140x641.jpg 1140w, https:\/\/www.em.com.br\/emfoco\/wp-content\/uploads\/2025\/12\/torres_1765309235427.jpg 1280w\" sizes=\"auto, (max-width: 1024px) 100vw, 1024px\" \/><figcaption class=\"wp-element-caption\">Torres \u00e9 aben\u00e7oada pelas fal\u00e9sias bas\u00e1lticas que se erguem \u00e0 beira-mar \/\/ Cr\u00e9ditos: depositphotos.com \/ rapstyle<\/figcaption><\/figure><\/div>\n\n\n<p><strong>Leia tamb\u00e9m: <a href=\"https:\/\/www.em.com.br\/emfoco\/2025\/12\/09\/essa-cidade-fez-historia-nos-livros-e-hoje-se-destaca-como-base-para-conhecer-os-tesouros-do-brasil\/\" target=\"_blank\" rel=\"noreferrer noopener\">Essa cidade fez hist\u00f3ria nos livros e hoje se destaca como base para conhecer os tesouros do Brasil<\/a><\/strong><\/p>\n\n\n\n<h2 class=\"wp-block-heading\">Torres oferece o ref\u00fagio perfeito no sul<\/h2>\n\n\n\n<ul class=\"wp-block-list\">\n<li>A combina\u00e7\u00e3o geogr\u00e1fica de praia e fal\u00e9sias \u00e9 exclusiva na regi\u00e3o, oferecendo trilhas e banhos de mar no mesmo dia.<\/li>\n\n\n\n<li>A infraestrutura completa de servi\u00e7os permite viver com conforto urbano sem o estresse das grandes metr\u00f3poles.<\/li>\n\n\n\n<li>A agenda cultural, liderada pelo balonismo e pela observa\u00e7\u00e3o de vida marinha, mant\u00e9m a cidade vibrante o ano todo.<\/li>\n<\/ul>\n\n\n\n<p>Seja para admirar a for\u00e7a das ondas batendo nas pedras ou para voar de bal\u00e3o ao amanhecer, este destino est\u00e1 pronto para renovar suas energias. Venha descobrir por que quem conhece Torres sempre planeja voltar.<\/p>\n","protected":false},"excerpt":{"rendered":"<p>Torres \u00e9 amplamente considerada a joia do litoral ga\u00facho, sendo o \u00fanico ponto da costa onde os pared\u00f5es rochosos encontram o mar. Com uma popula\u00e7\u00e3o residente estimada em cerca de 42.000 habitantes, segundo dados do Instituto Brasileiro de Geografia e Estat\u00edstica (IBGE), a cidade oferece uma atmosfera vibrante que se transforma completamente durante a alta [&hellip;]<\/p>\n","protected":false},"author":6,"featured_media":138115,"comment_status":"open","ping_status":"open","sticky":false,"template":"","format":"standard","meta":{"jnews-multi-image_gallery":[],"jnews_single_post":{"format":"standard"},"jnews_primary_category":[],"jnews_social_meta":[],"jnews_override_counter":[],"footnotes":""},"categories":[26],"tags":[183,1506,17113],"class_list":["post-137804","post","type-post","status-publish","format-standard","has-post-thumbnail","hentry","category-cidades","tag-cidades","tag-rio-grande-do-sul","tag-torres"],"yoast_head":"<!-- This site is optimized with the Yoast SEO plugin v23.8 - https:\/\/yoast.com\/wordpress\/plugins\/seo\/ -->\n<title>A cidade onde os bal\u00f5es coloridos voam sobre fal\u00e9sias e o mar encontra a serra com uma vista de tirar o f\u00f4lego - Estado de Minas - Em foco<\/title>\n<meta name=\"description\" content=\"Uma cidade litor\u00e2nea marcada por fal\u00e9sias, bal\u00f5es coloridos e paisagens que misturam mar e montanha de um jeito \u00fanico.\" \/>\n<meta name=\"robots\" content=\"index, follow, max-snippet:-1, max-image-preview:large, max-video-preview:-1\" \/>\n<link rel=\"canonical\" href=\"https:\/\/www.em.com.br\/emfoco\/2025\/12\/10\/a-cidade-onde-os-baloes-coloridos-voam-sobre-falesias-e-o-mar-encontra-a-serra-com-uma-vista-de-tirar-o-folego\/\" \/>\n<meta property=\"og:locale\" content=\"pt_BR\" \/>\n<meta property=\"og:type\" content=\"article\" \/>\n<meta property=\"og:title\" content=\"A cidade onde os bal\u00f5es coloridos voam sobre fal\u00e9sias e o mar encontra a serra com uma vista de tirar o f\u00f4lego - Estado de Minas - Em foco\" \/>\n<meta property=\"og:description\" content=\"Uma cidade litor\u00e2nea marcada por fal\u00e9sias, bal\u00f5es coloridos e paisagens que misturam mar e montanha de um jeito \u00fanico.\" \/>\n<meta property=\"og:url\" content=\"https:\/\/www.em.com.br\/emfoco\/2025\/12\/10\/a-cidade-onde-os-baloes-coloridos-voam-sobre-falesias-e-o-mar-encontra-a-serra-com-uma-vista-de-tirar-o-folego\/\" \/>\n<meta property=\"og:site_name\" content=\"Estado de Minas - Em foco\" \/>\n<meta property=\"article:published_time\" content=\"2025-12-10T14:25:00+00:00\" \/>\n<meta property=\"article:modified_time\" content=\"2025-12-09T20:37:35+00:00\" \/>\n<meta property=\"og:image\" content=\"https:\/\/www.em.com.br\/emfoco\/wp-content\/uploads\/2025\/12\/Gramado-city_1765312617443.jpg\" \/>\n\t<meta property=\"og:image:width\" content=\"1280\" \/>\n\t<meta property=\"og:image:height\" content=\"720\" \/>\n\t<meta property=\"og:image:type\" content=\"image\/jpeg\" \/>\n<meta name=\"author\" content=\"Vitor Bruno\" \/>\n<meta name=\"twitter:card\" content=\"summary_large_image\" \/>\n<meta name=\"twitter:label1\" content=\"Escrito por\" \/>\n\t<meta name=\"twitter:data1\" content=\"Vitor Bruno\" \/>\n\t<meta name=\"twitter:label2\" content=\"Est. tempo de leitura\" \/>\n\t<meta name=\"twitter:data2\" content=\"6 minutos\" \/>\n<!-- \/ Yoast SEO plugin. -->","yoast_head_json":{"title":"A cidade onde os bal\u00f5es coloridos voam sobre fal\u00e9sias e o mar encontra a serra com uma vista de tirar o f\u00f4lego - Estado de Minas - Em foco","description":"Uma cidade litor\u00e2nea marcada por fal\u00e9sias, bal\u00f5es coloridos e paisagens que misturam mar e montanha de um jeito \u00fanico.","robots":{"index":"index","follow":"follow","max-snippet":"max-snippet:-1","max-image-preview":"max-image-preview:large","max-video-preview":"max-video-preview:-1"},"canonical":"https:\/\/www.em.com.br\/emfoco\/2025\/12\/10\/a-cidade-onde-os-baloes-coloridos-voam-sobre-falesias-e-o-mar-encontra-a-serra-com-uma-vista-de-tirar-o-folego\/","og_locale":"pt_BR","og_type":"article","og_title":"A cidade onde os bal\u00f5es coloridos voam sobre fal\u00e9sias e o mar encontra a serra com uma vista de tirar o f\u00f4lego - Estado de Minas - Em foco","og_description":"Uma cidade litor\u00e2nea marcada por fal\u00e9sias, bal\u00f5es coloridos e paisagens que misturam mar e montanha de um jeito \u00fanico.","og_url":"https:\/\/www.em.com.br\/emfoco\/2025\/12\/10\/a-cidade-onde-os-baloes-coloridos-voam-sobre-falesias-e-o-mar-encontra-a-serra-com-uma-vista-de-tirar-o-folego\/","og_site_name":"Estado de Minas - Em foco","article_published_time":"2025-12-10T14:25:00+00:00","article_modified_time":"2025-12-09T20:37:35+00:00","og_image":[{"width":1280,"height":720,"url":"https:\/\/www.em.com.br\/emfoco\/wp-content\/uploads\/2025\/12\/Gramado-city_1765312617443.jpg","type":"image\/jpeg"}],"author":"Vitor Bruno","twitter_card":"summary_large_image","twitter_misc":{"Escrito por":"Vitor Bruno","Est. tempo de leitura":"6 minutos"},"schema":{"@context":"https:\/\/schema.org","@graph":[{"@type":"WebPage","@id":"https:\/\/www.em.com.br\/emfoco\/2025\/12\/10\/a-cidade-onde-os-baloes-coloridos-voam-sobre-falesias-e-o-mar-encontra-a-serra-com-uma-vista-de-tirar-o-folego\/","url":"https:\/\/www.em.com.br\/emfoco\/2025\/12\/10\/a-cidade-onde-os-baloes-coloridos-voam-sobre-falesias-e-o-mar-encontra-a-serra-com-uma-vista-de-tirar-o-folego\/","name":"A cidade onde os bal\u00f5es coloridos voam sobre fal\u00e9sias e o mar encontra a serra com uma vista de tirar o f\u00f4lego - Estado de Minas - Em foco","isPartOf":{"@id":"https:\/\/www.em.com.br\/emfoco\/#website"},"primaryImageOfPage":{"@id":"https:\/\/www.em.com.br\/emfoco\/2025\/12\/10\/a-cidade-onde-os-baloes-coloridos-voam-sobre-falesias-e-o-mar-encontra-a-serra-com-uma-vista-de-tirar-o-folego\/#primaryimage"},"image":{"@id":"https:\/\/www.em.com.br\/emfoco\/2025\/12\/10\/a-cidade-onde-os-baloes-coloridos-voam-sobre-falesias-e-o-mar-encontra-a-serra-com-uma-vista-de-tirar-o-folego\/#primaryimage"},"thumbnailUrl":"https:\/\/www.em.com.br\/emfoco\/wp-content\/uploads\/2025\/12\/Gramado-city_1765312617443.jpg","datePublished":"2025-12-10T14:25:00+00:00","dateModified":"2025-12-09T20:37:35+00:00","author":{"@id":"https:\/\/www.em.com.br\/emfoco\/#\/schema\/person\/364ac1852fafd00f1be20f0b8b237569"},"description":"Uma cidade litor\u00e2nea marcada por fal\u00e9sias, bal\u00f5es coloridos e paisagens que misturam mar e montanha de um jeito \u00fanico.","breadcrumb":{"@id":"https:\/\/www.em.com.br\/emfoco\/2025\/12\/10\/a-cidade-onde-os-baloes-coloridos-voam-sobre-falesias-e-o-mar-encontra-a-serra-com-uma-vista-de-tirar-o-folego\/#breadcrumb"},"inLanguage":"pt-BR","potentialAction":[{"@type":"ReadAction","target":["https:\/\/www.em.com.br\/emfoco\/2025\/12\/10\/a-cidade-onde-os-baloes-coloridos-voam-sobre-falesias-e-o-mar-encontra-a-serra-com-uma-vista-de-tirar-o-folego\/"]}]},{"@type":"ImageObject","inLanguage":"pt-BR","@id":"https:\/\/www.em.com.br\/emfoco\/2025\/12\/10\/a-cidade-onde-os-baloes-coloridos-voam-sobre-falesias-e-o-mar-encontra-a-serra-com-uma-vista-de-tirar-o-folego\/#primaryimage","url":"https:\/\/www.em.com.br\/emfoco\/wp-content\/uploads\/2025\/12\/Gramado-city_1765312617443.jpg","contentUrl":"https:\/\/www.em.com.br\/emfoco\/wp-content\/uploads\/2025\/12\/Gramado-city_1765312617443.jpg","width":1280,"height":720,"caption":"Torres \u00e9 amplamente considerada a joia do litoral ga\u00facho \/\/ Cr\u00e9ditos: depositphotos.com \/ AntonelloStock"},{"@type":"BreadcrumbList","@id":"https:\/\/www.em.com.br\/emfoco\/2025\/12\/10\/a-cidade-onde-os-baloes-coloridos-voam-sobre-falesias-e-o-mar-encontra-a-serra-com-uma-vista-de-tirar-o-folego\/#breadcrumb","itemListElement":[{"@type":"ListItem","position":1,"name":"In\u00edcio","item":"https:\/\/www.em.com.br\/emfoco\/"},{"@type":"ListItem","position":2,"name":"A cidade onde os bal\u00f5es coloridos voam sobre fal\u00e9sias e o mar encontra a serra com uma vista de tirar o f\u00f4lego"}]},{"@type":"WebSite","@id":"https:\/\/www.em.com.br\/emfoco\/#website","url":"https:\/\/www.em.com.br\/emfoco\/","name":"Estado de Minas - Em foco","description":"Acompanhe as \u00faltimas not\u00edcias e fique bem informado sobre tudo o que acontece em Minas Gerais, Brasil e no mundo.","potentialAction":[{"@type":"SearchAction","target":{"@type":"EntryPoint","urlTemplate":"https:\/\/www.em.com.br\/emfoco\/?s={search_term_string}"},"query-input":{"@type":"PropertyValueSpecification","valueRequired":true,"valueName":"search_term_string"}}],"inLanguage":"pt-BR"},{"@type":"Person","@id":"https:\/\/www.em.com.br\/emfoco\/#\/schema\/person\/364ac1852fafd00f1be20f0b8b237569","name":"Vitor Bruno","image":{"@type":"ImageObject","inLanguage":"pt-BR","@id":"https:\/\/www.em.com.br\/emfoco\/#\/schema\/person\/image\/","url":"https:\/\/secure.gravatar.com\/avatar\/b719e5cdede09f942064960883b5524d?s=96&d=mm&r=g","contentUrl":"https:\/\/secure.gravatar.com\/avatar\/b719e5cdede09f942064960883b5524d?s=96&d=mm&r=g","caption":"Vitor Bruno"},"sameAs":["https:\/\/www.em.com.br\/emfoco\/"],"url":"https:\/\/www.em.com.br\/emfoco\/author\/vitormyth\/"}]}},"_links":{"self":[{"href":"https:\/\/www.em.com.br\/emfoco\/wp-json\/wp\/v2\/posts\/137804","targetHints":{"allow":["GET"]}}],"collection":[{"href":"https:\/\/www.em.com.br\/emfoco\/wp-json\/wp\/v2\/posts"}],"about":[{"href":"https:\/\/www.em.com.br\/emfoco\/wp-json\/wp\/v2\/types\/post"}],"author":[{"embeddable":true,"href":"https:\/\/www.em.com.br\/emfoco\/wp-json\/wp\/v2\/users\/6"}],"replies":[{"embeddable":true,"href":"https:\/\/www.em.com.br\/emfoco\/wp-json\/wp\/v2\/comments?post=137804"}],"version-history":[{"count":5,"href":"https:\/\/www.em.com.br\/emfoco\/wp-json\/wp\/v2\/posts\/137804\/revisions"}],"predecessor-version":[{"id":138116,"href":"https:\/\/www.em.com.br\/emfoco\/wp-json\/wp\/v2\/posts\/137804\/revisions\/138116"}],"wp:featuredmedia":[{"embeddable":true,"href":"https:\/\/www.em.com.br\/emfoco\/wp-json\/wp\/v2\/media\/138115"}],"wp:attachment":[{"href":"https:\/\/www.em.com.br\/emfoco\/wp-json\/wp\/v2\/media?parent=137804"}],"wp:term":[{"taxonomy":"category","embeddable":true,"href":"https:\/\/www.em.com.br\/emfoco\/wp-json\/wp\/v2\/categories?post=137804"},{"taxonomy":"post_tag","embeddable":true,"href":"https:\/\/www.em.com.br\/emfoco\/wp-json\/wp\/v2\/tags?post=137804"}],"curies":[{"name":"wp","href":"https:\/\/api.w.org\/{rel}","templated":true}]}}