{"id":137795,"date":"2025-12-10T14:15:00","date_gmt":"2025-12-10T17:15:00","guid":{"rendered":"https:\/\/www.em.com.br\/emfoco\/?p=137795"},"modified":"2025-12-09T13:53:49","modified_gmt":"2025-12-09T16:53:49","slug":"bolsa-familia-de-dezembro-cai-mais-cedo-e-pode-salvar-seu-fim-de-ano","status":"publish","type":"post","link":"https:\/\/www.em.com.br\/emfoco\/2025\/12\/10\/bolsa-familia-de-dezembro-cai-mais-cedo-e-pode-salvar-seu-fim-de-ano\/","title":{"rendered":"Bolsa Fam\u00edlia de dezembro cai mais cedo e pode salvar seu fim de ano"},"content":{"rendered":"\n<p>Os pagamentos do <strong>Bolsa Fam\u00edlia<\/strong> de dezembro recebem aten\u00e7\u00e3o especial todos os anos, principalmente porque o cronograma \u00e9 antecipado em rela\u00e7\u00e3o aos demais meses. Em 2025, o <strong>MDS <\/strong>mant\u00e9m a organiza\u00e7\u00e3o pelo <strong>NIS<\/strong>, mas ajusta as datas para garantir que as fam\u00edlias tenham acesso ao benef\u00edcio antes das festividades de fim de ano.<\/p>\n\n\n\n<h2 class=\"wp-block-heading\">Como funciona o calend\u00e1rio do Bolsa Fam\u00edlia em dezembro<\/h2>\n\n\n<div class=\"wp-block-image\">\n<figure class=\"aligncenter size-large\"><img loading=\"lazy\" decoding=\"async\" width=\"1024\" height=\"576\" src=\"https:\/\/www.em.com.br\/emfoco\/wp-content\/uploads\/2025\/06\/8570314b-6e14-424b-9ff7-dba10bb136fb-1-1024x576.jpeg\" alt=\"Calend\u00e1rio de pagamentos de setembro do Bolsa fam\u00edlia completo para voc\u00ea!\" class=\"wp-image-55085\" srcset=\"https:\/\/www.em.com.br\/emfoco\/wp-content\/uploads\/2025\/06\/8570314b-6e14-424b-9ff7-dba10bb136fb-1-1024x576.jpeg 1024w, https:\/\/www.em.com.br\/emfoco\/wp-content\/uploads\/2025\/06\/8570314b-6e14-424b-9ff7-dba10bb136fb-1-300x169.jpeg 300w, https:\/\/www.em.com.br\/emfoco\/wp-content\/uploads\/2025\/06\/8570314b-6e14-424b-9ff7-dba10bb136fb-1-768x432.jpeg 768w, https:\/\/www.em.com.br\/emfoco\/wp-content\/uploads\/2025\/06\/8570314b-6e14-424b-9ff7-dba10bb136fb-1-750x422.jpeg 750w, https:\/\/www.em.com.br\/emfoco\/wp-content\/uploads\/2025\/06\/8570314b-6e14-424b-9ff7-dba10bb136fb-1-1140x641.jpeg 1140w, https:\/\/www.em.com.br\/emfoco\/wp-content\/uploads\/2025\/06\/8570314b-6e14-424b-9ff7-dba10bb136fb-1.jpeg 1280w\" sizes=\"auto, (max-width: 1024px) 100vw, 1024px\" \/><figcaption class=\"wp-element-caption\">Pagamento antecipado do Bolsa Fam\u00edlia em dezembro &#8211; Divulga\u00e7\u00e3o: GOV.BR<\/figcaption><\/figure><\/div>\n\n\n<p>Em vez de serem depositados nos dez \u00faltimos dias \u00fateis, como de janeiro a novembro, os repasses de dezembro s\u00e3o concentrados em um per\u00edodo reduzido. Assim, os benefici\u00e1rios recebem mais cedo, o que facilita o pagamento de despesas essenciais, como alimenta\u00e7\u00e3o, transporte e contas b\u00e1sicas antes do <strong>Natal<\/strong>.<\/p>\n\n\n\n<p>O calend\u00e1rio segue o mesmo crit\u00e9rio dos outros meses: o \u00faltimo d\u00edgito do <strong>NIS<\/strong>. A diferen\u00e7a est\u00e1 no intervalo de datas, que costuma ser encerrado por volta do dia 10, evitando ac\u00famulo de saques em dias de funcionamento reduzido dos bancos e servi\u00e7os p\u00fablicos.<\/p>\n\n\n\n<h2 class=\"wp-block-heading\">Como consultar o calend\u00e1rio do Bolsa Fam\u00edlia de dezembro<\/h2>\n\n\n\n<p>O benefici\u00e1rio pode consultar o calend\u00e1rio de dezembro por diferentes canais oficiais, como sites do <strong>MDS <\/strong>e da <strong>Caixa<\/strong>, aplicativos e perfis em redes sociais. Em geral, os pagamentos come\u00e7am no in\u00edcio do m\u00eas e seguem de forma escalonada at\u00e9 o limite estabelecido, sempre respeitando o d\u00edgito final do <strong>NIS<\/strong>.<\/p>\n\n\n\n<p>O <strong>NIS <\/strong>\u00e9 um n\u00famero \u00fanico, impresso no cart\u00e3o do programa ou dispon\u00edvel nos aplicativos oficiais, e permite saber exatamente o dia de libera\u00e7\u00e3o do valor. Para localizar e acompanhar o benef\u00edcio, \u00e9 poss\u00edvel utilizar os seguintes meios:<\/p>\n\n\n\n<ul class=\"wp-block-list\">\n<li>No cart\u00e3o f\u00edsico, o <strong>NIS <\/strong>est\u00e1 localizado abaixo do nome do benefici\u00e1rio.<\/li>\n\n\n\n<li>No aplicativo <strong>Bolsa Fam\u00edlia<\/strong>, o n\u00famero aparece na tela inicial do cadastro.<\/li>\n\n\n\n<li>No <strong><a href=\"http:\/\/www.caixa.gov.br\/caixatem\/Paginas\/default.aspx\" target=\"_blank\" rel=\"noreferrer noopener\">Caixa Tem<\/a><\/strong>, \u00e9 poss\u00edvel ver o benef\u00edcio creditado e consultar o hist\u00f3rico de pagamentos.<\/li>\n<\/ul>\n\n\n\n<h2 class=\"wp-block-heading\">Como organizar o uso do Bolsa Fam\u00edlia em dezembro<\/h2>\n\n\n\n<p>Com o calend\u00e1rio em m\u00e3os, muitas fam\u00edlias montam um pequeno planejamento mensal para evitar imprevistos. A ideia \u00e9 priorizar gastos b\u00e1sicos, considerar compromissos j\u00e1 assumidos e, se poss\u00edvel, reservar parte do valor para despesas t\u00edpicas de fim de ano.<\/p>\n\n\n\n<p>Entre os pontos que costumam ser priorizados pelas fam\u00edlias ao organizar o or\u00e7amento com o benef\u00edcio, destacam-se:<\/p>\n\n\n\n<ol class=\"wp-block-list\">\n<li>Pagamento de contas b\u00e1sicas, como \u00e1gua, luz e g\u00e1s.<\/li>\n\n\n\n<li>Compra de alimentos e itens de higiene.<\/li>\n\n\n\n<li>Reserva de parte do valor para despesas extras do fim de ano, quando poss\u00edvel.<\/li>\n<\/ol>\n\n\n\n<p>Leia mais: <a href=\"https:\/\/www.em.com.br\/emfoco\/2025\/12\/09\/comunicado-importante-prazo-da-segunda-parcela-do-decimo-terceiro-esta-chegando\/\" target=\"_blank\" rel=\"noreferrer noopener\">Comunicado importante: prazo da segunda parcela do d\u00e9cimo terceiro est\u00e1 chegando<\/a><\/p>\n\n\n\n<h2 class=\"wp-block-heading\">Por que os pagamentos do Bolsa Fam\u00edlia s\u00e3o antecipados em dezembro<\/h2>\n\n\n\n<p>A antecipa\u00e7\u00e3o do pagamento em dezembro est\u00e1 ligada ao aumento de gastos do per\u00edodo e ao objetivo de garantir recursos antes das principais datas comemorativas. Dessa forma, o governo busca evitar que as fam\u00edlias fiquem sem acesso ao benef\u00edcio durante o <strong>Natal <\/strong>e a virada do ano.<\/p>\n\n\n\n<p>Al\u00e9m disso, bancos e servi\u00e7os p\u00fablicos costumam operar com hor\u00e1rios diferenciados nas \u00faltimas semanas do ano. Ao antecipar os dep\u00f3sitos, o <strong>MDS <\/strong>reduz o risco de ac\u00famulo de saques de \u00faltima hora, melhora o fluxo de atendimento e facilita a movimenta\u00e7\u00e3o financeira em munic\u00edpios menores.<\/p>\n\n\n\n<h2 class=\"wp-block-heading\">Quais cuidados adotar ao receber o Bolsa Fam\u00edlia em dezembro<\/h2>\n\n\n<div class=\"wp-block-image\">\n<figure class=\"aligncenter size-large\"><img loading=\"lazy\" decoding=\"async\" width=\"1024\" height=\"576\" src=\"https:\/\/www.em.com.br\/emfoco\/wp-content\/uploads\/2025\/06\/aposentado-dinheiro-reais_1743473149469-1024x576.jpg\" alt=\"Trabalhadores de baixa renda v\u00e3o receber at\u00e9 um sal\u00e1rio extra; veja detalhes\" class=\"wp-image-54989\" srcset=\"https:\/\/www.em.com.br\/emfoco\/wp-content\/uploads\/2025\/06\/aposentado-dinheiro-reais_1743473149469-1024x576.jpg 1024w, https:\/\/www.em.com.br\/emfoco\/wp-content\/uploads\/2025\/06\/aposentado-dinheiro-reais_1743473149469-300x169.jpg 300w, https:\/\/www.em.com.br\/emfoco\/wp-content\/uploads\/2025\/06\/aposentado-dinheiro-reais_1743473149469-768x432.jpg 768w, https:\/\/www.em.com.br\/emfoco\/wp-content\/uploads\/2025\/06\/aposentado-dinheiro-reais_1743473149469-750x422.jpg 750w, https:\/\/www.em.com.br\/emfoco\/wp-content\/uploads\/2025\/06\/aposentado-dinheiro-reais_1743473149469-1140x641.jpg 1140w, https:\/\/www.em.com.br\/emfoco\/wp-content\/uploads\/2025\/06\/aposentado-dinheiro-reais_1743473149469.jpg 1280w\" sizes=\"auto, (max-width: 1024px) 100vw, 1024px\" \/><figcaption class=\"wp-element-caption\">Pagamento antecipado do Bolsa Fam\u00edlia em dezembro &#8211; Cr\u00e9ditos: depositphotos.com \/ verganifotografia<\/figcaption><\/figure><\/div>\n\n\n<p>Mesmo em um m\u00eas com despesas mais altas, especialistas em educa\u00e7\u00e3o financeira recomendam priorizar gastos essenciais e evitar d\u00edvidas de longo prazo. Como o programa \u00e9 um complemento de renda e n\u00e3o um sal\u00e1rio fixo, \u00e9 importante utiliz\u00e1-lo com cautela e planejamento.<\/p>\n\n\n\n<p>Tamb\u00e9m \u00e9 fundamental manter a seguran\u00e7a das informa\u00e7\u00f5es e seguir as regras do programa, evitando problemas futuros no recebimento do benef\u00edcio:<\/p>\n\n\n\n<ul class=\"wp-block-list\">\n<li>Verificar sempre as datas oficiais nos canais do governo, evitando informa\u00e7\u00f5es de origem desconhecida.<\/li>\n\n\n\n<li>Conferir o valor depositado pelo aplicativo ou extrato antes de realizar compras.<\/li>\n\n\n\n<li>Guardar o cart\u00e3o e a senha em local seguro, sem compartilhar dados com terceiros.<\/li>\n<\/ul>\n\n\n\n<p>Outro ponto relevante \u00e9 a manuten\u00e7\u00e3o das condicionalidades, como atualiza\u00e7\u00e3o cadastral no <strong>Cadastro \u00danico<\/strong>, frequ\u00eancia escolar m\u00ednima das crian\u00e7as e acompanhamento de sa\u00fade em unidades b\u00e1sicas. O descumprimento dessas exig\u00eancias pode gerar bloqueio, suspens\u00e3o ou cancelamento do benef\u00edcio em meses seguintes.<\/p>\n\n\n\n<p>Leia mais: <a href=\"https:\/\/www.em.com.br\/emfoco\/2025\/09\/18\/como-as-taxas-de-juros-da-selic-e-pis-pasep-afetam-seu-orcamento\/\" target=\"_blank\" rel=\"noreferrer noopener\">Como as taxas de juros da Selic e PIS\/PASEP afetam seu or\u00e7amento<\/a><\/p>\n\n\n\n<h2 class=\"wp-block-heading\">O que fazer em caso de d\u00favidas sobre o pagamento de dezembro<\/h2>\n\n\n\n<p>Em caso de d\u00favidas sobre o cronograma ou sobre o valor pago em dezembro, o mais seguro \u00e9 buscar canais oficiais de atendimento. Assim, o benefici\u00e1rio evita boatos, confirma o calend\u00e1rio atualizado e obt\u00e9m orienta\u00e7\u00f5es espec\u00edficas sobre sua situa\u00e7\u00e3o.<\/p>\n\n\n\n<p>A <strong>Central da Caixa<\/strong>, o atendimento do <strong>MDS<\/strong>, os <strong>Centros de Refer\u00eancia de Assist\u00eancia Social<\/strong> (CRAS) e os aplicativos digitais oferecem informa\u00e7\u00f5es confi\u00e1veis. Dessa forma, quem depende do programa consegue se organizar com anteced\u00eancia e usar o benef\u00edcio de maneira mais planejada, mesmo em um m\u00eas de or\u00e7amento mais pressionado.<\/p>\n","protected":false},"excerpt":{"rendered":"<p>Os pagamentos do Bolsa Fam\u00edlia de dezembro recebem aten\u00e7\u00e3o especial todos os anos, principalmente porque o cronograma \u00e9 antecipado em rela\u00e7\u00e3o aos demais meses. Em 2025, o MDS mant\u00e9m a organiza\u00e7\u00e3o pelo NIS, mas ajusta as datas para garantir que as fam\u00edlias tenham acesso ao benef\u00edcio antes das festividades de fim de ano. Como funciona [&hellip;]<\/p>\n","protected":false},"author":20,"featured_media":90628,"comment_status":"open","ping_status":"open","sticky":false,"template":"","format":"standard","meta":{"jnews-multi-image_gallery":[],"jnews_single_post":{"format":"standard"},"jnews_primary_category":[],"jnews_social_meta":[],"jnews_override_counter":[],"footnotes":""},"categories":[28,1],"tags":[209,1114,345],"class_list":["post-137795","post","type-post","status-publish","format-standard","has-post-thumbnail","hentry","category-economia","category-noticias","tag-bolsa-familia","tag-mds","tag-nis"],"yoast_head":"<!-- This site is optimized with the Yoast SEO plugin v23.8 - https:\/\/yoast.com\/wordpress\/plugins\/seo\/ -->\n<title>Bolsa Fam\u00edlia de dezembro cai mais cedo e pode salvar seu fim de ano - Estado de Minas - Em foco<\/title>\n<meta name=\"description\" content=\"Bolsa Fam\u00edlia de dezembro cai mais cedo e pode aliviar o fim de ano, garantindo apoio financeiro essencial para organizar despesas.\" \/>\n<meta name=\"robots\" content=\"index, follow, max-snippet:-1, max-image-preview:large, max-video-preview:-1\" \/>\n<link rel=\"canonical\" href=\"https:\/\/www.em.com.br\/emfoco\/2025\/12\/10\/bolsa-familia-de-dezembro-cai-mais-cedo-e-pode-salvar-seu-fim-de-ano\/\" \/>\n<meta property=\"og:locale\" content=\"pt_BR\" \/>\n<meta property=\"og:type\" content=\"article\" \/>\n<meta property=\"og:title\" content=\"Bolsa Fam\u00edlia de dezembro cai mais cedo e pode salvar seu fim de ano - Estado de Minas - Em foco\" \/>\n<meta property=\"og:description\" content=\"Bolsa Fam\u00edlia de dezembro cai mais cedo e pode aliviar o fim de ano, garantindo apoio financeiro essencial para organizar despesas.\" \/>\n<meta property=\"og:url\" content=\"https:\/\/www.em.com.br\/emfoco\/2025\/12\/10\/bolsa-familia-de-dezembro-cai-mais-cedo-e-pode-salvar-seu-fim-de-ano\/\" \/>\n<meta property=\"og:site_name\" content=\"Estado de Minas - Em foco\" \/>\n<meta property=\"article:published_time\" content=\"2025-12-10T17:15:00+00:00\" \/>\n<meta property=\"article:modified_time\" content=\"2025-12-09T16:53:49+00:00\" \/>\n<meta property=\"og:image\" content=\"https:\/\/www.em.com.br\/emfoco\/wp-content\/uploads\/2025\/08\/Reais-dinheiro_1754978580233.jpg\" \/>\n\t<meta property=\"og:image:width\" content=\"1280\" \/>\n\t<meta property=\"og:image:height\" content=\"720\" \/>\n\t<meta property=\"og:image:type\" content=\"image\/jpeg\" \/>\n<meta name=\"author\" content=\"Ingrid Diniz\" \/>\n<meta name=\"twitter:card\" content=\"summary_large_image\" \/>\n<meta name=\"twitter:label1\" content=\"Escrito por\" \/>\n\t<meta name=\"twitter:data1\" content=\"Ingrid Diniz\" \/>\n\t<meta name=\"twitter:label2\" content=\"Est. tempo de leitura\" \/>\n\t<meta name=\"twitter:data2\" content=\"5 minutos\" \/>\n<!-- \/ Yoast SEO plugin. -->","yoast_head_json":{"title":"Bolsa Fam\u00edlia de dezembro cai mais cedo e pode salvar seu fim de ano - Estado de Minas - Em foco","description":"Bolsa Fam\u00edlia de dezembro cai mais cedo e pode aliviar o fim de ano, garantindo apoio financeiro essencial para organizar despesas.","robots":{"index":"index","follow":"follow","max-snippet":"max-snippet:-1","max-image-preview":"max-image-preview:large","max-video-preview":"max-video-preview:-1"},"canonical":"https:\/\/www.em.com.br\/emfoco\/2025\/12\/10\/bolsa-familia-de-dezembro-cai-mais-cedo-e-pode-salvar-seu-fim-de-ano\/","og_locale":"pt_BR","og_type":"article","og_title":"Bolsa Fam\u00edlia de dezembro cai mais cedo e pode salvar seu fim de ano - Estado de Minas - Em foco","og_description":"Bolsa Fam\u00edlia de dezembro cai mais cedo e pode aliviar o fim de ano, garantindo apoio financeiro essencial para organizar despesas.","og_url":"https:\/\/www.em.com.br\/emfoco\/2025\/12\/10\/bolsa-familia-de-dezembro-cai-mais-cedo-e-pode-salvar-seu-fim-de-ano\/","og_site_name":"Estado de Minas - Em foco","article_published_time":"2025-12-10T17:15:00+00:00","article_modified_time":"2025-12-09T16:53:49+00:00","og_image":[{"width":1280,"height":720,"url":"https:\/\/www.em.com.br\/emfoco\/wp-content\/uploads\/2025\/08\/Reais-dinheiro_1754978580233.jpg","type":"image\/jpeg"}],"author":"Ingrid Diniz","twitter_card":"summary_large_image","twitter_misc":{"Escrito por":"Ingrid Diniz","Est. tempo de leitura":"5 minutos"},"schema":{"@context":"https:\/\/schema.org","@graph":[{"@type":"WebPage","@id":"https:\/\/www.em.com.br\/emfoco\/2025\/12\/10\/bolsa-familia-de-dezembro-cai-mais-cedo-e-pode-salvar-seu-fim-de-ano\/","url":"https:\/\/www.em.com.br\/emfoco\/2025\/12\/10\/bolsa-familia-de-dezembro-cai-mais-cedo-e-pode-salvar-seu-fim-de-ano\/","name":"Bolsa Fam\u00edlia de dezembro cai mais cedo e pode salvar seu fim de ano - Estado de Minas - Em foco","isPartOf":{"@id":"https:\/\/www.em.com.br\/emfoco\/#website"},"primaryImageOfPage":{"@id":"https:\/\/www.em.com.br\/emfoco\/2025\/12\/10\/bolsa-familia-de-dezembro-cai-mais-cedo-e-pode-salvar-seu-fim-de-ano\/#primaryimage"},"image":{"@id":"https:\/\/www.em.com.br\/emfoco\/2025\/12\/10\/bolsa-familia-de-dezembro-cai-mais-cedo-e-pode-salvar-seu-fim-de-ano\/#primaryimage"},"thumbnailUrl":"https:\/\/www.em.com.br\/emfoco\/wp-content\/uploads\/2025\/08\/Reais-dinheiro_1754978580233.jpg","datePublished":"2025-12-10T17:15:00+00:00","dateModified":"2025-12-09T16:53:49+00:00","author":{"@id":"https:\/\/www.em.com.br\/emfoco\/#\/schema\/person\/649e610b4eb8fff87ff394e54fe17b2b"},"description":"Bolsa Fam\u00edlia de dezembro cai mais cedo e pode aliviar o fim de ano, garantindo apoio financeiro essencial para organizar despesas.","breadcrumb":{"@id":"https:\/\/www.em.com.br\/emfoco\/2025\/12\/10\/bolsa-familia-de-dezembro-cai-mais-cedo-e-pode-salvar-seu-fim-de-ano\/#breadcrumb"},"inLanguage":"pt-BR","potentialAction":[{"@type":"ReadAction","target":["https:\/\/www.em.com.br\/emfoco\/2025\/12\/10\/bolsa-familia-de-dezembro-cai-mais-cedo-e-pode-salvar-seu-fim-de-ano\/"]}]},{"@type":"ImageObject","inLanguage":"pt-BR","@id":"https:\/\/www.em.com.br\/emfoco\/2025\/12\/10\/bolsa-familia-de-dezembro-cai-mais-cedo-e-pode-salvar-seu-fim-de-ano\/#primaryimage","url":"https:\/\/www.em.com.br\/emfoco\/wp-content\/uploads\/2025\/08\/Reais-dinheiro_1754978580233.jpg","contentUrl":"https:\/\/www.em.com.br\/emfoco\/wp-content\/uploads\/2025\/08\/Reais-dinheiro_1754978580233.jpg","width":1280,"height":720,"caption":"O que muda no BPC e por que erros bloqueiam o acesso - Cr\u00e9ditos: depositphotos.com \/ Krakenimages.com"},{"@type":"BreadcrumbList","@id":"https:\/\/www.em.com.br\/emfoco\/2025\/12\/10\/bolsa-familia-de-dezembro-cai-mais-cedo-e-pode-salvar-seu-fim-de-ano\/#breadcrumb","itemListElement":[{"@type":"ListItem","position":1,"name":"In\u00edcio","item":"https:\/\/www.em.com.br\/emfoco\/"},{"@type":"ListItem","position":2,"name":"Bolsa Fam\u00edlia de dezembro cai mais cedo e pode salvar seu fim de ano"}]},{"@type":"WebSite","@id":"https:\/\/www.em.com.br\/emfoco\/#website","url":"https:\/\/www.em.com.br\/emfoco\/","name":"Estado de Minas - Em foco","description":"Acompanhe as \u00faltimas not\u00edcias e fique bem informado sobre tudo o que acontece em Minas Gerais, Brasil e no mundo.","potentialAction":[{"@type":"SearchAction","target":{"@type":"EntryPoint","urlTemplate":"https:\/\/www.em.com.br\/emfoco\/?s={search_term_string}"},"query-input":{"@type":"PropertyValueSpecification","valueRequired":true,"valueName":"search_term_string"}}],"inLanguage":"pt-BR"},{"@type":"Person","@id":"https:\/\/www.em.com.br\/emfoco\/#\/schema\/person\/649e610b4eb8fff87ff394e54fe17b2b","name":"Ingrid Diniz","image":{"@type":"ImageObject","inLanguage":"pt-BR","@id":"https:\/\/www.em.com.br\/emfoco\/#\/schema\/person\/image\/","url":"https:\/\/secure.gravatar.com\/avatar\/a3baa1449ec5c39b4c42babc9d4f3951?s=96&d=mm&r=g","contentUrl":"https:\/\/secure.gravatar.com\/avatar\/a3baa1449ec5c39b4c42babc9d4f3951?s=96&d=mm&r=g","caption":"Ingrid Diniz"},"sameAs":["https:\/\/www.em.com.br\/"],"url":"https:\/\/www.em.com.br\/emfoco\/author\/ingridmyth\/"}]}},"_links":{"self":[{"href":"https:\/\/www.em.com.br\/emfoco\/wp-json\/wp\/v2\/posts\/137795","targetHints":{"allow":["GET"]}}],"collection":[{"href":"https:\/\/www.em.com.br\/emfoco\/wp-json\/wp\/v2\/posts"}],"about":[{"href":"https:\/\/www.em.com.br\/emfoco\/wp-json\/wp\/v2\/types\/post"}],"author":[{"embeddable":true,"href":"https:\/\/www.em.com.br\/emfoco\/wp-json\/wp\/v2\/users\/20"}],"replies":[{"embeddable":true,"href":"https:\/\/www.em.com.br\/emfoco\/wp-json\/wp\/v2\/comments?post=137795"}],"version-history":[{"count":1,"href":"https:\/\/www.em.com.br\/emfoco\/wp-json\/wp\/v2\/posts\/137795\/revisions"}],"predecessor-version":[{"id":137849,"href":"https:\/\/www.em.com.br\/emfoco\/wp-json\/wp\/v2\/posts\/137795\/revisions\/137849"}],"wp:featuredmedia":[{"embeddable":true,"href":"https:\/\/www.em.com.br\/emfoco\/wp-json\/wp\/v2\/media\/90628"}],"wp:attachment":[{"href":"https:\/\/www.em.com.br\/emfoco\/wp-json\/wp\/v2\/media?parent=137795"}],"wp:term":[{"taxonomy":"category","embeddable":true,"href":"https:\/\/www.em.com.br\/emfoco\/wp-json\/wp\/v2\/categories?post=137795"},{"taxonomy":"post_tag","embeddable":true,"href":"https:\/\/www.em.com.br\/emfoco\/wp-json\/wp\/v2\/tags?post=137795"}],"curies":[{"name":"wp","href":"https:\/\/api.w.org\/{rel}","templated":true}]}}