{"id":137794,"date":"2025-12-10T12:25:00","date_gmt":"2025-12-10T15:25:00","guid":{"rendered":"https:\/\/www.em.com.br\/emfoco\/?p=137794"},"modified":"2025-12-09T19:15:41","modified_gmt":"2025-12-09T22:15:41","slug":"novas-taxas-municipais-que-podem-afetar-moradores-em-2026","status":"publish","type":"post","link":"https:\/\/www.em.com.br\/emfoco\/2025\/12\/10\/novas-taxas-municipais-que-podem-afetar-moradores-em-2026\/","title":{"rendered":"Novas taxas municipais que podem afetar moradores em 2026"},"content":{"rendered":"\n<p>A partir de 2026, moradores de diversas cidades brasileiras poder\u00e3o perceber mudan\u00e7as diretas no bolso por causa da <strong>Reforma Tribut\u00e1ria<\/strong>. A fase de transi\u00e7\u00e3o do novo sistema de impostos come\u00e7a a ganhar forma, e prefeituras, s\u00edndicos e administradoras j\u00e1 estudam ajustes em tributos e encargos locais, com aten\u00e7\u00e3o especial ao <strong>IPTU<\/strong>, \u00e0s novas taxas municipais e aos impactos sobre as despesas de condom\u00ednio.<\/p>\n\n\n\n<h2 class=\"wp-block-heading\">Novas taxas municipais em 2026 v\u00e3o mudar o bolso do morador<\/h2>\n\n\n<div class=\"wp-block-image\">\n<figure class=\"aligncenter size-large\"><img loading=\"lazy\" decoding=\"async\" width=\"1024\" height=\"576\" src=\"https:\/\/www.em.com.br\/emfoco\/wp-content\/uploads\/2025\/10\/telhado-branco_1756983089449-1024x576.jpg\" alt=\"Pintar o telhado de branco \u00e9 solu\u00e7\u00e3o simples contra calor e altos gastos de energia\" class=\"wp-image-110782\" srcset=\"https:\/\/www.em.com.br\/emfoco\/wp-content\/uploads\/2025\/10\/telhado-branco_1756983089449-1024x576.jpg 1024w, https:\/\/www.em.com.br\/emfoco\/wp-content\/uploads\/2025\/10\/telhado-branco_1756983089449-300x169.jpg 300w, https:\/\/www.em.com.br\/emfoco\/wp-content\/uploads\/2025\/10\/telhado-branco_1756983089449-768x432.jpg 768w, https:\/\/www.em.com.br\/emfoco\/wp-content\/uploads\/2025\/10\/telhado-branco_1756983089449-750x422.jpg 750w, https:\/\/www.em.com.br\/emfoco\/wp-content\/uploads\/2025\/10\/telhado-branco_1756983089449-1140x641.jpg 1140w, https:\/\/www.em.com.br\/emfoco\/wp-content\/uploads\/2025\/10\/telhado-branco_1756983089449.jpg 1280w\" sizes=\"auto, (max-width: 1024px) 100vw, 1024px\" \/><figcaption class=\"wp-element-caption\">Novas taxas municipais que afetam seu bolso &#8211; Cr\u00e9ditos: depositphotos.com \/ thefutureis<\/figcaption><\/figure><\/div>\n\n\n<p>A palavra-chave nesse cen\u00e1rio s\u00e3o <strong>novas taxas municipais<\/strong>. Com a implementa\u00e7\u00e3o gradual da <strong><a href=\"https:\/\/www.gov.br\/fazenda\/pt-br\/acesso-a-informacao\/acoes-e-programas\/reforma-tributaria\" target=\"_blank\" rel=\"noreferrer noopener\">Reforma Tribut\u00e1ria<\/a><\/strong>, os munic\u00edpios podem ajustar a forma de cobrar tributos j\u00e1 existentes e, em alguns casos, criar cobran\u00e7as acess\u00f3rias ligadas a servi\u00e7os p\u00fablicos espec\u00edficos.<\/p>\n\n\n\n<p>Entre as medidas em estudo est\u00e3o a atualiza\u00e7\u00e3o de plantas gen\u00e9ricas de valores, revis\u00e3o de al\u00edquotas do <strong>IPTU <\/strong>e reestrutura\u00e7\u00e3o de tarifas de coleta de lixo, ilumina\u00e7\u00e3o p\u00fablica e conserva\u00e7\u00e3o urbana. Em algumas cidades, discute-se tamb\u00e9m maior transpar\u00eancia na destina\u00e7\u00e3o dos recursos e crit\u00e9rios mais objetivos de c\u00e1lculo.<\/p>\n\n\n\n<h2 class=\"wp-block-heading\">Quais mudan\u00e7as nas taxas municipais est\u00e3o em discuss\u00e3o<\/h2>\n\n\n\n<p>Essas altera\u00e7\u00f5es n\u00e3o significam apenas aumento de carga tribut\u00e1ria. H\u00e1 munic\u00edpios avaliando modelos mais proporcionais ao uso de servi\u00e7os e ao padr\u00e3o do im\u00f3vel, reduzindo distor\u00e7\u00f5es hist\u00f3ricas entre bairros valorizados e \u00e1reas perif\u00e9ricas.<\/p>\n\n\n\n<p>A expectativa, por\u00e9m, \u00e9 de que parte dos contribuintes sinta algum impacto financeiro, sobretudo onde n\u00e3o havia atualiza\u00e7\u00e3o cadastral h\u00e1 anos. A rela\u00e7\u00e3o entre valor de mercado, infraestrutura do entorno e taxa\u00e7\u00e3o tende a ficar mais alinhada \u00e0s realidades locais, o que pode redistribuir quem paga mais ou menos.<\/p>\n\n\n\n<h2 class=\"wp-block-heading\">Como a Reforma Tribut\u00e1ria pode afetar o IPTU dos moradores<\/h2>\n\n\n\n<p>O <strong>IPTU<\/strong> permanece como tributo municipal, mas a reorganiza\u00e7\u00e3o geral do sistema incentiva prefeituras a revisar bases de c\u00e1lculo, corrigir distor\u00e7\u00f5es e atualizar valores venais defasados. Em 2026, esse movimento pode ganhar for\u00e7a em capitais e cidades de m\u00e9dio porte.<\/p>\n\n\n\n<p>Na pr\u00e1tica, os munic\u00edpios costumam observar alguns fatores ao calibrar o imposto sobre a propriedade urbana, e o contribuinte pode acompanhar esses crit\u00e9rios para entender melhor eventuais reajustes:<\/p>\n\n\n\n<ul class=\"wp-block-list\">\n<li><strong>Localiza\u00e7\u00e3o do im\u00f3vel<\/strong> e valoriza\u00e7\u00e3o do bairro ao longo dos anos;<\/li>\n\n\n\n<li><strong>Padr\u00e3o de constru\u00e7\u00e3o<\/strong>, metragem e uso (residencial, comercial ou misto);<\/li>\n\n\n\n<li><strong>Infraestrutura dispon\u00edvel<\/strong>, como transporte, escolas e servi\u00e7os p\u00fablicos;<\/li>\n\n\n\n<li><strong>Pol\u00edtica de isen\u00e7\u00f5es<\/strong> ou descontos para idosos, baixa renda e im\u00f3veis de menor valor.<\/li>\n<\/ul>\n\n\n\n<h2 class=\"wp-block-heading\">Quem pode ter aumento ou al\u00edvio no valor do IPTU em 2026<\/h2>\n\n\n\n<p>Se ocorrer atualiza\u00e7\u00e3o ampla da base cadastral, im\u00f3veis que se valorizaram mais rapidamente tendem a registrar aumento no valor do <strong>IPTU<\/strong>. J\u00e1 regi\u00f5es com perda de atratividade ou em requalifica\u00e7\u00e3o urbana podem ter reajustes mais moderados ou at\u00e9 revis\u00e3o de al\u00edquotas.<\/p>\n\n\n\n<p>Acompanhamento de leis municipais, audi\u00eancias p\u00fablicas e comunicados das prefeituras ser\u00e1 fundamental para entender antecipadamente o impacto em cada bairro. Moradores tamb\u00e9m podem revisar o carn\u00ea do <strong>IPTU <\/strong>e questionar eventuais erros cadastrais ou enquadramentos inadequados.<\/p>\n\n\n\n<p>Leia mais: <a href=\"https:\/\/www.em.com.br\/emfoco\/2025\/12\/06\/lei-confirma-que-se-o-vizinho-nao-pagar-as-taxas-condominiais-os-outros-proprietarios-podem-solicitar-a-penhora-de-seus-bens-entenda\/\" target=\"_blank\" rel=\"noreferrer noopener\">Lei confirma que se o vizinho n\u00e3o pagar as taxas condominiais, os outros propriet\u00e1rios podem solicitar a penhora de seus bens, entenda<\/a><\/p>\n\n\n\n<h2 class=\"wp-block-heading\">Taxas municipais podem aumentar os custos de condom\u00ednio<\/h2>\n\n\n\n<p>Os custos de condom\u00ednio tamb\u00e9m tendem a sentir reflexos das <strong>novas taxas municipais<\/strong>. Despesas com \u00e1gua, esgoto, coleta de lixo e ilumina\u00e7\u00e3o de \u00e1reas comuns podem ser influenciadas por mudan\u00e7as em tarifas p\u00fablicas ou na forma de repasse de tributos.<\/p>\n\n\n\n<p>Em pr\u00e9dios residenciais e mistos, qualquer varia\u00e7\u00e3o nesses itens costuma ser distribu\u00edda entre os cond\u00f4minos na taxa condominial mensal. S\u00edndicos devem acompanhar de perto comunicados das concession\u00e1rias e da prefeitura para ajustar o or\u00e7amento com anteced\u00eancia.<\/p>\n\n\n\n<h2 class=\"wp-block-heading\">Quais servi\u00e7os condominiais podem ficar mais caros<\/h2>\n\n\n<div class=\"wp-block-image\">\n<figure class=\"aligncenter size-large\"><img loading=\"lazy\" decoding=\"async\" width=\"1024\" height=\"576\" src=\"https:\/\/www.em.com.br\/emfoco\/wp-content\/uploads\/2025\/12\/imagem_2025-11-25_102036263-e1765298325577-1024x576.png\" alt=\"\" class=\"wp-image-137836\" srcset=\"https:\/\/www.em.com.br\/emfoco\/wp-content\/uploads\/2025\/12\/imagem_2025-11-25_102036263-e1765298325577-1024x576.png 1024w, https:\/\/www.em.com.br\/emfoco\/wp-content\/uploads\/2025\/12\/imagem_2025-11-25_102036263-e1765298325577-300x169.png 300w, https:\/\/www.em.com.br\/emfoco\/wp-content\/uploads\/2025\/12\/imagem_2025-11-25_102036263-e1765298325577-768x432.png 768w, https:\/\/www.em.com.br\/emfoco\/wp-content\/uploads\/2025\/12\/imagem_2025-11-25_102036263-e1765298325577-750x422.png 750w, https:\/\/www.em.com.br\/emfoco\/wp-content\/uploads\/2025\/12\/imagem_2025-11-25_102036263-e1765298325577-1140x641.png 1140w, https:\/\/www.em.com.br\/emfoco\/wp-content\/uploads\/2025\/12\/imagem_2025-11-25_102036263-e1765298325577.png 1280w\" sizes=\"auto, (max-width: 1024px) 100vw, 1024px\" \/><figcaption class=\"wp-element-caption\">Novas taxas municipais que afetam seu bolso<\/figcaption><\/figure><\/div>\n\n\n<p>Alguns pontos merecem aten\u00e7\u00e3o em 2026 e podem ajudar o morador a entender por que a taxa condominial sofre reajustes. A seguir, est\u00e3o alguns dos principais focos de aumento de custo em condom\u00ednios:<\/p>\n\n\n\n<ol class=\"wp-block-list\">\n<li><strong>Servi\u00e7os urbanos vinculados ao im\u00f3vel<\/strong><br>Mudan\u00e7as em taxas de coleta de res\u00edduos, varri\u00e7\u00e3o de ruas ou conserva\u00e7\u00e3o de \u00e1reas p\u00fablicas podem encarecer contratos com prestadores que atendem os condom\u00ednios.<\/li>\n\n\n\n<li><strong>Reajuste de contratos de manuten\u00e7\u00e3o<\/strong><br>Empresas de portaria, limpeza, jardinagem e seguran\u00e7a tendem a repassar aumentos de custos, incluindo efeitos da carga tribut\u00e1ria sobre folha de pagamento e insumos.<\/li>\n\n\n\n<li><strong>Consumo de \u00e1gua e energia em \u00e1reas comuns<\/strong><br>Altera\u00e7\u00f5es nas tarifas ou na forma de cobran\u00e7a de servi\u00e7os essenciais obrigam a refazer o or\u00e7amento condominial, impactando diretamente o rateio entre os moradores.<\/li>\n<\/ol>\n\n\n\n<p>Leia mais: <a href=\"https:\/\/www.em.com.br\/emfoco\/2025\/10\/06\/novo-golpe-das-taxas-internacionais-preocupa-quem-compra-online\/\" target=\"_blank\" rel=\"noreferrer noopener\">Novo golpe das taxas internacionais preocupa quem compra online<\/a><\/p>\n\n\n\n<h2 class=\"wp-block-heading\">Como o morador pode se preparar para as novas taxas municipais<\/h2>\n\n\n\n<p>Diante da possibilidade de mudan\u00e7as no <strong>IPTU <\/strong>e de aumento nos custos de condom\u00ednio, a organiza\u00e7\u00e3o financeira torna-se essencial. Acompanhamento de not\u00edcias locais, leitura atenta de comunicados oficiais da prefeitura e participa\u00e7\u00e3o em reuni\u00f5es de condom\u00ednio ajudam a antecipar ajustes no or\u00e7amento dom\u00e9stico.<\/p>\n\n\n\n<p>Algumas pr\u00e1ticas tendem a auxiliar nesse processo, permitindo que o morador se planeje e reduza surpresas com boletos e carn\u00eas ao longo de 2026:<\/p>\n\n\n\n<ul class=\"wp-block-list\">\n<li>Reservar uma <strong>margem no or\u00e7amento<\/strong> para cobrir reajustes de impostos e taxas;<\/li>\n\n\n\n<li>Verificar periodicamente o <strong>cadastro do im\u00f3vel<\/strong> junto \u00e0 prefeitura para corrigir diverg\u00eancias;<\/li>\n\n\n\n<li>Acompanhar <strong>projetos de lei municipais<\/strong> relacionados a tributos urbanos e audi\u00eancias p\u00fablicas;<\/li>\n\n\n\n<li>Participar de <strong>assembleias condominiais<\/strong> que discutam previs\u00f5es or\u00e7ament\u00e1rias e reajustes;<\/li>\n\n\n\n<li>Avaliar, com o condom\u00ednio, medidas de <strong>redu\u00e7\u00e3o de custos<\/strong>, como efici\u00eancia energ\u00e9tica e revis\u00e3o de contratos.<\/li>\n<\/ul>\n","protected":false},"excerpt":{"rendered":"<p>A partir de 2026, moradores de diversas cidades brasileiras poder\u00e3o perceber mudan\u00e7as diretas no bolso por causa da Reforma Tribut\u00e1ria. A fase de transi\u00e7\u00e3o do novo sistema de impostos come\u00e7a a ganhar forma, e prefeituras, s\u00edndicos e administradoras j\u00e1 estudam ajustes em tributos e encargos locais, com aten\u00e7\u00e3o especial ao IPTU, \u00e0s novas taxas municipais [&hellip;]<\/p>\n","protected":false},"author":20,"featured_media":137837,"comment_status":"open","ping_status":"open","sticky":false,"template":"","format":"standard","meta":{"jnews-multi-image_gallery":[],"jnews_single_post":{"format":"standard"},"jnews_primary_category":[],"jnews_social_meta":[],"jnews_override_counter":[],"footnotes":""},"categories":[28,1],"tags":[17687,2424,3543],"class_list":["post-137794","post","type-post","status-publish","format-standard","has-post-thumbnail","hentry","category-economia","category-noticias","tag-condominio","tag-iptu","tag-reforma-tributaria"],"yoast_head":"<!-- This site is optimized with the Yoast SEO plugin v23.8 - https:\/\/yoast.com\/wordpress\/plugins\/seo\/ -->\n<title>Novas taxas municipais que podem afetar moradores em 2026 - Estado de Minas - Em foco<\/title>\n<meta name=\"description\" content=\"Novas taxas municipais de 2026 podem impactar seu bolso antes do IPTU, aumentando custos locais e exigindo aten\u00e7\u00e3o \u00e0s mudan\u00e7as tribut\u00e1rias.\" \/>\n<meta name=\"robots\" content=\"index, follow, max-snippet:-1, max-image-preview:large, max-video-preview:-1\" \/>\n<link rel=\"canonical\" href=\"https:\/\/www.em.com.br\/emfoco\/2025\/12\/10\/novas-taxas-municipais-que-podem-afetar-moradores-em-2026\/\" \/>\n<meta property=\"og:locale\" content=\"pt_BR\" \/>\n<meta property=\"og:type\" content=\"article\" \/>\n<meta property=\"og:title\" content=\"Novas taxas municipais que podem afetar moradores em 2026 - Estado de Minas - Em foco\" \/>\n<meta property=\"og:description\" content=\"Novas taxas municipais de 2026 podem impactar seu bolso antes do IPTU, aumentando custos locais e exigindo aten\u00e7\u00e3o \u00e0s mudan\u00e7as tribut\u00e1rias.\" \/>\n<meta property=\"og:url\" content=\"https:\/\/www.em.com.br\/emfoco\/2025\/12\/10\/novas-taxas-municipais-que-podem-afetar-moradores-em-2026\/\" \/>\n<meta property=\"og:site_name\" content=\"Estado de Minas - Em foco\" \/>\n<meta property=\"article:published_time\" content=\"2025-12-10T15:25:00+00:00\" \/>\n<meta property=\"article:modified_time\" content=\"2025-12-09T22:15:41+00:00\" \/>\n<meta property=\"og:image\" content=\"https:\/\/www.em.com.br\/emfoco\/wp-content\/uploads\/2025\/12\/imagem_2025-11-25_102153315-e1765298383355-1024x576.png\" \/>\n\t<meta property=\"og:image:width\" content=\"1024\" \/>\n\t<meta property=\"og:image:height\" content=\"576\" \/>\n\t<meta property=\"og:image:type\" content=\"image\/png\" \/>\n<meta name=\"author\" content=\"Ingrid Diniz\" \/>\n<meta name=\"twitter:card\" content=\"summary_large_image\" \/>\n<meta name=\"twitter:label1\" content=\"Escrito por\" \/>\n\t<meta name=\"twitter:data1\" content=\"Ingrid Diniz\" \/>\n\t<meta name=\"twitter:label2\" content=\"Est. tempo de leitura\" \/>\n\t<meta name=\"twitter:data2\" content=\"6 minutos\" \/>\n<!-- \/ Yoast SEO plugin. -->","yoast_head_json":{"title":"Novas taxas municipais que podem afetar moradores em 2026 - Estado de Minas - Em foco","description":"Novas taxas municipais de 2026 podem impactar seu bolso antes do IPTU, aumentando custos locais e exigindo aten\u00e7\u00e3o \u00e0s mudan\u00e7as tribut\u00e1rias.","robots":{"index":"index","follow":"follow","max-snippet":"max-snippet:-1","max-image-preview":"max-image-preview:large","max-video-preview":"max-video-preview:-1"},"canonical":"https:\/\/www.em.com.br\/emfoco\/2025\/12\/10\/novas-taxas-municipais-que-podem-afetar-moradores-em-2026\/","og_locale":"pt_BR","og_type":"article","og_title":"Novas taxas municipais que podem afetar moradores em 2026 - Estado de Minas - Em foco","og_description":"Novas taxas municipais de 2026 podem impactar seu bolso antes do IPTU, aumentando custos locais e exigindo aten\u00e7\u00e3o \u00e0s mudan\u00e7as tribut\u00e1rias.","og_url":"https:\/\/www.em.com.br\/emfoco\/2025\/12\/10\/novas-taxas-municipais-que-podem-afetar-moradores-em-2026\/","og_site_name":"Estado de Minas - Em foco","article_published_time":"2025-12-10T15:25:00+00:00","article_modified_time":"2025-12-09T22:15:41+00:00","og_image":[{"width":1024,"height":576,"url":"https:\/\/www.em.com.br\/emfoco\/wp-content\/uploads\/2025\/12\/imagem_2025-11-25_102153315-e1765298383355-1024x576.png","type":"image\/png"}],"author":"Ingrid Diniz","twitter_card":"summary_large_image","twitter_misc":{"Escrito por":"Ingrid Diniz","Est. tempo de leitura":"6 minutos"},"schema":{"@context":"https:\/\/schema.org","@graph":[{"@type":"WebPage","@id":"https:\/\/www.em.com.br\/emfoco\/2025\/12\/10\/novas-taxas-municipais-que-podem-afetar-moradores-em-2026\/","url":"https:\/\/www.em.com.br\/emfoco\/2025\/12\/10\/novas-taxas-municipais-que-podem-afetar-moradores-em-2026\/","name":"Novas taxas municipais que podem afetar moradores em 2026 - Estado de Minas - Em foco","isPartOf":{"@id":"https:\/\/www.em.com.br\/emfoco\/#website"},"primaryImageOfPage":{"@id":"https:\/\/www.em.com.br\/emfoco\/2025\/12\/10\/novas-taxas-municipais-que-podem-afetar-moradores-em-2026\/#primaryimage"},"image":{"@id":"https:\/\/www.em.com.br\/emfoco\/2025\/12\/10\/novas-taxas-municipais-que-podem-afetar-moradores-em-2026\/#primaryimage"},"thumbnailUrl":"https:\/\/www.em.com.br\/emfoco\/wp-content\/uploads\/2025\/12\/imagem_2025-11-25_102153315-e1765298383355.png","datePublished":"2025-12-10T15:25:00+00:00","dateModified":"2025-12-09T22:15:41+00:00","author":{"@id":"https:\/\/www.em.com.br\/emfoco\/#\/schema\/person\/649e610b4eb8fff87ff394e54fe17b2b"},"description":"Novas taxas municipais de 2026 podem impactar seu bolso antes do IPTU, aumentando custos locais e exigindo aten\u00e7\u00e3o \u00e0s mudan\u00e7as tribut\u00e1rias.","breadcrumb":{"@id":"https:\/\/www.em.com.br\/emfoco\/2025\/12\/10\/novas-taxas-municipais-que-podem-afetar-moradores-em-2026\/#breadcrumb"},"inLanguage":"pt-BR","potentialAction":[{"@type":"ReadAction","target":["https:\/\/www.em.com.br\/emfoco\/2025\/12\/10\/novas-taxas-municipais-que-podem-afetar-moradores-em-2026\/"]}]},{"@type":"ImageObject","inLanguage":"pt-BR","@id":"https:\/\/www.em.com.br\/emfoco\/2025\/12\/10\/novas-taxas-municipais-que-podem-afetar-moradores-em-2026\/#primaryimage","url":"https:\/\/www.em.com.br\/emfoco\/wp-content\/uploads\/2025\/12\/imagem_2025-11-25_102153315-e1765298383355.png","contentUrl":"https:\/\/www.em.com.br\/emfoco\/wp-content\/uploads\/2025\/12\/imagem_2025-11-25_102153315-e1765298383355.png","width":1280,"height":720,"caption":"Novas taxas municipais que afetam seu bolso"},{"@type":"BreadcrumbList","@id":"https:\/\/www.em.com.br\/emfoco\/2025\/12\/10\/novas-taxas-municipais-que-podem-afetar-moradores-em-2026\/#breadcrumb","itemListElement":[{"@type":"ListItem","position":1,"name":"In\u00edcio","item":"https:\/\/www.em.com.br\/emfoco\/"},{"@type":"ListItem","position":2,"name":"Novas taxas municipais que podem afetar moradores em 2026"}]},{"@type":"WebSite","@id":"https:\/\/www.em.com.br\/emfoco\/#website","url":"https:\/\/www.em.com.br\/emfoco\/","name":"Estado de Minas - Em foco","description":"Acompanhe as \u00faltimas not\u00edcias e fique bem informado sobre tudo o que acontece em Minas Gerais, Brasil e no mundo.","potentialAction":[{"@type":"SearchAction","target":{"@type":"EntryPoint","urlTemplate":"https:\/\/www.em.com.br\/emfoco\/?s={search_term_string}"},"query-input":{"@type":"PropertyValueSpecification","valueRequired":true,"valueName":"search_term_string"}}],"inLanguage":"pt-BR"},{"@type":"Person","@id":"https:\/\/www.em.com.br\/emfoco\/#\/schema\/person\/649e610b4eb8fff87ff394e54fe17b2b","name":"Ingrid Diniz","image":{"@type":"ImageObject","inLanguage":"pt-BR","@id":"https:\/\/www.em.com.br\/emfoco\/#\/schema\/person\/image\/","url":"https:\/\/secure.gravatar.com\/avatar\/a3baa1449ec5c39b4c42babc9d4f3951?s=96&d=mm&r=g","contentUrl":"https:\/\/secure.gravatar.com\/avatar\/a3baa1449ec5c39b4c42babc9d4f3951?s=96&d=mm&r=g","caption":"Ingrid Diniz"},"sameAs":["https:\/\/www.em.com.br\/"],"url":"https:\/\/www.em.com.br\/emfoco\/author\/ingridmyth\/"}]}},"_links":{"self":[{"href":"https:\/\/www.em.com.br\/emfoco\/wp-json\/wp\/v2\/posts\/137794","targetHints":{"allow":["GET"]}}],"collection":[{"href":"https:\/\/www.em.com.br\/emfoco\/wp-json\/wp\/v2\/posts"}],"about":[{"href":"https:\/\/www.em.com.br\/emfoco\/wp-json\/wp\/v2\/types\/post"}],"author":[{"embeddable":true,"href":"https:\/\/www.em.com.br\/emfoco\/wp-json\/wp\/v2\/users\/20"}],"replies":[{"embeddable":true,"href":"https:\/\/www.em.com.br\/emfoco\/wp-json\/wp\/v2\/comments?post=137794"}],"version-history":[{"count":3,"href":"https:\/\/www.em.com.br\/emfoco\/wp-json\/wp\/v2\/posts\/137794\/revisions"}],"predecessor-version":[{"id":138221,"href":"https:\/\/www.em.com.br\/emfoco\/wp-json\/wp\/v2\/posts\/137794\/revisions\/138221"}],"wp:featuredmedia":[{"embeddable":true,"href":"https:\/\/www.em.com.br\/emfoco\/wp-json\/wp\/v2\/media\/137837"}],"wp:attachment":[{"href":"https:\/\/www.em.com.br\/emfoco\/wp-json\/wp\/v2\/media?parent=137794"}],"wp:term":[{"taxonomy":"category","embeddable":true,"href":"https:\/\/www.em.com.br\/emfoco\/wp-json\/wp\/v2\/categories?post=137794"},{"taxonomy":"post_tag","embeddable":true,"href":"https:\/\/www.em.com.br\/emfoco\/wp-json\/wp\/v2\/tags?post=137794"}],"curies":[{"name":"wp","href":"https:\/\/api.w.org\/{rel}","templated":true}]}}