{"id":137792,"date":"2025-12-10T09:35:00","date_gmt":"2025-12-10T12:35:00","guid":{"rendered":"https:\/\/www.em.com.br\/emfoco\/?p=137792"},"modified":"2025-12-09T12:16:54","modified_gmt":"2025-12-09T15:16:54","slug":"ciclone-extratropical-ganha-forca-no-atlantico-e-acende-alerta-no-sul-do-pais","status":"publish","type":"post","link":"https:\/\/www.em.com.br\/emfoco\/2025\/12\/10\/ciclone-extratropical-ganha-forca-no-atlantico-e-acende-alerta-no-sul-do-pais\/","title":{"rendered":"Ciclone extratropical ganha for\u00e7a no Atl\u00e2ntico e acende alerta no Sul do pa\u00eds"},"content":{"rendered":"\n<p>A forma\u00e7\u00e3o de um ciclone extratropical costuma colocar em alerta moradores do Sul do Brasil e de outras regi\u00f5es do pa\u00eds, principalmente durante a primavera e o ver\u00e3o, quando as frentes frias avan\u00e7am com mais frequ\u00eancia, provocando mudan\u00e7as r\u00e1pidas no tempo, com queda de temperatura, chuva volumosa, rajadas de vento e risco de transtornos em \u00e1reas urbanas e rurais, cen\u00e1rio que em 2025 tem sido potencializado pela combina\u00e7\u00e3o entre oceano aquecido e circula\u00e7\u00e3o atmosf\u00e9rica mais favor\u00e1vel a epis\u00f3dios intensos e mais prolongados.<\/p>\n\n\n\n<h2 class=\"wp-block-heading\">O que \u00e9 um ciclone extratropical e como ele se forma na Am\u00e9rica do Sul<\/h2>\n\n\n<div class=\"wp-block-image\">\n<figure class=\"aligncenter size-large\"><img loading=\"lazy\" decoding=\"async\" width=\"1024\" height=\"576\" src=\"https:\/\/www.em.com.br\/emfoco\/wp-content\/uploads\/2025\/11\/ciclone_1761219197430-1024x576.jpg\" alt=\"Chuva forte em Minas Gerais exige aten\u00e7\u00e3o para o risco de acidente\" class=\"wp-image-123201\" srcset=\"https:\/\/www.em.com.br\/emfoco\/wp-content\/uploads\/2025\/11\/ciclone_1761219197430-1024x576.jpg 1024w, https:\/\/www.em.com.br\/emfoco\/wp-content\/uploads\/2025\/11\/ciclone_1761219197430-300x169.jpg 300w, https:\/\/www.em.com.br\/emfoco\/wp-content\/uploads\/2025\/11\/ciclone_1761219197430-768x432.jpg 768w, https:\/\/www.em.com.br\/emfoco\/wp-content\/uploads\/2025\/11\/ciclone_1761219197430-750x422.jpg 750w, https:\/\/www.em.com.br\/emfoco\/wp-content\/uploads\/2025\/11\/ciclone_1761219197430-1140x641.jpg 1140w, https:\/\/www.em.com.br\/emfoco\/wp-content\/uploads\/2025\/11\/ciclone_1761219197430.jpg 1280w\" sizes=\"auto, (max-width: 1024px) 100vw, 1024px\" \/><figcaption class=\"wp-element-caption\">Alerta para ciclone e riscos no Sul do pa\u00eds &#8211; Cr\u00e9ditos: depositphotos.com \/ joasouza<\/figcaption><\/figure><\/div>\n\n\n<p>O <strong>ciclone extratropical<\/strong> \u00e9 um sistema de baixa press\u00e3o atmosf\u00e9rica que se desenvolve em latitudes m\u00e9dias, como o <strong>Sul da Am\u00e9rica do Sul<\/strong>. Diferencia-se dos furac\u00f5es por estar ligado ao contraste de temperatura entre massas de ar frio e quente e \u00e0 presen\u00e7a de frentes frias e quentes, que favorecem nuvens de tempestade e ventos fortes.<\/p>\n\n\n\n<p>No <strong>Brasil<\/strong>, esses ciclones geralmente surgem entre o norte da <strong>Argentina<\/strong>, o <strong>Paraguai<\/strong>, o <strong>Uruguai <\/strong>e o Sul brasileiro, deslocando-se em dire\u00e7\u00e3o ao oceano <strong>Atl\u00e2ntico<\/strong>. Quando a press\u00e3o atmosf\u00e9rica cai de forma acentuada no centro do sistema, com valores pr\u00f3ximos ou abaixo de 1000 hectopascais, os ventos se intensificam e podem gerar ondas elevadas no litoral e ressaca severa em \u00e1reas costeiras.<\/p>\n\n\n\n<h2 class=\"wp-block-heading\">Como o ciclone extratropical provoca temporais no Sul e em outras regi\u00f5es<\/h2>\n\n\n\n<p>A <strong>forma\u00e7\u00e3o de ciclone extratropical<\/strong> costuma vir acompanhada de uma frente fria bem definida, que atua como um corredor para o avan\u00e7o do ar frio e organiza grandes \u00e1reas de nuvens carregadas. Esse conjunto de fatores gera temporais no Sul e pode atingir tamb\u00e9m parte do <strong>Sudeste <\/strong>e do <strong>Centro-Oeste<\/strong>, mesmo quando o centro do ciclone n\u00e3o passa diretamente sobre essas regi\u00f5es.<\/p>\n\n\n\n<p>A circula\u00e7\u00e3o de ventos em torno da baixa press\u00e3o transporta ar quente e \u00famido da regi\u00e3o amaz\u00f4nica e do interior do pa\u00eds, alimentando as instabilidades. Em \u00e1reas de serra, como no <strong><a href=\"https:\/\/www.estado.rs.gov.br\/\" target=\"_blank\" rel=\"noreferrer noopener\">Rio Grande do Sul<\/a><\/strong> e em <strong>Santa Catarina<\/strong>, o relevo canaliza o vento e potencializa as rajadas, que em situa\u00e7\u00f5es cr\u00edticas podem se aproximar ou superar 80 km\/h.<\/p>\n\n\n\n<ul class=\"wp-block-list\">\n<li><strong>Regi\u00e3o Sul:<\/strong> maior impacto direto, com possibilidade de temporais generalizados, vento intenso e mar agitado.<\/li>\n\n\n\n<li><strong>Sudeste:<\/strong> chuva forte localizada, raios e rajadas de vento, especialmente em \u00e1reas de divisa com o Sul.<\/li>\n\n\n\n<li><strong>Centro-Oeste:<\/strong> pancadas de chuva com risco de trovoadas e queda de granizo em alguns setores.<\/li>\n<\/ul>\n\n\n\n<p>Leia mais: <a href=\"https:\/\/www.em.com.br\/emfoco\/2025\/12\/07\/previsao-preve-calor-intenso-e-chuvas-acima-da-media-em-minas-gerais-esse-mes\/\" target=\"_blank\" rel=\"noreferrer noopener\">Previs\u00e3o prev\u00ea calor intenso e chuvas acima da m\u00e9dia em Minas Gerais esse m\u00eas<\/a><\/p>\n\n\n\n<h2 class=\"wp-block-heading\">Quais s\u00e3o os impactos dos ciclones extratropicais nas atividades humanas<\/h2>\n\n\n<div class=\"wp-block-image\">\n<figure class=\"aligncenter size-large\"><img loading=\"lazy\" decoding=\"async\" width=\"1024\" height=\"576\" src=\"https:\/\/www.em.com.br\/emfoco\/wp-content\/uploads\/2025\/08\/transito_1754715404607-1024x576.jpg\" alt=\"Confira a previs\u00e3o do clima para hoje em Belo Horizonte\" class=\"wp-image-89047\" srcset=\"https:\/\/www.em.com.br\/emfoco\/wp-content\/uploads\/2025\/08\/transito_1754715404607-1024x576.jpg 1024w, https:\/\/www.em.com.br\/emfoco\/wp-content\/uploads\/2025\/08\/transito_1754715404607-300x169.jpg 300w, https:\/\/www.em.com.br\/emfoco\/wp-content\/uploads\/2025\/08\/transito_1754715404607-768x432.jpg 768w, https:\/\/www.em.com.br\/emfoco\/wp-content\/uploads\/2025\/08\/transito_1754715404607-750x422.jpg 750w, https:\/\/www.em.com.br\/emfoco\/wp-content\/uploads\/2025\/08\/transito_1754715404607-1140x641.jpg 1140w, https:\/\/www.em.com.br\/emfoco\/wp-content\/uploads\/2025\/08\/transito_1754715404607.jpg 1280w\" sizes=\"auto, (max-width: 1024px) 100vw, 1024px\" \/><figcaption class=\"wp-element-caption\">Alerta para ciclone e riscos no Sul do pa\u00eds  &#8211; Cr\u00e9ditos: depositphotos.com \/ XXLPhoto<\/figcaption><\/figure><\/div>\n\n\n<p>Al\u00e9m dos riscos de chuva intensa e vento forte, a presen\u00e7a de ciclones extratropicais tende a alterar rotas a\u00e9reas, provocar interdi\u00e7\u00f5es em rodovias e afetar opera\u00e7\u00f5es portu\u00e1rias, sobretudo quando o mar fica muito agitado. Por isso, setores de log\u00edstica e transporte monitoram esses sistemas, buscando reduzir atrasos, danos estruturais e riscos operacionais em dias de tempo severo.<\/p>\n\n\n\n<p>Na agricultura, epis\u00f3dios de granizo, excesso de chuva e rajadas intensas podem causar preju\u00edzos a lavouras e estruturas rurais, como estufas e galp\u00f5es. Redes el\u00e9tricas, telecomunica\u00e7\u00f5es e infraestrutura urbana tamb\u00e9m ficam vulner\u00e1veis a quedas de \u00e1rvores, deslizamentos de encostas e alagamentos mais persistentes em \u00e1reas mal drenadas.<\/p>\n\n\n\n<p>Leia mais: <a href=\"https:\/\/www.em.com.br\/emfoco\/2025\/12\/04\/inmet-alerta-para-dezembro-instavel-em-minas-gerais-com-chuva-forte-e-calor\/\" target=\"_blank\" rel=\"noreferrer noopener\">INMET alerta para dezembro inst\u00e1vel em Minas Gerais com chuva forte e calor<\/a><\/p>\n\n\n\n<h2 class=\"wp-block-heading\">Quais cuidados s\u00e3o recomendados durante um ciclone extratropical intenso<\/h2>\n\n\n\n<p>Em situa\u00e7\u00f5es de <strong>ciclone extratropical intenso<\/strong>, as orienta\u00e7\u00f5es de prote\u00e7\u00e3o ganham import\u00e2ncia e devem ser seguidas com aten\u00e7\u00e3o. O ideal \u00e9 acompanhar os comunicados do Instituto Nacional de Meteorologia e das defesas civis estaduais e municipais, que emitem avisos de perigo ou perigo potencial para chuvas intensas e tempestades, permitindo o planejamento de atividades ao ar livre, viagens e eventos.<\/p>\n\n\n\n<p>Al\u00e9m dos riscos diretos de vento forte, raios e alagamentos, h\u00e1 impactos sobre a agricultura, redes el\u00e9tricas e infraestrutura urbana, exigindo a\u00e7\u00f5es preventivas e monitoramento constante. A seguir, est\u00e3o recomenda\u00e7\u00f5es b\u00e1sicas para reduzir danos materiais e preservar a seguran\u00e7a das pessoas durante a passagem desses sistemas.<\/p>\n\n\n\n<ol class=\"wp-block-list\">\n<li>Evitar ficar em \u00e1reas abertas durante temporais, reduzindo o risco relacionado a raios.<\/li>\n\n\n\n<li>Manter dist\u00e2ncia de \u00e1rvores isoladas, postes e estruturas met\u00e1licas em caso de vento forte.<\/li>\n\n\n\n<li>Refor\u00e7ar telhados e verificar calhas e ralos para facilitar o escoamento da \u00e1gua da chuva.<\/li>\n\n\n\n<li>N\u00e3o tentar atravessar ruas alagadas a p\u00e9 ou de carro, devido ao risco de arrastamento.<\/li>\n\n\n\n<li>Acompanhar boletins meteorol\u00f3gicos e orienta\u00e7\u00f5es das autoridades locais.<\/li>\n<\/ol>\n","protected":false},"excerpt":{"rendered":"<p>A forma\u00e7\u00e3o de um ciclone extratropical costuma colocar em alerta moradores do Sul do Brasil e de outras regi\u00f5es do pa\u00eds, principalmente durante a primavera e o ver\u00e3o, quando as frentes frias avan\u00e7am com mais frequ\u00eancia, provocando mudan\u00e7as r\u00e1pidas no tempo, com queda de temperatura, chuva volumosa, rajadas de vento e risco de transtornos em [&hellip;]<\/p>\n","protected":false},"author":20,"featured_media":123202,"comment_status":"open","ping_status":"open","sticky":false,"template":"","format":"standard","meta":{"jnews-multi-image_gallery":[],"jnews_single_post":{"format":"standard"},"jnews_primary_category":[],"jnews_social_meta":[],"jnews_override_counter":[],"footnotes":""},"categories":[28,1],"tags":[15740,152,251],"class_list":["post-137792","post","type-post","status-publish","format-standard","has-post-thumbnail","hentry","category-economia","category-noticias","tag-ciclone","tag-clima","tag-previsao-do-tempo"],"yoast_head":"<!-- This site is optimized with the Yoast SEO plugin v23.8 - https:\/\/yoast.com\/wordpress\/plugins\/seo\/ -->\n<title>Ciclone extratropical ganha for\u00e7a no Atl\u00e2ntico e acende alerta no Sul do pa\u00eds - Estado de Minas - Em foco<\/title>\n<meta name=\"description\" content=\"Ciclone extratropical ganha for\u00e7a no Atl\u00e2ntico e acende alerta no Sul do pa\u00eds, com risco de ventos fortes, chuva intensa e ondas altas.\" \/>\n<meta name=\"robots\" content=\"index, follow, max-snippet:-1, max-image-preview:large, max-video-preview:-1\" \/>\n<link rel=\"canonical\" href=\"https:\/\/www.em.com.br\/emfoco\/2025\/12\/10\/ciclone-extratropical-ganha-forca-no-atlantico-e-acende-alerta-no-sul-do-pais\/\" \/>\n<meta property=\"og:locale\" content=\"pt_BR\" \/>\n<meta property=\"og:type\" content=\"article\" \/>\n<meta property=\"og:title\" content=\"Ciclone extratropical ganha for\u00e7a no Atl\u00e2ntico e acende alerta no Sul do pa\u00eds - Estado de Minas - Em foco\" \/>\n<meta property=\"og:description\" content=\"Ciclone extratropical ganha for\u00e7a no Atl\u00e2ntico e acende alerta no Sul do pa\u00eds, com risco de ventos fortes, chuva intensa e ondas altas.\" \/>\n<meta property=\"og:url\" content=\"https:\/\/www.em.com.br\/emfoco\/2025\/12\/10\/ciclone-extratropical-ganha-forca-no-atlantico-e-acende-alerta-no-sul-do-pais\/\" \/>\n<meta property=\"og:site_name\" content=\"Estado de Minas - Em foco\" \/>\n<meta property=\"article:published_time\" content=\"2025-12-10T12:35:00+00:00\" \/>\n<meta property=\"article:modified_time\" content=\"2025-12-09T15:16:54+00:00\" \/>\n<meta property=\"og:image\" content=\"https:\/\/www.em.com.br\/emfoco\/wp-content\/uploads\/2025\/11\/ciclone_1761219213570.jpg\" \/>\n\t<meta property=\"og:image:width\" content=\"1280\" \/>\n\t<meta property=\"og:image:height\" content=\"720\" \/>\n\t<meta property=\"og:image:type\" content=\"image\/jpeg\" \/>\n<meta name=\"author\" content=\"Ingrid Diniz\" \/>\n<meta name=\"twitter:card\" content=\"summary_large_image\" \/>\n<meta name=\"twitter:label1\" content=\"Escrito por\" \/>\n\t<meta name=\"twitter:data1\" content=\"Ingrid Diniz\" \/>\n\t<meta name=\"twitter:label2\" content=\"Est. tempo de leitura\" \/>\n\t<meta name=\"twitter:data2\" content=\"5 minutos\" \/>\n<!-- \/ Yoast SEO plugin. -->","yoast_head_json":{"title":"Ciclone extratropical ganha for\u00e7a no Atl\u00e2ntico e acende alerta no Sul do pa\u00eds - Estado de Minas - Em foco","description":"Ciclone extratropical ganha for\u00e7a no Atl\u00e2ntico e acende alerta no Sul do pa\u00eds, com risco de ventos fortes, chuva intensa e ondas altas.","robots":{"index":"index","follow":"follow","max-snippet":"max-snippet:-1","max-image-preview":"max-image-preview:large","max-video-preview":"max-video-preview:-1"},"canonical":"https:\/\/www.em.com.br\/emfoco\/2025\/12\/10\/ciclone-extratropical-ganha-forca-no-atlantico-e-acende-alerta-no-sul-do-pais\/","og_locale":"pt_BR","og_type":"article","og_title":"Ciclone extratropical ganha for\u00e7a no Atl\u00e2ntico e acende alerta no Sul do pa\u00eds - Estado de Minas - Em foco","og_description":"Ciclone extratropical ganha for\u00e7a no Atl\u00e2ntico e acende alerta no Sul do pa\u00eds, com risco de ventos fortes, chuva intensa e ondas altas.","og_url":"https:\/\/www.em.com.br\/emfoco\/2025\/12\/10\/ciclone-extratropical-ganha-forca-no-atlantico-e-acende-alerta-no-sul-do-pais\/","og_site_name":"Estado de Minas - Em foco","article_published_time":"2025-12-10T12:35:00+00:00","article_modified_time":"2025-12-09T15:16:54+00:00","og_image":[{"width":1280,"height":720,"url":"https:\/\/www.em.com.br\/emfoco\/wp-content\/uploads\/2025\/11\/ciclone_1761219213570.jpg","type":"image\/jpeg"}],"author":"Ingrid Diniz","twitter_card":"summary_large_image","twitter_misc":{"Escrito por":"Ingrid Diniz","Est. tempo de leitura":"5 minutos"},"schema":{"@context":"https:\/\/schema.org","@graph":[{"@type":"WebPage","@id":"https:\/\/www.em.com.br\/emfoco\/2025\/12\/10\/ciclone-extratropical-ganha-forca-no-atlantico-e-acende-alerta-no-sul-do-pais\/","url":"https:\/\/www.em.com.br\/emfoco\/2025\/12\/10\/ciclone-extratropical-ganha-forca-no-atlantico-e-acende-alerta-no-sul-do-pais\/","name":"Ciclone extratropical ganha for\u00e7a no Atl\u00e2ntico e acende alerta no Sul do pa\u00eds - Estado de Minas - Em foco","isPartOf":{"@id":"https:\/\/www.em.com.br\/emfoco\/#website"},"primaryImageOfPage":{"@id":"https:\/\/www.em.com.br\/emfoco\/2025\/12\/10\/ciclone-extratropical-ganha-forca-no-atlantico-e-acende-alerta-no-sul-do-pais\/#primaryimage"},"image":{"@id":"https:\/\/www.em.com.br\/emfoco\/2025\/12\/10\/ciclone-extratropical-ganha-forca-no-atlantico-e-acende-alerta-no-sul-do-pais\/#primaryimage"},"thumbnailUrl":"https:\/\/www.em.com.br\/emfoco\/wp-content\/uploads\/2025\/11\/ciclone_1761219213570.jpg","datePublished":"2025-12-10T12:35:00+00:00","dateModified":"2025-12-09T15:16:54+00:00","author":{"@id":"https:\/\/www.em.com.br\/emfoco\/#\/schema\/person\/649e610b4eb8fff87ff394e54fe17b2b"},"description":"Ciclone extratropical ganha for\u00e7a no Atl\u00e2ntico e acende alerta no Sul do pa\u00eds, com risco de ventos fortes, chuva intensa e ondas altas.","breadcrumb":{"@id":"https:\/\/www.em.com.br\/emfoco\/2025\/12\/10\/ciclone-extratropical-ganha-forca-no-atlantico-e-acende-alerta-no-sul-do-pais\/#breadcrumb"},"inLanguage":"pt-BR","potentialAction":[{"@type":"ReadAction","target":["https:\/\/www.em.com.br\/emfoco\/2025\/12\/10\/ciclone-extratropical-ganha-forca-no-atlantico-e-acende-alerta-no-sul-do-pais\/"]}]},{"@type":"ImageObject","inLanguage":"pt-BR","@id":"https:\/\/www.em.com.br\/emfoco\/2025\/12\/10\/ciclone-extratropical-ganha-forca-no-atlantico-e-acende-alerta-no-sul-do-pais\/#primaryimage","url":"https:\/\/www.em.com.br\/emfoco\/wp-content\/uploads\/2025\/11\/ciclone_1761219213570.jpg","contentUrl":"https:\/\/www.em.com.br\/emfoco\/wp-content\/uploads\/2025\/11\/ciclone_1761219213570.jpg","width":1280,"height":720,"caption":"Vento forte continua no Paran\u00e1 mesmo com menos chuva - Cr\u00e9ditos: depositphotos.com \/ zstockphotos"},{"@type":"BreadcrumbList","@id":"https:\/\/www.em.com.br\/emfoco\/2025\/12\/10\/ciclone-extratropical-ganha-forca-no-atlantico-e-acende-alerta-no-sul-do-pais\/#breadcrumb","itemListElement":[{"@type":"ListItem","position":1,"name":"In\u00edcio","item":"https:\/\/www.em.com.br\/emfoco\/"},{"@type":"ListItem","position":2,"name":"Ciclone extratropical ganha for\u00e7a no Atl\u00e2ntico e acende alerta no Sul do pa\u00eds"}]},{"@type":"WebSite","@id":"https:\/\/www.em.com.br\/emfoco\/#website","url":"https:\/\/www.em.com.br\/emfoco\/","name":"Estado de Minas - Em foco","description":"Acompanhe as \u00faltimas not\u00edcias e fique bem informado sobre tudo o que acontece em Minas Gerais, Brasil e no mundo.","potentialAction":[{"@type":"SearchAction","target":{"@type":"EntryPoint","urlTemplate":"https:\/\/www.em.com.br\/emfoco\/?s={search_term_string}"},"query-input":{"@type":"PropertyValueSpecification","valueRequired":true,"valueName":"search_term_string"}}],"inLanguage":"pt-BR"},{"@type":"Person","@id":"https:\/\/www.em.com.br\/emfoco\/#\/schema\/person\/649e610b4eb8fff87ff394e54fe17b2b","name":"Ingrid Diniz","image":{"@type":"ImageObject","inLanguage":"pt-BR","@id":"https:\/\/www.em.com.br\/emfoco\/#\/schema\/person\/image\/","url":"https:\/\/secure.gravatar.com\/avatar\/a3baa1449ec5c39b4c42babc9d4f3951?s=96&d=mm&r=g","contentUrl":"https:\/\/secure.gravatar.com\/avatar\/a3baa1449ec5c39b4c42babc9d4f3951?s=96&d=mm&r=g","caption":"Ingrid Diniz"},"sameAs":["https:\/\/www.em.com.br\/"],"url":"https:\/\/www.em.com.br\/emfoco\/author\/ingridmyth\/"}]}},"_links":{"self":[{"href":"https:\/\/www.em.com.br\/emfoco\/wp-json\/wp\/v2\/posts\/137792","targetHints":{"allow":["GET"]}}],"collection":[{"href":"https:\/\/www.em.com.br\/emfoco\/wp-json\/wp\/v2\/posts"}],"about":[{"href":"https:\/\/www.em.com.br\/emfoco\/wp-json\/wp\/v2\/types\/post"}],"author":[{"embeddable":true,"href":"https:\/\/www.em.com.br\/emfoco\/wp-json\/wp\/v2\/users\/20"}],"replies":[{"embeddable":true,"href":"https:\/\/www.em.com.br\/emfoco\/wp-json\/wp\/v2\/comments?post=137792"}],"version-history":[{"count":1,"href":"https:\/\/www.em.com.br\/emfoco\/wp-json\/wp\/v2\/posts\/137792\/revisions"}],"predecessor-version":[{"id":137803,"href":"https:\/\/www.em.com.br\/emfoco\/wp-json\/wp\/v2\/posts\/137792\/revisions\/137803"}],"wp:featuredmedia":[{"embeddable":true,"href":"https:\/\/www.em.com.br\/emfoco\/wp-json\/wp\/v2\/media\/123202"}],"wp:attachment":[{"href":"https:\/\/www.em.com.br\/emfoco\/wp-json\/wp\/v2\/media?parent=137792"}],"wp:term":[{"taxonomy":"category","embeddable":true,"href":"https:\/\/www.em.com.br\/emfoco\/wp-json\/wp\/v2\/categories?post=137792"},{"taxonomy":"post_tag","embeddable":true,"href":"https:\/\/www.em.com.br\/emfoco\/wp-json\/wp\/v2\/tags?post=137792"}],"curies":[{"name":"wp","href":"https:\/\/api.w.org\/{rel}","templated":true}]}}