{"id":137782,"date":"2025-12-10T20:15:00","date_gmt":"2025-12-10T23:15:00","guid":{"rendered":"https:\/\/www.em.com.br\/emfoco\/?p=137782"},"modified":"2025-12-09T19:02:20","modified_gmt":"2025-12-09T22:02:20","slug":"prepare-se-para-2026-com-7-tendencias-de-decoracao-que-vao-bombar","status":"publish","type":"post","link":"https:\/\/www.em.com.br\/emfoco\/2025\/12\/10\/prepare-se-para-2026-com-7-tendencias-de-decoracao-que-vao-bombar\/","title":{"rendered":"Prepare-se para 2026 com 7 tend\u00eancias de decora\u00e7\u00e3o que v\u00e3o bombar"},"content":{"rendered":"\n<p>Decora\u00e7\u00e3o hoje vai muito al\u00e9m da est\u00e9tica: \u00e9 mem\u00f3ria, sensa\u00e7\u00e3o e identidade. As tend\u00eancias de 2026 apontam para casas mais humanas, cheias de textura, cores inteligentes e conex\u00e3o com a natureza e com as hist\u00f3rias de quem vive ali. A partir das ideias apresentadas pela arquiteta Sorrisa Dinis, surgem caminhos claros para atualizar o lar com prop\u00f3sito, sem seguir modinhas vazias.<\/p>\n\n\n\n<h2 class=\"wp-block-heading\">Design biof\u00edlico \u00e9 tend\u00eancia forte em 2026<\/h2>\n\n\n\n<p>O design biof\u00edlico segue em alta em 2026, aproximando o ambiente interno da natureza com <a href=\"https:\/\/www.em.com.br\/emfoco\/2025\/12\/09\/aprenda-a-cultivar-rosas-do-deserto-e-faca-suas-plantas-florescerem-o-ano-todo\/\" target=\"_blank\" rel=\"noreferrer noopener\">plantas<\/a>, luz natural, janelas amplas e formas org\u00e2nicas no mobili\u00e1rio. N\u00e3o \u00e9 s\u00f3 \u201ccolocar um vasinho na sala\u201d, mas pensar bem-estar na arquitetura inteira, integrando \u00e1reas e valorizando ventila\u00e7\u00e3o e verde.<\/p>\n\n\n\n<p>Materiais como madeira, pedra, fibras naturais e tecidos como linho refor\u00e7am essa sensa\u00e7\u00e3o de aconchego e naturalidade. Elementos vivos e texturas naturais ajudam a reduzir o estresse, deixando o lar mais calmo, sustent\u00e1vel e com clima de ref\u00fagio, em que morar bem significa tamb\u00e9m se sentir em paz.<\/p>\n\n\n\n<figure class=\"wp-block-image size-large\"><img loading=\"lazy\" decoding=\"async\" width=\"1024\" height=\"576\" src=\"https:\/\/www.em.com.br\/emfoco\/wp-content\/uploads\/2025\/12\/Gemini_Generated_Image_i5z4vti5z4vti5z4-1-1024x576.png\" alt=\"Decora\u00e7\u00e3o 2026 aposta em natureza e textura\" class=\"wp-image-138212\" srcset=\"https:\/\/www.em.com.br\/emfoco\/wp-content\/uploads\/2025\/12\/Gemini_Generated_Image_i5z4vti5z4vti5z4-1-1024x576.png 1024w, https:\/\/www.em.com.br\/emfoco\/wp-content\/uploads\/2025\/12\/Gemini_Generated_Image_i5z4vti5z4vti5z4-1-300x169.png 300w, https:\/\/www.em.com.br\/emfoco\/wp-content\/uploads\/2025\/12\/Gemini_Generated_Image_i5z4vti5z4vti5z4-1-768x432.png 768w, https:\/\/www.em.com.br\/emfoco\/wp-content\/uploads\/2025\/12\/Gemini_Generated_Image_i5z4vti5z4vti5z4-1-750x422.png 750w, https:\/\/www.em.com.br\/emfoco\/wp-content\/uploads\/2025\/12\/Gemini_Generated_Image_i5z4vti5z4vti5z4-1-1140x641.png 1140w, https:\/\/www.em.com.br\/emfoco\/wp-content\/uploads\/2025\/12\/Gemini_Generated_Image_i5z4vti5z4vti5z4-1.png 1280w\" sizes=\"auto, (max-width: 1024px) 100vw, 1024px\" \/><figcaption class=\"wp-element-caption\">Decora\u00e7\u00e3o 2026 aposta em natureza e textura<\/figcaption><\/figure>\n\n\n\n<h2 class=\"wp-block-heading\">As cores que v\u00e3o dominar a decora\u00e7\u00e3o em 2026<\/h2>\n\n\n\n<p>A paleta de 2026 equilibra energia e tranquilidade. A grande estrela \u00e9 a Transformity Teal, tom entre azul e verde que traz frescor e profundidade, ideal para paredes de destaque, estofados importantes ou detalhes decorativos que criam um ponto focal elegante e acolhedor.<\/p>\n\n\n\n<p>Tons de verde como musgo, oliva e verde floresta seguem fortes, ao lado de neutros quentes como bege, areia, off-white e marrons claros, al\u00e9m dos terrosos como terracota, caramelo, ferrugem e ocre. O resultado s\u00e3o espa\u00e7os confort\u00e1veis, contempor\u00e2neos e, ao mesmo tempo, atemporais.<\/p>\n\n\n\n<h2 class=\"wp-block-heading\">Pe\u00e7as artesanais ganham destaque na decora\u00e7\u00e3o<\/h2>\n\n\n\n<p>Uma das curiosidades mais marcantes de 2026 \u00e9 a volta do feito \u00e0 m\u00e3o como protagonista dos ambientes. Em vez de objetos id\u00eanticos e produzidos em massa, entram em cena pe\u00e7as com pequenas imperfei\u00e7\u00f5es, texturas marcantes e materiais r\u00fasticos, que contam hist\u00f3rias e revelam a cultura de uma regi\u00e3o.<\/p>\n\n\n\n<p>Para quem quer garimpar itens cheios de identidade e entender melhor essa est\u00e9tica artesanal, vale prestar aten\u00e7\u00e3o a alguns tipos de objetos que traduzem bem essa tend\u00eancia:<\/p>\n\n\n\n<ul class=\"wp-block-list\">\n<li><strong>Vasos e cer\u00e2micas<\/strong>&nbsp;com acabamento fosco, irregular ou pintados \u00e0 m\u00e3o.<\/li>\n\n\n\n<li><strong>Tecidos<\/strong>&nbsp;como mantas, tapetes e almofadas com tramas evidentes e bordados manuais.<\/li>\n\n\n\n<li><strong>Cestos de palha ou fibras naturais<\/strong>&nbsp;usados para organiza\u00e7\u00e3o ou decora\u00e7\u00e3o.<\/li>\n\n\n\n<li><strong>Quadros e esculturas<\/strong>&nbsp;de artistas independentes, com refer\u00eancias culturais locais.<\/li>\n\n\n\n<li><strong>M\u00f3veis de madeira maci\u00e7a<\/strong>&nbsp;que destacam veios, n\u00f3s e a textura original do material.<\/li>\n<\/ul>\n\n\n\n<h2 class=\"wp-block-heading\">Pregas, plissados e relevos trazem um design mais t\u00e1til<\/h2>\n\n\n\n<p>Em 2026, superf\u00edcies que d\u00e3o vontade de tocar ganham espa\u00e7o, com pregas e plissados inspirados na moda aparecendo em almofadas, abajures, cortinas e estofados inteiros. Essas dobras criam um jogo de luz e sombra que dinamiza at\u00e9 composi\u00e7\u00f5es mais neutras, fazendo uma \u00fanica poltrona plissada virar protagonista.<\/p>\n\n\n\n<p>Revestimentos sensoriais e art\u00edsticos, como relevos, canelados em 3D, pisos estampados, mosaicos culturais e pap\u00e9is de parede texturizados, ajudam a transformar paredes planas em superf\u00edcies profundas. \u00c9 uma forma acess\u00edvel de renovar ambientes sem grandes reformas.<\/p>\n\n\n\n<p>Selecionamos o v\u00eddeo do canal <a href=\"https:\/\/www.youtube.com\/@RizzaDinizArquitetura\" target=\"_blank\" rel=\"noreferrer noopener\">@RizzaDinizArquitetura<\/a> com 151\u00a0mil inscritos e mostra as tend\u00eancias que voc\u00ea precisa conhecer:<\/p>\n\n\n\n<figure class=\"wp-block-embed is-type-video is-provider-youtube wp-block-embed-youtube wp-embed-aspect-16-9 wp-has-aspect-ratio\"><div class=\"wp-block-embed__wrapper\">\n<div class=\"jeg_video_container jeg_video_content\"><iframe loading=\"lazy\" title=\"DECORA\u00c7\u00c3O 2026: 7 Tend\u00eancias que Voc\u00ea Precisa Conhecer\" width=\"500\" height=\"281\" src=\"https:\/\/www.youtube.com\/embed\/0AkUwR5kl6Y?feature=oembed\" frameborder=\"0\" allow=\"accelerometer; autoplay; clipboard-write; encrypted-media; gyroscope; picture-in-picture; web-share\" referrerpolicy=\"strict-origin-when-cross-origin\" allowfullscreen><\/iframe><\/div>\n<\/div><\/figure>\n\n\n\n<h2 class=\"wp-block-heading\">Decora\u00e7\u00e3o sensorial e ambientes monocrom\u00e1ticos em harmonia<\/h2>\n\n\n\n<p>A decora\u00e7\u00e3o sensorial considera vis\u00e3o, tato, olfato, audi\u00e7\u00e3o e at\u00e9 o paladar, com tapetes macios, mantas aconchegantes, ilumina\u00e7\u00e3o ajust\u00e1vel, aromas espec\u00edficos e cantinhos de caf\u00e9, vinhos ou hortas internas. Assim, a casa se torna cen\u00e1rio para pausas e rituais di\u00e1rios de bem-estar.<\/p>\n\n\n\n<p>Os interiores monocrom\u00e1ticos ressurgem com for\u00e7a, usando varia\u00e7\u00f5es de uma mesma cor em materiais e texturas diferentes. Um living todo em tons de verde, azul ou neutros nobres ganha profundidade ao combinar pintura, estofados, madeira, metais e tecidos dentro da mesma paleta, criando coer\u00eancia visual e serenidade.<\/p>\n\n\n\n<h2 class=\"wp-block-heading\">Tend\u00eancias de decora\u00e7\u00e3o 2026 inspiram mudan\u00e7as agora<\/h2>\n\n\n\n<p>As tend\u00eancias de decora\u00e7\u00e3o 2026 abrem espa\u00e7o para experimentar, misturar refer\u00eancias e criar ambientes cheios de hist\u00f3rias, que refletem quem voc\u00ea \u00e9. Em vez de seguir modismos, a proposta \u00e9 usar cores, materiais e texturas para transformar o dia a dia dentro de casa em uma experi\u00eancia mais leve e afetiva.<\/p>\n\n\n\n<p>N\u00e3o espere o pr\u00f3ximo ano para come\u00e7ar: escolha hoje uma parede, um c\u00f4modo ou um cantinho para aplicar essas ideias e sentir a diferen\u00e7a na rotina. Comece j\u00e1 a planejar suas mudan\u00e7as e transforme sua casa em um ref\u00fagio vivo, sensorial e totalmente seu.<\/p>\n","protected":false},"excerpt":{"rendered":"<p>Decora\u00e7\u00e3o hoje vai muito al\u00e9m da est\u00e9tica: \u00e9 mem\u00f3ria, sensa\u00e7\u00e3o e identidade. As tend\u00eancias de 2026 apontam para casas mais humanas, cheias de textura, cores inteligentes e conex\u00e3o com a natureza e com as hist\u00f3rias de quem vive ali. A partir das ideias apresentadas pela arquiteta Sorrisa Dinis, surgem caminhos claros para atualizar o lar [&hellip;]<\/p>\n","protected":false},"author":11,"featured_media":138213,"comment_status":"open","ping_status":"open","sticky":false,"template":"","format":"standard","meta":{"jnews-multi-image_gallery":[],"jnews_single_post":{"format":"standard"},"jnews_primary_category":[],"jnews_social_meta":[],"jnews_override_counter":[],"footnotes":""},"categories":[8819,1],"tags":[1110,4687,821,20273],"class_list":["post-137782","post","type-post","status-publish","format-standard","has-post-thumbnail","hentry","category-curiosidades","category-noticias","tag-cores","tag-decoracao","tag-design","tag-tendencia-decoracao"],"yoast_head":"<!-- This site is optimized with the Yoast SEO plugin v23.8 - https:\/\/yoast.com\/wordpress\/plugins\/seo\/ -->\n<title>Prepare-se para 2026 com 7 tend\u00eancias de decora\u00e7\u00e3o que v\u00e3o bombar - Estado de Minas - Em foco<\/title>\n<meta name=\"description\" content=\"Relevos, pregas, fibras naturais, madeira e objetos feitos \u00e0 m\u00e3o d\u00e3o personalidade e transformam a casa em ref\u00fagio.\" \/>\n<meta name=\"robots\" content=\"index, follow, max-snippet:-1, max-image-preview:large, max-video-preview:-1\" \/>\n<link rel=\"canonical\" href=\"https:\/\/www.em.com.br\/emfoco\/2025\/12\/10\/prepare-se-para-2026-com-7-tendencias-de-decoracao-que-vao-bombar\/\" \/>\n<meta property=\"og:locale\" content=\"pt_BR\" \/>\n<meta property=\"og:type\" content=\"article\" \/>\n<meta property=\"og:title\" content=\"Prepare-se para 2026 com 7 tend\u00eancias de decora\u00e7\u00e3o que v\u00e3o bombar - Estado de Minas - Em foco\" \/>\n<meta property=\"og:description\" content=\"Relevos, pregas, fibras naturais, madeira e objetos feitos \u00e0 m\u00e3o d\u00e3o personalidade e transformam a casa em ref\u00fagio.\" \/>\n<meta property=\"og:url\" content=\"https:\/\/www.em.com.br\/emfoco\/2025\/12\/10\/prepare-se-para-2026-com-7-tendencias-de-decoracao-que-vao-bombar\/\" \/>\n<meta property=\"og:site_name\" content=\"Estado de Minas - Em foco\" \/>\n<meta property=\"article:published_time\" content=\"2025-12-10T23:15:00+00:00\" \/>\n<meta property=\"article:modified_time\" content=\"2025-12-09T22:02:20+00:00\" \/>\n<meta property=\"og:image\" content=\"https:\/\/www.em.com.br\/emfoco\/wp-content\/uploads\/2025\/12\/Gemini_Generated_Image_zcugs7zcugs7zcug-1.png\" \/>\n\t<meta property=\"og:image:width\" content=\"1280\" \/>\n\t<meta property=\"og:image:height\" content=\"720\" \/>\n\t<meta property=\"og:image:type\" content=\"image\/png\" \/>\n<meta name=\"author\" content=\"Andre\u0301 Rangel\u00a0\" \/>\n<meta name=\"twitter:card\" content=\"summary_large_image\" \/>\n<meta name=\"twitter:label1\" content=\"Escrito por\" \/>\n\t<meta name=\"twitter:data1\" content=\"Andre\u0301 Rangel\u00a0\" \/>\n\t<meta name=\"twitter:label2\" content=\"Est. tempo de leitura\" \/>\n\t<meta name=\"twitter:data2\" content=\"5 minutos\" \/>\n<!-- \/ Yoast SEO plugin. -->","yoast_head_json":{"title":"Prepare-se para 2026 com 7 tend\u00eancias de decora\u00e7\u00e3o que v\u00e3o bombar - Estado de Minas - Em foco","description":"Relevos, pregas, fibras naturais, madeira e objetos feitos \u00e0 m\u00e3o d\u00e3o personalidade e transformam a casa em ref\u00fagio.","robots":{"index":"index","follow":"follow","max-snippet":"max-snippet:-1","max-image-preview":"max-image-preview:large","max-video-preview":"max-video-preview:-1"},"canonical":"https:\/\/www.em.com.br\/emfoco\/2025\/12\/10\/prepare-se-para-2026-com-7-tendencias-de-decoracao-que-vao-bombar\/","og_locale":"pt_BR","og_type":"article","og_title":"Prepare-se para 2026 com 7 tend\u00eancias de decora\u00e7\u00e3o que v\u00e3o bombar - Estado de Minas - Em foco","og_description":"Relevos, pregas, fibras naturais, madeira e objetos feitos \u00e0 m\u00e3o d\u00e3o personalidade e transformam a casa em ref\u00fagio.","og_url":"https:\/\/www.em.com.br\/emfoco\/2025\/12\/10\/prepare-se-para-2026-com-7-tendencias-de-decoracao-que-vao-bombar\/","og_site_name":"Estado de Minas - Em foco","article_published_time":"2025-12-10T23:15:00+00:00","article_modified_time":"2025-12-09T22:02:20+00:00","og_image":[{"width":1280,"height":720,"url":"https:\/\/www.em.com.br\/emfoco\/wp-content\/uploads\/2025\/12\/Gemini_Generated_Image_zcugs7zcugs7zcug-1.png","type":"image\/png"}],"author":"Andre\u0301 Rangel\u00a0","twitter_card":"summary_large_image","twitter_misc":{"Escrito por":"Andre\u0301 Rangel\u00a0","Est. tempo de leitura":"5 minutos"},"schema":{"@context":"https:\/\/schema.org","@graph":[{"@type":"WebPage","@id":"https:\/\/www.em.com.br\/emfoco\/2025\/12\/10\/prepare-se-para-2026-com-7-tendencias-de-decoracao-que-vao-bombar\/","url":"https:\/\/www.em.com.br\/emfoco\/2025\/12\/10\/prepare-se-para-2026-com-7-tendencias-de-decoracao-que-vao-bombar\/","name":"Prepare-se para 2026 com 7 tend\u00eancias de decora\u00e7\u00e3o que v\u00e3o bombar - Estado de Minas - Em foco","isPartOf":{"@id":"https:\/\/www.em.com.br\/emfoco\/#website"},"primaryImageOfPage":{"@id":"https:\/\/www.em.com.br\/emfoco\/2025\/12\/10\/prepare-se-para-2026-com-7-tendencias-de-decoracao-que-vao-bombar\/#primaryimage"},"image":{"@id":"https:\/\/www.em.com.br\/emfoco\/2025\/12\/10\/prepare-se-para-2026-com-7-tendencias-de-decoracao-que-vao-bombar\/#primaryimage"},"thumbnailUrl":"https:\/\/www.em.com.br\/emfoco\/wp-content\/uploads\/2025\/12\/Gemini_Generated_Image_zcugs7zcugs7zcug-1.png","datePublished":"2025-12-10T23:15:00+00:00","dateModified":"2025-12-09T22:02:20+00:00","author":{"@id":"https:\/\/www.em.com.br\/emfoco\/#\/schema\/person\/60eda09c1fedf0d6891f4cef4b60b8b8"},"description":"Relevos, pregas, fibras naturais, madeira e objetos feitos \u00e0 m\u00e3o d\u00e3o personalidade e transformam a casa em ref\u00fagio.","breadcrumb":{"@id":"https:\/\/www.em.com.br\/emfoco\/2025\/12\/10\/prepare-se-para-2026-com-7-tendencias-de-decoracao-que-vao-bombar\/#breadcrumb"},"inLanguage":"pt-BR","potentialAction":[{"@type":"ReadAction","target":["https:\/\/www.em.com.br\/emfoco\/2025\/12\/10\/prepare-se-para-2026-com-7-tendencias-de-decoracao-que-vao-bombar\/"]}]},{"@type":"ImageObject","inLanguage":"pt-BR","@id":"https:\/\/www.em.com.br\/emfoco\/2025\/12\/10\/prepare-se-para-2026-com-7-tendencias-de-decoracao-que-vao-bombar\/#primaryimage","url":"https:\/\/www.em.com.br\/emfoco\/wp-content\/uploads\/2025\/12\/Gemini_Generated_Image_zcugs7zcugs7zcug-1.png","contentUrl":"https:\/\/www.em.com.br\/emfoco\/wp-content\/uploads\/2025\/12\/Gemini_Generated_Image_zcugs7zcugs7zcug-1.png","width":1280,"height":720,"caption":"Decora\u00e7\u00e3o de 2026 busca aconchego e prop\u00f3sito"},{"@type":"BreadcrumbList","@id":"https:\/\/www.em.com.br\/emfoco\/2025\/12\/10\/prepare-se-para-2026-com-7-tendencias-de-decoracao-que-vao-bombar\/#breadcrumb","itemListElement":[{"@type":"ListItem","position":1,"name":"In\u00edcio","item":"https:\/\/www.em.com.br\/emfoco\/"},{"@type":"ListItem","position":2,"name":"Prepare-se para 2026 com 7 tend\u00eancias de decora\u00e7\u00e3o que v\u00e3o bombar"}]},{"@type":"WebSite","@id":"https:\/\/www.em.com.br\/emfoco\/#website","url":"https:\/\/www.em.com.br\/emfoco\/","name":"Estado de Minas - Em foco","description":"Acompanhe as \u00faltimas not\u00edcias e fique bem informado sobre tudo o que acontece em Minas Gerais, Brasil e no mundo.","potentialAction":[{"@type":"SearchAction","target":{"@type":"EntryPoint","urlTemplate":"https:\/\/www.em.com.br\/emfoco\/?s={search_term_string}"},"query-input":{"@type":"PropertyValueSpecification","valueRequired":true,"valueName":"search_term_string"}}],"inLanguage":"pt-BR"},{"@type":"Person","@id":"https:\/\/www.em.com.br\/emfoco\/#\/schema\/person\/60eda09c1fedf0d6891f4cef4b60b8b8","name":"Andre\u0301 Rangel\u00a0","image":{"@type":"ImageObject","inLanguage":"pt-BR","@id":"https:\/\/www.em.com.br\/emfoco\/#\/schema\/person\/image\/","url":"https:\/\/secure.gravatar.com\/avatar\/6234dc814c77c8ef6d8bba622c787efc?s=96&d=mm&r=g","contentUrl":"https:\/\/secure.gravatar.com\/avatar\/6234dc814c77c8ef6d8bba622c787efc?s=96&d=mm&r=g","caption":"Andre\u0301 Rangel\u00a0"},"url":"https:\/\/www.em.com.br\/emfoco\/author\/luizmyth\/"}]}},"_links":{"self":[{"href":"https:\/\/www.em.com.br\/emfoco\/wp-json\/wp\/v2\/posts\/137782","targetHints":{"allow":["GET"]}}],"collection":[{"href":"https:\/\/www.em.com.br\/emfoco\/wp-json\/wp\/v2\/posts"}],"about":[{"href":"https:\/\/www.em.com.br\/emfoco\/wp-json\/wp\/v2\/types\/post"}],"author":[{"embeddable":true,"href":"https:\/\/www.em.com.br\/emfoco\/wp-json\/wp\/v2\/users\/11"}],"replies":[{"embeddable":true,"href":"https:\/\/www.em.com.br\/emfoco\/wp-json\/wp\/v2\/comments?post=137782"}],"version-history":[{"count":6,"href":"https:\/\/www.em.com.br\/emfoco\/wp-json\/wp\/v2\/posts\/137782\/revisions"}],"predecessor-version":[{"id":138214,"href":"https:\/\/www.em.com.br\/emfoco\/wp-json\/wp\/v2\/posts\/137782\/revisions\/138214"}],"wp:featuredmedia":[{"embeddable":true,"href":"https:\/\/www.em.com.br\/emfoco\/wp-json\/wp\/v2\/media\/138213"}],"wp:attachment":[{"href":"https:\/\/www.em.com.br\/emfoco\/wp-json\/wp\/v2\/media?parent=137782"}],"wp:term":[{"taxonomy":"category","embeddable":true,"href":"https:\/\/www.em.com.br\/emfoco\/wp-json\/wp\/v2\/categories?post=137782"},{"taxonomy":"post_tag","embeddable":true,"href":"https:\/\/www.em.com.br\/emfoco\/wp-json\/wp\/v2\/tags?post=137782"}],"curies":[{"name":"wp","href":"https:\/\/api.w.org\/{rel}","templated":true}]}}