{"id":137737,"date":"2025-12-09T10:19:00","date_gmt":"2025-12-09T13:19:00","guid":{"rendered":"https:\/\/www.em.com.br\/emfoco\/?p=137737"},"modified":"2025-12-09T10:14:16","modified_gmt":"2025-12-09T13:14:16","slug":"comunicado-importante-prazo-da-segunda-parcela-do-decimo-terceiro-esta-chegando","status":"publish","type":"post","link":"https:\/\/www.em.com.br\/emfoco\/2025\/12\/09\/comunicado-importante-prazo-da-segunda-parcela-do-decimo-terceiro-esta-chegando\/","title":{"rendered":"Comunicado importante: prazo da segunda parcela do d\u00e9cimo terceiro est\u00e1 chegando"},"content":{"rendered":"\n<p>O pagamento do d\u00e9cimo terceiro sal\u00e1rio gera d\u00favidas todos os anos, especialmente em dezembro, quando se aproxima o prazo final para a segunda parcela. Esse benef\u00edcio, tamb\u00e9m chamado de&nbsp;<strong>abono natalino<\/strong>, est\u00e1 previsto na legisla\u00e7\u00e3o trabalhista brasileira e representa uma remunera\u00e7\u00e3o extra muito relevante para o planejamento financeiro de trabalhadores com carteira assinada.<\/p>\n\n\n\n<h2 class=\"wp-block-heading\">O que \u00e9 o d\u00e9cimo terceiro sal\u00e1rio e quem tem direito ao benef\u00edcio<\/h2>\n\n\n\n<p>O\u00a0<strong>d\u00e9cimo terceiro sal\u00e1rio<\/strong>\u00a0\u00e9 uma gratifica\u00e7\u00e3o anual obrigat\u00f3ria ao trabalhador formal, equivalente a 1\/12 da remunera\u00e7\u00e3o de dezembro por m\u00eas trabalhado. T\u00eam direito empregados com carteira assinada que tenham trabalhado ao menos 15 dias no m\u00eas, al\u00e9m de servidores p\u00fablicos, aposentados e pensionistas do <a href=\"https:\/\/www.em.com.br\/emfoco\/tag\/inss\/\" target=\"_blank\" rel=\"noreferrer noopener\">INSS<\/a>, observadas as regras de cada regime.<\/p>\n\n\n\n<p>No setor privado, a empresa \u00e9 respons\u00e1vel pelo pagamento, seguindo as datas definidas em lei. Aposentados e pensionistas recebem o&nbsp;<em>abono natalino<\/em>&nbsp;pela Previd\u00eancia Social, conforme calend\u00e1rio anual, enquanto trabalhadores demitidos por justa causa perdem o direito ao d\u00e9cimo terceiro do ano da dispensa.<\/p>\n\n\n\n<h2 class=\"wp-block-heading\">Quando ocorre o pagamento da segunda parcela do d\u00e9cimo terceiro sal\u00e1rio<\/h2>\n\n\n\n<p>A&nbsp;<strong>segunda parcela do d\u00e9cimo terceiro sal\u00e1rio<\/strong>&nbsp;costuma gerar d\u00favidas sobre prazos e valores. A primeira parcela deve ser paga entre fevereiro e 30 de novembro, e a segunda precisa ser quitada at\u00e9 20 de dezembro, podendo ser antecipada quando a data cair em fim de semana ou feriado.<\/p>\n\n\n\n<p>Em geral, a segunda parcela \u00e9 menor, pois nela incidem os descontos de INSS e, se houver,<a href=\"https:\/\/www.gov.br\/receitafederal\/pt-br\/assuntos\/orientacao-tributaria\/tributos\/IRRF\" target=\"_blank\" rel=\"noreferrer noopener\"> Imposto de Renda Retido na Fonte (IRRF)<\/a>. Assim, \u00e9 normal que o valor final recebido pr\u00f3ximo ao Natal seja inferior ao da primeira metade paga sem reten\u00e7\u00f5es.<\/p>\n\n\n\n<figure class=\"wp-block-image size-large\"><img loading=\"lazy\" decoding=\"async\" width=\"1024\" height=\"559\" src=\"https:\/\/www.em.com.br\/emfoco\/wp-content\/uploads\/2025\/12\/freepik__candid-i-with-natural-textures-and-highly-realisti__23946-1024x559.png\" alt=\"Comunicado importante: prazo da segunda parcela do d\u00e9cimo terceiro est\u00e1 chegando\" class=\"wp-image-137752\" srcset=\"https:\/\/www.em.com.br\/emfoco\/wp-content\/uploads\/2025\/12\/freepik__candid-i-with-natural-textures-and-highly-realisti__23946-1024x559.png 1024w, https:\/\/www.em.com.br\/emfoco\/wp-content\/uploads\/2025\/12\/freepik__candid-i-with-natural-textures-and-highly-realisti__23946-300x164.png 300w, https:\/\/www.em.com.br\/emfoco\/wp-content\/uploads\/2025\/12\/freepik__candid-i-with-natural-textures-and-highly-realisti__23946-768x419.png 768w, https:\/\/www.em.com.br\/emfoco\/wp-content\/uploads\/2025\/12\/freepik__candid-i-with-natural-textures-and-highly-realisti__23946-750x409.png 750w, https:\/\/www.em.com.br\/emfoco\/wp-content\/uploads\/2025\/12\/freepik__candid-i-with-natural-textures-and-highly-realisti__23946-1140x622.png 1140w, https:\/\/www.em.com.br\/emfoco\/wp-content\/uploads\/2025\/12\/freepik__candid-i-with-natural-textures-and-highly-realisti__23946.png 1408w\" sizes=\"auto, (max-width: 1024px) 100vw, 1024px\" \/><figcaption class=\"wp-element-caption\">A verdade sobre a segunda parcela do d\u00e9cimo terceiro que ningu\u00e9m te conta\n<\/figcaption><\/figure>\n\n\n\n<h2 class=\"wp-block-heading\">Como \u00e9 calculado o d\u00e9cimo terceiro sal\u00e1rio<\/h2>\n\n\n\n<p>O c\u00e1lculo do&nbsp;<strong>13\u00ba sal\u00e1rio<\/strong>&nbsp;considera o sal\u00e1rio base de dezembro, o n\u00famero de meses trabalhados e m\u00e9dias de verbas vari\u00e1veis pagas com habitualidade. Entram na conta horas extras, comiss\u00f5es e adicionais, o que faz o valor variar de um ano para outro.<\/p>\n\n\n\n<p>Na pr\u00e1tica, o c\u00e1lculo costuma seguir os seguintes passos b\u00e1sicos:<\/p>\n\n\n\n<ul class=\"wp-block-list\">\n<li>Identificar o sal\u00e1rio bruto de refer\u00eancia em dezembro (com m\u00e9dias de vari\u00e1veis, se houver);<\/li>\n\n\n\n<li>Verificar quantos meses no ano foram trabalhados por pelo menos 15 dias;<\/li>\n\n\n\n<li>Multiplicar o sal\u00e1rio bruto pelo n\u00famero de meses computados e dividir por 12 para obter o valor bruto;<\/li>\n\n\n\n<li>Pagar metade na primeira parcela e a outra metade, com descontos, na segunda parcela.<\/li>\n<\/ul>\n\n\n\n<h2 class=\"wp-block-heading\">Como funcionam os descontos de INSS e Imposto de Renda no d\u00e9cimo terceiro<\/h2>\n\n\n\n<p>Para chegar ao valor l\u00edquido, aplicam-se descontos de INSS e, quando devido, de IRRF apenas sobre o d\u00e9cimo terceiro, de forma separada do sal\u00e1rio mensal. O INSS utiliza a tabela progressiva por faixas, calculada parcela a parcela sobre o valor do benef\u00edcio.<\/p>\n\n\n\n<figure class=\"wp-block-image size-large\"><img loading=\"lazy\" decoding=\"async\" width=\"1024\" height=\"574\" src=\"https:\/\/www.em.com.br\/emfoco\/wp-content\/uploads\/2025\/12\/freepik__the-style-is-candid-image-photography-with-natural__23945-1024x574.png\" alt=\"\" class=\"wp-image-137751\" srcset=\"https:\/\/www.em.com.br\/emfoco\/wp-content\/uploads\/2025\/12\/freepik__the-style-is-candid-image-photography-with-natural__23945-1024x574.png 1024w, https:\/\/www.em.com.br\/emfoco\/wp-content\/uploads\/2025\/12\/freepik__the-style-is-candid-image-photography-with-natural__23945-300x168.png 300w, https:\/\/www.em.com.br\/emfoco\/wp-content\/uploads\/2025\/12\/freepik__the-style-is-candid-image-photography-with-natural__23945-768x431.png 768w, https:\/\/www.em.com.br\/emfoco\/wp-content\/uploads\/2025\/12\/freepik__the-style-is-candid-image-photography-with-natural__23945-750x421.png 750w, https:\/\/www.em.com.br\/emfoco\/wp-content\/uploads\/2025\/12\/freepik__the-style-is-candid-image-photography-with-natural__23945-1140x640.png 1140w, https:\/\/www.em.com.br\/emfoco\/wp-content\/uploads\/2025\/12\/freepik__the-style-is-candid-image-photography-with-natural__23945.png 1312w\" sizes=\"auto, (max-width: 1024px) 100vw, 1024px\" \/><figcaption class=\"wp-element-caption\">Aten\u00e7\u00e3o: seu d\u00e9cimo terceiro pode cair com desconto e o prazo j\u00e1 est\u00e1 terminando\n<\/figcaption><\/figure>\n\n\n\n<p>O IRRF leva em conta a tabela vigente, faixas de isen\u00e7\u00e3o e dedu\u00e7\u00f5es legais, como dependentes e pens\u00e3o aliment\u00edcia judicial. Rendimentos mais baixos podem ficar isentos, enquanto faixas mais altas sofrem reten\u00e7\u00e3o maior, afetando o valor da&nbsp;<strong>segunda parcela do d\u00e9cimo terceiro sal\u00e1rio<\/strong>.<\/p>\n\n\n\n<h2 class=\"wp-block-heading\">Quais cuidados o trabalhador deve ter ao receber o d\u00e9cimo terceiro<\/h2>\n\n\n\n<p>Alguns cuidados ajudam a evitar erros e garantir o recebimento correto do abono natalino. \u00c9 importante conferir o&nbsp;<em>holerite<\/em>&nbsp;ou comprovante de pagamento, verificando se todos os crit\u00e9rios legais foram aplicados adequadamente.<\/p>\n\n\n\n<p>Em caso de diverg\u00eancia, o trabalhador pode acionar o setor de recursos humanos, sindicatos, \u00f3rg\u00e3os de fiscaliza\u00e7\u00e3o trabalhista ou canais oficiais do governo. Dessa forma, mant\u00e9m controle sobre o pr\u00f3prio rendimento e assegura o respeito integral ao direito ao&nbsp;<strong>d\u00e9cimo terceiro sal\u00e1rio<\/strong>.<\/p>\n","protected":false},"excerpt":{"rendered":"<p>O pagamento do d\u00e9cimo terceiro sal\u00e1rio gera d\u00favidas todos os anos, especialmente em dezembro, quando se aproxima o prazo final para a segunda parcela. Esse benef\u00edcio, tamb\u00e9m chamado de&nbsp;abono natalino, est\u00e1 previsto na legisla\u00e7\u00e3o trabalhista brasileira e representa uma remunera\u00e7\u00e3o extra muito relevante para o planejamento financeiro de trabalhadores com carteira assinada. O que \u00e9 [&hellip;]<\/p>\n","protected":false},"author":19,"featured_media":137756,"comment_status":"open","ping_status":"open","sticky":false,"template":"","format":"standard","meta":{"jnews-multi-image_gallery":[],"jnews_single_post":{"format":"standard"},"jnews_primary_category":[],"jnews_social_meta":[],"jnews_override_counter":[],"footnotes":""},"categories":[28],"tags":[1548,20172,2467,713,174,20173],"class_list":["post-137737","post","type-post","status-publish","format-standard","has-post-thumbnail","hentry","category-economia","tag-abono-natalino","tag-calculo-do-decimo-terceiro","tag-decimo-terceiro-salario","tag-imposto-de-renda","tag-inss","tag-segunda-parcela"],"yoast_head":"<!-- This site is optimized with the Yoast SEO plugin v23.8 - https:\/\/yoast.com\/wordpress\/plugins\/seo\/ -->\n<title>Comunicado importante: prazo da segunda parcela do d\u00e9cimo terceiro est\u00e1 chegando - Estado de Minas - Em foco<\/title>\n<meta name=\"description\" content=\"Prazo final para pagar a segunda parcela do d\u00e9cimo terceiro est\u00e1 chegando. Veja o que pode reduzir o valor e como garantir seu direito.\" \/>\n<meta name=\"robots\" content=\"index, follow, max-snippet:-1, max-image-preview:large, max-video-preview:-1\" \/>\n<link rel=\"canonical\" href=\"https:\/\/www.em.com.br\/emfoco\/2025\/12\/09\/comunicado-importante-prazo-da-segunda-parcela-do-decimo-terceiro-esta-chegando\/\" \/>\n<meta property=\"og:locale\" content=\"pt_BR\" \/>\n<meta property=\"og:type\" content=\"article\" \/>\n<meta property=\"og:title\" content=\"Comunicado importante: prazo da segunda parcela do d\u00e9cimo terceiro est\u00e1 chegando - Estado de Minas - Em foco\" \/>\n<meta property=\"og:description\" content=\"Prazo final para pagar a segunda parcela do d\u00e9cimo terceiro est\u00e1 chegando. Veja o que pode reduzir o valor e como garantir seu direito.\" \/>\n<meta property=\"og:url\" content=\"https:\/\/www.em.com.br\/emfoco\/2025\/12\/09\/comunicado-importante-prazo-da-segunda-parcela-do-decimo-terceiro-esta-chegando\/\" \/>\n<meta property=\"og:site_name\" content=\"Estado de Minas - Em foco\" \/>\n<meta property=\"article:published_time\" content=\"2025-12-09T13:19:00+00:00\" \/>\n<meta property=\"article:modified_time\" content=\"2025-12-09T13:14:16+00:00\" \/>\n<meta property=\"og:image\" content=\"https:\/\/www.em.com.br\/emfoco\/wp-content\/uploads\/2025\/12\/freepik__closeup-de-um-carto-estilizado-do-inss-img1-no-pri__23948-scaled.jpeg\" \/>\n\t<meta property=\"og:image:width\" content=\"2560\" \/>\n\t<meta property=\"og:image:height\" content=\"1463\" \/>\n\t<meta property=\"og:image:type\" content=\"image\/jpeg\" \/>\n<meta name=\"author\" content=\"Vanessa Tavares\" \/>\n<meta name=\"twitter:card\" content=\"summary_large_image\" \/>\n<meta name=\"twitter:label1\" content=\"Escrito por\" \/>\n\t<meta name=\"twitter:data1\" content=\"Vanessa Tavares\" \/>\n\t<meta name=\"twitter:label2\" content=\"Est. tempo de leitura\" \/>\n\t<meta name=\"twitter:data2\" content=\"4 minutos\" \/>\n<!-- \/ Yoast SEO plugin. -->","yoast_head_json":{"title":"Comunicado importante: prazo da segunda parcela do d\u00e9cimo terceiro est\u00e1 chegando - Estado de Minas - Em foco","description":"Prazo final para pagar a segunda parcela do d\u00e9cimo terceiro est\u00e1 chegando. Veja o que pode reduzir o valor e como garantir seu direito.","robots":{"index":"index","follow":"follow","max-snippet":"max-snippet:-1","max-image-preview":"max-image-preview:large","max-video-preview":"max-video-preview:-1"},"canonical":"https:\/\/www.em.com.br\/emfoco\/2025\/12\/09\/comunicado-importante-prazo-da-segunda-parcela-do-decimo-terceiro-esta-chegando\/","og_locale":"pt_BR","og_type":"article","og_title":"Comunicado importante: prazo da segunda parcela do d\u00e9cimo terceiro est\u00e1 chegando - Estado de Minas - Em foco","og_description":"Prazo final para pagar a segunda parcela do d\u00e9cimo terceiro est\u00e1 chegando. Veja o que pode reduzir o valor e como garantir seu direito.","og_url":"https:\/\/www.em.com.br\/emfoco\/2025\/12\/09\/comunicado-importante-prazo-da-segunda-parcela-do-decimo-terceiro-esta-chegando\/","og_site_name":"Estado de Minas - Em foco","article_published_time":"2025-12-09T13:19:00+00:00","article_modified_time":"2025-12-09T13:14:16+00:00","og_image":[{"width":2560,"height":1463,"url":"https:\/\/www.em.com.br\/emfoco\/wp-content\/uploads\/2025\/12\/freepik__closeup-de-um-carto-estilizado-do-inss-img1-no-pri__23948-scaled.jpeg","type":"image\/jpeg"}],"author":"Vanessa Tavares","twitter_card":"summary_large_image","twitter_misc":{"Escrito por":"Vanessa Tavares","Est. tempo de leitura":"4 minutos"},"schema":{"@context":"https:\/\/schema.org","@graph":[{"@type":"WebPage","@id":"https:\/\/www.em.com.br\/emfoco\/2025\/12\/09\/comunicado-importante-prazo-da-segunda-parcela-do-decimo-terceiro-esta-chegando\/","url":"https:\/\/www.em.com.br\/emfoco\/2025\/12\/09\/comunicado-importante-prazo-da-segunda-parcela-do-decimo-terceiro-esta-chegando\/","name":"Comunicado importante: prazo da segunda parcela do d\u00e9cimo terceiro est\u00e1 chegando - Estado de Minas - Em foco","isPartOf":{"@id":"https:\/\/www.em.com.br\/emfoco\/#website"},"primaryImageOfPage":{"@id":"https:\/\/www.em.com.br\/emfoco\/2025\/12\/09\/comunicado-importante-prazo-da-segunda-parcela-do-decimo-terceiro-esta-chegando\/#primaryimage"},"image":{"@id":"https:\/\/www.em.com.br\/emfoco\/2025\/12\/09\/comunicado-importante-prazo-da-segunda-parcela-do-decimo-terceiro-esta-chegando\/#primaryimage"},"thumbnailUrl":"https:\/\/www.em.com.br\/emfoco\/wp-content\/uploads\/2025\/12\/freepik__closeup-de-um-carto-estilizado-do-inss-img1-no-pri__23948-scaled.jpeg","datePublished":"2025-12-09T13:19:00+00:00","dateModified":"2025-12-09T13:14:16+00:00","author":{"@id":"https:\/\/www.em.com.br\/emfoco\/#\/schema\/person\/4a7a157aac450b98edc86f15a7434f0b"},"description":"Prazo final para pagar a segunda parcela do d\u00e9cimo terceiro est\u00e1 chegando. Veja o que pode reduzir o valor e como garantir seu direito.","breadcrumb":{"@id":"https:\/\/www.em.com.br\/emfoco\/2025\/12\/09\/comunicado-importante-prazo-da-segunda-parcela-do-decimo-terceiro-esta-chegando\/#breadcrumb"},"inLanguage":"pt-BR","potentialAction":[{"@type":"ReadAction","target":["https:\/\/www.em.com.br\/emfoco\/2025\/12\/09\/comunicado-importante-prazo-da-segunda-parcela-do-decimo-terceiro-esta-chegando\/"]}]},{"@type":"ImageObject","inLanguage":"pt-BR","@id":"https:\/\/www.em.com.br\/emfoco\/2025\/12\/09\/comunicado-importante-prazo-da-segunda-parcela-do-decimo-terceiro-esta-chegando\/#primaryimage","url":"https:\/\/www.em.com.br\/emfoco\/wp-content\/uploads\/2025\/12\/freepik__closeup-de-um-carto-estilizado-do-inss-img1-no-pri__23948-scaled.jpeg","contentUrl":"https:\/\/www.em.com.br\/emfoco\/wp-content\/uploads\/2025\/12\/freepik__closeup-de-um-carto-estilizado-do-inss-img1-no-pri__23948-scaled.jpeg","width":2560,"height":1463,"caption":"Prazo para receber a segunda parcela do d\u00e9cimo terceiro termina dia 20 de dezembro"},{"@type":"BreadcrumbList","@id":"https:\/\/www.em.com.br\/emfoco\/2025\/12\/09\/comunicado-importante-prazo-da-segunda-parcela-do-decimo-terceiro-esta-chegando\/#breadcrumb","itemListElement":[{"@type":"ListItem","position":1,"name":"In\u00edcio","item":"https:\/\/www.em.com.br\/emfoco\/"},{"@type":"ListItem","position":2,"name":"Comunicado importante: prazo da segunda parcela do d\u00e9cimo terceiro est\u00e1 chegando"}]},{"@type":"WebSite","@id":"https:\/\/www.em.com.br\/emfoco\/#website","url":"https:\/\/www.em.com.br\/emfoco\/","name":"Estado de Minas - Em foco","description":"Acompanhe as \u00faltimas not\u00edcias e fique bem informado sobre tudo o que acontece em Minas Gerais, Brasil e no mundo.","potentialAction":[{"@type":"SearchAction","target":{"@type":"EntryPoint","urlTemplate":"https:\/\/www.em.com.br\/emfoco\/?s={search_term_string}"},"query-input":{"@type":"PropertyValueSpecification","valueRequired":true,"valueName":"search_term_string"}}],"inLanguage":"pt-BR"},{"@type":"Person","@id":"https:\/\/www.em.com.br\/emfoco\/#\/schema\/person\/4a7a157aac450b98edc86f15a7434f0b","name":"Vanessa Tavares","image":{"@type":"ImageObject","inLanguage":"pt-BR","@id":"https:\/\/www.em.com.br\/emfoco\/#\/schema\/person\/image\/","url":"https:\/\/secure.gravatar.com\/avatar\/088c9372da58da00f00f8e508f13d635?s=96&d=mm&r=g","contentUrl":"https:\/\/secure.gravatar.com\/avatar\/088c9372da58da00f00f8e508f13d635?s=96&d=mm&r=g","caption":"Vanessa Tavares"},"sameAs":["https:\/\/www.em.com.br\/emfoco"],"url":"https:\/\/www.em.com.br\/emfoco\/author\/vanessamyth\/"}]}},"_links":{"self":[{"href":"https:\/\/www.em.com.br\/emfoco\/wp-json\/wp\/v2\/posts\/137737","targetHints":{"allow":["GET"]}}],"collection":[{"href":"https:\/\/www.em.com.br\/emfoco\/wp-json\/wp\/v2\/posts"}],"about":[{"href":"https:\/\/www.em.com.br\/emfoco\/wp-json\/wp\/v2\/types\/post"}],"author":[{"embeddable":true,"href":"https:\/\/www.em.com.br\/emfoco\/wp-json\/wp\/v2\/users\/19"}],"replies":[{"embeddable":true,"href":"https:\/\/www.em.com.br\/emfoco\/wp-json\/wp\/v2\/comments?post=137737"}],"version-history":[{"count":5,"href":"https:\/\/www.em.com.br\/emfoco\/wp-json\/wp\/v2\/posts\/137737\/revisions"}],"predecessor-version":[{"id":137759,"href":"https:\/\/www.em.com.br\/emfoco\/wp-json\/wp\/v2\/posts\/137737\/revisions\/137759"}],"wp:featuredmedia":[{"embeddable":true,"href":"https:\/\/www.em.com.br\/emfoco\/wp-json\/wp\/v2\/media\/137756"}],"wp:attachment":[{"href":"https:\/\/www.em.com.br\/emfoco\/wp-json\/wp\/v2\/media?parent=137737"}],"wp:term":[{"taxonomy":"category","embeddable":true,"href":"https:\/\/www.em.com.br\/emfoco\/wp-json\/wp\/v2\/categories?post=137737"},{"taxonomy":"post_tag","embeddable":true,"href":"https:\/\/www.em.com.br\/emfoco\/wp-json\/wp\/v2\/tags?post=137737"}],"curies":[{"name":"wp","href":"https:\/\/api.w.org\/{rel}","templated":true}]}}