{"id":137664,"date":"2025-12-09T21:05:00","date_gmt":"2025-12-10T00:05:00","guid":{"rendered":"https:\/\/www.em.com.br\/emfoco\/?p=137664"},"modified":"2025-12-08T22:46:09","modified_gmt":"2025-12-09T01:46:09","slug":"a-cidade-que-entrega-vida-de-metropole-sem-perder-o-clima-do-interior-paulista","status":"publish","type":"post","link":"https:\/\/www.em.com.br\/emfoco\/2025\/12\/09\/a-cidade-que-entrega-vida-de-metropole-sem-perder-o-clima-do-interior-paulista\/","title":{"rendered":"A cidade que entrega vida de metr\u00f3pole sem perder o clima do interior paulista"},"content":{"rendered":"\n<p><strong>Campinas<\/strong> \u00e9 a prova definitiva de que uma cidade n\u00e3o precisa ser capital para oferecer a estrutura de uma metr\u00f3pole global. Com uma popula\u00e7\u00e3o estimada em 1,1 milh\u00e3o de habitantes, segundo os dados consolidados pelo <strong><a href=\"https:\/\/cidades.ibge.gov.br\/brasil\/sp\/campinas\/panorama\" target=\"_blank\" rel=\"noreferrer noopener\">Instituto Brasileiro de Geografia e Estat\u00edstica<\/a> (IBGE)<\/strong>, o munic\u00edpio se consolida como o principal polo econ\u00f4mico e cultural do interior de <strong>S\u00e3o Paulo<\/strong>.<\/p>\n\n\n\n<h2 class=\"wp-block-heading\">Por que a localiza\u00e7\u00e3o estrat\u00e9gica atrai tantos novos moradores?<\/h2>\n\n\n\n<p>A cidade funciona como um hub log\u00edstico perfeito, situada a cerca de 90 km da capital paulista e vizinha de munic\u00edpios importantes como <strong>Valinhos<\/strong>, <strong>Vinhedo<\/strong> e <strong>Indaiatuba<\/strong>. O acesso \u00e9 facilitado pelas melhores rodovias do pa\u00eds, como a <strong>Anhanguera<\/strong> e a <strong>Bandeirantes<\/strong>, garantindo mobilidade r\u00e1pida.<\/p>\n\n\n\n<p>Al\u00e9m das estradas, o <strong>Aeroporto Internacional de Viracopos<\/strong> conecta a regi\u00e3o ao mundo. Reconhecido pela sua efici\u00eancia operacional tanto para passageiros quanto para cargas, o terminal torna a vida pr\u00e1tica para executivos e fam\u00edlias que valorizam a facilidade de viajar sem precisar enfrentar o tr\u00e2nsito da capital.<\/p>\n\n\n<div class=\"wp-block-image\">\n<figure class=\"aligncenter size-large\"><img decoding=\"async\" src=\"https:\/\/revistaforum.com.br\/forumtudo\/wp-content\/uploads\/2025\/10\/Campinas_1761383679023-1024x576.jpg\" alt=\"Essa cidade no interior \u00e9 o destino certo para quem busca viver com qualidade de vida e oportunidades\" class=\"wp-image-3475\"\/><figcaption class=\"wp-element-caption\">Campinas \u00e9 refer\u00eancia em desenvolvimento, Campinas encanta por equilibrar modernidade e bem-estar \/\/ Cr\u00e9ditos: depositphotos.com \/ PedroTruffi<\/figcaption><\/figure><\/div>\n\n\n<h2 class=\"wp-block-heading\">Viver em Campinas une desenvolvimento tecnol\u00f3gico e \u00e1reas verdes<\/h2>\n\n\n\n<p>Conhecida como o &#8220;Vale do Sil\u00edcio Brasileiro&#8221;, a cidade abriga a <strong>Unicamp<\/strong> e diversas empresas de tecnologia de ponta. Esse ambiente de inova\u00e7\u00e3o gera empregos qualificados e impulsiona um setor de servi\u00e7os robusto, com shoppings de alto padr\u00e3o como o <strong>Iguatemi Campinas<\/strong>.<\/p>\n\n\n\n<p>Para equilibrar a rotina urbana, a qualidade de vida \u00e9 elevada pela presen\u00e7a de grandes \u00e1reas de lazer ao ar livre. O <strong>Parque Portugal<\/strong>, famoso pela <strong>Lagoa do Taquaral<\/strong>, \u00e9 o cart\u00e3o-postal onde moradores praticam esportes e relaxam nos finais de semana.<\/p>\n\n\n\n<h2 class=\"wp-block-heading\">Como \u00e9 o clima na cidade durante as esta\u00e7\u00f5es?<\/h2>\n\n\n\n<p>Gra\u00e7as \u00e0 sua altitude m\u00e9dia de 685 metros, a regi\u00e3o desfruta de um clima tropical de altitude. O ver\u00e3o \u00e9 quente e \u00famido, com m\u00e9dias m\u00e1ximas que giram em torno de 29\u00b0C, ideal para aproveitar os clubes e parques aqu\u00e1ticos da regi\u00e3o.<\/p>\n\n\n\n<p>J\u00e1 o inverno \u00e9 marcado por dias secos, com as m\u00e9dias m\u00ednimas podendo chegar a 13\u00b0C nas madrugadas, pedindo um casaco leve. O outono e a primavera oferecem um clima de transi\u00e7\u00e3o muito agrad\u00e1vel, mantendo a temperatura m\u00e9dia geral na casa dos 22\u00b0C, o que torna as atividades ao ar livre vi\u00e1veis o ano todo.<\/p>\n\n\n\n<p>Quem busca um roteiro completo de lazer e compras no interior paulista, vai curtir esse v\u00eddeo especialmente selecionado do canal <strong>Curitiba por outro \u00c2ngulo<\/strong>, que conta com mais de 37 mil visualiza\u00e7\u00f5es, onde <strong>Rodrigo e Giovana<\/strong> mostram detalhadamente um tour por <strong>Campinas<\/strong>, explorando o famoso <strong>Parque Taquaral<\/strong>, os shoppings <strong>Galeria e Iguatemi<\/strong> e a imperd\u00edvel sorveteria <strong>Sergel<\/strong>:<\/p>\n\n\n\n<figure class=\"wp-block-embed is-type-video is-provider-youtube wp-block-embed-youtube wp-embed-aspect-16-9 wp-has-aspect-ratio\"><div class=\"wp-block-embed__wrapper\">\n<div class=\"jeg_video_container jeg_video_content\"><iframe loading=\"lazy\" title=\"CAMPINAS: COMO APROVEITAR A CIDADE QUE PARECE CURITIBA!\" width=\"500\" height=\"281\" src=\"https:\/\/www.youtube.com\/embed\/pSaywOM5Skc?feature=oembed\" frameborder=\"0\" allow=\"accelerometer; autoplay; clipboard-write; encrypted-media; gyroscope; picture-in-picture; web-share\" referrerpolicy=\"strict-origin-when-cross-origin\" allowfullscreen><\/iframe><\/div>\n<\/div><\/figure>\n\n\n\n<h2 class=\"wp-block-heading\">Os distritos de Sousas e Joaquim Eg\u00eddio s\u00e3o ref\u00fagios naturais<\/h2>\n\n\n\n<p>Quem busca tranquilidade e contato direto com a natureza encontra nos distritos de <strong>Sousas<\/strong> e <strong>Joaquim Eg\u00eddio<\/strong> o cen\u00e1rio perfeito. Essas \u00e1reas, protegidas ambientalmente, oferecem trilhas para mountain bike, caminhadas ecol\u00f3gicas e um clima de cidade do interior.<\/p>\n\n\n\n<p>A gastronomia nesses locais \u00e9 um cap\u00edtulo \u00e0 parte, com restaurantes rurais que servem desde a culin\u00e1ria caipira at\u00e9 pratos de alta gastronomia. \u00c9 o passeio favorito de quem deseja desconectar da agita\u00e7\u00e3o urbana sem precisar viajar longas dist\u00e2ncias.<\/p>\n\n\n\n<p>Confira algumas atividades tur\u00edsticas imperd\u00edveis para incluir no seu roteiro:<\/p>\n\n\n\n<ul class=\"wp-block-list\">\n<li>Passear de <strong>Maria Fuma\u00e7a<\/strong> na esta\u00e7\u00e3o de <strong>Anhumas<\/strong>, uma viagem nost\u00e1lgica pelas antigas fazendas de caf\u00e9.<\/li>\n\n\n\n<li>Visitar a <strong>Torre do Castelo<\/strong>, que oferece uma vis\u00e3o panor\u00e2mica de 360 graus de toda a cidade.<\/li>\n\n\n\n<li>Explorar o <strong>Bosque dos Jequitib\u00e1s<\/strong>, um peda\u00e7o de Mata Atl\u00e2ntica preservado no centro urbano.<\/li>\n\n\n\n<li>Curtir a programa\u00e7\u00e3o cultural da <strong>Concha Ac\u00fastica<\/strong> no Taquaral.<\/li>\n<\/ul>\n\n\n<div class=\"wp-block-image\">\n<figure class=\"aligncenter size-large\"><img decoding=\"async\" src=\"https:\/\/revistaforum.com.br\/forumtudo\/wp-content\/uploads\/2025\/10\/Campinas_1761383644604-1024x576.jpg\" alt=\"Essa cidade no interior \u00e9 o destino certo para quem busca viver com qualidade de vida e oportunidades\" class=\"wp-image-3472\"\/><figcaption class=\"wp-element-caption\">Campinas tem forte economia e clima agrad\u00e1vel, \u00e9 uma das cidades mais desejadas para viver no interior \/\/ Cr\u00e9ditos: depositphotos.com \/ PedroTruffi<\/figcaption><\/figure><\/div>\n\n\n<p><strong>Leia tamb\u00e9m: <a href=\"https:\/\/www.em.com.br\/emfoco\/2025\/12\/08\/a-cidade-universitaria-garante-qualidade-de-vida-e-desenvolvimento-para-quem-busca-um-novo-destino-no-sul\/\" target=\"_blank\" rel=\"noreferrer noopener\">A cidade universit\u00e1ria garante qualidade de vida e desenvolvimento para quem busca um novo destino no Sul<\/a><\/strong><\/p>\n\n\n\n<h2 class=\"wp-block-heading\">Curiosidades que tornam a Princesa do Oeste \u00fanica<\/h2>\n\n\n\n<p>Voc\u00ea sabia que a cidade \u00e9 o ber\u00e7o do famoso compositor <strong>Carlos Gomes<\/strong>? A voca\u00e7\u00e3o cultural \u00e9 t\u00e3o forte que o munic\u00edpio abriga a <strong>Orquestra Sinf\u00f4nica Municipal de Campinas<\/strong>, a primeira do g\u00eanero a ser fundada em uma cidade brasileira fora das capitais.<\/p>\n\n\n\n<p>Outro marco hist\u00f3rico importante \u00e9 que <strong>Campinas<\/strong> foi a pioneira ao se tornar a primeira cidade do pa\u00eds que n\u00e3o \u00e9 capital a receber oficialmente a classifica\u00e7\u00e3o de metr\u00f3pole. Isso confirma sua autonomia e import\u00e2ncia estrat\u00e9gica no cen\u00e1rio brasileiro.<\/p>\n\n\n\n<h2 class=\"wp-block-heading\">Campinas \u00e9 o destino ideal para sua nova fase de vida<\/h2>\n\n\n\n<p>Seja para alavancar a carreira no setor tecnol\u00f3gico ou para buscar um cotidiano com mais infraestrutura e verde, a cidade est\u00e1 pronta para acolher novas hist\u00f3rias. A combina\u00e7\u00e3o de servi\u00e7os de excel\u00eancia e charme de interior faz daqui um lugar \u00fanico.<\/p>\n\n\n\n<ul class=\"wp-block-list\">\n<li>A economia forte e diversificada oferece oportunidades constantes de crescimento profissional.<\/li>\n\n\n\n<li>A proximidade com a natureza nos distritos rurais garante o equil\u00edbrio mental e f\u00edsico.<\/li>\n\n\n\n<li>A localiza\u00e7\u00e3o privilegiada permite estar conectado aos maiores centros do pa\u00eds com facilidade.<\/li>\n<\/ul>\n","protected":false},"excerpt":{"rendered":"<p>Campinas \u00e9 a prova definitiva de que uma cidade n\u00e3o precisa ser capital para oferecer a estrutura de uma metr\u00f3pole global. Com uma popula\u00e7\u00e3o estimada em 1,1 milh\u00e3o de habitantes, segundo os dados consolidados pelo Instituto Brasileiro de Geografia e Estat\u00edstica (IBGE), o munic\u00edpio se consolida como o principal polo econ\u00f4mico e cultural do interior [&hellip;]<\/p>\n","protected":false},"author":6,"featured_media":137692,"comment_status":"open","ping_status":"open","sticky":false,"template":"","format":"standard","meta":{"jnews-multi-image_gallery":[],"jnews_single_post":{"format":"standard"},"jnews_primary_category":[],"jnews_social_meta":[],"jnews_override_counter":[],"footnotes":""},"categories":[26],"tags":[2163,183,553],"class_list":["post-137664","post","type-post","status-publish","format-standard","has-post-thumbnail","hentry","category-cidades","tag-campinas","tag-cidades","tag-sao-paulo"],"yoast_head":"<!-- This site is optimized with the Yoast SEO plugin v23.8 - https:\/\/yoast.com\/wordpress\/plugins\/seo\/ -->\n<title>A cidade que entrega vida de metr\u00f3pole sem perder o clima do interior paulista - Estado de Minas - Em foco<\/title>\n<meta name=\"description\" content=\"Uma cidade que combina movimento urbano, boas oportunidades e a tranquilidade t\u00edpica do interior, criando um equil\u00edbrio raro de encontrar.\" \/>\n<meta name=\"robots\" content=\"index, follow, max-snippet:-1, max-image-preview:large, max-video-preview:-1\" \/>\n<link rel=\"canonical\" href=\"https:\/\/www.em.com.br\/emfoco\/2025\/12\/09\/a-cidade-que-entrega-vida-de-metropole-sem-perder-o-clima-do-interior-paulista\/\" \/>\n<meta property=\"og:locale\" content=\"pt_BR\" \/>\n<meta property=\"og:type\" content=\"article\" \/>\n<meta property=\"og:title\" content=\"A cidade que entrega vida de metr\u00f3pole sem perder o clima do interior paulista - Estado de Minas - Em foco\" \/>\n<meta property=\"og:description\" content=\"Uma cidade que combina movimento urbano, boas oportunidades e a tranquilidade t\u00edpica do interior, criando um equil\u00edbrio raro de encontrar.\" \/>\n<meta property=\"og:url\" content=\"https:\/\/www.em.com.br\/emfoco\/2025\/12\/09\/a-cidade-que-entrega-vida-de-metropole-sem-perder-o-clima-do-interior-paulista\/\" \/>\n<meta property=\"og:site_name\" content=\"Estado de Minas - Em foco\" \/>\n<meta property=\"article:published_time\" content=\"2025-12-10T00:05:00+00:00\" \/>\n<meta property=\"article:modified_time\" content=\"2025-12-09T01:46:09+00:00\" \/>\n<meta property=\"og:image\" content=\"https:\/\/www.em.com.br\/emfoco\/wp-content\/uploads\/2025\/12\/Campinas_1733782033931.jpg\" \/>\n\t<meta property=\"og:image:width\" content=\"1280\" \/>\n\t<meta property=\"og:image:height\" content=\"720\" \/>\n\t<meta property=\"og:image:type\" content=\"image\/jpeg\" \/>\n<meta name=\"author\" content=\"Vitor Bruno\" \/>\n<meta name=\"twitter:card\" content=\"summary_large_image\" \/>\n<meta name=\"twitter:label1\" content=\"Escrito por\" \/>\n\t<meta name=\"twitter:data1\" content=\"Vitor Bruno\" \/>\n\t<meta name=\"twitter:label2\" content=\"Est. tempo de leitura\" \/>\n\t<meta name=\"twitter:data2\" content=\"6 minutos\" \/>\n<!-- \/ Yoast SEO plugin. -->","yoast_head_json":{"title":"A cidade que entrega vida de metr\u00f3pole sem perder o clima do interior paulista - Estado de Minas - Em foco","description":"Uma cidade que combina movimento urbano, boas oportunidades e a tranquilidade t\u00edpica do interior, criando um equil\u00edbrio raro de encontrar.","robots":{"index":"index","follow":"follow","max-snippet":"max-snippet:-1","max-image-preview":"max-image-preview:large","max-video-preview":"max-video-preview:-1"},"canonical":"https:\/\/www.em.com.br\/emfoco\/2025\/12\/09\/a-cidade-que-entrega-vida-de-metropole-sem-perder-o-clima-do-interior-paulista\/","og_locale":"pt_BR","og_type":"article","og_title":"A cidade que entrega vida de metr\u00f3pole sem perder o clima do interior paulista - Estado de Minas - Em foco","og_description":"Uma cidade que combina movimento urbano, boas oportunidades e a tranquilidade t\u00edpica do interior, criando um equil\u00edbrio raro de encontrar.","og_url":"https:\/\/www.em.com.br\/emfoco\/2025\/12\/09\/a-cidade-que-entrega-vida-de-metropole-sem-perder-o-clima-do-interior-paulista\/","og_site_name":"Estado de Minas - Em foco","article_published_time":"2025-12-10T00:05:00+00:00","article_modified_time":"2025-12-09T01:46:09+00:00","og_image":[{"width":1280,"height":720,"url":"https:\/\/www.em.com.br\/emfoco\/wp-content\/uploads\/2025\/12\/Campinas_1733782033931.jpg","type":"image\/jpeg"}],"author":"Vitor Bruno","twitter_card":"summary_large_image","twitter_misc":{"Escrito por":"Vitor Bruno","Est. tempo de leitura":"6 minutos"},"schema":{"@context":"https:\/\/schema.org","@graph":[{"@type":"WebPage","@id":"https:\/\/www.em.com.br\/emfoco\/2025\/12\/09\/a-cidade-que-entrega-vida-de-metropole-sem-perder-o-clima-do-interior-paulista\/","url":"https:\/\/www.em.com.br\/emfoco\/2025\/12\/09\/a-cidade-que-entrega-vida-de-metropole-sem-perder-o-clima-do-interior-paulista\/","name":"A cidade que entrega vida de metr\u00f3pole sem perder o clima do interior paulista - Estado de Minas - Em foco","isPartOf":{"@id":"https:\/\/www.em.com.br\/emfoco\/#website"},"primaryImageOfPage":{"@id":"https:\/\/www.em.com.br\/emfoco\/2025\/12\/09\/a-cidade-que-entrega-vida-de-metropole-sem-perder-o-clima-do-interior-paulista\/#primaryimage"},"image":{"@id":"https:\/\/www.em.com.br\/emfoco\/2025\/12\/09\/a-cidade-que-entrega-vida-de-metropole-sem-perder-o-clima-do-interior-paulista\/#primaryimage"},"thumbnailUrl":"https:\/\/www.em.com.br\/emfoco\/wp-content\/uploads\/2025\/12\/Campinas_1733782033931.jpg","datePublished":"2025-12-10T00:05:00+00:00","dateModified":"2025-12-09T01:46:09+00:00","author":{"@id":"https:\/\/www.em.com.br\/emfoco\/#\/schema\/person\/364ac1852fafd00f1be20f0b8b237569"},"description":"Uma cidade que combina movimento urbano, boas oportunidades e a tranquilidade t\u00edpica do interior, criando um equil\u00edbrio raro de encontrar.","breadcrumb":{"@id":"https:\/\/www.em.com.br\/emfoco\/2025\/12\/09\/a-cidade-que-entrega-vida-de-metropole-sem-perder-o-clima-do-interior-paulista\/#breadcrumb"},"inLanguage":"pt-BR","potentialAction":[{"@type":"ReadAction","target":["https:\/\/www.em.com.br\/emfoco\/2025\/12\/09\/a-cidade-que-entrega-vida-de-metropole-sem-perder-o-clima-do-interior-paulista\/"]}]},{"@type":"ImageObject","inLanguage":"pt-BR","@id":"https:\/\/www.em.com.br\/emfoco\/2025\/12\/09\/a-cidade-que-entrega-vida-de-metropole-sem-perder-o-clima-do-interior-paulista\/#primaryimage","url":"https:\/\/www.em.com.br\/emfoco\/wp-content\/uploads\/2025\/12\/Campinas_1733782033931.jpg","contentUrl":"https:\/\/www.em.com.br\/emfoco\/wp-content\/uploads\/2025\/12\/Campinas_1733782033931.jpg","width":1280,"height":720,"caption":"Campinas \u00e9 a prova definitiva de que uma cidade n\u00e3o precisa ser capital para oferecer a estrutura de uma metr\u00f3pole global \/\/ Cr\u00e9ditos: depositphotos.com \/ PedroTruffi"},{"@type":"BreadcrumbList","@id":"https:\/\/www.em.com.br\/emfoco\/2025\/12\/09\/a-cidade-que-entrega-vida-de-metropole-sem-perder-o-clima-do-interior-paulista\/#breadcrumb","itemListElement":[{"@type":"ListItem","position":1,"name":"In\u00edcio","item":"https:\/\/www.em.com.br\/emfoco\/"},{"@type":"ListItem","position":2,"name":"A cidade que entrega vida de metr\u00f3pole sem perder o clima do interior paulista"}]},{"@type":"WebSite","@id":"https:\/\/www.em.com.br\/emfoco\/#website","url":"https:\/\/www.em.com.br\/emfoco\/","name":"Estado de Minas - Em foco","description":"Acompanhe as \u00faltimas not\u00edcias e fique bem informado sobre tudo o que acontece em Minas Gerais, Brasil e no mundo.","potentialAction":[{"@type":"SearchAction","target":{"@type":"EntryPoint","urlTemplate":"https:\/\/www.em.com.br\/emfoco\/?s={search_term_string}"},"query-input":{"@type":"PropertyValueSpecification","valueRequired":true,"valueName":"search_term_string"}}],"inLanguage":"pt-BR"},{"@type":"Person","@id":"https:\/\/www.em.com.br\/emfoco\/#\/schema\/person\/364ac1852fafd00f1be20f0b8b237569","name":"Vitor Bruno","image":{"@type":"ImageObject","inLanguage":"pt-BR","@id":"https:\/\/www.em.com.br\/emfoco\/#\/schema\/person\/image\/","url":"https:\/\/secure.gravatar.com\/avatar\/b719e5cdede09f942064960883b5524d?s=96&d=mm&r=g","contentUrl":"https:\/\/secure.gravatar.com\/avatar\/b719e5cdede09f942064960883b5524d?s=96&d=mm&r=g","caption":"Vitor Bruno"},"sameAs":["https:\/\/www.em.com.br\/emfoco\/"],"url":"https:\/\/www.em.com.br\/emfoco\/author\/vitormyth\/"}]}},"_links":{"self":[{"href":"https:\/\/www.em.com.br\/emfoco\/wp-json\/wp\/v2\/posts\/137664","targetHints":{"allow":["GET"]}}],"collection":[{"href":"https:\/\/www.em.com.br\/emfoco\/wp-json\/wp\/v2\/posts"}],"about":[{"href":"https:\/\/www.em.com.br\/emfoco\/wp-json\/wp\/v2\/types\/post"}],"author":[{"embeddable":true,"href":"https:\/\/www.em.com.br\/emfoco\/wp-json\/wp\/v2\/users\/6"}],"replies":[{"embeddable":true,"href":"https:\/\/www.em.com.br\/emfoco\/wp-json\/wp\/v2\/comments?post=137664"}],"version-history":[{"count":2,"href":"https:\/\/www.em.com.br\/emfoco\/wp-json\/wp\/v2\/posts\/137664\/revisions"}],"predecessor-version":[{"id":137715,"href":"https:\/\/www.em.com.br\/emfoco\/wp-json\/wp\/v2\/posts\/137664\/revisions\/137715"}],"wp:featuredmedia":[{"embeddable":true,"href":"https:\/\/www.em.com.br\/emfoco\/wp-json\/wp\/v2\/media\/137692"}],"wp:attachment":[{"href":"https:\/\/www.em.com.br\/emfoco\/wp-json\/wp\/v2\/media?parent=137664"}],"wp:term":[{"taxonomy":"category","embeddable":true,"href":"https:\/\/www.em.com.br\/emfoco\/wp-json\/wp\/v2\/categories?post=137664"},{"taxonomy":"post_tag","embeddable":true,"href":"https:\/\/www.em.com.br\/emfoco\/wp-json\/wp\/v2\/tags?post=137664"}],"curies":[{"name":"wp","href":"https:\/\/api.w.org\/{rel}","templated":true}]}}