{"id":137661,"date":"2025-12-09T15:05:00","date_gmt":"2025-12-09T18:05:00","guid":{"rendered":"https:\/\/www.em.com.br\/emfoco\/?p=137661"},"modified":"2025-12-08T22:42:36","modified_gmt":"2025-12-09T01:42:36","slug":"essa-cidade-fez-historia-nos-livros-e-hoje-se-destaca-como-base-para-conhecer-os-tesouros-do-brasil","status":"publish","type":"post","link":"https:\/\/www.em.com.br\/emfoco\/2025\/12\/09\/essa-cidade-fez-historia-nos-livros-e-hoje-se-destaca-como-base-para-conhecer-os-tesouros-do-brasil\/","title":{"rendered":"Essa cidade fez hist\u00f3ria nos livros e hoje se destaca como base para conhecer os tesouros do Brasil"},"content":{"rendered":"\n<p><strong>Ilh\u00e9us<\/strong> n\u00e3o \u00e9 apenas um destino de praia, mas um mergulho vivo na hist\u00f3ria do <strong>Brasil<\/strong> colonial e na literatura mundial. Localizada na <strong>Costa do Cacau<\/strong>, a cidade oferece uma infraestrutura robusta e serve como ponto de partida estrat\u00e9gico para explorar vizinhos famosos, como <strong>Itacar\u00e9<\/strong> e <strong>Canavieiras<\/strong>.<\/p>\n\n\n\n<h2 class=\"wp-block-heading\">As praias do litoral sul oferecem \u00e1guas mornas e infraestrutura<\/h2>\n\n\n\n<p>A <strong>Praia dos Milion\u00e1rios<\/strong> \u00e9 a mais procurada pelos turistas que buscam conforto \u00e0 beira-mar, com barracas estruturadas e servi\u00e7o completo. Seu nome remete \u00e0s mans\u00f5es dos antigos bar\u00f5es do cacau que existiam na regi\u00e3o, mantendo a aura de prosperidade local.<\/p>\n\n\n\n<p>Para quem prefere um visual mais natural, a <strong>Praia do Cururupe<\/strong> oferece o encontro do rio com o mar em um cen\u00e1rio deslumbrante de areia dourada. \u00c9 um local perfeito para banhos tranquilos, caminhadas longas e para admirar a paisagem litor\u00e2nea da <strong>Bahia<\/strong>.<\/p>\n\n\n<div class=\"wp-block-image\">\n<figure class=\"aligncenter size-large\"><img decoding=\"async\" src=\"https:\/\/revistaoeste.com\/oestegeral\/wp-content\/uploads\/2025\/07\/Ilheus_1752878857883-1024x576.jpg\" alt=\"Essa cidade no litoral da Bahia encanta turistas com cen\u00e1rios de novela\" class=\"wp-image-14917\"\/><figcaption class=\"wp-element-caption\">Ilh\u00e9us, na Costa do Cacau, preserva tradi\u00e7\u00f5es hist\u00f3ricas enquanto atrai turistas com suas praias inesquec\u00edveis. \/\/ Cr\u00e9ditos: depositphotos.com \/ PedroTruffi<\/figcaption><\/figure><\/div>\n\n\n<h2 class=\"wp-block-heading\">Por que o Centro Hist\u00f3rico respira a literatura de Jorge Amado?<\/h2>\n\n\n\n<p>Caminhar pelo centro \u00e9 reviver as p\u00e1ginas de<a href=\"https:\/\/pt.wikipedia.org\/wiki\/Gabriela,_Cravo_e_Canela\" target=\"_blank\" rel=\"noreferrer noopener\"> &#8220;Gabriela, Cravo e Canela&#8221;<\/a> em cada esquina preservada. O <strong>Bar Ves\u00favio<\/strong>, famoso na fic\u00e7\u00e3o por pertencer ao personagem <strong>Nacib<\/strong>, continua operando na pra\u00e7a principal e servindo pratos t\u00edpicos.<\/p>\n\n\n\n<p>Logo ali perto, o <strong>Bataclan<\/strong> deixou de ser o antigo cabar\u00e9 dos coron\u00e9is para se tornar um centro cultural vibrante. O espa\u00e7o mant\u00e9m a arquitetura original e abriga um museu que conta os segredos da \u00e9poca de ouro do cacau em <strong>Ilh\u00e9us<\/strong>.<\/p>\n\n\n\n<p>Para quem busca o acervo do escritor, uma dica valiosa: enquanto a <strong>Casa de Cultura Jorge Amado<\/strong> passa por um importante restauro, sua cole\u00e7\u00e3o hist\u00f3rica pode ser visitada no majestoso <strong>Teatro Municipal de Ilh\u00e9us<\/strong>. \u00c9 uma oportunidade dupla de conhecer a mem\u00f3ria do autor e o interior de um dos teatros mais bonitos do estado.<\/p>\n\n\n\n<p>Quem deseja conhecer as belezas e a cultura do litoral sul da Bahia, vai curtir esse v\u00eddeo especialmente selecionado do canal <strong>Eu no Nordeste<\/strong>, que conta com mais de 390 mil inscritos, onde <strong>Lan<\/strong> mostra detalhadamente um roteiro completo em <strong>Ilh\u00e9us<\/strong>, explorando desde a famosa <strong>Rota do Cacau<\/strong> e o centro hist\u00f3rico de <strong>Jorge Amado<\/strong> at\u00e9 as melhores praias e mirantes da regi\u00e3o:<\/p>\n\n\n\n<figure class=\"wp-block-embed is-type-video is-provider-youtube wp-block-embed-youtube wp-embed-aspect-16-9 wp-has-aspect-ratio\"><div class=\"wp-block-embed__wrapper\">\n<div class=\"jeg_video_container jeg_video_content\"><iframe loading=\"lazy\" title=\"ILH\u00c9US A TERRA DO CHOCOLATE, PRINCESINHA DO SUL DA BAHIA\" width=\"500\" height=\"281\" src=\"https:\/\/www.youtube.com\/embed\/MQOoI7724Vs?feature=oembed\" frameborder=\"0\" allow=\"accelerometer; autoplay; clipboard-write; encrypted-media; gyroscope; picture-in-picture; web-share\" referrerpolicy=\"strict-origin-when-cross-origin\" allowfullscreen><\/iframe><\/div>\n<\/div><\/figure>\n\n\n\n<h2 class=\"wp-block-heading\">Como funcionam as visitas \u00e0s fazendas na Estrada do Chocolate?<\/h2>\n\n\n\n<p>A experi\u00eancia tur\u00edstica mudou, e hoje voc\u00ea pode acompanhar o processo &#8220;bean to bar&#8221; (da am\u00eandoa \u00e0 barra) nas fazendas hist\u00f3ricas. Na <strong>Fazenda Yrer\u00ea<\/strong>, por exemplo, o visitante caminha pela planta\u00e7\u00e3o de cacau cabruca, um sistema sustent\u00e1vel que preserva a Mata Atl\u00e2ntica.<\/p>\n\n\n\n<p>Outra op\u00e7\u00e3o imperd\u00edvel \u00e9 a <strong>Fazenda Provis\u00e3o<\/strong>, que mant\u00e9m o casar\u00e3o colonial original e uma capela hist\u00f3rica do s\u00e9culo XVII. O turismo rural aqui conecta o sabor do chocolate de origem \u00e0 hist\u00f3ria econ\u00f4mica que moldou o sul baiano.<\/p>\n\n\n\n<p>Confira as experi\u00eancias essenciais que n\u00e3o podem faltar no seu roteiro (sempre verifique os hor\u00e1rios atualizados antes de ir):<\/p>\n\n\n\n<ul class=\"wp-block-list\">\n<li>Conferir o acervo de <strong>Jorge Amado<\/strong>, temporariamente abrigado no Teatro Municipal.<\/li>\n\n\n\n<li>Provar o suco de cacau gelado extra\u00eddo na hora nas fazendas locais.<\/li>\n\n\n\n<li>Subir ao mirante do <strong>Outeiro de S\u00e3o Sebasti\u00e3o<\/strong> para uma vista panor\u00e2mica da ba\u00eda.<\/li>\n\n\n\n<li>Comprar chocolates de origem com alto teor de pureza no <strong>Mercado de Artesanato<\/strong>.<\/li>\n<\/ul>\n\n\n\n<h2 class=\"wp-block-heading\">Qual \u00e9 a melhor \u00e9poca para viajar com base no clima local?<\/h2>\n\n\n\n<p>O clima em <strong>Ilh\u00e9us<\/strong> \u00e9 tropical \u00famido, o que garante calor o ano inteiro, mas com chuvas bem distribu\u00eddas. No ver\u00e3o, entre dezembro e mar\u00e7o, as temperaturas m\u00e9dias variam entre 25\u00b0C e 30\u00b0C, sendo o per\u00edodo ideal para curtir as praias intensamente.<\/p>\n\n\n\n<p>Durante o inverno e outono, de abril a agosto, a temperatura fica mais amena, oscilando entre 19\u00b0C e 24\u00b0C \u00e0 noite. \u00c9 uma \u00e9poca charmosa para o turismo hist\u00f3rico e gastron\u00f4mico, embora as chuvas sejam mais frequentes nessa janela.<\/p>\n\n\n\n<h2 class=\"wp-block-heading\">Bate e volta para destinos vizinhos enriquece a experi\u00eancia<\/h2>\n\n\n\n<p>A localiza\u00e7\u00e3o privilegiada permite esticar a viagem at\u00e9 <strong>Itacar\u00e9<\/strong>, que fica a menos de 80 km de dist\u00e2ncia pela rodovia BA-001. As praias de l\u00e1 possuem uma pegada mais selvagem e voltada para o ecoturismo e surf.<\/p>\n\n\n\n<p>Ao sul, a cidade de <strong>Una<\/strong> abriga a famosa <strong>Ilha de Comandatuba<\/strong>, conhecida pelos resorts de luxo e privacidade. Alugar um carro em <strong>Ilh\u00e9us<\/strong> facilita o deslocamento para esses para\u00edsos vizinhos com total liberdade.<\/p>\n\n\n<div class=\"wp-block-image\">\n<figure class=\"aligncenter size-large\"><img decoding=\"async\" src=\"https:\/\/revistaoeste.com\/oestegeral\/wp-content\/uploads\/2025\/05\/Ilheus_1738975198628-1024x576.jpg\" alt=\"Essa cidade no litoral da Bahia encanta turistas com cen\u00e1rios de novela\" class=\"wp-image-1266\"\/><figcaption class=\"wp-element-caption\">Entre mar e tradi\u00e7\u00e3o, Ilh\u00e9us encanta visitantes com paisagens paradis\u00edacas e hist\u00f3ria marcante do Brasil. \/\/ Cr\u00e9ditos: depositphotos.com \/ PedroTruffi<\/figcaption><\/figure><\/div>\n\n\n<p><strong>Leia tamb\u00e9m: <a href=\"https:\/\/www.em.com.br\/emfoco\/2025\/12\/08\/a-cidade-universitaria-garante-qualidade-de-vida-e-desenvolvimento-para-quem-busca-um-novo-destino-no-sul\/\" target=\"_blank\" rel=\"noreferrer noopener\">A cidade universit\u00e1ria garante qualidade de vida e desenvolvimento para quem busca um novo destino no Sul<\/a><\/strong><\/p>\n\n\n\n<h2 class=\"wp-block-heading\">O segredo escondido no Rio do Engenho<\/h2>\n\n\n\n<p>Poucos turistas sabem, mas o distrito de <strong>Rio do Engenho<\/strong> guarda a <strong>Igreja de Santana<\/strong>, considerada um dos templos cat\u00f3licos mais antigos do <strong>Brasil<\/strong> ainda de p\u00e9. O acesso pode ser feito por um passeio de barco relaxante pelo rio, cercado de manguezais e natureza intocada.<\/p>\n\n\n\n<p>Esse local foi o centro administrativo da capitania no s\u00e9culo XVI e respira hist\u00f3ria longe das multid\u00f5es das praias centrais. \u00c9 o segredo ideal para quem busca sil\u00eancio, cultura raiz e uma gastronomia ribeirinha aut\u00eantica.<\/p>\n\n\n\n<h2 class=\"wp-block-heading\">Ilh\u00e9us entrega cultura e natureza em uma \u00fanica viagem<\/h2>\n\n\n\n<p>Planeje sua visita para vivenciar a mistura \u00fanica de literatura, hist\u00f3ria colonial e belezas naturais que a cidade oferece. A infraestrutura hoteleira est\u00e1 pronta para receber casais e fam\u00edlias com conforto.<\/p>\n","protected":false},"excerpt":{"rendered":"<p>Ilh\u00e9us n\u00e3o \u00e9 apenas um destino de praia, mas um mergulho vivo na hist\u00f3ria do Brasil colonial e na literatura mundial. Localizada na Costa do Cacau, a cidade oferece uma infraestrutura robusta e serve como ponto de partida estrat\u00e9gico para explorar vizinhos famosos, como Itacar\u00e9 e Canavieiras. As praias do litoral sul oferecem \u00e1guas mornas [&hellip;]<\/p>\n","protected":false},"author":6,"featured_media":137686,"comment_status":"open","ping_status":"open","sticky":false,"template":"","format":"standard","meta":{"jnews-multi-image_gallery":[],"jnews_single_post":{"format":"standard"},"jnews_primary_category":[],"jnews_social_meta":[],"jnews_override_counter":[],"footnotes":""},"categories":[26],"tags":[1447,183,5452],"class_list":["post-137661","post","type-post","status-publish","format-standard","has-post-thumbnail","hentry","category-cidades","tag-bahia","tag-cidades","tag-ilheus"],"yoast_head":"<!-- This site is optimized with the Yoast SEO plugin v23.8 - https:\/\/yoast.com\/wordpress\/plugins\/seo\/ -->\n<title>Essa cidade fez hist\u00f3ria nos livros e hoje se destaca como base para conhecer os tesouros do Brasil - Estado de Minas - Em foco<\/title>\n<meta name=\"description\" content=\"Uma cidade marcada pela hist\u00f3ria liter\u00e1ria e pela localiza\u00e7\u00e3o estrat\u00e9gica, ideal para explorar paisagens e cultura pelo pa\u00eds.\" \/>\n<meta name=\"robots\" content=\"index, follow, max-snippet:-1, max-image-preview:large, max-video-preview:-1\" \/>\n<link rel=\"canonical\" href=\"https:\/\/www.em.com.br\/emfoco\/2025\/12\/09\/essa-cidade-fez-historia-nos-livros-e-hoje-se-destaca-como-base-para-conhecer-os-tesouros-do-brasil\/\" \/>\n<meta property=\"og:locale\" content=\"pt_BR\" \/>\n<meta property=\"og:type\" content=\"article\" \/>\n<meta property=\"og:title\" content=\"Essa cidade fez hist\u00f3ria nos livros e hoje se destaca como base para conhecer os tesouros do Brasil - Estado de Minas - Em foco\" \/>\n<meta property=\"og:description\" content=\"Uma cidade marcada pela hist\u00f3ria liter\u00e1ria e pela localiza\u00e7\u00e3o estrat\u00e9gica, ideal para explorar paisagens e cultura pelo pa\u00eds.\" \/>\n<meta property=\"og:url\" content=\"https:\/\/www.em.com.br\/emfoco\/2025\/12\/09\/essa-cidade-fez-historia-nos-livros-e-hoje-se-destaca-como-base-para-conhecer-os-tesouros-do-brasil\/\" \/>\n<meta property=\"og:site_name\" content=\"Estado de Minas - Em foco\" \/>\n<meta property=\"article:published_time\" content=\"2025-12-09T18:05:00+00:00\" \/>\n<meta property=\"article:modified_time\" content=\"2025-12-09T01:42:36+00:00\" \/>\n<meta property=\"og:image\" content=\"https:\/\/www.em.com.br\/emfoco\/wp-content\/uploads\/2025\/12\/image-21.png\" \/>\n\t<meta property=\"og:image:width\" content=\"1024\" \/>\n\t<meta property=\"og:image:height\" content=\"559\" \/>\n\t<meta property=\"og:image:type\" content=\"image\/png\" \/>\n<meta name=\"author\" content=\"Vitor Bruno\" \/>\n<meta name=\"twitter:card\" content=\"summary_large_image\" \/>\n<meta name=\"twitter:label1\" content=\"Escrito por\" \/>\n\t<meta name=\"twitter:data1\" content=\"Vitor Bruno\" \/>\n\t<meta name=\"twitter:label2\" content=\"Est. tempo de leitura\" \/>\n\t<meta name=\"twitter:data2\" content=\"6 minutos\" \/>\n<!-- \/ Yoast SEO plugin. -->","yoast_head_json":{"title":"Essa cidade fez hist\u00f3ria nos livros e hoje se destaca como base para conhecer os tesouros do Brasil - Estado de Minas - Em foco","description":"Uma cidade marcada pela hist\u00f3ria liter\u00e1ria e pela localiza\u00e7\u00e3o estrat\u00e9gica, ideal para explorar paisagens e cultura pelo pa\u00eds.","robots":{"index":"index","follow":"follow","max-snippet":"max-snippet:-1","max-image-preview":"max-image-preview:large","max-video-preview":"max-video-preview:-1"},"canonical":"https:\/\/www.em.com.br\/emfoco\/2025\/12\/09\/essa-cidade-fez-historia-nos-livros-e-hoje-se-destaca-como-base-para-conhecer-os-tesouros-do-brasil\/","og_locale":"pt_BR","og_type":"article","og_title":"Essa cidade fez hist\u00f3ria nos livros e hoje se destaca como base para conhecer os tesouros do Brasil - Estado de Minas - Em foco","og_description":"Uma cidade marcada pela hist\u00f3ria liter\u00e1ria e pela localiza\u00e7\u00e3o estrat\u00e9gica, ideal para explorar paisagens e cultura pelo pa\u00eds.","og_url":"https:\/\/www.em.com.br\/emfoco\/2025\/12\/09\/essa-cidade-fez-historia-nos-livros-e-hoje-se-destaca-como-base-para-conhecer-os-tesouros-do-brasil\/","og_site_name":"Estado de Minas - Em foco","article_published_time":"2025-12-09T18:05:00+00:00","article_modified_time":"2025-12-09T01:42:36+00:00","og_image":[{"width":1024,"height":559,"url":"https:\/\/www.em.com.br\/emfoco\/wp-content\/uploads\/2025\/12\/image-21.png","type":"image\/png"}],"author":"Vitor Bruno","twitter_card":"summary_large_image","twitter_misc":{"Escrito por":"Vitor Bruno","Est. tempo de leitura":"6 minutos"},"schema":{"@context":"https:\/\/schema.org","@graph":[{"@type":"WebPage","@id":"https:\/\/www.em.com.br\/emfoco\/2025\/12\/09\/essa-cidade-fez-historia-nos-livros-e-hoje-se-destaca-como-base-para-conhecer-os-tesouros-do-brasil\/","url":"https:\/\/www.em.com.br\/emfoco\/2025\/12\/09\/essa-cidade-fez-historia-nos-livros-e-hoje-se-destaca-como-base-para-conhecer-os-tesouros-do-brasil\/","name":"Essa cidade fez hist\u00f3ria nos livros e hoje se destaca como base para conhecer os tesouros do Brasil - Estado de Minas - Em foco","isPartOf":{"@id":"https:\/\/www.em.com.br\/emfoco\/#website"},"primaryImageOfPage":{"@id":"https:\/\/www.em.com.br\/emfoco\/2025\/12\/09\/essa-cidade-fez-historia-nos-livros-e-hoje-se-destaca-como-base-para-conhecer-os-tesouros-do-brasil\/#primaryimage"},"image":{"@id":"https:\/\/www.em.com.br\/emfoco\/2025\/12\/09\/essa-cidade-fez-historia-nos-livros-e-hoje-se-destaca-como-base-para-conhecer-os-tesouros-do-brasil\/#primaryimage"},"thumbnailUrl":"https:\/\/www.em.com.br\/emfoco\/wp-content\/uploads\/2025\/12\/image-21.png","datePublished":"2025-12-09T18:05:00+00:00","dateModified":"2025-12-09T01:42:36+00:00","author":{"@id":"https:\/\/www.em.com.br\/emfoco\/#\/schema\/person\/364ac1852fafd00f1be20f0b8b237569"},"description":"Uma cidade marcada pela hist\u00f3ria liter\u00e1ria e pela localiza\u00e7\u00e3o estrat\u00e9gica, ideal para explorar paisagens e cultura pelo pa\u00eds.","breadcrumb":{"@id":"https:\/\/www.em.com.br\/emfoco\/2025\/12\/09\/essa-cidade-fez-historia-nos-livros-e-hoje-se-destaca-como-base-para-conhecer-os-tesouros-do-brasil\/#breadcrumb"},"inLanguage":"pt-BR","potentialAction":[{"@type":"ReadAction","target":["https:\/\/www.em.com.br\/emfoco\/2025\/12\/09\/essa-cidade-fez-historia-nos-livros-e-hoje-se-destaca-como-base-para-conhecer-os-tesouros-do-brasil\/"]}]},{"@type":"ImageObject","inLanguage":"pt-BR","@id":"https:\/\/www.em.com.br\/emfoco\/2025\/12\/09\/essa-cidade-fez-historia-nos-livros-e-hoje-se-destaca-como-base-para-conhecer-os-tesouros-do-brasil\/#primaryimage","url":"https:\/\/www.em.com.br\/emfoco\/wp-content\/uploads\/2025\/12\/image-21.png","contentUrl":"https:\/\/www.em.com.br\/emfoco\/wp-content\/uploads\/2025\/12\/image-21.png","width":1024,"height":559,"caption":"Ilh\u00e9us n\u00e3o \u00e9 apenas um destino de praia, mas um mergulho vivo na hist\u00f3ria do Brasil colonial e na literatura mundial (imagem ilustrativa)"},{"@type":"BreadcrumbList","@id":"https:\/\/www.em.com.br\/emfoco\/2025\/12\/09\/essa-cidade-fez-historia-nos-livros-e-hoje-se-destaca-como-base-para-conhecer-os-tesouros-do-brasil\/#breadcrumb","itemListElement":[{"@type":"ListItem","position":1,"name":"In\u00edcio","item":"https:\/\/www.em.com.br\/emfoco\/"},{"@type":"ListItem","position":2,"name":"Essa cidade fez hist\u00f3ria nos livros e hoje se destaca como base para conhecer os tesouros do Brasil"}]},{"@type":"WebSite","@id":"https:\/\/www.em.com.br\/emfoco\/#website","url":"https:\/\/www.em.com.br\/emfoco\/","name":"Estado de Minas - Em foco","description":"Acompanhe as \u00faltimas not\u00edcias e fique bem informado sobre tudo o que acontece em Minas Gerais, Brasil e no mundo.","potentialAction":[{"@type":"SearchAction","target":{"@type":"EntryPoint","urlTemplate":"https:\/\/www.em.com.br\/emfoco\/?s={search_term_string}"},"query-input":{"@type":"PropertyValueSpecification","valueRequired":true,"valueName":"search_term_string"}}],"inLanguage":"pt-BR"},{"@type":"Person","@id":"https:\/\/www.em.com.br\/emfoco\/#\/schema\/person\/364ac1852fafd00f1be20f0b8b237569","name":"Vitor Bruno","image":{"@type":"ImageObject","inLanguage":"pt-BR","@id":"https:\/\/www.em.com.br\/emfoco\/#\/schema\/person\/image\/","url":"https:\/\/secure.gravatar.com\/avatar\/b719e5cdede09f942064960883b5524d?s=96&d=mm&r=g","contentUrl":"https:\/\/secure.gravatar.com\/avatar\/b719e5cdede09f942064960883b5524d?s=96&d=mm&r=g","caption":"Vitor Bruno"},"sameAs":["https:\/\/www.em.com.br\/emfoco\/"],"url":"https:\/\/www.em.com.br\/emfoco\/author\/vitormyth\/"}]}},"_links":{"self":[{"href":"https:\/\/www.em.com.br\/emfoco\/wp-json\/wp\/v2\/posts\/137661","targetHints":{"allow":["GET"]}}],"collection":[{"href":"https:\/\/www.em.com.br\/emfoco\/wp-json\/wp\/v2\/posts"}],"about":[{"href":"https:\/\/www.em.com.br\/emfoco\/wp-json\/wp\/v2\/types\/post"}],"author":[{"embeddable":true,"href":"https:\/\/www.em.com.br\/emfoco\/wp-json\/wp\/v2\/users\/6"}],"replies":[{"embeddable":true,"href":"https:\/\/www.em.com.br\/emfoco\/wp-json\/wp\/v2\/comments?post=137661"}],"version-history":[{"count":1,"href":"https:\/\/www.em.com.br\/emfoco\/wp-json\/wp\/v2\/posts\/137661\/revisions"}],"predecessor-version":[{"id":137711,"href":"https:\/\/www.em.com.br\/emfoco\/wp-json\/wp\/v2\/posts\/137661\/revisions\/137711"}],"wp:featuredmedia":[{"embeddable":true,"href":"https:\/\/www.em.com.br\/emfoco\/wp-json\/wp\/v2\/media\/137686"}],"wp:attachment":[{"href":"https:\/\/www.em.com.br\/emfoco\/wp-json\/wp\/v2\/media?parent=137661"}],"wp:term":[{"taxonomy":"category","embeddable":true,"href":"https:\/\/www.em.com.br\/emfoco\/wp-json\/wp\/v2\/categories?post=137661"},{"taxonomy":"post_tag","embeddable":true,"href":"https:\/\/www.em.com.br\/emfoco\/wp-json\/wp\/v2\/tags?post=137661"}],"curies":[{"name":"wp","href":"https:\/\/api.w.org\/{rel}","templated":true}]}}