{"id":13763,"date":"2025-01-26T19:20:07","date_gmt":"2025-01-26T22:20:07","guid":{"rendered":"https:\/\/www.em.com.br\/emfoco\/?p=13763"},"modified":"2025-01-26T02:43:44","modified_gmt":"2025-01-26T05:43:44","slug":"por-que-sao-luis-e-chamada-de-cidade-dos-azulejos","status":"publish","type":"post","link":"https:\/\/www.em.com.br\/emfoco\/2025\/01\/26\/por-que-sao-luis-e-chamada-de-cidade-dos-azulejos\/","title":{"rendered":"Por que S\u00e3o Lu\u00eds \u00e9 chamada de &#8220;Cidade dos Azulejos&#8221;?"},"content":{"rendered":"\n<p><a href=\"https:\/\/pt.wikipedia.org\/wiki\/S%C3%A3o_Lu%C3%ADs_(Maranh%C3%A3o)\" target=\"_blank\" rel=\"noreferrer noopener\">S\u00e3o Lu\u00eds<\/a>, a capital do Maranh\u00e3o, \u00e9 uma cidade rica em hist\u00f3ria e cultura, reconhecida por sua diversidade de <a href=\"https:\/\/www.em.com.br\/emfoco\/2025\/01\/25\/voce-conhece-realmente-a-regiao-sul\/\" target=\"_blank\" rel=\"noreferrer noopener\">influ\u00eancias <\/a>culturais. Fundada por franceses e posteriormente dominada por portugueses, a cidade possui uma trajet\u00f3ria singular no contexto brasileiro.<\/p>\n\n\n\n<p>Esta cidade \u00e9 uma das tr\u00eas capitais brasileiras situadas em uma ilha, ao lado de Florian\u00f3polis e Vit\u00f3ria. Al\u00e9m de uma geografia fascinante, S\u00e3o Lu\u00eds \u00e9 famosa por suas mar\u00e9s din\u00e2micas e uma culin\u00e1ria aut\u00eantica que se diferencia do restante do Nordeste. Vamos explorar algumas dessas caracter\u00edsticas peculiares e intrigantes de S\u00e3o Lu\u00eds.<\/p>\n\n\n<div class=\"wp-block-image\">\n<figure class=\"aligncenter size-large\"><img loading=\"lazy\" decoding=\"async\" width=\"1024\" height=\"683\" src=\"https:\/\/www.em.com.br\/emfoco\/wp-content\/uploads\/2025\/01\/Sao_Luis_Aerea-1024x683.jpg\" alt=\"\" class=\"wp-image-10797\" srcset=\"https:\/\/www.em.com.br\/emfoco\/wp-content\/uploads\/2025\/01\/Sao_Luis_Aerea-1024x683.jpg 1024w, https:\/\/www.em.com.br\/emfoco\/wp-content\/uploads\/2025\/01\/Sao_Luis_Aerea-300x200.jpg 300w, https:\/\/www.em.com.br\/emfoco\/wp-content\/uploads\/2025\/01\/Sao_Luis_Aerea-768x512.jpg 768w, https:\/\/www.em.com.br\/emfoco\/wp-content\/uploads\/2025\/01\/Sao_Luis_Aerea-750x500.jpg 750w, https:\/\/www.em.com.br\/emfoco\/wp-content\/uploads\/2025\/01\/Sao_Luis_Aerea-1140x760.jpg 1140w, https:\/\/www.em.com.br\/emfoco\/wp-content\/uploads\/2025\/01\/Sao_Luis_Aerea.jpg 1200w\" sizes=\"auto, (max-width: 1024px) 100vw, 1024px\" \/><figcaption class=\"wp-element-caption\">S\u00e3o Luis &#8211; Wikimidia Commons<\/figcaption><\/figure><\/div>\n\n\n<h2 class=\"wp-block-heading\">Como S\u00e3o Lu\u00eds foi fundada?<\/h2>\n\n\n\n<p>A origem de S\u00e3o Lu\u00eds remonta a 1612, quando foi fundada por franceses, fato que a diferencia de muitas outras cidades brasileiras que foram colonizadas por portugueses. Nomeada em homenagem ao Rei Lu\u00eds XIII, a presen\u00e7a francesa foi breve, dando espa\u00e7o para que os portugueses tomassem controle da cidade ap\u00f3s a batalha de Guaxenduba. Nos anos seguintes, S\u00e3o Lu\u00eds tamb\u00e9m foi ocupada pelos holandeses at\u00e9 que os portugueses reassumissem o comando.<\/p>\n\n\n\n<h2 class=\"wp-block-heading\">Mar\u00e9s \u00fanicas e diferen\u00e7as geogr\u00e1ficas<\/h2>\n\n\n\n<p>Uma das caracter\u00edsticas mais impressionantes de S\u00e3o Lu\u00eds \u00e9 a varia\u00e7\u00e3o de suas mar\u00e9s, considerada uma das maiores do mundo. As mudan\u00e7as no n\u00edvel do mar ocorrem aproximadamente a cada 12 horas, com varia\u00e7\u00f5es que podem atingir at\u00e9 6 metros. Esse fen\u00f4meno n\u00e3o s\u00f3 afeta a atividade mar\u00edtima e os passeios tur\u00edsticos, como tamb\u00e9m torna poss\u00edvel que ve\u00edculos trafeguem nas praias em momentos espec\u00edficos do dia.<\/p>\n\n\n\n<h2 class=\"wp-block-heading\">O que torna a culin\u00e1ria de S\u00e3o Lu\u00eds especial?<\/h2>\n\n\n\n<p>A culin\u00e1ria de S\u00e3o Lu\u00eds \u00e9 uma experi\u00eancia \u00e0 parte, marcada por pratos \u00fanicos e sabores intensos. O &#8220;cux\u00e1&#8221;, muitas vezes servido com arroz, \u00e9 um dos pratos mais representativos da cidade. Outra iguaria \u00e9 o &#8220;caranguejo toc toc&#8221;, al\u00e9m de peixada maranhense e peixes preparados com leite de coco. Para acompanhar, bebidas regionais como o Guaran\u00e1 Jesus ou sucos de frutas t\u00edpicas como bacuri e cupua\u00e7u s\u00e3o obrigat\u00f3rios. As sobremesas frequentemente incluem essas mesmas frutas, garantido uma experi\u00eancia gastron\u00f4mica singular e deliciosa.<\/p>\n\n\n\n<h2 class=\"wp-block-heading\">Quais s\u00e3o os h\u00e1bitos culturais dos ludovicenses?<\/h2>\n\n\n\n<p>Os habitantes de S\u00e3o Lu\u00eds, conhecidos como ludovicenses, t\u00eam uma rica tradi\u00e7\u00e3o cultural, especialmente no que se refere \u00e0s festas juninas. As celebra\u00e7\u00f5es de S\u00e3o Jo\u00e3o s\u00e3o compar\u00e1veis ao Carnaval do Rio de Janeiro, com apresenta\u00e7\u00f5es de grupos de dan\u00e7a e m\u00fasica que acontecem por toda a cidade. A prepara\u00e7\u00e3o para tais eventos dura o ano todo, refletindo a import\u00e2ncia dessas festividades na vida local.<\/p>\n\n\n\n<h2 class=\"wp-block-heading\">Curiosidade lingu\u00edstica: a hora do banho<\/h2>\n\n\n\n<p>Em S\u00e3o Lu\u00eds, h\u00e1 uma particularidade na hora de expressar o momento do banho. Diferente de muitos outros lugares no Brasil, os moradores utilizam o verbo reflexivo &#8220;banhar-se&#8221;. Portanto, \u00e9 comum ouvir um ludovicense dizer &#8220;vou me banhar&#8221;, revelando assim um tra\u00e7o cultural interessante e distinto na linguagem cotidiana da cidade.<\/p>\n\n\n\n<p>S\u00e3o Lu\u00eds \u00e9, sem d\u00favida, uma cidade cheia de surpresas e encantos. Cada esquina revela um peda\u00e7o de sua rica hist\u00f3ria e cultura, convidando todos a mergulharem em suas tradi\u00e7\u00f5es singulares e beleza inigual\u00e1vel.<\/p>\n","protected":false},"excerpt":{"rendered":"<p>S\u00e3o Lu\u00eds, a capital do Maranh\u00e3o, \u00e9 uma cidade rica em hist\u00f3ria e cultura, reconhecida por sua diversidade de influ\u00eancias culturais. Fundada por franceses e posteriormente dominada por portugueses, a cidade possui uma trajet\u00f3ria singular no contexto brasileiro. Esta cidade \u00e9 uma das tr\u00eas capitais brasileiras situadas em uma ilha, ao lado de Florian\u00f3polis e [&hellip;]<\/p>\n","protected":false},"author":7,"featured_media":10798,"comment_status":"open","ping_status":"open","sticky":false,"template":"","format":"standard","meta":{"jnews-multi-image_gallery":[],"jnews_single_post":{"format":"standard"},"jnews_primary_category":[],"jnews_social_meta":[],"jnews_override_counter":[],"footnotes":""},"categories":[26],"tags":[237,2230,1188,157],"class_list":["post-13763","post","type-post","status-publish","format-standard","has-post-thumbnail","hentry","category-cidades","tag-historia","tag-maranhao","tag-sao-luis","tag-turismo"],"yoast_head":"<!-- This site is optimized with the Yoast SEO plugin v23.8 - https:\/\/yoast.com\/wordpress\/plugins\/seo\/ -->\n<title>Por que S\u00e3o Lu\u00eds \u00e9 chamada de &quot;Cidade dos Azulejos&quot;? - Estado de Minas - Em foco<\/title>\n<meta name=\"description\" content=\"Descubra a hist\u00f3ria e curiosidades de S\u00e3o Lu\u00eds, capital do Maranh\u00e3o, fundada por franceses e com forte influ\u00eancia portuguesa.\" \/>\n<meta name=\"robots\" content=\"index, follow, max-snippet:-1, max-image-preview:large, max-video-preview:-1\" \/>\n<link rel=\"canonical\" href=\"https:\/\/www.em.com.br\/emfoco\/2025\/01\/26\/por-que-sao-luis-e-chamada-de-cidade-dos-azulejos\/\" \/>\n<meta property=\"og:locale\" content=\"pt_BR\" \/>\n<meta property=\"og:type\" content=\"article\" \/>\n<meta property=\"og:title\" content=\"Por que S\u00e3o Lu\u00eds \u00e9 chamada de &quot;Cidade dos Azulejos&quot;? - Estado de Minas - Em foco\" \/>\n<meta property=\"og:description\" content=\"Descubra a hist\u00f3ria e curiosidades de S\u00e3o Lu\u00eds, capital do Maranh\u00e3o, fundada por franceses e com forte influ\u00eancia portuguesa.\" \/>\n<meta property=\"og:url\" content=\"https:\/\/www.em.com.br\/emfoco\/2025\/01\/26\/por-que-sao-luis-e-chamada-de-cidade-dos-azulejos\/\" \/>\n<meta property=\"og:site_name\" content=\"Estado de Minas - Em foco\" \/>\n<meta property=\"article:published_time\" content=\"2025-01-26T22:20:07+00:00\" \/>\n<meta property=\"article:modified_time\" content=\"2025-01-26T05:43:44+00:00\" \/>\n<meta property=\"og:image\" content=\"https:\/\/www.em.com.br\/emfoco\/wp-content\/uploads\/2025\/01\/7639842258_c47d873f89_b.jpg\" \/>\n\t<meta property=\"og:image:width\" content=\"1200\" \/>\n\t<meta property=\"og:image:height\" content=\"800\" \/>\n\t<meta property=\"og:image:type\" content=\"image\/jpeg\" \/>\n<meta name=\"author\" content=\"Kelvin\" \/>\n<meta name=\"twitter:card\" content=\"summary_large_image\" \/>\n<meta name=\"twitter:label1\" content=\"Escrito por\" \/>\n\t<meta name=\"twitter:data1\" content=\"Kelvin\" \/>\n\t<meta name=\"twitter:label2\" content=\"Est. tempo de leitura\" \/>\n\t<meta name=\"twitter:data2\" content=\"4 minutos\" \/>\n<!-- \/ Yoast SEO plugin. -->","yoast_head_json":{"title":"Por que S\u00e3o Lu\u00eds \u00e9 chamada de \"Cidade dos Azulejos\"? - Estado de Minas - Em foco","description":"Descubra a hist\u00f3ria e curiosidades de S\u00e3o Lu\u00eds, capital do Maranh\u00e3o, fundada por franceses e com forte influ\u00eancia portuguesa.","robots":{"index":"index","follow":"follow","max-snippet":"max-snippet:-1","max-image-preview":"max-image-preview:large","max-video-preview":"max-video-preview:-1"},"canonical":"https:\/\/www.em.com.br\/emfoco\/2025\/01\/26\/por-que-sao-luis-e-chamada-de-cidade-dos-azulejos\/","og_locale":"pt_BR","og_type":"article","og_title":"Por que S\u00e3o Lu\u00eds \u00e9 chamada de \"Cidade dos Azulejos\"? - Estado de Minas - Em foco","og_description":"Descubra a hist\u00f3ria e curiosidades de S\u00e3o Lu\u00eds, capital do Maranh\u00e3o, fundada por franceses e com forte influ\u00eancia portuguesa.","og_url":"https:\/\/www.em.com.br\/emfoco\/2025\/01\/26\/por-que-sao-luis-e-chamada-de-cidade-dos-azulejos\/","og_site_name":"Estado de Minas - Em foco","article_published_time":"2025-01-26T22:20:07+00:00","article_modified_time":"2025-01-26T05:43:44+00:00","og_image":[{"width":1200,"height":800,"url":"https:\/\/www.em.com.br\/emfoco\/wp-content\/uploads\/2025\/01\/7639842258_c47d873f89_b.jpg","type":"image\/jpeg"}],"author":"Kelvin","twitter_card":"summary_large_image","twitter_misc":{"Escrito por":"Kelvin","Est. tempo de leitura":"4 minutos"},"schema":{"@context":"https:\/\/schema.org","@graph":[{"@type":"WebPage","@id":"https:\/\/www.em.com.br\/emfoco\/2025\/01\/26\/por-que-sao-luis-e-chamada-de-cidade-dos-azulejos\/","url":"https:\/\/www.em.com.br\/emfoco\/2025\/01\/26\/por-que-sao-luis-e-chamada-de-cidade-dos-azulejos\/","name":"Por que S\u00e3o Lu\u00eds \u00e9 chamada de \"Cidade dos Azulejos\"? - Estado de Minas - Em foco","isPartOf":{"@id":"https:\/\/www.em.com.br\/emfoco\/#website"},"primaryImageOfPage":{"@id":"https:\/\/www.em.com.br\/emfoco\/2025\/01\/26\/por-que-sao-luis-e-chamada-de-cidade-dos-azulejos\/#primaryimage"},"image":{"@id":"https:\/\/www.em.com.br\/emfoco\/2025\/01\/26\/por-que-sao-luis-e-chamada-de-cidade-dos-azulejos\/#primaryimage"},"thumbnailUrl":"https:\/\/www.em.com.br\/emfoco\/wp-content\/uploads\/2025\/01\/7639842258_c47d873f89_b.jpg","datePublished":"2025-01-26T22:20:07+00:00","dateModified":"2025-01-26T05:43:44+00:00","author":{"@id":"https:\/\/www.em.com.br\/emfoco\/#\/schema\/person\/fb0a7f48c6fbb94b83f413a80f61917d"},"description":"Descubra a hist\u00f3ria e curiosidades de S\u00e3o Lu\u00eds, capital do Maranh\u00e3o, fundada por franceses e com forte influ\u00eancia portuguesa.","breadcrumb":{"@id":"https:\/\/www.em.com.br\/emfoco\/2025\/01\/26\/por-que-sao-luis-e-chamada-de-cidade-dos-azulejos\/#breadcrumb"},"inLanguage":"pt-BR","potentialAction":[{"@type":"ReadAction","target":["https:\/\/www.em.com.br\/emfoco\/2025\/01\/26\/por-que-sao-luis-e-chamada-de-cidade-dos-azulejos\/"]}]},{"@type":"ImageObject","inLanguage":"pt-BR","@id":"https:\/\/www.em.com.br\/emfoco\/2025\/01\/26\/por-que-sao-luis-e-chamada-de-cidade-dos-azulejos\/#primaryimage","url":"https:\/\/www.em.com.br\/emfoco\/wp-content\/uploads\/2025\/01\/7639842258_c47d873f89_b.jpg","contentUrl":"https:\/\/www.em.com.br\/emfoco\/wp-content\/uploads\/2025\/01\/7639842258_c47d873f89_b.jpg","width":1200,"height":800,"caption":"S\u00e3o Luis - Flickr"},{"@type":"BreadcrumbList","@id":"https:\/\/www.em.com.br\/emfoco\/2025\/01\/26\/por-que-sao-luis-e-chamada-de-cidade-dos-azulejos\/#breadcrumb","itemListElement":[{"@type":"ListItem","position":1,"name":"In\u00edcio","item":"https:\/\/www.em.com.br\/emfoco\/"},{"@type":"ListItem","position":2,"name":"Por que S\u00e3o Lu\u00eds \u00e9 chamada de &#8220;Cidade dos Azulejos&#8221;?"}]},{"@type":"WebSite","@id":"https:\/\/www.em.com.br\/emfoco\/#website","url":"https:\/\/www.em.com.br\/emfoco\/","name":"Estado de Minas - Em foco","description":"Acompanhe as \u00faltimas not\u00edcias e fique bem informado sobre tudo o que acontece em Minas Gerais, Brasil e no mundo.","potentialAction":[{"@type":"SearchAction","target":{"@type":"EntryPoint","urlTemplate":"https:\/\/www.em.com.br\/emfoco\/?s={search_term_string}"},"query-input":{"@type":"PropertyValueSpecification","valueRequired":true,"valueName":"search_term_string"}}],"inLanguage":"pt-BR"},{"@type":"Person","@id":"https:\/\/www.em.com.br\/emfoco\/#\/schema\/person\/fb0a7f48c6fbb94b83f413a80f61917d","name":"Kelvin","image":{"@type":"ImageObject","inLanguage":"pt-BR","@id":"https:\/\/www.em.com.br\/emfoco\/#\/schema\/person\/image\/","url":"https:\/\/secure.gravatar.com\/avatar\/e74f84337e6bf6c4c5e88fbdffa05270?s=96&d=mm&r=g","contentUrl":"https:\/\/secure.gravatar.com\/avatar\/e74f84337e6bf6c4c5e88fbdffa05270?s=96&d=mm&r=g","caption":"Kelvin"},"sameAs":["https:\/\/www.em.com.br\/emfoco"],"url":"https:\/\/www.em.com.br\/emfoco\/author\/kelvinmyth\/"}]}},"_links":{"self":[{"href":"https:\/\/www.em.com.br\/emfoco\/wp-json\/wp\/v2\/posts\/13763","targetHints":{"allow":["GET"]}}],"collection":[{"href":"https:\/\/www.em.com.br\/emfoco\/wp-json\/wp\/v2\/posts"}],"about":[{"href":"https:\/\/www.em.com.br\/emfoco\/wp-json\/wp\/v2\/types\/post"}],"author":[{"embeddable":true,"href":"https:\/\/www.em.com.br\/emfoco\/wp-json\/wp\/v2\/users\/7"}],"replies":[{"embeddable":true,"href":"https:\/\/www.em.com.br\/emfoco\/wp-json\/wp\/v2\/comments?post=13763"}],"version-history":[{"count":2,"href":"https:\/\/www.em.com.br\/emfoco\/wp-json\/wp\/v2\/posts\/13763\/revisions"}],"predecessor-version":[{"id":13766,"href":"https:\/\/www.em.com.br\/emfoco\/wp-json\/wp\/v2\/posts\/13763\/revisions\/13766"}],"wp:featuredmedia":[{"embeddable":true,"href":"https:\/\/www.em.com.br\/emfoco\/wp-json\/wp\/v2\/media\/10798"}],"wp:attachment":[{"href":"https:\/\/www.em.com.br\/emfoco\/wp-json\/wp\/v2\/media?parent=13763"}],"wp:term":[{"taxonomy":"category","embeddable":true,"href":"https:\/\/www.em.com.br\/emfoco\/wp-json\/wp\/v2\/categories?post=13763"},{"taxonomy":"post_tag","embeddable":true,"href":"https:\/\/www.em.com.br\/emfoco\/wp-json\/wp\/v2\/tags?post=13763"}],"curies":[{"name":"wp","href":"https:\/\/api.w.org\/{rel}","templated":true}]}}