{"id":137522,"date":"2025-12-09T21:45:00","date_gmt":"2025-12-10T00:45:00","guid":{"rendered":"https:\/\/www.em.com.br\/emfoco\/?p=137522"},"modified":"2025-12-08T16:20:35","modified_gmt":"2025-12-08T19:20:35","slug":"o-que-e-ansiedade-financeira-e-como-ela-afeta-ate-suas-decisoes-mais-simples","status":"publish","type":"post","link":"https:\/\/www.em.com.br\/emfoco\/2025\/12\/09\/o-que-e-ansiedade-financeira-e-como-ela-afeta-ate-suas-decisoes-mais-simples\/","title":{"rendered":"O que \u00e9 ansiedade financeira e como ela afeta at\u00e9 suas decis\u00f5es mais simples"},"content":{"rendered":"\n<p>Quando a preocupa\u00e7\u00e3o com dinheiro se torna constante, ela n\u00e3o afeta s\u00f3 d\u00edvidas ou trabalho. A <strong>ansiedade financeira<\/strong> come\u00e7a a interferir em escolhas simples do dia a dia, como comprar no mercado, aceitar convites ou at\u00e9 descansar sem culpa.<\/p>\n\n\n\n<h2 class=\"wp-block-heading\">Como a ansiedade financeira altera o funcionamento do c\u00e9rebro?<\/h2>\n\n\n\n<p>A <strong>ansiedade financeira<\/strong> mant\u00e9m o c\u00e9rebro em alerta cont\u00ednuo, elevando o <strong>cortisol<\/strong> e ativando o medo de faltar. Decis\u00f5es que antes eram autom\u00e1ticas passam a ser cheias de d\u00favida, antecipa\u00e7\u00e3o de perdas e sensa\u00e7\u00e3o constante de risco.<\/p>\n\n\n\n<p>Nesse estado, a mente entra em <strong><a href=\"https:\/\/www.psychiatry.org\/news-room\/apa-blogs\/rumination-a-cycle-of-negative-thinking\" target=\"_blank\" rel=\"noreferrer noopener\">rumina\u00e7\u00e3o mental<\/a><\/strong>, revisando cada escolha v\u00e1rias vezes. Gastar com o essencial gera culpa, surgem bloqueios diante de decis\u00f5es simples e altern\u00e2ncia entre controle r\u00edgido e impulsos como tentativa de aliviar a tens\u00e3o.<\/p>\n\n\n\n<figure class=\"wp-block-image size-large\"><img loading=\"lazy\" decoding=\"async\" width=\"1024\" height=\"576\" src=\"https:\/\/www.em.com.br\/emfoco\/wp-content\/uploads\/2025\/12\/Ansiedade_1765221525855-1024x576.jpg\" alt=\"O que \u00e9 ansiedade financeira e como ela afeta at\u00e9 suas decis\u00f5es mais simples\" class=\"wp-image-137529\" srcset=\"https:\/\/www.em.com.br\/emfoco\/wp-content\/uploads\/2025\/12\/Ansiedade_1765221525855-1024x576.jpg 1024w, https:\/\/www.em.com.br\/emfoco\/wp-content\/uploads\/2025\/12\/Ansiedade_1765221525855-300x169.jpg 300w, https:\/\/www.em.com.br\/emfoco\/wp-content\/uploads\/2025\/12\/Ansiedade_1765221525855-768x432.jpg 768w, https:\/\/www.em.com.br\/emfoco\/wp-content\/uploads\/2025\/12\/Ansiedade_1765221525855-750x422.jpg 750w, https:\/\/www.em.com.br\/emfoco\/wp-content\/uploads\/2025\/12\/Ansiedade_1765221525855-1140x641.jpg 1140w, https:\/\/www.em.com.br\/emfoco\/wp-content\/uploads\/2025\/12\/Ansiedade_1765221525855.jpg 1280w\" sizes=\"auto, (max-width: 1024px) 100vw, 1024px\" \/><figcaption class=\"wp-element-caption\">Cortisol elevado por medo do dinheiro prejudica clareza mental &#8211; Cr\u00e9ditos: depositphotos.com \/ AndrewLozovyi<\/figcaption><\/figure>\n\n\n\n<h2 class=\"wp-block-heading\">Quais comportamentos mudam quando o dinheiro vira uma amea\u00e7a?<\/h2>\n\n\n\n<p>Com o medo dominando as decis\u00f5es, a pessoa passa a interpretar quase tudo sob a lente da <strong>escassez<\/strong>. Pequenas escolhas ganham peso exagerado, afetando consumo, rela\u00e7\u00f5es e at\u00e9 o modo de viver, como mostram os padr\u00f5es mais frequentes a seguir.<\/p>\n\n\n\n<ul class=\"wp-block-list\">\n<li><strong>Evitar oportunidades:<\/strong> a pessoa deixa de tentar algo novo por medo de errar financeiramente.<\/li>\n\n\n\n<li><strong>Aceitar condi\u00e7\u00f5es ruins:<\/strong> permanece em situa\u00e7\u00f5es desfavor\u00e1veis por receio de faltar dinheiro.<\/li>\n\n\n\n<li><strong>Isolamento social:<\/strong> passa a recusar convites por associar lazer a gasto e culpa.<\/li>\n<\/ul>\n\n\n\n<p><em>Leia mais: <strong><a href=\"https:\/\/www.em.com.br\/emfoco\/2025\/12\/07\/como-lidar-com-a-culpa-e-o-medo-ao-tentar-reorganizar-sua-vida-financeira\/\" target=\"_blank\" rel=\"noreferrer noopener\">Como lidar com a culpa e o medo ao tentar reorganizar sua vida financeira<\/a><\/strong><\/em><\/p>\n\n\n\n<h2 class=\"wp-block-heading\">Por que o medo financeiro distorce a percep\u00e7\u00e3o de risco?<\/h2>\n\n\n\n<p>Sob <strong>estresse financeiro<\/strong>, o c\u00e9rebro prioriza a sobreviv\u00eancia imediata e perde clareza para planejar. Pequenos gastos parecem amea\u00e7as gigantes, enquanto decis\u00f5es importantes s\u00e3o adiadas por inseguran\u00e7a e sensa\u00e7\u00e3o de incapacidade.<\/p>\n\n\n\n<p>Em alguns casos, ocorre o oposto: surgem <strong>decis\u00f5es precipitadas<\/strong> como fuga emocional, justamente quando mais calma seria necess\u00e1ria. O emocional acaba sequestrando o racional, levando a escolhas incoerentes com a realidade objetiva.<\/p>\n\n\n\n<figure class=\"wp-block-image size-large\"><img loading=\"lazy\" decoding=\"async\" width=\"1024\" height=\"576\" src=\"https:\/\/www.em.com.br\/emfoco\/wp-content\/uploads\/2025\/12\/IA-IMG-109-1024x576.jpg\" alt=\"O que \u00e9 ansiedade financeira e como ela afeta at\u00e9 suas decis\u00f5es mais simples\" class=\"wp-image-137532\" srcset=\"https:\/\/www.em.com.br\/emfoco\/wp-content\/uploads\/2025\/12\/IA-IMG-109-1024x576.jpg 1024w, https:\/\/www.em.com.br\/emfoco\/wp-content\/uploads\/2025\/12\/IA-IMG-109-300x169.jpg 300w, https:\/\/www.em.com.br\/emfoco\/wp-content\/uploads\/2025\/12\/IA-IMG-109-768x432.jpg 768w, https:\/\/www.em.com.br\/emfoco\/wp-content\/uploads\/2025\/12\/IA-IMG-109-750x422.jpg 750w, https:\/\/www.em.com.br\/emfoco\/wp-content\/uploads\/2025\/12\/IA-IMG-109-1140x641.jpg 1140w, https:\/\/www.em.com.br\/emfoco\/wp-content\/uploads\/2025\/12\/IA-IMG-109.jpg 1280w\" sizes=\"auto, (max-width: 1024px) 100vw, 1024px\" \/><figcaption class=\"wp-element-caption\">Medo de faltar leva \u00e0 evita\u00e7\u00e3o de oportunidades importantes<\/figcaption><\/figure>\n\n\n\n<h2 class=\"wp-block-heading\">O que ajuda a recuperar clareza diante da ansiedade financeira?<\/h2>\n\n\n\n<p>Romper esse padr\u00e3o come\u00e7a pela consci\u00eancia de que n\u00e3o \u00e9 falta de intelig\u00eancia, mas <strong>excesso de estresse<\/strong>. Criar pequenas margens de seguran\u00e7a emocional e financeira devolve aos poucos o controle das decis\u00f5es, como mostram as estrat\u00e9gias abaixo.<\/p>\n\n\n\n<ul class=\"wp-block-list\">\n<li><strong>Separar momentos para pensar em dinheiro:<\/strong> evita que a preocupa\u00e7\u00e3o invada todos os hor\u00e1rios.<\/li>\n\n\n\n<li><strong>Criar margens m\u00ednimas de seguran\u00e7a:<\/strong> pequenas reservas reduzem a sensa\u00e7\u00e3o constante de amea\u00e7a.<\/li>\n\n\n\n<li><strong>Pausar antes de decidir:<\/strong> interrompe rea\u00e7\u00f5es impulsivas geradas pelo medo.<\/li>\n<\/ul>\n\n\n\n<p>A ansiedade financeira n\u00e3o muda apenas o saldo banc\u00e1rio, muda a forma de viver, escolher e sentir. Recuperar a clareza nas <strong>decis\u00f5es simples<\/strong> \u00e9 um dos primeiros sinais de que a mente come\u00e7a a sair do modo amea\u00e7a e voltar ao modo vida.<\/p>\n","protected":false},"excerpt":{"rendered":"<p>Quando a preocupa\u00e7\u00e3o com dinheiro se torna constante, ela n\u00e3o afeta s\u00f3 d\u00edvidas ou trabalho. A ansiedade financeira come\u00e7a a interferir em escolhas simples do dia a dia, como comprar no mercado, aceitar convites ou at\u00e9 descansar sem culpa. Como a ansiedade financeira altera o funcionamento do c\u00e9rebro? A ansiedade financeira mant\u00e9m o c\u00e9rebro em [&hellip;]<\/p>\n","protected":false},"author":13,"featured_media":137527,"comment_status":"open","ping_status":"open","sticky":false,"template":"","format":"standard","meta":{"jnews-multi-image_gallery":[],"jnews_single_post":{"format":"standard"},"jnews_primary_category":[],"jnews_social_meta":[],"jnews_override_counter":[],"footnotes":""},"categories":[8819],"tags":[20096,15882,15745],"class_list":["post-137522","post","type-post","status-publish","format-standard","has-post-thumbnail","hentry","category-curiosidades","tag-ansiedade-financeira","tag-organizacao-financeira","tag-vida-financeira"],"yoast_head":"<!-- This site is optimized with the Yoast SEO plugin v23.8 - https:\/\/yoast.com\/wordpress\/plugins\/seo\/ -->\n<title>O que \u00e9 ansiedade financeira e como ela afeta at\u00e9 suas decis\u00f5es mais simples - Estado de Minas - Em foco<\/title>\n<meta name=\"description\" content=\"Quando o medo de faltar dinheiro domina, at\u00e9 decis\u00f5es simples viram fontes de culpa e ansiedade. Veja como recuperar clareza e controle.\" \/>\n<meta name=\"robots\" content=\"index, follow, max-snippet:-1, max-image-preview:large, max-video-preview:-1\" \/>\n<link rel=\"canonical\" href=\"https:\/\/www.em.com.br\/emfoco\/2025\/12\/09\/o-que-e-ansiedade-financeira-e-como-ela-afeta-ate-suas-decisoes-mais-simples\/\" \/>\n<meta property=\"og:locale\" content=\"pt_BR\" \/>\n<meta property=\"og:type\" content=\"article\" \/>\n<meta property=\"og:title\" content=\"O que \u00e9 ansiedade financeira e como ela afeta at\u00e9 suas decis\u00f5es mais simples - Estado de Minas - Em foco\" \/>\n<meta property=\"og:description\" content=\"Quando o medo de faltar dinheiro domina, at\u00e9 decis\u00f5es simples viram fontes de culpa e ansiedade. Veja como recuperar clareza e controle.\" \/>\n<meta property=\"og:url\" content=\"https:\/\/www.em.com.br\/emfoco\/2025\/12\/09\/o-que-e-ansiedade-financeira-e-como-ela-afeta-ate-suas-decisoes-mais-simples\/\" \/>\n<meta property=\"og:site_name\" content=\"Estado de Minas - Em foco\" \/>\n<meta property=\"article:published_time\" content=\"2025-12-10T00:45:00+00:00\" \/>\n<meta property=\"article:modified_time\" content=\"2025-12-08T19:20:35+00:00\" \/>\n<meta property=\"og:image\" content=\"https:\/\/www.em.com.br\/emfoco\/wp-content\/uploads\/2025\/12\/IA-IMG-108.jpg\" \/>\n\t<meta property=\"og:image:width\" content=\"1280\" \/>\n\t<meta property=\"og:image:height\" content=\"720\" \/>\n\t<meta property=\"og:image:type\" content=\"image\/jpeg\" \/>\n<meta name=\"author\" content=\"Gabriel Martins\" \/>\n<meta name=\"twitter:card\" content=\"summary_large_image\" \/>\n<meta name=\"twitter:label1\" content=\"Escrito por\" \/>\n\t<meta name=\"twitter:data1\" content=\"Gabriel Martins\" \/>\n\t<meta name=\"twitter:label2\" content=\"Est. tempo de leitura\" \/>\n\t<meta name=\"twitter:data2\" content=\"4 minutos\" \/>\n<!-- \/ Yoast SEO plugin. -->","yoast_head_json":{"title":"O que \u00e9 ansiedade financeira e como ela afeta at\u00e9 suas decis\u00f5es mais simples - Estado de Minas - Em foco","description":"Quando o medo de faltar dinheiro domina, at\u00e9 decis\u00f5es simples viram fontes de culpa e ansiedade. Veja como recuperar clareza e controle.","robots":{"index":"index","follow":"follow","max-snippet":"max-snippet:-1","max-image-preview":"max-image-preview:large","max-video-preview":"max-video-preview:-1"},"canonical":"https:\/\/www.em.com.br\/emfoco\/2025\/12\/09\/o-que-e-ansiedade-financeira-e-como-ela-afeta-ate-suas-decisoes-mais-simples\/","og_locale":"pt_BR","og_type":"article","og_title":"O que \u00e9 ansiedade financeira e como ela afeta at\u00e9 suas decis\u00f5es mais simples - Estado de Minas - Em foco","og_description":"Quando o medo de faltar dinheiro domina, at\u00e9 decis\u00f5es simples viram fontes de culpa e ansiedade. Veja como recuperar clareza e controle.","og_url":"https:\/\/www.em.com.br\/emfoco\/2025\/12\/09\/o-que-e-ansiedade-financeira-e-como-ela-afeta-ate-suas-decisoes-mais-simples\/","og_site_name":"Estado de Minas - Em foco","article_published_time":"2025-12-10T00:45:00+00:00","article_modified_time":"2025-12-08T19:20:35+00:00","og_image":[{"width":1280,"height":720,"url":"https:\/\/www.em.com.br\/emfoco\/wp-content\/uploads\/2025\/12\/IA-IMG-108.jpg","type":"image\/jpeg"}],"author":"Gabriel Martins","twitter_card":"summary_large_image","twitter_misc":{"Escrito por":"Gabriel Martins","Est. tempo de leitura":"4 minutos"},"schema":{"@context":"https:\/\/schema.org","@graph":[{"@type":"WebPage","@id":"https:\/\/www.em.com.br\/emfoco\/2025\/12\/09\/o-que-e-ansiedade-financeira-e-como-ela-afeta-ate-suas-decisoes-mais-simples\/","url":"https:\/\/www.em.com.br\/emfoco\/2025\/12\/09\/o-que-e-ansiedade-financeira-e-como-ela-afeta-ate-suas-decisoes-mais-simples\/","name":"O que \u00e9 ansiedade financeira e como ela afeta at\u00e9 suas decis\u00f5es mais simples - Estado de Minas - Em foco","isPartOf":{"@id":"https:\/\/www.em.com.br\/emfoco\/#website"},"primaryImageOfPage":{"@id":"https:\/\/www.em.com.br\/emfoco\/2025\/12\/09\/o-que-e-ansiedade-financeira-e-como-ela-afeta-ate-suas-decisoes-mais-simples\/#primaryimage"},"image":{"@id":"https:\/\/www.em.com.br\/emfoco\/2025\/12\/09\/o-que-e-ansiedade-financeira-e-como-ela-afeta-ate-suas-decisoes-mais-simples\/#primaryimage"},"thumbnailUrl":"https:\/\/www.em.com.br\/emfoco\/wp-content\/uploads\/2025\/12\/IA-IMG-108.jpg","datePublished":"2025-12-10T00:45:00+00:00","dateModified":"2025-12-08T19:20:35+00:00","author":{"@id":"https:\/\/www.em.com.br\/emfoco\/#\/schema\/person\/1c9ddeab18b98abeffef834667bcf08a"},"description":"Quando o medo de faltar dinheiro domina, at\u00e9 decis\u00f5es simples viram fontes de culpa e ansiedade. Veja como recuperar clareza e controle.","breadcrumb":{"@id":"https:\/\/www.em.com.br\/emfoco\/2025\/12\/09\/o-que-e-ansiedade-financeira-e-como-ela-afeta-ate-suas-decisoes-mais-simples\/#breadcrumb"},"inLanguage":"pt-BR","potentialAction":[{"@type":"ReadAction","target":["https:\/\/www.em.com.br\/emfoco\/2025\/12\/09\/o-que-e-ansiedade-financeira-e-como-ela-afeta-ate-suas-decisoes-mais-simples\/"]}]},{"@type":"ImageObject","inLanguage":"pt-BR","@id":"https:\/\/www.em.com.br\/emfoco\/2025\/12\/09\/o-que-e-ansiedade-financeira-e-como-ela-afeta-ate-suas-decisoes-mais-simples\/#primaryimage","url":"https:\/\/www.em.com.br\/emfoco\/wp-content\/uploads\/2025\/12\/IA-IMG-108.jpg","contentUrl":"https:\/\/www.em.com.br\/emfoco\/wp-content\/uploads\/2025\/12\/IA-IMG-108.jpg","width":1280,"height":720,"caption":"Ansiedade financeira altera decis\u00f5es simples e gera culpa constante"},{"@type":"BreadcrumbList","@id":"https:\/\/www.em.com.br\/emfoco\/2025\/12\/09\/o-que-e-ansiedade-financeira-e-como-ela-afeta-ate-suas-decisoes-mais-simples\/#breadcrumb","itemListElement":[{"@type":"ListItem","position":1,"name":"In\u00edcio","item":"https:\/\/www.em.com.br\/emfoco\/"},{"@type":"ListItem","position":2,"name":"O que \u00e9 ansiedade financeira e como ela afeta at\u00e9 suas decis\u00f5es mais simples"}]},{"@type":"WebSite","@id":"https:\/\/www.em.com.br\/emfoco\/#website","url":"https:\/\/www.em.com.br\/emfoco\/","name":"Estado de Minas - Em foco","description":"Acompanhe as \u00faltimas not\u00edcias e fique bem informado sobre tudo o que acontece em Minas Gerais, Brasil e no mundo.","potentialAction":[{"@type":"SearchAction","target":{"@type":"EntryPoint","urlTemplate":"https:\/\/www.em.com.br\/emfoco\/?s={search_term_string}"},"query-input":{"@type":"PropertyValueSpecification","valueRequired":true,"valueName":"search_term_string"}}],"inLanguage":"pt-BR"},{"@type":"Person","@id":"https:\/\/www.em.com.br\/emfoco\/#\/schema\/person\/1c9ddeab18b98abeffef834667bcf08a","name":"Gabriel Martins","image":{"@type":"ImageObject","inLanguage":"pt-BR","@id":"https:\/\/www.em.com.br\/emfoco\/#\/schema\/person\/image\/","url":"https:\/\/secure.gravatar.com\/avatar\/f0f1e2efdfd88f1ad2cb08c5c2731e50?s=96&d=mm&r=g","contentUrl":"https:\/\/secure.gravatar.com\/avatar\/f0f1e2efdfd88f1ad2cb08c5c2731e50?s=96&d=mm&r=g","caption":"Gabriel Martins"},"sameAs":["https:\/\/www.em.com.br\/emfoco\/"],"url":"https:\/\/www.em.com.br\/emfoco\/author\/gabrielmartinsmyth\/"}]}},"_links":{"self":[{"href":"https:\/\/www.em.com.br\/emfoco\/wp-json\/wp\/v2\/posts\/137522","targetHints":{"allow":["GET"]}}],"collection":[{"href":"https:\/\/www.em.com.br\/emfoco\/wp-json\/wp\/v2\/posts"}],"about":[{"href":"https:\/\/www.em.com.br\/emfoco\/wp-json\/wp\/v2\/types\/post"}],"author":[{"embeddable":true,"href":"https:\/\/www.em.com.br\/emfoco\/wp-json\/wp\/v2\/users\/13"}],"replies":[{"embeddable":true,"href":"https:\/\/www.em.com.br\/emfoco\/wp-json\/wp\/v2\/comments?post=137522"}],"version-history":[{"count":1,"href":"https:\/\/www.em.com.br\/emfoco\/wp-json\/wp\/v2\/posts\/137522\/revisions"}],"predecessor-version":[{"id":137533,"href":"https:\/\/www.em.com.br\/emfoco\/wp-json\/wp\/v2\/posts\/137522\/revisions\/137533"}],"wp:featuredmedia":[{"embeddable":true,"href":"https:\/\/www.em.com.br\/emfoco\/wp-json\/wp\/v2\/media\/137527"}],"wp:attachment":[{"href":"https:\/\/www.em.com.br\/emfoco\/wp-json\/wp\/v2\/media?parent=137522"}],"wp:term":[{"taxonomy":"category","embeddable":true,"href":"https:\/\/www.em.com.br\/emfoco\/wp-json\/wp\/v2\/categories?post=137522"},{"taxonomy":"post_tag","embeddable":true,"href":"https:\/\/www.em.com.br\/emfoco\/wp-json\/wp\/v2\/tags?post=137522"}],"curies":[{"name":"wp","href":"https:\/\/api.w.org\/{rel}","templated":true}]}}