{"id":137510,"date":"2025-12-09T15:55:00","date_gmt":"2025-12-09T18:55:00","guid":{"rendered":"https:\/\/www.em.com.br\/emfoco\/?p=137510"},"modified":"2025-12-08T23:24:58","modified_gmt":"2025-12-09T02:24:58","slug":"o-esgotamento-emocional-que-atinge-quem-vive-em-modo-sobrevivencia-todos-os-dias","status":"publish","type":"post","link":"https:\/\/www.em.com.br\/emfoco\/2025\/12\/09\/o-esgotamento-emocional-que-atinge-quem-vive-em-modo-sobrevivencia-todos-os-dias\/","title":{"rendered":"O esgotamento emocional que atinge quem vive em \u201cmodo sobreviv\u00eancia\u201d todos os dias"},"content":{"rendered":"\n<p>Resolver problemas sem parar, pagar contas no limite e lidar com press\u00f5es di\u00e1rias parece rotina, mas mant\u00e9m o corpo em alerta cont\u00ednuo. Esse cansa\u00e7o que n\u00e3o passa n\u00e3o \u00e9 fraqueza: \u00e9 <strong>esgotamento emocional real<\/strong>, gerado por viver tempo demais em modo sobreviv\u00eancia.<\/p>\n\n\n\n<h2 class=\"wp-block-heading\">Por que viver em modo sobreviv\u00eancia esgota tanto a mente?<\/h2>\n\n\n\n<p>O c\u00e9rebro ativado no <strong>sistema de amea\u00e7a<\/strong> libera constantemente cortisol e adrenalina. No in\u00edcio isso ajuda a reagir, mas com os meses provoca <strong><a href=\"https:\/\/www.gov.br\/saude\/pt-br\/assuntos\/saude-de-a-a-z\/s\/sindrome-de-burnout\" target=\"_blank\" rel=\"noreferrer noopener\">exaust\u00e3o mental<\/a><\/strong>, levando a irritabilidade, lapsos de mem\u00f3ria, medo de relaxar e dificuldade de concentra\u00e7\u00e3o.<\/p>\n\n\n\n<p>O corpo n\u00e3o foi projetado para sustentar <strong>alerta permanente<\/strong>. A mente entra em sobrecarga, o prazer desaparece e surge a sensa\u00e7\u00e3o de urg\u00eancia constante, como se descansar fosse perigoso, refor\u00e7ando ainda mais o ciclo do estresse cont\u00ednuo.<\/p>\n\n\n\n<figure class=\"wp-block-image size-large\"><img loading=\"lazy\" decoding=\"async\" width=\"1024\" height=\"576\" src=\"https:\/\/www.em.com.br\/emfoco\/wp-content\/uploads\/2025\/12\/Esgotamento-emocional-_1765220523131-1024x576.jpg\" alt=\"O esgotamento emocional que atinge quem vive em \u201cmodo sobreviv\u00eancia\u201d todos os dias\" class=\"wp-image-137506\" srcset=\"https:\/\/www.em.com.br\/emfoco\/wp-content\/uploads\/2025\/12\/Esgotamento-emocional-_1765220523131-1024x576.jpg 1024w, https:\/\/www.em.com.br\/emfoco\/wp-content\/uploads\/2025\/12\/Esgotamento-emocional-_1765220523131-300x169.jpg 300w, https:\/\/www.em.com.br\/emfoco\/wp-content\/uploads\/2025\/12\/Esgotamento-emocional-_1765220523131-768x432.jpg 768w, https:\/\/www.em.com.br\/emfoco\/wp-content\/uploads\/2025\/12\/Esgotamento-emocional-_1765220523131-750x422.jpg 750w, https:\/\/www.em.com.br\/emfoco\/wp-content\/uploads\/2025\/12\/Esgotamento-emocional-_1765220523131-1140x641.jpg 1140w, https:\/\/www.em.com.br\/emfoco\/wp-content\/uploads\/2025\/12\/Esgotamento-emocional-_1765220523131.jpg 1280w\" sizes=\"auto, (max-width: 1024px) 100vw, 1024px\" \/><figcaption class=\"wp-element-caption\">Cortisol elevado por muito tempo compromete mem\u00f3ria e concentra\u00e7\u00e3o &#8211; Cr\u00e9ditos: depositphotos.com \/ stokkete<\/figcaption><\/figure>\n\n\n\n<h2 class=\"wp-block-heading\">Quais sinais mostram que o esgotamento j\u00e1 se instalou?<\/h2>\n\n\n\n<p>O modo sobreviv\u00eancia se infiltra no emocional, no f\u00edsico e no comportamento di\u00e1rio. Aos poucos, surgem sinais que muitas pessoas normalizam, mas que revelam um quadro claro de <strong>esgotamento psicol\u00f3gico<\/strong>, como voc\u00ea v\u00ea a seguir.<\/p>\n\n\n\n<ul class=\"wp-block-list\">\n<li><strong>Emocional:<\/strong> sensa\u00e7\u00e3o de vazio, perda de esperan\u00e7a, culpa por descansar e dificuldade de sentir prazer.<\/li>\n\n\n\n<li><strong>Mental:<\/strong> lapsos de mem\u00f3ria, concentra\u00e7\u00e3o baixa e sensa\u00e7\u00e3o constante de urg\u00eancia.<\/li>\n\n\n\n<li><strong>F\u00edsico:<\/strong> queda de imunidade, dores no corpo, tens\u00e3o muscular e cansa\u00e7o sem recupera\u00e7\u00e3o.<\/li>\n<\/ul>\n\n\n\n<p><em>Leia mais: <strong><a href=\"https:\/\/www.em.com.br\/emfoco\/2025\/11\/02\/dona-de-casa-sente-solidao-e-o-estresse-da-rotina-afeta-sua-saude-mental\/\" target=\"_blank\" rel=\"noreferrer noopener\">Dona de casa sente solid\u00e3o e o estresse da rotina afeta sua sa\u00fade mental<\/a><\/strong><\/em><\/p>\n\n\n\n<h2 class=\"wp-block-heading\">Como o modo sobreviv\u00eancia afeta os relacionamentos?<\/h2>\n\n\n\n<p>Quem vive em <strong>sobreviv\u00eancia emocional<\/strong> costuma se isolar ou explodir com facilidade. Falta energia ps\u00edquica para trocas saud\u00e1veis, o que gera afastamento, irrita\u00e7\u00e3o frequente e a sensa\u00e7\u00e3o de que ningu\u00e9m consegue compreender o seu limite.<\/p>\n\n\n\n<p>Com o tempo, surge o <strong>endurecimento afetivo<\/strong>. Demonstrar sentimentos parece arriscado, pedir ajuda vira sinal de fraqueza e o conv\u00edvio passa a ser apenas mais uma obriga\u00e7\u00e3o, drenando ainda mais a pouca energia que resta.<\/p>\n\n\n\n<figure class=\"wp-block-image size-large\"><img loading=\"lazy\" decoding=\"async\" width=\"1024\" height=\"576\" src=\"https:\/\/www.em.com.br\/emfoco\/wp-content\/uploads\/2025\/12\/Esgotamento-emocional-_1765220573995-1024x576.jpg\" alt=\"O esgotamento emocional que atinge quem vive em \u201cmodo sobreviv\u00eancia\u201d todos os dias\" class=\"wp-image-137507\" srcset=\"https:\/\/www.em.com.br\/emfoco\/wp-content\/uploads\/2025\/12\/Esgotamento-emocional-_1765220573995-1024x576.jpg 1024w, https:\/\/www.em.com.br\/emfoco\/wp-content\/uploads\/2025\/12\/Esgotamento-emocional-_1765220573995-300x169.jpg 300w, https:\/\/www.em.com.br\/emfoco\/wp-content\/uploads\/2025\/12\/Esgotamento-emocional-_1765220573995-768x432.jpg 768w, https:\/\/www.em.com.br\/emfoco\/wp-content\/uploads\/2025\/12\/Esgotamento-emocional-_1765220573995-750x422.jpg 750w, https:\/\/www.em.com.br\/emfoco\/wp-content\/uploads\/2025\/12\/Esgotamento-emocional-_1765220573995-1140x641.jpg 1140w, https:\/\/www.em.com.br\/emfoco\/wp-content\/uploads\/2025\/12\/Esgotamento-emocional-_1765220573995.jpg 1280w\" sizes=\"auto, (max-width: 1024px) 100vw, 1024px\" \/><figcaption class=\"wp-element-caption\">Isolamento emocional surge como tentativa de autoprote\u00e7\u00e3o psicol\u00f3gica &#8211; Cr\u00e9ditos: depositphotos.com \/ gpointstudio<\/figcaption><\/figure>\n\n\n\n<h2 class=\"wp-block-heading\">O que realmente ajuda a sair do modo sobreviv\u00eancia?<\/h2>\n\n\n\n<p>A sa\u00edda desse ciclo n\u00e3o vem s\u00f3 da <strong>for\u00e7a de vontade<\/strong>, mas da reconstru\u00e7\u00e3o gradual de seguran\u00e7a emocional, descanso real e apoio. Pequenas mudan\u00e7as j\u00e1 ajudam a reensinar o c\u00e9rebro que o perigo constante j\u00e1 passou, como mostram os caminhos abaixo.<\/p>\n\n\n\n<ul class=\"wp-block-list\">\n<li><strong>Descanso verdadeiro:<\/strong> pausas sem culpa ajudam a reduzir o n\u00edvel de alerta do sistema nervoso.<\/li>\n\n\n\n<li><strong>Organiza\u00e7\u00e3o m\u00ednima da vida:<\/strong> reduzir caos financeiro e rotinas inst\u00e1veis diminui a sensa\u00e7\u00e3o de amea\u00e7a.<\/li>\n\n\n\n<li><strong>Apoio emocional:<\/strong> acompanhamento psicol\u00f3gico auxilia o c\u00e9rebro a sair do estado de defesa cont\u00ednua.<\/li>\n<\/ul>\n\n\n\n<p>Viver em modo sobreviv\u00eancia por muito tempo n\u00e3o \u00e9 prova de for\u00e7a, \u00e9 um pedido silencioso de ajuda do corpo e da mente. Ningu\u00e9m deveria precisar sobreviver \u00e0 pr\u00f3pria vida diariamente para merecer <strong>descanso, dignidade e bem-estar<\/strong>.<\/p>\n\n\n\n<p><\/p>\n","protected":false},"excerpt":{"rendered":"<p>Resolver problemas sem parar, pagar contas no limite e lidar com press\u00f5es di\u00e1rias parece rotina, mas mant\u00e9m o corpo em alerta cont\u00ednuo. Esse cansa\u00e7o que n\u00e3o passa n\u00e3o \u00e9 fraqueza: \u00e9 esgotamento emocional real, gerado por viver tempo demais em modo sobreviv\u00eancia. Por que viver em modo sobreviv\u00eancia esgota tanto a mente? O c\u00e9rebro ativado [&hellip;]<\/p>\n","protected":false},"author":13,"featured_media":137504,"comment_status":"open","ping_status":"open","sticky":false,"template":"","format":"standard","meta":{"jnews-multi-image_gallery":[],"jnews_single_post":{"format":"standard"},"jnews_primary_category":[],"jnews_social_meta":[],"jnews_override_counter":[],"footnotes":""},"categories":[9053],"tags":[13025,20105,410],"class_list":["post-137510","post","type-post","status-publish","format-standard","has-post-thumbnail","hentry","category-saude","tag-esgotamento-emocional","tag-modo-sobrevivencia","tag-saude-mental"],"yoast_head":"<!-- This site is optimized with the Yoast SEO plugin v23.8 - https:\/\/yoast.com\/wordpress\/plugins\/seo\/ -->\n<title>O esgotamento emocional que atinge quem vive em \u201cmodo sobreviv\u00eancia\u201d todos os dias - Estado de Minas - Em foco<\/title>\n<meta name=\"description\" content=\"Esse cansa\u00e7o constante pode ser sinal de esgotamento emocional causado por viver em alerta. Entenda os sinais e como sair desse ciclo.\" \/>\n<meta name=\"robots\" content=\"index, follow, max-snippet:-1, max-image-preview:large, max-video-preview:-1\" \/>\n<link rel=\"canonical\" href=\"https:\/\/www.em.com.br\/emfoco\/2025\/12\/09\/o-esgotamento-emocional-que-atinge-quem-vive-em-modo-sobrevivencia-todos-os-dias\/\" \/>\n<meta property=\"og:locale\" content=\"pt_BR\" \/>\n<meta property=\"og:type\" content=\"article\" \/>\n<meta property=\"og:title\" content=\"O esgotamento emocional que atinge quem vive em \u201cmodo sobreviv\u00eancia\u201d todos os dias - Estado de Minas - Em foco\" \/>\n<meta property=\"og:description\" content=\"Esse cansa\u00e7o constante pode ser sinal de esgotamento emocional causado por viver em alerta. Entenda os sinais e como sair desse ciclo.\" \/>\n<meta property=\"og:url\" content=\"https:\/\/www.em.com.br\/emfoco\/2025\/12\/09\/o-esgotamento-emocional-que-atinge-quem-vive-em-modo-sobrevivencia-todos-os-dias\/\" \/>\n<meta property=\"og:site_name\" content=\"Estado de Minas - Em foco\" \/>\n<meta property=\"article:published_time\" content=\"2025-12-09T18:55:00+00:00\" \/>\n<meta property=\"article:modified_time\" content=\"2025-12-09T02:24:58+00:00\" \/>\n<meta property=\"og:image\" content=\"https:\/\/www.em.com.br\/emfoco\/wp-content\/uploads\/2025\/12\/Esgotamento-emocional-_1765220490399.jpg\" \/>\n\t<meta property=\"og:image:width\" content=\"1280\" \/>\n\t<meta property=\"og:image:height\" content=\"720\" \/>\n\t<meta property=\"og:image:type\" content=\"image\/jpeg\" \/>\n<meta name=\"author\" content=\"Gabriel Martins\" \/>\n<meta name=\"twitter:card\" content=\"summary_large_image\" \/>\n<meta name=\"twitter:label1\" content=\"Escrito por\" \/>\n\t<meta name=\"twitter:data1\" content=\"Gabriel Martins\" \/>\n\t<meta name=\"twitter:label2\" content=\"Est. tempo de leitura\" \/>\n\t<meta name=\"twitter:data2\" content=\"4 minutos\" \/>\n<!-- \/ Yoast SEO plugin. -->","yoast_head_json":{"title":"O esgotamento emocional que atinge quem vive em \u201cmodo sobreviv\u00eancia\u201d todos os dias - Estado de Minas - Em foco","description":"Esse cansa\u00e7o constante pode ser sinal de esgotamento emocional causado por viver em alerta. Entenda os sinais e como sair desse ciclo.","robots":{"index":"index","follow":"follow","max-snippet":"max-snippet:-1","max-image-preview":"max-image-preview:large","max-video-preview":"max-video-preview:-1"},"canonical":"https:\/\/www.em.com.br\/emfoco\/2025\/12\/09\/o-esgotamento-emocional-que-atinge-quem-vive-em-modo-sobrevivencia-todos-os-dias\/","og_locale":"pt_BR","og_type":"article","og_title":"O esgotamento emocional que atinge quem vive em \u201cmodo sobreviv\u00eancia\u201d todos os dias - Estado de Minas - Em foco","og_description":"Esse cansa\u00e7o constante pode ser sinal de esgotamento emocional causado por viver em alerta. Entenda os sinais e como sair desse ciclo.","og_url":"https:\/\/www.em.com.br\/emfoco\/2025\/12\/09\/o-esgotamento-emocional-que-atinge-quem-vive-em-modo-sobrevivencia-todos-os-dias\/","og_site_name":"Estado de Minas - Em foco","article_published_time":"2025-12-09T18:55:00+00:00","article_modified_time":"2025-12-09T02:24:58+00:00","og_image":[{"width":1280,"height":720,"url":"https:\/\/www.em.com.br\/emfoco\/wp-content\/uploads\/2025\/12\/Esgotamento-emocional-_1765220490399.jpg","type":"image\/jpeg"}],"author":"Gabriel Martins","twitter_card":"summary_large_image","twitter_misc":{"Escrito por":"Gabriel Martins","Est. tempo de leitura":"4 minutos"},"schema":{"@context":"https:\/\/schema.org","@graph":[{"@type":"WebPage","@id":"https:\/\/www.em.com.br\/emfoco\/2025\/12\/09\/o-esgotamento-emocional-que-atinge-quem-vive-em-modo-sobrevivencia-todos-os-dias\/","url":"https:\/\/www.em.com.br\/emfoco\/2025\/12\/09\/o-esgotamento-emocional-que-atinge-quem-vive-em-modo-sobrevivencia-todos-os-dias\/","name":"O esgotamento emocional que atinge quem vive em \u201cmodo sobreviv\u00eancia\u201d todos os dias - Estado de Minas - Em foco","isPartOf":{"@id":"https:\/\/www.em.com.br\/emfoco\/#website"},"primaryImageOfPage":{"@id":"https:\/\/www.em.com.br\/emfoco\/2025\/12\/09\/o-esgotamento-emocional-que-atinge-quem-vive-em-modo-sobrevivencia-todos-os-dias\/#primaryimage"},"image":{"@id":"https:\/\/www.em.com.br\/emfoco\/2025\/12\/09\/o-esgotamento-emocional-que-atinge-quem-vive-em-modo-sobrevivencia-todos-os-dias\/#primaryimage"},"thumbnailUrl":"https:\/\/www.em.com.br\/emfoco\/wp-content\/uploads\/2025\/12\/Esgotamento-emocional-_1765220490399.jpg","datePublished":"2025-12-09T18:55:00+00:00","dateModified":"2025-12-09T02:24:58+00:00","author":{"@id":"https:\/\/www.em.com.br\/emfoco\/#\/schema\/person\/1c9ddeab18b98abeffef834667bcf08a"},"description":"Esse cansa\u00e7o constante pode ser sinal de esgotamento emocional causado por viver em alerta. Entenda os sinais e como sair desse ciclo.","breadcrumb":{"@id":"https:\/\/www.em.com.br\/emfoco\/2025\/12\/09\/o-esgotamento-emocional-que-atinge-quem-vive-em-modo-sobrevivencia-todos-os-dias\/#breadcrumb"},"inLanguage":"pt-BR","potentialAction":[{"@type":"ReadAction","target":["https:\/\/www.em.com.br\/emfoco\/2025\/12\/09\/o-esgotamento-emocional-que-atinge-quem-vive-em-modo-sobrevivencia-todos-os-dias\/"]}]},{"@type":"ImageObject","inLanguage":"pt-BR","@id":"https:\/\/www.em.com.br\/emfoco\/2025\/12\/09\/o-esgotamento-emocional-que-atinge-quem-vive-em-modo-sobrevivencia-todos-os-dias\/#primaryimage","url":"https:\/\/www.em.com.br\/emfoco\/wp-content\/uploads\/2025\/12\/Esgotamento-emocional-_1765220490399.jpg","contentUrl":"https:\/\/www.em.com.br\/emfoco\/wp-content\/uploads\/2025\/12\/Esgotamento-emocional-_1765220490399.jpg","width":1280,"height":720,"caption":"Modo sobreviv\u00eancia prolongado desgasta a sa\u00fade emocional e mental - Cr\u00e9ditos: depositphotos.com \/ HayDmitriy"},{"@type":"BreadcrumbList","@id":"https:\/\/www.em.com.br\/emfoco\/2025\/12\/09\/o-esgotamento-emocional-que-atinge-quem-vive-em-modo-sobrevivencia-todos-os-dias\/#breadcrumb","itemListElement":[{"@type":"ListItem","position":1,"name":"In\u00edcio","item":"https:\/\/www.em.com.br\/emfoco\/"},{"@type":"ListItem","position":2,"name":"O esgotamento emocional que atinge quem vive em \u201cmodo sobreviv\u00eancia\u201d todos os dias"}]},{"@type":"WebSite","@id":"https:\/\/www.em.com.br\/emfoco\/#website","url":"https:\/\/www.em.com.br\/emfoco\/","name":"Estado de Minas - Em foco","description":"Acompanhe as \u00faltimas not\u00edcias e fique bem informado sobre tudo o que acontece em Minas Gerais, Brasil e no mundo.","potentialAction":[{"@type":"SearchAction","target":{"@type":"EntryPoint","urlTemplate":"https:\/\/www.em.com.br\/emfoco\/?s={search_term_string}"},"query-input":{"@type":"PropertyValueSpecification","valueRequired":true,"valueName":"search_term_string"}}],"inLanguage":"pt-BR"},{"@type":"Person","@id":"https:\/\/www.em.com.br\/emfoco\/#\/schema\/person\/1c9ddeab18b98abeffef834667bcf08a","name":"Gabriel Martins","image":{"@type":"ImageObject","inLanguage":"pt-BR","@id":"https:\/\/www.em.com.br\/emfoco\/#\/schema\/person\/image\/","url":"https:\/\/secure.gravatar.com\/avatar\/f0f1e2efdfd88f1ad2cb08c5c2731e50?s=96&d=mm&r=g","contentUrl":"https:\/\/secure.gravatar.com\/avatar\/f0f1e2efdfd88f1ad2cb08c5c2731e50?s=96&d=mm&r=g","caption":"Gabriel Martins"},"sameAs":["https:\/\/www.em.com.br\/emfoco\/"],"url":"https:\/\/www.em.com.br\/emfoco\/author\/gabrielmartinsmyth\/"}]}},"_links":{"self":[{"href":"https:\/\/www.em.com.br\/emfoco\/wp-json\/wp\/v2\/posts\/137510","targetHints":{"allow":["GET"]}}],"collection":[{"href":"https:\/\/www.em.com.br\/emfoco\/wp-json\/wp\/v2\/posts"}],"about":[{"href":"https:\/\/www.em.com.br\/emfoco\/wp-json\/wp\/v2\/types\/post"}],"author":[{"embeddable":true,"href":"https:\/\/www.em.com.br\/emfoco\/wp-json\/wp\/v2\/users\/13"}],"replies":[{"embeddable":true,"href":"https:\/\/www.em.com.br\/emfoco\/wp-json\/wp\/v2\/comments?post=137510"}],"version-history":[{"count":2,"href":"https:\/\/www.em.com.br\/emfoco\/wp-json\/wp\/v2\/posts\/137510\/revisions"}],"predecessor-version":[{"id":137725,"href":"https:\/\/www.em.com.br\/emfoco\/wp-json\/wp\/v2\/posts\/137510\/revisions\/137725"}],"wp:featuredmedia":[{"embeddable":true,"href":"https:\/\/www.em.com.br\/emfoco\/wp-json\/wp\/v2\/media\/137504"}],"wp:attachment":[{"href":"https:\/\/www.em.com.br\/emfoco\/wp-json\/wp\/v2\/media?parent=137510"}],"wp:term":[{"taxonomy":"category","embeddable":true,"href":"https:\/\/www.em.com.br\/emfoco\/wp-json\/wp\/v2\/categories?post=137510"},{"taxonomy":"post_tag","embeddable":true,"href":"https:\/\/www.em.com.br\/emfoco\/wp-json\/wp\/v2\/tags?post=137510"}],"curies":[{"name":"wp","href":"https:\/\/api.w.org\/{rel}","templated":true}]}}