{"id":137503,"date":"2025-12-09T21:55:00","date_gmt":"2025-12-10T00:55:00","guid":{"rendered":"https:\/\/www.em.com.br\/emfoco\/?p=137503"},"modified":"2025-12-08T17:41:49","modified_gmt":"2025-12-08T20:41:49","slug":"os-detalhes-do-minha-casa-minha-vida-que-ninguem-te-conta-e-que-aceleram-sua-aprovacao","status":"publish","type":"post","link":"https:\/\/www.em.com.br\/emfoco\/2025\/12\/09\/os-detalhes-do-minha-casa-minha-vida-que-ninguem-te-conta-e-que-aceleram-sua-aprovacao\/","title":{"rendered":"Ajuda do CRAS para fam\u00edlias que perderam renda de repente"},"content":{"rendered":"\n<p>Em diferentes regi\u00f5es do pa\u00eds, muitas fam\u00edlias contam com o apoio do <strong>Centro de Refer\u00eancia de Assist\u00eancia Social <\/strong>(CRAS) para enfrentar dificuldades financeiras tempor\u00e1rias. Em situa\u00e7\u00f5es como perda de renda, doen\u00e7as na fam\u00edlia ou desastres naturais, os chamados\u00a0<strong>benef\u00edcios eventuais do CRAS<\/strong>\u00a0funcionam como ajuda emergencial para reduzir os impactos imediatos da vulnerabilidade social, sem substituir a renda fixa do lar e complementando, em alguns casos, outros programas sociais como o <strong>Bolsa Fam\u00edlia e o BPC<\/strong>.<\/p>\n\n\n\n<h2 class=\"wp-block-heading\">O que s\u00e3o benef\u00edcios eventuais do CRAS e qual sua fun\u00e7\u00e3o na prote\u00e7\u00e3o social<\/h2>\n\n\n<div class=\"wp-block-image\">\n<figure class=\"aligncenter size-large\"><img loading=\"lazy\" decoding=\"async\" width=\"1024\" height=\"576\" src=\"https:\/\/www.em.com.br\/emfoco\/wp-content\/uploads\/2025\/08\/Reais-dinheiro_1754978571159-1024x576.jpg\" alt=\"Crit\u00e9rios e consulta do PIS\/PASEP de forma simples\" class=\"wp-image-90629\" srcset=\"https:\/\/www.em.com.br\/emfoco\/wp-content\/uploads\/2025\/08\/Reais-dinheiro_1754978571159-1024x576.jpg 1024w, https:\/\/www.em.com.br\/emfoco\/wp-content\/uploads\/2025\/08\/Reais-dinheiro_1754978571159-300x169.jpg 300w, https:\/\/www.em.com.br\/emfoco\/wp-content\/uploads\/2025\/08\/Reais-dinheiro_1754978571159-768x432.jpg 768w, https:\/\/www.em.com.br\/emfoco\/wp-content\/uploads\/2025\/08\/Reais-dinheiro_1754978571159-750x422.jpg 750w, https:\/\/www.em.com.br\/emfoco\/wp-content\/uploads\/2025\/08\/Reais-dinheiro_1754978571159-1140x641.jpg 1140w, https:\/\/www.em.com.br\/emfoco\/wp-content\/uploads\/2025\/08\/Reais-dinheiro_1754978571159.jpg 1280w\" sizes=\"auto, (max-width: 1024px) 100vw, 1024px\" \/><figcaption class=\"wp-element-caption\">Apoio do CRAS para fam\u00edlias &#8211; Cr\u00e9ditos: depositphotos.com \/ Krakenimages.com<\/figcaption><\/figure><\/div>\n\n\n<p>Os&nbsp;<strong>benef\u00edcios eventuais do CRAS<\/strong>&nbsp;s\u00e3o formas de apoio financeiro ou em itens essenciais, concedidos em car\u00e1ter tempor\u00e1rio, para fam\u00edlias em situa\u00e7\u00e3o de vulnerabilidade ou risco social. Eles n\u00e3o s\u00e3o pagos todos os meses de forma cont\u00ednua, mas liberados em momentos espec\u00edficos, quando ocorre um imprevisto que compromete a sobreviv\u00eancia ou a dignidade da fam\u00edlia.<\/p>\n\n\n\n<p>Em geral, esses aux\u00edlios emergenciais podem ter diferentes formatos, a depender do munic\u00edpio e da regulamenta\u00e7\u00e3o local. Alguns exemplos comuns s\u00e3o: aux\u00edlio-natalidade, aux\u00edlio-funeral, benef\u00edcio eventual por vulnerabilidade tempor\u00e1ria e aux\u00edlio em situa\u00e7\u00f5es de calamidade p\u00fablica, muitas vezes articulados com outros servi\u00e7os do <strong>Sistema \u00danico de Assist\u00eancia Social<\/strong> (SUAS).<\/p>\n\n\n\n<h2 class=\"wp-block-heading\">Quais s\u00e3o os principais aux\u00edlios emergenciais para fam\u00edlias em vulnerabilidade<\/h2>\n\n\n\n<p>Cada cidade define em lei pr\u00f3pria quais\u00a0<strong>benef\u00edcios eventuais<\/strong>\u00a0ser\u00e3o oferecidos e quais crit\u00e9rios ser\u00e3o usados, seguindo as orienta\u00e7\u00f5es nacionais da assist\u00eancia social. Mesmo assim, alguns tipos de aux\u00edlio emergencial aparecem com frequ\u00eancia em diferentes munic\u00edpios por atenderem necessidades b\u00e1sicas consideradas priorit\u00e1rias. Abaixo, est\u00e3o alguns dos aux\u00edlios emergenciais mais comuns oferecidos pelos munic\u00edpios:<\/p>\n\n\n\n<ul class=\"wp-block-list\">\n<li><strong>Aux\u00edlio-natalidade<\/strong>: voltado para gestantes ou fam\u00edlias com rec\u00e9m-nascidos em situa\u00e7\u00e3o de vulnerabilidade, podendo incluir enxoval b\u00e1sico, itens de higiene ou, em alguns casos, valor em dinheiro ou cart\u00e3o-benef\u00edcio.<\/li>\n\n\n\n<li><strong>Aux\u00edlio-funeral<\/strong>: destinado a fam\u00edlias que n\u00e3o t\u00eam condi\u00e7\u00f5es de arcar com despesas de vel\u00f3rio e sepultamento, podendo cobrir integral ou parcialmente os custos ou ser prestado como servi\u00e7o funer\u00e1rio garantido pelo munic\u00edpio.<\/li>\n\n\n\n<li><strong>Benef\u00edcio eventual por vulnerabilidade tempor\u00e1ria<\/strong>: ajuda financeira ou em bens (como cestas b\u00e1sicas, g\u00e1s ou kits de higiene) para fam\u00edlias que enfrentam perda repentina de renda, desemprego, doen\u00e7a grave ou outras situa\u00e7\u00f5es que comprometam a manuten\u00e7\u00e3o b\u00e1sica do lar.<\/li>\n\n\n\n<li><strong>Aux\u00edlio em situa\u00e7\u00e3o de calamidade p\u00fablica<\/strong>: suporte emergencial para fam\u00edlias atingidas por enchentes, deslizamentos, inc\u00eandios, seca ou outros desastres, podendo envolver abrigo, colch\u00f5es, roupas, alimentos, \u00e1gua pot\u00e1vel e benef\u00edcio financeiro pontual.<\/li>\n<\/ul>\n\n\n\n<p>Leia mais: <a href=\"https:\/\/www.em.com.br\/emfoco\/2025\/12\/07\/como-a-regra-de-estabilidade-mantem-o-seu-bolsa-familia-mesmo-com-emprego-novo\/\" target=\"_blank\" rel=\"noreferrer noopener\">Como a Regra de Estabilidade mant\u00e9m o seu Bolsa Fam\u00edlia mesmo com emprego novo<\/a><\/p>\n\n\n\n<h2 class=\"wp-block-heading\">Como solicitar benef\u00edcios eventuais do CRAS dentro do prazo<\/h2>\n\n\n<div class=\"wp-block-image\">\n<figure class=\"aligncenter size-large\"><img loading=\"lazy\" decoding=\"async\" width=\"1024\" height=\"576\" src=\"https:\/\/www.em.com.br\/emfoco\/wp-content\/uploads\/2025\/10\/notebook_1761125745321-1024x576.jpg\" alt=\"\" class=\"wp-image-121574\" srcset=\"https:\/\/www.em.com.br\/emfoco\/wp-content\/uploads\/2025\/10\/notebook_1761125745321-1024x576.jpg 1024w, https:\/\/www.em.com.br\/emfoco\/wp-content\/uploads\/2025\/10\/notebook_1761125745321-300x169.jpg 300w, https:\/\/www.em.com.br\/emfoco\/wp-content\/uploads\/2025\/10\/notebook_1761125745321-768x432.jpg 768w, https:\/\/www.em.com.br\/emfoco\/wp-content\/uploads\/2025\/10\/notebook_1761125745321-750x422.jpg 750w, https:\/\/www.em.com.br\/emfoco\/wp-content\/uploads\/2025\/10\/notebook_1761125745321-1140x641.jpg 1140w, https:\/\/www.em.com.br\/emfoco\/wp-content\/uploads\/2025\/10\/notebook_1761125745321.jpg 1280w\" sizes=\"auto, (max-width: 1024px) 100vw, 1024px\" \/><figcaption class=\"wp-element-caption\">Apoio do CRAS para fam\u00edlias &#8211; Cr\u00e9ditos: depositphotos.com \/ AndrewLozovyi<\/figcaption><\/figure><\/div>\n\n\n<p>Para acessar os\u00a0<strong><a href=\"https:\/\/www.gov.br\/pt-br\/servicos\/acessar-o-cras-centro-de-referencia-da-assistencia-social\" target=\"_blank\" rel=\"noreferrer noopener\">benef\u00edcios eventuais do CRAS<\/a><\/strong>, o primeiro passo costuma ser o cadastro da fam\u00edlia no <strong>CRAS <\/strong>da \u00e1rea de resid\u00eancia e, na maioria dos munic\u00edpios, a atualiza\u00e7\u00e3o do <strong>Cadastro \u00danico<\/strong> (Cad\u00danico). A equipe t\u00e9cnica analisa a situa\u00e7\u00e3o, verifica se os requisitos est\u00e3o sendo cumpridos e orienta sobre documenta\u00e7\u00e3o, prazos e poss\u00edveis encaminhamentos a outros servi\u00e7os.<\/p>\n\n\n\n<p>De forma geral, o processo envolve contato com o <strong>CRAS <\/strong>de refer\u00eancia, apresenta\u00e7\u00e3o de documentos pessoais e comprovat\u00f3rios, entrevista social e an\u00e1lise t\u00e9cnica conforme as normas municipais. Em muitos casos, a resposta \u00e9 r\u00e1pida, justamente por se tratar de aux\u00edlio emergencial, podendo o benef\u00edcio ser liberado em dinheiro, dep\u00f3sito, cart\u00e3o social, bens materiais ou presta\u00e7\u00e3o de servi\u00e7o.<\/p>\n\n\n\n<p>Leia mais: <a href=\"https:\/\/www.em.com.br\/emfoco\/2025\/12\/07\/como-saber-se-seu-cpf-esta-bloqueando-bolsa-familia-e-outros-beneficios\/\" target=\"_blank\" rel=\"noreferrer noopener\">Como saber se seu CPF est\u00e1 bloqueando Bolsa Fam\u00edlia e outros benef\u00edcios<\/a><\/p>\n\n\n\n<h2 class=\"wp-block-heading\">Quais cuidados ajudam a garantir o acesso aos aux\u00edlios emergenciais<\/h2>\n\n\n\n<p>Para n\u00e3o perder o prazo e garantir o acesso aos\u00a0<strong>aux\u00edlios emergenciais do CRAS<\/strong>, alguns cuidados pr\u00e1ticos s\u00e3o fundamentais no dia a dia da fam\u00edlia. Manter o <strong>Cad\u00danico <\/strong>atualizado \u00e9 um deles, j\u00e1 que muitas pol\u00edticas sociais utilizam esse cadastro como base para comprovar renda, composi\u00e7\u00e3o familiar e endere\u00e7o.<\/p>\n\n\n\n<p>Tamb\u00e9m \u00e9 importante procurar o <strong>CRAS <\/strong>o quanto antes ap\u00f3s o evento que gerou a necessidade do benef\u00edcio, guardar documentos e comprovantes e verificar informa\u00e7\u00f5es oficiais da prefeitura. Ao registrar mudan\u00e7as na situa\u00e7\u00e3o da fam\u00edlia, como altera\u00e7\u00e3o de renda ou de respons\u00e1veis, evita-se atrasos na an\u00e1lise e poss\u00edveis indeferimentos por dados desatualizados.<\/p>\n","protected":false},"excerpt":{"rendered":"<p>Em diferentes regi\u00f5es do pa\u00eds, muitas fam\u00edlias contam com o apoio do Centro de Refer\u00eancia de Assist\u00eancia Social (CRAS) para enfrentar dificuldades financeiras tempor\u00e1rias. Em situa\u00e7\u00f5es como perda de renda, doen\u00e7as na fam\u00edlia ou desastres naturais, os chamados\u00a0benef\u00edcios eventuais do CRAS\u00a0funcionam como ajuda emergencial para reduzir os impactos imediatos da vulnerabilidade social, sem substituir a [&hellip;]<\/p>\n","protected":false},"author":20,"featured_media":0,"comment_status":"open","ping_status":"open","sticky":false,"template":"","format":"standard","meta":{"jnews-multi-image_gallery":[],"jnews_single_post":{"format":"standard"},"jnews_primary_category":[],"jnews_social_meta":[],"jnews_override_counter":[],"footnotes":""},"categories":[28,20108],"tags":[256,757,261],"class_list":["post-137503","post","type-post","status-publish","format-standard","hentry","category-economia","category-noticia","tag-beneficios","tag-cras","tag-renda"],"yoast_head":"<!-- This site is optimized with the Yoast SEO plugin v23.8 - https:\/\/yoast.com\/wordpress\/plugins\/seo\/ -->\n<title>Ajuda do CRAS para fam\u00edlias que perderam renda de repente - Estado de Minas - Em foco<\/title>\n<meta name=\"description\" content=\"Ajuda do CRAS para fam\u00edlias que perderam renda de repente, oferecendo suporte essencial, orienta\u00e7\u00e3o e acesso a benef\u00edcios emergenciais.\" \/>\n<meta name=\"robots\" content=\"index, follow, max-snippet:-1, max-image-preview:large, max-video-preview:-1\" \/>\n<link rel=\"canonical\" href=\"https:\/\/www.em.com.br\/emfoco\/2025\/12\/09\/os-detalhes-do-minha-casa-minha-vida-que-ninguem-te-conta-e-que-aceleram-sua-aprovacao\/\" \/>\n<meta property=\"og:locale\" content=\"pt_BR\" \/>\n<meta property=\"og:type\" content=\"article\" \/>\n<meta property=\"og:title\" content=\"Ajuda do CRAS para fam\u00edlias que perderam renda de repente - Estado de Minas - Em foco\" \/>\n<meta property=\"og:description\" content=\"Ajuda do CRAS para fam\u00edlias que perderam renda de repente, oferecendo suporte essencial, orienta\u00e7\u00e3o e acesso a benef\u00edcios emergenciais.\" \/>\n<meta property=\"og:url\" content=\"https:\/\/www.em.com.br\/emfoco\/2025\/12\/09\/os-detalhes-do-minha-casa-minha-vida-que-ninguem-te-conta-e-que-aceleram-sua-aprovacao\/\" \/>\n<meta property=\"og:site_name\" content=\"Estado de Minas - Em foco\" \/>\n<meta property=\"article:published_time\" content=\"2025-12-10T00:55:00+00:00\" \/>\n<meta property=\"article:modified_time\" content=\"2025-12-08T20:41:49+00:00\" \/>\n<meta property=\"og:image\" content=\"https:\/\/www.em.com.br\/emfoco\/wp-content\/uploads\/2025\/12\/imagem_2025-11-23_162306473-e1764786984436-1024x576.png\" \/>\n\t<meta property=\"og:image:width\" content=\"1024\" \/>\n\t<meta property=\"og:image:height\" content=\"576\" \/>\n\t<meta property=\"og:image:type\" content=\"image\/png\" \/>\n<meta name=\"author\" content=\"Ingrid Diniz\" \/>\n<meta name=\"twitter:card\" content=\"summary_large_image\" \/>\n<meta name=\"twitter:label1\" content=\"Escrito por\" \/>\n\t<meta name=\"twitter:data1\" content=\"Ingrid Diniz\" \/>\n\t<meta name=\"twitter:label2\" content=\"Est. tempo de leitura\" \/>\n\t<meta name=\"twitter:data2\" content=\"4 minutos\" \/>\n<!-- \/ Yoast SEO plugin. -->","yoast_head_json":{"title":"Ajuda do CRAS para fam\u00edlias que perderam renda de repente - Estado de Minas - Em foco","description":"Ajuda do CRAS para fam\u00edlias que perderam renda de repente, oferecendo suporte essencial, orienta\u00e7\u00e3o e acesso a benef\u00edcios emergenciais.","robots":{"index":"index","follow":"follow","max-snippet":"max-snippet:-1","max-image-preview":"max-image-preview:large","max-video-preview":"max-video-preview:-1"},"canonical":"https:\/\/www.em.com.br\/emfoco\/2025\/12\/09\/os-detalhes-do-minha-casa-minha-vida-que-ninguem-te-conta-e-que-aceleram-sua-aprovacao\/","og_locale":"pt_BR","og_type":"article","og_title":"Ajuda do CRAS para fam\u00edlias que perderam renda de repente - Estado de Minas - Em foco","og_description":"Ajuda do CRAS para fam\u00edlias que perderam renda de repente, oferecendo suporte essencial, orienta\u00e7\u00e3o e acesso a benef\u00edcios emergenciais.","og_url":"https:\/\/www.em.com.br\/emfoco\/2025\/12\/09\/os-detalhes-do-minha-casa-minha-vida-que-ninguem-te-conta-e-que-aceleram-sua-aprovacao\/","og_site_name":"Estado de Minas - Em foco","article_published_time":"2025-12-10T00:55:00+00:00","article_modified_time":"2025-12-08T20:41:49+00:00","og_image":[{"width":1024,"height":576,"url":"https:\/\/www.em.com.br\/emfoco\/wp-content\/uploads\/2025\/12\/imagem_2025-11-23_162306473-e1764786984436-1024x576.png","type":"image\/png"}],"author":"Ingrid Diniz","twitter_card":"summary_large_image","twitter_misc":{"Escrito por":"Ingrid Diniz","Est. tempo de leitura":"4 minutos"},"schema":{"@context":"https:\/\/schema.org","@graph":[{"@type":"WebPage","@id":"https:\/\/www.em.com.br\/emfoco\/2025\/12\/09\/os-detalhes-do-minha-casa-minha-vida-que-ninguem-te-conta-e-que-aceleram-sua-aprovacao\/","url":"https:\/\/www.em.com.br\/emfoco\/2025\/12\/09\/os-detalhes-do-minha-casa-minha-vida-que-ninguem-te-conta-e-que-aceleram-sua-aprovacao\/","name":"Ajuda do CRAS para fam\u00edlias que perderam renda de repente - Estado de Minas - Em foco","isPartOf":{"@id":"https:\/\/www.em.com.br\/emfoco\/#website"},"primaryImageOfPage":{"@id":"https:\/\/www.em.com.br\/emfoco\/2025\/12\/09\/os-detalhes-do-minha-casa-minha-vida-que-ninguem-te-conta-e-que-aceleram-sua-aprovacao\/#primaryimage"},"image":{"@id":"https:\/\/www.em.com.br\/emfoco\/2025\/12\/09\/os-detalhes-do-minha-casa-minha-vida-que-ninguem-te-conta-e-que-aceleram-sua-aprovacao\/#primaryimage"},"thumbnailUrl":"https:\/\/www.em.com.br\/emfoco\/wp-content\/uploads\/2025\/08\/Reais-dinheiro_1754978571159-1024x576.jpg","datePublished":"2025-12-10T00:55:00+00:00","dateModified":"2025-12-08T20:41:49+00:00","author":{"@id":"https:\/\/www.em.com.br\/emfoco\/#\/schema\/person\/649e610b4eb8fff87ff394e54fe17b2b"},"description":"Ajuda do CRAS para fam\u00edlias que perderam renda de repente, oferecendo suporte essencial, orienta\u00e7\u00e3o e acesso a benef\u00edcios emergenciais.","breadcrumb":{"@id":"https:\/\/www.em.com.br\/emfoco\/2025\/12\/09\/os-detalhes-do-minha-casa-minha-vida-que-ninguem-te-conta-e-que-aceleram-sua-aprovacao\/#breadcrumb"},"inLanguage":"pt-BR","potentialAction":[{"@type":"ReadAction","target":["https:\/\/www.em.com.br\/emfoco\/2025\/12\/09\/os-detalhes-do-minha-casa-minha-vida-que-ninguem-te-conta-e-que-aceleram-sua-aprovacao\/"]}]},{"@type":"ImageObject","inLanguage":"pt-BR","@id":"https:\/\/www.em.com.br\/emfoco\/2025\/12\/09\/os-detalhes-do-minha-casa-minha-vida-que-ninguem-te-conta-e-que-aceleram-sua-aprovacao\/#primaryimage","url":"https:\/\/www.em.com.br\/emfoco\/wp-content\/uploads\/2025\/08\/Reais-dinheiro_1754978571159.jpg","contentUrl":"https:\/\/www.em.com.br\/emfoco\/wp-content\/uploads\/2025\/08\/Reais-dinheiro_1754978571159.jpg","width":1280,"height":720,"caption":"Identidade como base das mudan\u00e7as em 2026 - Cr\u00e9ditos: depositphotos.com \/ Krakenimages.com"},{"@type":"BreadcrumbList","@id":"https:\/\/www.em.com.br\/emfoco\/2025\/12\/09\/os-detalhes-do-minha-casa-minha-vida-que-ninguem-te-conta-e-que-aceleram-sua-aprovacao\/#breadcrumb","itemListElement":[{"@type":"ListItem","position":1,"name":"In\u00edcio","item":"https:\/\/www.em.com.br\/emfoco\/"},{"@type":"ListItem","position":2,"name":"Ajuda do CRAS para fam\u00edlias que perderam renda de repente"}]},{"@type":"WebSite","@id":"https:\/\/www.em.com.br\/emfoco\/#website","url":"https:\/\/www.em.com.br\/emfoco\/","name":"Estado de Minas - Em foco","description":"Acompanhe as \u00faltimas not\u00edcias e fique bem informado sobre tudo o que acontece em Minas Gerais, Brasil e no mundo.","potentialAction":[{"@type":"SearchAction","target":{"@type":"EntryPoint","urlTemplate":"https:\/\/www.em.com.br\/emfoco\/?s={search_term_string}"},"query-input":{"@type":"PropertyValueSpecification","valueRequired":true,"valueName":"search_term_string"}}],"inLanguage":"pt-BR"},{"@type":"Person","@id":"https:\/\/www.em.com.br\/emfoco\/#\/schema\/person\/649e610b4eb8fff87ff394e54fe17b2b","name":"Ingrid Diniz","image":{"@type":"ImageObject","inLanguage":"pt-BR","@id":"https:\/\/www.em.com.br\/emfoco\/#\/schema\/person\/image\/","url":"https:\/\/secure.gravatar.com\/avatar\/a3baa1449ec5c39b4c42babc9d4f3951?s=96&d=mm&r=g","contentUrl":"https:\/\/secure.gravatar.com\/avatar\/a3baa1449ec5c39b4c42babc9d4f3951?s=96&d=mm&r=g","caption":"Ingrid Diniz"},"sameAs":["https:\/\/www.em.com.br\/"],"url":"https:\/\/www.em.com.br\/emfoco\/author\/ingridmyth\/"}]}},"_links":{"self":[{"href":"https:\/\/www.em.com.br\/emfoco\/wp-json\/wp\/v2\/posts\/137503","targetHints":{"allow":["GET"]}}],"collection":[{"href":"https:\/\/www.em.com.br\/emfoco\/wp-json\/wp\/v2\/posts"}],"about":[{"href":"https:\/\/www.em.com.br\/emfoco\/wp-json\/wp\/v2\/types\/post"}],"author":[{"embeddable":true,"href":"https:\/\/www.em.com.br\/emfoco\/wp-json\/wp\/v2\/users\/20"}],"replies":[{"embeddable":true,"href":"https:\/\/www.em.com.br\/emfoco\/wp-json\/wp\/v2\/comments?post=137503"}],"version-history":[{"count":3,"href":"https:\/\/www.em.com.br\/emfoco\/wp-json\/wp\/v2\/posts\/137503\/revisions"}],"predecessor-version":[{"id":137556,"href":"https:\/\/www.em.com.br\/emfoco\/wp-json\/wp\/v2\/posts\/137503\/revisions\/137556"}],"wp:attachment":[{"href":"https:\/\/www.em.com.br\/emfoco\/wp-json\/wp\/v2\/media?parent=137503"}],"wp:term":[{"taxonomy":"category","embeddable":true,"href":"https:\/\/www.em.com.br\/emfoco\/wp-json\/wp\/v2\/categories?post=137503"},{"taxonomy":"post_tag","embeddable":true,"href":"https:\/\/www.em.com.br\/emfoco\/wp-json\/wp\/v2\/tags?post=137503"}],"curies":[{"name":"wp","href":"https:\/\/api.w.org\/{rel}","templated":true}]}}