{"id":137451,"date":"2025-12-09T19:05:00","date_gmt":"2025-12-09T22:05:00","guid":{"rendered":"https:\/\/www.em.com.br\/emfoco\/?p=137451"},"modified":"2025-12-08T22:02:16","modified_gmt":"2025-12-09T01:02:16","slug":"os-detalhes-do-minha-casa-minha-vida-que-ninguem-te-conta-e-que-aceleram-sua-aprovacao-2","status":"publish","type":"post","link":"https:\/\/www.em.com.br\/emfoco\/2025\/12\/09\/os-detalhes-do-minha-casa-minha-vida-que-ninguem-te-conta-e-que-aceleram-sua-aprovacao-2\/","title":{"rendered":"Os detalhes do Minha Casa Minha Vida que ningu\u00e9m te conta e que aceleram sua aprova\u00e7\u00e3o"},"content":{"rendered":"\n<p>O <strong>Minha Casa Minha Vida<\/strong> segue como a principal pol\u00edtica habitacional voltada a fam\u00edlias de baixa renda. Com novas regras, integra\u00e7\u00e3o ao <strong>Cad\u00danico <\/strong>e atualiza\u00e7\u00e3o das faixas, o processo exige aten\u00e7\u00e3o para evitar erros que atrasam a sele\u00e7\u00e3o ou anulam o cadastro.<\/p>\n\n\n\n<h2 class=\"wp-block-heading\">Faixas de renda do Minha Casa Minha Vida em 2025<\/h2>\n\n\n<div class=\"wp-block-image\">\n<figure class=\"aligncenter size-large\"><img loading=\"lazy\" decoding=\"async\" width=\"1024\" height=\"576\" src=\"https:\/\/www.em.com.br\/emfoco\/wp-content\/uploads\/2025\/08\/carteira-idoso_1754130192810-1024x576.jpg\" alt=\"Assembleia analisa projeto que prev\u00ea uso de im\u00f3veis de Minas Gerais para pagar d\u00edvidas\" class=\"wp-image-85838\" srcset=\"https:\/\/www.em.com.br\/emfoco\/wp-content\/uploads\/2025\/08\/carteira-idoso_1754130192810-1024x576.jpg 1024w, https:\/\/www.em.com.br\/emfoco\/wp-content\/uploads\/2025\/08\/carteira-idoso_1754130192810-300x169.jpg 300w, https:\/\/www.em.com.br\/emfoco\/wp-content\/uploads\/2025\/08\/carteira-idoso_1754130192810-768x432.jpg 768w, https:\/\/www.em.com.br\/emfoco\/wp-content\/uploads\/2025\/08\/carteira-idoso_1754130192810-750x422.jpg 750w, https:\/\/www.em.com.br\/emfoco\/wp-content\/uploads\/2025\/08\/carteira-idoso_1754130192810-1140x641.jpg 1140w, https:\/\/www.em.com.br\/emfoco\/wp-content\/uploads\/2025\/08\/carteira-idoso_1754130192810.jpg 1280w\" sizes=\"auto, (max-width: 1024px) 100vw, 1024px\" \/><figcaption class=\"wp-element-caption\">Detalhes que aceleram a aprova\u00e7\u00e3o no MCMV &#8211; Cr\u00e9ditos: depositphotos.com \/ inxti74<\/figcaption><\/figure><\/div>\n\n\n<p>O programa organiza o atendimento por faixas de renda familiar bruta mensal, que definem subs\u00eddio, juros e condi\u00e7\u00f5es de financiamento. Quanto menor a renda, maior o apoio governamental.<\/p>\n\n\n\n<p><strong>Estrutura das faixas:<\/strong><\/p>\n\n\n\n<ul class=\"wp-block-list\">\n<li><strong>Faixa 1:<\/strong> fam\u00edlias em maior vulnerabilidade socioecon\u00f4mica.<\/li>\n\n\n\n<li><strong>Faixa 2:<\/strong> renda intermedi\u00e1ria com subs\u00eddio parcial.<\/li>\n\n\n\n<li><strong>Faixa 3:<\/strong> renda mais alta dentro do p\u00fablico-alvo, com juros reduzidos.<\/li>\n<\/ul>\n\n\n\n<p>Tabela simples das faixas:<\/p>\n\n\n\n<figure class=\"wp-block-table\"><table class=\"has-fixed-layout\"><thead><tr><th>Faixa<\/th><th>Perfil do p\u00fablico<\/th><th>Tipo de apoio<\/th><\/tr><\/thead><tbody><tr><td>Faixa 1<\/td><td>Menor renda, alta vulnerabilidade<\/td><td>Maior subs\u00eddio e parcelas reduzidas<\/td><\/tr><tr><td>Faixa 2<\/td><td>Renda intermedi\u00e1ria<\/td><td>Subs\u00eddio parcial + financiamento facilitado<\/td><\/tr><tr><td>Faixa 3<\/td><td>Renda mais alta dentro do limite<\/td><td>Juros reduzidos<\/td><\/tr><\/tbody><\/table><\/figure>\n\n\n\n<hr class=\"wp-block-separator has-alpha-channel-opacity\"\/>\n\n\n\n<h2 class=\"wp-block-heading\">Requisitos principais para participar do Minha Casa Minha Vida<\/h2>\n\n\n\n<p>O programa prioriza fam\u00edlias sem im\u00f3vel pr\u00f3prio e em vulnerabilidade habitacional. Os crit\u00e9rios impedem fraudes e duplicidade de benef\u00edcios.<\/p>\n\n\n\n<p><strong>Regras b\u00e1sicas:<\/strong><\/p>\n\n\n\n<ul class=\"wp-block-list\">\n<li>N\u00e3o possuir im\u00f3vel pr\u00f3prio.<\/li>\n\n\n\n<li>Estar na faixa de renda adequada.<\/li>\n\n\n\n<li>Morar ou trabalhar na regi\u00e3o do empreendimento.<\/li>\n\n\n\n<li>Cadastro \u00danico atualizado.<\/li>\n<\/ul>\n\n\n\n<p><strong>Crit\u00e9rios de prioriza\u00e7\u00e3o:<\/strong><\/p>\n\n\n\n<ul class=\"wp-block-list\">\n<li>Fam\u00edlias chefiadas por mulheres.<\/li>\n\n\n\n<li>Pessoas com defici\u00eancia.<\/li>\n\n\n\n<li>Moradores de \u00e1reas de risco.<\/li>\n\n\n\n<li>Popula\u00e7\u00e3o em situa\u00e7\u00e3o de rua.<\/li>\n<\/ul>\n\n\n\n<p>Leia mais: <a href=\"https:\/\/www.em.com.br\/emfoco\/2025\/12\/08\/como-evitar-que-mosquitinhos-dominem-sua-casa-durante-o-calor-do-verao\/\" target=\"_blank\" rel=\"noreferrer noopener\">Como evitar que mosquitinhos dominem sua casa durante o calor do ver\u00e3o<\/a><\/p>\n\n\n\n<h2 class=\"wp-block-heading\">Como acelerar a inscri\u00e7\u00e3o no Cad\u00danico sem erros<\/h2>\n\n\n<div class=\"wp-block-image\">\n<figure class=\"aligncenter size-large\"><img loading=\"lazy\" decoding=\"async\" width=\"1024\" height=\"576\" src=\"https:\/\/www.em.com.br\/emfoco\/wp-content\/uploads\/2025\/11\/casa-brasil_1761155391984-1024x576.jpg\" alt=\"Como solicitar o Minha Casa, Minha Vida e evitar reprova\u00e7\u00e3o na an\u00e1lise\" class=\"wp-image-122318\" srcset=\"https:\/\/www.em.com.br\/emfoco\/wp-content\/uploads\/2025\/11\/casa-brasil_1761155391984-1024x576.jpg 1024w, https:\/\/www.em.com.br\/emfoco\/wp-content\/uploads\/2025\/11\/casa-brasil_1761155391984-300x169.jpg 300w, https:\/\/www.em.com.br\/emfoco\/wp-content\/uploads\/2025\/11\/casa-brasil_1761155391984-768x432.jpg 768w, https:\/\/www.em.com.br\/emfoco\/wp-content\/uploads\/2025\/11\/casa-brasil_1761155391984-750x422.jpg 750w, https:\/\/www.em.com.br\/emfoco\/wp-content\/uploads\/2025\/11\/casa-brasil_1761155391984-1140x641.jpg 1140w, https:\/\/www.em.com.br\/emfoco\/wp-content\/uploads\/2025\/11\/casa-brasil_1761155391984.jpg 1280w\" sizes=\"auto, (max-width: 1024px) 100vw, 1024px\" \/><figcaption class=\"wp-element-caption\">Detalhes que aceleram a aprova\u00e7\u00e3o no MCMV &#8211; Cr\u00e9ditos: depositphotos.com \/ nikkytok<\/figcaption><\/figure><\/div>\n\n\n<p>O <strong>Cad\u00danico <\/strong>\u00e9 a principal base de an\u00e1lise do <strong>Minha Casa Minha Vida<\/strong>. Qualquer inconsist\u00eancia trava o processo. Seguir alguns cuidados reduz erros e agiliza a sele\u00e7\u00e3o.<\/p>\n\n\n\n<p>Organiza\u00e7\u00e3o antes da atualiza\u00e7\u00e3o:<\/p>\n\n\n\n<ul class=\"wp-block-list\">\n<li><strong>Documentos essenciais:<\/strong> RG ou CNH, CPF de todos, comprovante de endere\u00e7o, comprovantes de renda ou declara\u00e7\u00e3o de informalidade.<\/li>\n\n\n\n<li><strong>Respons\u00e1vel familiar:<\/strong> pessoa de 16 anos ou mais, preferencialmente mulher, que conhe\u00e7a renda e informa\u00e7\u00f5es completas da fam\u00edlia.<\/li>\n\n\n\n<li><strong>Renda declarada com clareza:<\/strong> incluir bicos, servi\u00e7os informais e ganhos vari\u00e1veis. Omiss\u00e3o gera diverg\u00eancia; exagero pode colocar a fam\u00edlia em faixa errada.<\/li>\n\n\n\n<li><strong>Atualiza\u00e7\u00e3o cont\u00ednua:<\/strong> revisar dados a cada altera\u00e7\u00e3o relevante ou no m\u00e1ximo a cada dois anos.<\/li>\n<\/ul>\n\n\n\n<p>Leia mais: <a href=\"https:\/\/www.em.com.br\/emfoco\/2025\/12\/08\/como-escolher-a-cortina-ideal-para-bloquear-calor-sem-escurecer-a-casa\/\" target=\"_blank\" rel=\"noreferrer noopener\">Como escolher a cortina ideal para bloquear calor sem escurecer a casa<\/a><\/p>\n\n\n\n<h2 class=\"wp-block-heading\">Como usar o Cad\u00danico a favor do Minha Casa Minha Vida<\/h2>\n\n\n\n<p>Depois de regularizar o <strong>Cad\u00danico<\/strong>, a sele\u00e7\u00e3o fica mais r\u00e1pida, pois os sistemas cruzam dados automaticamente. Informa\u00e7\u00e3o coerente evita bloqueios e pedidos de corre\u00e7\u00e3o.<\/p>\n\n\n\n<p><strong>Roteiro pr\u00e1tico para n\u00e3o errar:<\/strong><\/p>\n\n\n\n<ol class=\"wp-block-list\">\n<li>Verificar editais e chamamentos habitacionais do munic\u00edpio, estado ou <strong>Caixa<\/strong>.<\/li>\n\n\n\n<li>Conferir se a renda registrada no <strong>Cad\u00danico <\/strong>est\u00e1 compat\u00edvel com a faixa do empreendimento.<\/li>\n\n\n\n<li>Atualizar qualquer detalhe antes de enviar a inscri\u00e7\u00e3o.<\/li>\n\n\n\n<li>Guardar protocolos e documentos usados no cadastro.<\/li>\n\n\n\n<li>Acompanhar o andamento da sele\u00e7\u00e3o nos canais oficiais indicados.<\/li>\n<\/ol>\n","protected":false},"excerpt":{"rendered":"<p>O Minha Casa Minha Vida segue como a principal pol\u00edtica habitacional voltada a fam\u00edlias de baixa renda. Com novas regras, integra\u00e7\u00e3o ao Cad\u00danico e atualiza\u00e7\u00e3o das faixas, o processo exige aten\u00e7\u00e3o para evitar erros que atrasam a sele\u00e7\u00e3o ou anulam o cadastro. Faixas de renda do Minha Casa Minha Vida em 2025 O programa organiza [&hellip;]<\/p>\n","protected":false},"author":20,"featured_media":55242,"comment_status":"open","ping_status":"open","sticky":false,"template":"","format":"standard","meta":{"jnews-multi-image_gallery":[],"jnews_single_post":{"format":"standard"},"jnews_primary_category":[],"jnews_social_meta":[],"jnews_override_counter":[],"footnotes":""},"categories":[28,1],"tags":[782,1217,2204],"class_list":["post-137451","post","type-post","status-publish","format-standard","has-post-thumbnail","hentry","category-economia","category-noticias","tag-782","tag-habitacao","tag-minha-casa-minha-vida"],"yoast_head":"<!-- This site is optimized with the Yoast SEO plugin v23.8 - https:\/\/yoast.com\/wordpress\/plugins\/seo\/ -->\n<title>Os detalhes do Minha Casa Minha Vida que ningu\u00e9m te conta e que aceleram sua aprova\u00e7\u00e3o - Estado de Minas - Em foco<\/title>\n<meta name=\"description\" content=\"Detalhes do Minha Casa Minha Vida que ningu\u00e9m conta e que aceleram sua aprova\u00e7\u00e3o, ajudando a evitar erros e aumentar suas chances no processo.\" \/>\n<meta name=\"robots\" content=\"index, follow, max-snippet:-1, max-image-preview:large, max-video-preview:-1\" \/>\n<link rel=\"canonical\" href=\"https:\/\/www.em.com.br\/emfoco\/2025\/12\/09\/os-detalhes-do-minha-casa-minha-vida-que-ninguem-te-conta-e-que-aceleram-sua-aprovacao-2\/\" \/>\n<meta property=\"og:locale\" content=\"pt_BR\" \/>\n<meta property=\"og:type\" content=\"article\" \/>\n<meta property=\"og:title\" content=\"Os detalhes do Minha Casa Minha Vida que ningu\u00e9m te conta e que aceleram sua aprova\u00e7\u00e3o - Estado de Minas - Em foco\" \/>\n<meta property=\"og:description\" content=\"Detalhes do Minha Casa Minha Vida que ningu\u00e9m conta e que aceleram sua aprova\u00e7\u00e3o, ajudando a evitar erros e aumentar suas chances no processo.\" \/>\n<meta property=\"og:url\" content=\"https:\/\/www.em.com.br\/emfoco\/2025\/12\/09\/os-detalhes-do-minha-casa-minha-vida-que-ninguem-te-conta-e-que-aceleram-sua-aprovacao-2\/\" \/>\n<meta property=\"og:site_name\" content=\"Estado de Minas - Em foco\" \/>\n<meta property=\"article:published_time\" content=\"2025-12-09T22:05:00+00:00\" \/>\n<meta property=\"article:modified_time\" content=\"2025-12-09T01:02:16+00:00\" \/>\n<meta property=\"og:image\" content=\"https:\/\/www.em.com.br\/emfoco\/wp-content\/uploads\/2025\/06\/casa_1749001999002.jpg\" \/>\n\t<meta property=\"og:image:width\" content=\"1280\" \/>\n\t<meta property=\"og:image:height\" content=\"720\" \/>\n\t<meta property=\"og:image:type\" content=\"image\/jpeg\" \/>\n<meta name=\"author\" content=\"Ingrid Diniz\" \/>\n<meta name=\"twitter:card\" content=\"summary_large_image\" \/>\n<meta name=\"twitter:label1\" content=\"Escrito por\" \/>\n\t<meta name=\"twitter:data1\" content=\"Ingrid Diniz\" \/>\n\t<meta name=\"twitter:label2\" content=\"Est. tempo de leitura\" \/>\n\t<meta name=\"twitter:data2\" content=\"4 minutos\" \/>\n<!-- \/ Yoast SEO plugin. -->","yoast_head_json":{"title":"Os detalhes do Minha Casa Minha Vida que ningu\u00e9m te conta e que aceleram sua aprova\u00e7\u00e3o - Estado de Minas - Em foco","description":"Detalhes do Minha Casa Minha Vida que ningu\u00e9m conta e que aceleram sua aprova\u00e7\u00e3o, ajudando a evitar erros e aumentar suas chances no processo.","robots":{"index":"index","follow":"follow","max-snippet":"max-snippet:-1","max-image-preview":"max-image-preview:large","max-video-preview":"max-video-preview:-1"},"canonical":"https:\/\/www.em.com.br\/emfoco\/2025\/12\/09\/os-detalhes-do-minha-casa-minha-vida-que-ninguem-te-conta-e-que-aceleram-sua-aprovacao-2\/","og_locale":"pt_BR","og_type":"article","og_title":"Os detalhes do Minha Casa Minha Vida que ningu\u00e9m te conta e que aceleram sua aprova\u00e7\u00e3o - Estado de Minas - Em foco","og_description":"Detalhes do Minha Casa Minha Vida que ningu\u00e9m conta e que aceleram sua aprova\u00e7\u00e3o, ajudando a evitar erros e aumentar suas chances no processo.","og_url":"https:\/\/www.em.com.br\/emfoco\/2025\/12\/09\/os-detalhes-do-minha-casa-minha-vida-que-ninguem-te-conta-e-que-aceleram-sua-aprovacao-2\/","og_site_name":"Estado de Minas - Em foco","article_published_time":"2025-12-09T22:05:00+00:00","article_modified_time":"2025-12-09T01:02:16+00:00","og_image":[{"width":1280,"height":720,"url":"https:\/\/www.em.com.br\/emfoco\/wp-content\/uploads\/2025\/06\/casa_1749001999002.jpg","type":"image\/jpeg"}],"author":"Ingrid Diniz","twitter_card":"summary_large_image","twitter_misc":{"Escrito por":"Ingrid Diniz","Est. tempo de leitura":"4 minutos"},"schema":{"@context":"https:\/\/schema.org","@graph":[{"@type":"WebPage","@id":"https:\/\/www.em.com.br\/emfoco\/2025\/12\/09\/os-detalhes-do-minha-casa-minha-vida-que-ninguem-te-conta-e-que-aceleram-sua-aprovacao-2\/","url":"https:\/\/www.em.com.br\/emfoco\/2025\/12\/09\/os-detalhes-do-minha-casa-minha-vida-que-ninguem-te-conta-e-que-aceleram-sua-aprovacao-2\/","name":"Os detalhes do Minha Casa Minha Vida que ningu\u00e9m te conta e que aceleram sua aprova\u00e7\u00e3o - Estado de Minas - Em foco","isPartOf":{"@id":"https:\/\/www.em.com.br\/emfoco\/#website"},"primaryImageOfPage":{"@id":"https:\/\/www.em.com.br\/emfoco\/2025\/12\/09\/os-detalhes-do-minha-casa-minha-vida-que-ninguem-te-conta-e-que-aceleram-sua-aprovacao-2\/#primaryimage"},"image":{"@id":"https:\/\/www.em.com.br\/emfoco\/2025\/12\/09\/os-detalhes-do-minha-casa-minha-vida-que-ninguem-te-conta-e-que-aceleram-sua-aprovacao-2\/#primaryimage"},"thumbnailUrl":"https:\/\/www.em.com.br\/emfoco\/wp-content\/uploads\/2025\/06\/casa_1749001999002.jpg","datePublished":"2025-12-09T22:05:00+00:00","dateModified":"2025-12-09T01:02:16+00:00","author":{"@id":"https:\/\/www.em.com.br\/emfoco\/#\/schema\/person\/649e610b4eb8fff87ff394e54fe17b2b"},"description":"Detalhes do Minha Casa Minha Vida que ningu\u00e9m conta e que aceleram sua aprova\u00e7\u00e3o, ajudando a evitar erros e aumentar suas chances no processo.","breadcrumb":{"@id":"https:\/\/www.em.com.br\/emfoco\/2025\/12\/09\/os-detalhes-do-minha-casa-minha-vida-que-ninguem-te-conta-e-que-aceleram-sua-aprovacao-2\/#breadcrumb"},"inLanguage":"pt-BR","potentialAction":[{"@type":"ReadAction","target":["https:\/\/www.em.com.br\/emfoco\/2025\/12\/09\/os-detalhes-do-minha-casa-minha-vida-que-ninguem-te-conta-e-que-aceleram-sua-aprovacao-2\/"]}]},{"@type":"ImageObject","inLanguage":"pt-BR","@id":"https:\/\/www.em.com.br\/emfoco\/2025\/12\/09\/os-detalhes-do-minha-casa-minha-vida-que-ninguem-te-conta-e-que-aceleram-sua-aprovacao-2\/#primaryimage","url":"https:\/\/www.em.com.br\/emfoco\/wp-content\/uploads\/2025\/06\/casa_1749001999002.jpg","contentUrl":"https:\/\/www.em.com.br\/emfoco\/wp-content\/uploads\/2025\/06\/casa_1749001999002.jpg","width":1280,"height":720,"caption":"Detalhes que aceleram a aprova\u00e7\u00e3o no MCMV - Cr\u00e9ditos: depositphotos.com \/ alebloshka"},{"@type":"BreadcrumbList","@id":"https:\/\/www.em.com.br\/emfoco\/2025\/12\/09\/os-detalhes-do-minha-casa-minha-vida-que-ninguem-te-conta-e-que-aceleram-sua-aprovacao-2\/#breadcrumb","itemListElement":[{"@type":"ListItem","position":1,"name":"In\u00edcio","item":"https:\/\/www.em.com.br\/emfoco\/"},{"@type":"ListItem","position":2,"name":"Os detalhes do Minha Casa Minha Vida que ningu\u00e9m te conta e que aceleram sua aprova\u00e7\u00e3o"}]},{"@type":"WebSite","@id":"https:\/\/www.em.com.br\/emfoco\/#website","url":"https:\/\/www.em.com.br\/emfoco\/","name":"Estado de Minas - Em foco","description":"Acompanhe as \u00faltimas not\u00edcias e fique bem informado sobre tudo o que acontece em Minas Gerais, Brasil e no mundo.","potentialAction":[{"@type":"SearchAction","target":{"@type":"EntryPoint","urlTemplate":"https:\/\/www.em.com.br\/emfoco\/?s={search_term_string}"},"query-input":{"@type":"PropertyValueSpecification","valueRequired":true,"valueName":"search_term_string"}}],"inLanguage":"pt-BR"},{"@type":"Person","@id":"https:\/\/www.em.com.br\/emfoco\/#\/schema\/person\/649e610b4eb8fff87ff394e54fe17b2b","name":"Ingrid Diniz","image":{"@type":"ImageObject","inLanguage":"pt-BR","@id":"https:\/\/www.em.com.br\/emfoco\/#\/schema\/person\/image\/","url":"https:\/\/secure.gravatar.com\/avatar\/a3baa1449ec5c39b4c42babc9d4f3951?s=96&d=mm&r=g","contentUrl":"https:\/\/secure.gravatar.com\/avatar\/a3baa1449ec5c39b4c42babc9d4f3951?s=96&d=mm&r=g","caption":"Ingrid Diniz"},"sameAs":["https:\/\/www.em.com.br\/"],"url":"https:\/\/www.em.com.br\/emfoco\/author\/ingridmyth\/"}]}},"_links":{"self":[{"href":"https:\/\/www.em.com.br\/emfoco\/wp-json\/wp\/v2\/posts\/137451","targetHints":{"allow":["GET"]}}],"collection":[{"href":"https:\/\/www.em.com.br\/emfoco\/wp-json\/wp\/v2\/posts"}],"about":[{"href":"https:\/\/www.em.com.br\/emfoco\/wp-json\/wp\/v2\/types\/post"}],"author":[{"embeddable":true,"href":"https:\/\/www.em.com.br\/emfoco\/wp-json\/wp\/v2\/users\/20"}],"replies":[{"embeddable":true,"href":"https:\/\/www.em.com.br\/emfoco\/wp-json\/wp\/v2\/comments?post=137451"}],"version-history":[{"count":1,"href":"https:\/\/www.em.com.br\/emfoco\/wp-json\/wp\/v2\/posts\/137451\/revisions"}],"predecessor-version":[{"id":137682,"href":"https:\/\/www.em.com.br\/emfoco\/wp-json\/wp\/v2\/posts\/137451\/revisions\/137682"}],"wp:featuredmedia":[{"embeddable":true,"href":"https:\/\/www.em.com.br\/emfoco\/wp-json\/wp\/v2\/media\/55242"}],"wp:attachment":[{"href":"https:\/\/www.em.com.br\/emfoco\/wp-json\/wp\/v2\/media?parent=137451"}],"wp:term":[{"taxonomy":"category","embeddable":true,"href":"https:\/\/www.em.com.br\/emfoco\/wp-json\/wp\/v2\/categories?post=137451"},{"taxonomy":"post_tag","embeddable":true,"href":"https:\/\/www.em.com.br\/emfoco\/wp-json\/wp\/v2\/tags?post=137451"}],"curies":[{"name":"wp","href":"https:\/\/api.w.org\/{rel}","templated":true}]}}