{"id":137449,"date":"2025-12-09T16:25:00","date_gmt":"2025-12-09T19:25:00","guid":{"rendered":"https:\/\/www.em.com.br\/emfoco\/?p=137449"},"modified":"2025-12-08T15:44:40","modified_gmt":"2025-12-08T18:44:40","slug":"seguro-desemprego-2025-vira-o-suporte-que-segura-o-trabalhador-no-pior-momento","status":"publish","type":"post","link":"https:\/\/www.em.com.br\/emfoco\/2025\/12\/09\/seguro-desemprego-2025-vira-o-suporte-que-segura-o-trabalhador-no-pior-momento\/","title":{"rendered":"Seguro-desemprego 2025 vira o suporte que segura o trabalhador no pior momento"},"content":{"rendered":"\n<p>O seguro-desemprego 2025 segue sendo um dos principais mecanismos de prote\u00e7\u00e3o ao trabalhador dispensado sem justa causa no Brasil, garantindo renda m\u00ednima durante a busca por uma nova vaga formal e com acesso cada vez mais digitalizado pelos aplicativos oficiais do governo.<\/p>\n\n\n\n<h2 class=\"wp-block-heading\">O que \u00e9 o seguro-desemprego 2025 e quem tem direito ao benef\u00edcio<\/h2>\n\n\n<div class=\"wp-block-image\">\n<figure class=\"aligncenter size-large\"><img loading=\"lazy\" decoding=\"async\" width=\"1024\" height=\"576\" src=\"https:\/\/www.em.com.br\/emfoco\/wp-content\/uploads\/2025\/06\/dinheiro-reais_1748976565269-1024x576.jpg\" alt=\"O que ningu\u00e9m te contou sobre os novos valores do Bolsa fam\u00edlia e quem realmente ganha mais\" class=\"wp-image-55004\" srcset=\"https:\/\/www.em.com.br\/emfoco\/wp-content\/uploads\/2025\/06\/dinheiro-reais_1748976565269-1024x576.jpg 1024w, https:\/\/www.em.com.br\/emfoco\/wp-content\/uploads\/2025\/06\/dinheiro-reais_1748976565269-300x169.jpg 300w, https:\/\/www.em.com.br\/emfoco\/wp-content\/uploads\/2025\/06\/dinheiro-reais_1748976565269-768x432.jpg 768w, https:\/\/www.em.com.br\/emfoco\/wp-content\/uploads\/2025\/06\/dinheiro-reais_1748976565269-750x422.jpg 750w, https:\/\/www.em.com.br\/emfoco\/wp-content\/uploads\/2025\/06\/dinheiro-reais_1748976565269-1140x641.jpg 1140w, https:\/\/www.em.com.br\/emfoco\/wp-content\/uploads\/2025\/06\/dinheiro-reais_1748976565269.jpg 1280w\" sizes=\"auto, (max-width: 1024px) 100vw, 1024px\" \/><figcaption class=\"wp-element-caption\">Seguro-desemprego 2025 como apoio essencial &#8211; Cr\u00e9ditos: depositphotos.com \/ verganifotografia<\/figcaption><\/figure><\/div>\n\n\n<p>O <strong>seguro-desemprego 2025<\/strong> \u00e9 um benef\u00edcio tempor\u00e1rio pago ao trabalhador com carteira assinada demitido sem justa causa, incluindo dispensa indireta (quando o empregado rescinde o contrato por falta grave do empregador). Tamb\u00e9m podem ter direito pescadores artesanais em per\u00edodo de defeso, empregados dom\u00e9sticos e trabalhadores resgatados de situa\u00e7\u00e3o semelhante \u00e0 escravid\u00e3o, cada grupo com regras espec\u00edficas.<\/p>\n\n\n\n<p>Para a modalidade mais comum, voltada ao trabalhador urbano, a concess\u00e3o depende de crit\u00e9rios como tempo m\u00ednimo de trabalho, tipo de demiss\u00e3o e aus\u00eancia de outra renda suficiente. Em geral, \u00e9 exigido um n\u00famero m\u00ednimo de meses trabalhados com registro formal, variando conforme o n\u00famero de solicita\u00e7\u00f5es j\u00e1 feitas, e \u00e9 vedado receber benef\u00edcio de presta\u00e7\u00e3o continuada do <strong>INSS<\/strong>, salvo pens\u00e3o por morte ou aux\u00edlio-acidente.<\/p>\n\n\n\n<h2 class=\"wp-block-heading\">Quais s\u00e3o as regras e valores principais do seguro-desemprego em 2025<\/h2>\n\n\n\n<p>As <strong>regras do seguro-desemprego em 2025<\/strong> seguem a l\u00f3gica de anos anteriores, com valores ajustados ao sal\u00e1rio m\u00ednimo vigente e tabelas atualizadas pelo governo federal. O c\u00e1lculo considera a m\u00e9dia dos tr\u00eas \u00faltimos sal\u00e1rios antes da demiss\u00e3o e aplica faixas de c\u00e1lculo com percentuais diferentes e um teto m\u00e1ximo por parcela.<\/p>\n\n\n\n<p>O n\u00famero de parcelas costuma variar entre tr\u00eas e cinco, de acordo com o tempo de servi\u00e7o e o hist\u00f3rico de solicita\u00e7\u00f5es. O benef\u00edcio n\u00e3o pode ser inferior ao sal\u00e1rio m\u00ednimo nacional, mesmo havendo limite m\u00e1ximo por parcela. A tabela oficial com faixas e tetos \u00e9 divulgada anualmente nos canais do governo, como o portal Gov.br e materiais do <strong>Minist\u00e9rio do Trabalho e Emprego<\/strong>.<\/p>\n\n\n\n<ul class=\"wp-block-list\">\n<li><strong>Base de c\u00e1lculo:<\/strong> m\u00e9dia dos tr\u00eas \u00faltimos sal\u00e1rios.<\/li>\n\n\n\n<li><strong>Quantidade de parcelas:<\/strong> definida por tempo de servi\u00e7o e n\u00famero de pedidos anteriores.<\/li>\n\n\n\n<li><strong>Valor m\u00ednimo:<\/strong> nunca inferior ao sal\u00e1rio m\u00ednimo em vigor.<\/li>\n\n\n\n<li><strong>Teto:<\/strong> limite m\u00e1ximo definido por tabela oficial atualizada a cada ano.<\/li>\n<\/ul>\n\n\n\n<p>Leia mais: <a href=\"https:\/\/www.em.com.br\/emfoco\/2025\/11\/26\/perdeu-o-emprego-saiba-como-pedir-o-seguro-desemprego-corretamente\/\" target=\"_blank\" rel=\"noreferrer noopener\">Perdeu o emprego? Saiba como pedir o seguro-desemprego corretamente<\/a><\/p>\n\n\n\n<h2 class=\"wp-block-heading\">Como solicitar o seguro-desemprego 2025 pelo celular sem depender de terceiros<\/h2>\n\n\n<div class=\"wp-block-image\">\n<figure class=\"aligncenter size-large\"><img loading=\"lazy\" decoding=\"async\" width=\"1024\" height=\"576\" src=\"https:\/\/www.em.com.br\/emfoco\/wp-content\/uploads\/2025\/06\/desemprego_1751320212231-1024x576.jpg\" alt=\"O seguro-desemprego protege a fam\u00edlia e garante uma ajuda nesse momento dif\u00edcil\" class=\"wp-image-69333\" srcset=\"https:\/\/www.em.com.br\/emfoco\/wp-content\/uploads\/2025\/06\/desemprego_1751320212231-1024x576.jpg 1024w, https:\/\/www.em.com.br\/emfoco\/wp-content\/uploads\/2025\/06\/desemprego_1751320212231-300x169.jpg 300w, https:\/\/www.em.com.br\/emfoco\/wp-content\/uploads\/2025\/06\/desemprego_1751320212231-768x432.jpg 768w, https:\/\/www.em.com.br\/emfoco\/wp-content\/uploads\/2025\/06\/desemprego_1751320212231-750x422.jpg 750w, https:\/\/www.em.com.br\/emfoco\/wp-content\/uploads\/2025\/06\/desemprego_1751320212231-1140x641.jpg 1140w, https:\/\/www.em.com.br\/emfoco\/wp-content\/uploads\/2025\/06\/desemprego_1751320212231.jpg 1280w\" sizes=\"auto, (max-width: 1024px) 100vw, 1024px\" \/><figcaption class=\"wp-element-caption\">Seguro-desemprego 2025 como apoio essencial &#8211; Cr\u00e9ditos: depositphotos.com \/ IgorVetushko<\/figcaption><\/figure><\/div>\n\n\n<p>O pedido do <strong>seguro-desemprego pelo celular<\/strong> ganhou for\u00e7a com o aplicativo <strong>Carteira de Trabalho Digital<\/strong> e o app Gov.br, permitindo solicitar, anexar documentos e acompanhar o processo sem sair de casa. A orienta\u00e7\u00e3o \u00e9 iniciar o requerimento assim que receber o termo de rescis\u00e3o e o documento de requerimento do seguro fornecidos pelo empregador.<\/p>\n\n\n\n<p>Para evitar erros, \u00e9 importante seguir as etapas do sistema e conferir atentamente as informa\u00e7\u00f5es antes de enviar. Em caso de negativa, o aplicativo permite consultar o motivo e, quando cab\u00edvel, apresentar recurso administrativo dentro do prazo, muitas vezes sem necessidade de atendimento presencial.<\/p>\n\n\n\n<ol class=\"wp-block-list\">\n<li><strong>Cadastro ou acesso ao Gov.br:<\/strong> ter conta com n\u00edvel prata ou ouro, validando identidade por biometria facial, bancos conveniados ou \u00f3rg\u00e3os p\u00fablicos.<\/li>\n\n\n\n<li><strong>Baixar o aplicativo adequado:<\/strong> usar o app <a href=\"https:\/\/www.gov.br\/pt-br\/temas\/carteira-de-trabalho-digital\" target=\"_blank\" rel=\"noreferrer noopener\">Carteira de Trabalho Digital<\/a> ou servi\u00e7o espec\u00edfico do seguro-desemprego dentro do ecossistema Gov.br.<\/li>\n\n\n\n<li><strong>Preencher os dados do requerimento:<\/strong> informar n\u00famero do requerimento, datas de admiss\u00e3o e demiss\u00e3o e dados pessoais.<\/li>\n\n\n\n<li><strong>Conferir v\u00ednculos e sal\u00e1rios:<\/strong> verificar registros da carteira digital e apontar diverg\u00eancias quando necess\u00e1rio.<\/li>\n\n\n\n<li><strong>Indicar conta banc\u00e1ria:<\/strong> cadastrar conta para cr\u00e9dito do benef\u00edcio ou optar por recebimento em institui\u00e7\u00e3o p\u00fablica conveniada.<\/li>\n<\/ol>\n\n\n\n<p>Leia mais: <a href=\"https:\/\/www.em.com.br\/emfoco\/2025\/12\/05\/voce-perderia-tudo-em-uma-emergencia-o-metodo-surpreendentemente-simples-para-organizar-documentos-da-casa-e-da-familia-antes-que-seja-tarde\/\" target=\"_blank\" rel=\"noreferrer noopener\">Como montar um arquivo seguro em casa e garantir que nada se perca quando surgir uma emerg\u00eancia<\/a><\/p>\n\n\n\n<h2 class=\"wp-block-heading\">Quais cuidados tomar ao pedir seguro-desemprego pelo celular em 2025<\/h2>\n\n\n\n<p>Com a digitaliza\u00e7\u00e3o do <strong>seguro-desemprego 2025<\/strong>, crescem os golpes, sites falsos e propostas de intermedia\u00e7\u00e3o indevida. A solicita\u00e7\u00e3o \u00e9 totalmente gratuita, n\u00e3o exige pagamento para an\u00e1lise e n\u00e3o requer compartilhamento de senhas do Gov.br, c\u00f3digos de confirma\u00e7\u00e3o ou dados banc\u00e1rios com terceiros, mesmo que se apresentem como \u201cfacilitadores\u201d.<\/p>\n\n\n\n<p>Alguns cuidados pr\u00e1ticos ajudam a reduzir riscos de fraudes e problemas no processo, garantindo mais seguran\u00e7a em todas as etapas da solicita\u00e7\u00e3o e acompanhamento do benef\u00edcio.<\/p>\n\n\n\n<ul class=\"wp-block-list\">\n<li>Baixar aplicativos apenas em lojas oficiais (Google Play ou App Store) e conferir se o desenvolvedor \u00e9 o governo federal.<\/li>\n\n\n\n<li>Evitar acessar o Gov.br por links recebidos em mensagens ou redes sociais, priorizando o acesso direto pelo app ou site oficial.<\/li>\n\n\n\n<li>Guardar c\u00f3pias digitais de documentos trabalhistas, como rescis\u00e3o de contrato e extratos de pagamento, para eventuais recursos.<\/li>\n\n\n\n<li>Manter dados de contato atualizados no cadastro, garantindo o recebimento de notifica\u00e7\u00f5es sobre o benef\u00edcio.<\/li>\n<\/ul>\n","protected":false},"excerpt":{"rendered":"<p>O seguro-desemprego 2025 segue sendo um dos principais mecanismos de prote\u00e7\u00e3o ao trabalhador dispensado sem justa causa no Brasil, garantindo renda m\u00ednima durante a busca por uma nova vaga formal e com acesso cada vez mais digitalizado pelos aplicativos oficiais do governo. O que \u00e9 o seguro-desemprego 2025 e quem tem direito ao benef\u00edcio O [&hellip;]<\/p>\n","protected":false},"author":20,"featured_media":55051,"comment_status":"open","ping_status":"open","sticky":false,"template":"","format":"standard","meta":{"jnews-multi-image_gallery":[],"jnews_single_post":{"format":"standard"},"jnews_primary_category":[],"jnews_social_meta":[],"jnews_override_counter":[],"footnotes":""},"categories":[28,1],"tags":[8165,1832],"class_list":["post-137449","post","type-post","status-publish","format-standard","has-post-thumbnail","hentry","category-economia","category-noticias","tag-novas-regras","tag-seguro-desemprego"],"yoast_head":"<!-- This site is optimized with the Yoast SEO plugin v23.8 - https:\/\/yoast.com\/wordpress\/plugins\/seo\/ -->\n<title>Seguro-desemprego 2025 vira o suporte que segura o trabalhador no pior momento - Estado de Minas - Em foco<\/title>\n<meta name=\"description\" content=\"Seguro-desemprego 2025 vira suporte essencial para o trabalhador no pior momento, garantindo renda tempor\u00e1ria e prote\u00e7\u00e3o.\" \/>\n<meta name=\"robots\" content=\"index, follow, max-snippet:-1, max-image-preview:large, max-video-preview:-1\" \/>\n<link rel=\"canonical\" href=\"https:\/\/www.em.com.br\/emfoco\/2025\/12\/09\/seguro-desemprego-2025-vira-o-suporte-que-segura-o-trabalhador-no-pior-momento\/\" \/>\n<meta property=\"og:locale\" content=\"pt_BR\" \/>\n<meta property=\"og:type\" content=\"article\" \/>\n<meta property=\"og:title\" content=\"Seguro-desemprego 2025 vira o suporte que segura o trabalhador no pior momento - Estado de Minas - Em foco\" \/>\n<meta property=\"og:description\" content=\"Seguro-desemprego 2025 vira suporte essencial para o trabalhador no pior momento, garantindo renda tempor\u00e1ria e prote\u00e7\u00e3o.\" \/>\n<meta property=\"og:url\" content=\"https:\/\/www.em.com.br\/emfoco\/2025\/12\/09\/seguro-desemprego-2025-vira-o-suporte-que-segura-o-trabalhador-no-pior-momento\/\" \/>\n<meta property=\"og:site_name\" content=\"Estado de Minas - Em foco\" \/>\n<meta property=\"article:published_time\" content=\"2025-12-09T19:25:00+00:00\" \/>\n<meta property=\"article:modified_time\" content=\"2025-12-08T18:44:40+00:00\" \/>\n<meta property=\"og:image\" content=\"https:\/\/www.em.com.br\/emfoco\/wp-content\/uploads\/2025\/06\/carteira-de-trabalho-brasil_1748978892227.jpg\" \/>\n\t<meta property=\"og:image:width\" content=\"1280\" \/>\n\t<meta property=\"og:image:height\" content=\"720\" \/>\n\t<meta property=\"og:image:type\" content=\"image\/jpeg\" \/>\n<meta name=\"author\" content=\"Ingrid Diniz\" \/>\n<meta name=\"twitter:card\" content=\"summary_large_image\" \/>\n<meta name=\"twitter:label1\" content=\"Escrito por\" \/>\n\t<meta name=\"twitter:data1\" content=\"Ingrid Diniz\" \/>\n\t<meta name=\"twitter:label2\" content=\"Est. tempo de leitura\" \/>\n\t<meta name=\"twitter:data2\" content=\"5 minutos\" \/>\n<!-- \/ Yoast SEO plugin. -->","yoast_head_json":{"title":"Seguro-desemprego 2025 vira o suporte que segura o trabalhador no pior momento - Estado de Minas - Em foco","description":"Seguro-desemprego 2025 vira suporte essencial para o trabalhador no pior momento, garantindo renda tempor\u00e1ria e prote\u00e7\u00e3o.","robots":{"index":"index","follow":"follow","max-snippet":"max-snippet:-1","max-image-preview":"max-image-preview:large","max-video-preview":"max-video-preview:-1"},"canonical":"https:\/\/www.em.com.br\/emfoco\/2025\/12\/09\/seguro-desemprego-2025-vira-o-suporte-que-segura-o-trabalhador-no-pior-momento\/","og_locale":"pt_BR","og_type":"article","og_title":"Seguro-desemprego 2025 vira o suporte que segura o trabalhador no pior momento - Estado de Minas - Em foco","og_description":"Seguro-desemprego 2025 vira suporte essencial para o trabalhador no pior momento, garantindo renda tempor\u00e1ria e prote\u00e7\u00e3o.","og_url":"https:\/\/www.em.com.br\/emfoco\/2025\/12\/09\/seguro-desemprego-2025-vira-o-suporte-que-segura-o-trabalhador-no-pior-momento\/","og_site_name":"Estado de Minas - Em foco","article_published_time":"2025-12-09T19:25:00+00:00","article_modified_time":"2025-12-08T18:44:40+00:00","og_image":[{"width":1280,"height":720,"url":"https:\/\/www.em.com.br\/emfoco\/wp-content\/uploads\/2025\/06\/carteira-de-trabalho-brasil_1748978892227.jpg","type":"image\/jpeg"}],"author":"Ingrid Diniz","twitter_card":"summary_large_image","twitter_misc":{"Escrito por":"Ingrid Diniz","Est. tempo de leitura":"5 minutos"},"schema":{"@context":"https:\/\/schema.org","@graph":[{"@type":"WebPage","@id":"https:\/\/www.em.com.br\/emfoco\/2025\/12\/09\/seguro-desemprego-2025-vira-o-suporte-que-segura-o-trabalhador-no-pior-momento\/","url":"https:\/\/www.em.com.br\/emfoco\/2025\/12\/09\/seguro-desemprego-2025-vira-o-suporte-que-segura-o-trabalhador-no-pior-momento\/","name":"Seguro-desemprego 2025 vira o suporte que segura o trabalhador no pior momento - Estado de Minas - Em foco","isPartOf":{"@id":"https:\/\/www.em.com.br\/emfoco\/#website"},"primaryImageOfPage":{"@id":"https:\/\/www.em.com.br\/emfoco\/2025\/12\/09\/seguro-desemprego-2025-vira-o-suporte-que-segura-o-trabalhador-no-pior-momento\/#primaryimage"},"image":{"@id":"https:\/\/www.em.com.br\/emfoco\/2025\/12\/09\/seguro-desemprego-2025-vira-o-suporte-que-segura-o-trabalhador-no-pior-momento\/#primaryimage"},"thumbnailUrl":"https:\/\/www.em.com.br\/emfoco\/wp-content\/uploads\/2025\/06\/carteira-de-trabalho-brasil_1748978892227.jpg","datePublished":"2025-12-09T19:25:00+00:00","dateModified":"2025-12-08T18:44:40+00:00","author":{"@id":"https:\/\/www.em.com.br\/emfoco\/#\/schema\/person\/649e610b4eb8fff87ff394e54fe17b2b"},"description":"Seguro-desemprego 2025 vira suporte essencial para o trabalhador no pior momento, garantindo renda tempor\u00e1ria e prote\u00e7\u00e3o.","breadcrumb":{"@id":"https:\/\/www.em.com.br\/emfoco\/2025\/12\/09\/seguro-desemprego-2025-vira-o-suporte-que-segura-o-trabalhador-no-pior-momento\/#breadcrumb"},"inLanguage":"pt-BR","potentialAction":[{"@type":"ReadAction","target":["https:\/\/www.em.com.br\/emfoco\/2025\/12\/09\/seguro-desemprego-2025-vira-o-suporte-que-segura-o-trabalhador-no-pior-momento\/"]}]},{"@type":"ImageObject","inLanguage":"pt-BR","@id":"https:\/\/www.em.com.br\/emfoco\/2025\/12\/09\/seguro-desemprego-2025-vira-o-suporte-que-segura-o-trabalhador-no-pior-momento\/#primaryimage","url":"https:\/\/www.em.com.br\/emfoco\/wp-content\/uploads\/2025\/06\/carteira-de-trabalho-brasil_1748978892227.jpg","contentUrl":"https:\/\/www.em.com.br\/emfoco\/wp-content\/uploads\/2025\/06\/carteira-de-trabalho-brasil_1748978892227.jpg","width":1280,"height":720,"caption":"Abono PIS\/Pasep 2025 pode chegar a um sal\u00e1rio m\u00ednimo - Cr\u00e9ditos: depositphotos.com \/ gustavomello162.hotmail.com"},{"@type":"BreadcrumbList","@id":"https:\/\/www.em.com.br\/emfoco\/2025\/12\/09\/seguro-desemprego-2025-vira-o-suporte-que-segura-o-trabalhador-no-pior-momento\/#breadcrumb","itemListElement":[{"@type":"ListItem","position":1,"name":"In\u00edcio","item":"https:\/\/www.em.com.br\/emfoco\/"},{"@type":"ListItem","position":2,"name":"Seguro-desemprego 2025 vira o suporte que segura o trabalhador no pior momento"}]},{"@type":"WebSite","@id":"https:\/\/www.em.com.br\/emfoco\/#website","url":"https:\/\/www.em.com.br\/emfoco\/","name":"Estado de Minas - Em foco","description":"Acompanhe as \u00faltimas not\u00edcias e fique bem informado sobre tudo o que acontece em Minas Gerais, Brasil e no mundo.","potentialAction":[{"@type":"SearchAction","target":{"@type":"EntryPoint","urlTemplate":"https:\/\/www.em.com.br\/emfoco\/?s={search_term_string}"},"query-input":{"@type":"PropertyValueSpecification","valueRequired":true,"valueName":"search_term_string"}}],"inLanguage":"pt-BR"},{"@type":"Person","@id":"https:\/\/www.em.com.br\/emfoco\/#\/schema\/person\/649e610b4eb8fff87ff394e54fe17b2b","name":"Ingrid Diniz","image":{"@type":"ImageObject","inLanguage":"pt-BR","@id":"https:\/\/www.em.com.br\/emfoco\/#\/schema\/person\/image\/","url":"https:\/\/secure.gravatar.com\/avatar\/a3baa1449ec5c39b4c42babc9d4f3951?s=96&d=mm&r=g","contentUrl":"https:\/\/secure.gravatar.com\/avatar\/a3baa1449ec5c39b4c42babc9d4f3951?s=96&d=mm&r=g","caption":"Ingrid Diniz"},"sameAs":["https:\/\/www.em.com.br\/"],"url":"https:\/\/www.em.com.br\/emfoco\/author\/ingridmyth\/"}]}},"_links":{"self":[{"href":"https:\/\/www.em.com.br\/emfoco\/wp-json\/wp\/v2\/posts\/137449","targetHints":{"allow":["GET"]}}],"collection":[{"href":"https:\/\/www.em.com.br\/emfoco\/wp-json\/wp\/v2\/posts"}],"about":[{"href":"https:\/\/www.em.com.br\/emfoco\/wp-json\/wp\/v2\/types\/post"}],"author":[{"embeddable":true,"href":"https:\/\/www.em.com.br\/emfoco\/wp-json\/wp\/v2\/users\/20"}],"replies":[{"embeddable":true,"href":"https:\/\/www.em.com.br\/emfoco\/wp-json\/wp\/v2\/comments?post=137449"}],"version-history":[{"count":1,"href":"https:\/\/www.em.com.br\/emfoco\/wp-json\/wp\/v2\/posts\/137449\/revisions"}],"predecessor-version":[{"id":137470,"href":"https:\/\/www.em.com.br\/emfoco\/wp-json\/wp\/v2\/posts\/137449\/revisions\/137470"}],"wp:featuredmedia":[{"embeddable":true,"href":"https:\/\/www.em.com.br\/emfoco\/wp-json\/wp\/v2\/media\/55051"}],"wp:attachment":[{"href":"https:\/\/www.em.com.br\/emfoco\/wp-json\/wp\/v2\/media?parent=137449"}],"wp:term":[{"taxonomy":"category","embeddable":true,"href":"https:\/\/www.em.com.br\/emfoco\/wp-json\/wp\/v2\/categories?post=137449"},{"taxonomy":"post_tag","embeddable":true,"href":"https:\/\/www.em.com.br\/emfoco\/wp-json\/wp\/v2\/tags?post=137449"}],"curies":[{"name":"wp","href":"https:\/\/api.w.org\/{rel}","templated":true}]}}