{"id":137425,"date":"2025-12-09T17:15:00","date_gmt":"2025-12-09T20:15:00","guid":{"rendered":"https:\/\/www.em.com.br\/emfoco\/?p=137425"},"modified":"2025-12-08T22:41:42","modified_gmt":"2025-12-09T01:41:42","slug":"milhares-de-brasileiros-estao-migrando-de-banco-para-reduzir-parcelas-sem-aumentar-a-divida","status":"publish","type":"post","link":"https:\/\/www.em.com.br\/emfoco\/2025\/12\/09\/milhares-de-brasileiros-estao-migrando-de-banco-para-reduzir-parcelas-sem-aumentar-a-divida\/","title":{"rendered":"Milhares de brasileiros est\u00e3o migrando de banco para reduzir parcelas sem aumentar a d\u00edvida"},"content":{"rendered":"\n<p>A <strong>portabilidade de empr\u00e9stimo<\/strong> permite transferir uma d\u00edvida para outro banco que ofere\u00e7a juros menores sem mudar o valor devido. Esse direito oferece economia real ao consumidor e pode melhorar bastante o or\u00e7amento mensal.<\/p>\n\n\n\n<h2 class=\"wp-block-heading\">Qual \u00e9 o conceito por tr\u00e1s da portabilidade e por que ela importa?<\/h2>\n\n\n\n<p>A troca de institui\u00e7\u00e3o acontece quando outro banco oferece <strong>taxas mais vantajosas<\/strong>, mantendo o mesmo saldo contratual, mas reduzindo o custo total. Isso torna o processo uma ferramenta estrat\u00e9gica para aliviar parcelas e otimizar o planejamento financeiro.<\/p>\n\n\n\n<p>Esse mecanismo funciona melhor quando o <strong>contrato<\/strong> est\u00e1 em fases espec\u00edficas, j\u00e1 que a propor\u00e7\u00e3o entre amortiza\u00e7\u00e3o e juros muda ao longo do tempo. Entender essa din\u00e2mica ajuda a identificar quando a portabilidade gera economia relevante.<\/p>\n\n\n\n<figure class=\"wp-block-image size-large\"><img loading=\"lazy\" decoding=\"async\" width=\"1024\" height=\"576\" src=\"https:\/\/www.em.com.br\/emfoco\/wp-content\/uploads\/2025\/12\/IA-IMG-104-1024x576.jpg\" alt=\"Milhares de brasileiros est\u00e3o migrando de banco para reduzir parcelas sem aumentar a d\u00edvida\" class=\"wp-image-137433\" srcset=\"https:\/\/www.em.com.br\/emfoco\/wp-content\/uploads\/2025\/12\/IA-IMG-104-1024x576.jpg 1024w, https:\/\/www.em.com.br\/emfoco\/wp-content\/uploads\/2025\/12\/IA-IMG-104-300x169.jpg 300w, https:\/\/www.em.com.br\/emfoco\/wp-content\/uploads\/2025\/12\/IA-IMG-104-768x432.jpg 768w, https:\/\/www.em.com.br\/emfoco\/wp-content\/uploads\/2025\/12\/IA-IMG-104-750x422.jpg 750w, https:\/\/www.em.com.br\/emfoco\/wp-content\/uploads\/2025\/12\/IA-IMG-104-1140x641.jpg 1140w, https:\/\/www.em.com.br\/emfoco\/wp-content\/uploads\/2025\/12\/IA-IMG-104.jpg 1280w\" sizes=\"auto, (max-width: 1024px) 100vw, 1024px\" \/><figcaption class=\"wp-element-caption\">Fase intermedi\u00e1ria do contrato gera maior economia financeira mensal<\/figcaption><\/figure>\n\n\n\n<h2 class=\"wp-block-heading\">Em que fase do contrato o desconto se torna realmente maior?<\/h2>\n\n\n\n<p>A fase intermedi\u00e1ria \u00e9 a que oferece o maior potencial de economia, pois o <strong>saldo devedor<\/strong> ainda \u00e9 alto e a parcela cont\u00e9m peso relevante de juros. Entre as principais explica\u00e7\u00f5es est\u00e3o as que voc\u00ea v\u00ea a seguir.<\/p>\n\n\n\n<ul class=\"wp-block-list\">\n<li>Bancos competem mais por contratos com valor expressivo ainda em aberto.<\/li>\n\n\n\n<li>No in\u00edcio, o <strong>benef\u00edcio<\/strong> \u00e9 baixo porque a amortiza\u00e7\u00e3o quase n\u00e3o avan\u00e7ou.<\/li>\n\n\n\n<li>No fim, a economia diminui, pois grande parte dos juros j\u00e1 foi paga.<\/li>\n<\/ul>\n\n\n\n<p><em>Leia mais: <strong><a href=\"https:\/\/www.em.com.br\/emfoco\/2025\/11\/30\/como-reduzir-os-juros-altos-de-emprestimos-sem-alterar-nada-no-contrato\/\" target=\"_blank\" rel=\"noreferrer noopener\">Como reduzir os juros altos de empr\u00e9stimos sem alterar nada no contrato<\/a><\/strong><\/em><\/p>\n\n\n\n<h2 class=\"wp-block-heading\">Quais condi\u00e7\u00f5es do mercado deixam o momento ainda mais favor\u00e1vel?<\/h2>\n\n\n\n<p>Quando a Selic cai, as institui\u00e7\u00f5es reduzem o custo do cr\u00e9dito e ampliam a <strong>competitividade<\/strong>, gerando propostas mais fortes para atrair novos clientes. Esse cen\u00e1rio torna o pedido de portabilidade especialmente vantajoso.<\/p>\n\n\n\n<p>A melhora do <strong>score financeiro<\/strong> tamb\u00e9m aumenta o poder de negocia\u00e7\u00e3o, j\u00e1 que o risco percebido pelo banco diminui. Al\u00e9m disso, campanhas agressivas no setor ampliam as chances de receber ofertas com juros menores.<\/p>\n\n\n\n<p>Confira a seguir mais informa\u00e7\u00f5es de como funciona a portabilidade de empr\u00e9stimos, compartilhado pelo canal do TikTok <strong><a href=\"https:\/\/www.tiktok.com\/@milcredfinanceira\" target=\"_blank\" rel=\"noreferrer noopener\">@milcredfinanceira<\/a>:<\/strong><\/p>\n\n\n\n<blockquote class=\"tiktok-embed\" cite=\"https:\/\/www.tiktok.com\/@milcredfinanceira\/video\/7550998902342814981\" data-video-id=\"7550998902342814981\" style=\"max-width: 605px;min-width: 325px;\" > <section> <a target=\"_blank\" title=\"@milcredfinanceira\" href=\"https:\/\/www.tiktok.com\/@milcredfinanceira?refer=embed\">@milcredfinanceira<\/a> Portabilidade de empr\u00e9stimo consignado  <a title=\"emprestimoconsignado\" target=\"_blank\" href=\"https:\/\/www.tiktok.com\/tag\/emprestimoconsignado?refer=embed\">#emprestimoconsignado<\/a> <a title=\"portabilidade\" target=\"_blank\" href=\"https:\/\/www.tiktok.com\/tag\/portabilidade?refer=embed\">#portabilidade<\/a> <a title=\"portabilidadeconsignado\" target=\"_blank\" href=\"https:\/\/www.tiktok.com\/tag\/portabilidadeconsignado?refer=embed\">#portabilidadeconsignado<\/a> <a title=\"fy\" target=\"_blank\" href=\"https:\/\/www.tiktok.com\/tag\/fy?refer=embed\">#fy<\/a> <a title=\"viral\" target=\"_blank\" href=\"https:\/\/www.tiktok.com\/tag\/viral?refer=embed\">#viral<\/a> <a target=\"_blank\" title=\"\u266c som original - Milcred financeira\" href=\"https:\/\/www.tiktok.com\/music\/som-original-7550998921805122309?refer=embed\">\u266c som original &#8211; Milcred financeira<\/a> <\/section> <\/blockquote> <script async src=\"https:\/\/www.tiktok.com\/embed.js\"><\/script>\n\n\n\n<h2 class=\"wp-block-heading\">O que avaliar antes de solicitar a portabilidade para evitar erros?<\/h2>\n\n\n\n<p>Antes de avan\u00e7ar, pe\u00e7a ao banco o <strong>saldo atualizado<\/strong> e compare o CET entre as institui\u00e7\u00f5es, garantindo que a redu\u00e7\u00e3o seja real e n\u00e3o apenas uma parcela aparentemente menor. Entre os principais cuidados est\u00e3o os que voc\u00ea v\u00ea a seguir.<\/p>\n\n\n\n<ul class=\"wp-block-list\">\n<li>Avalie o prazo restante para evitar estender demais o pagamento total.<\/li>\n\n\n\n<li>Verifique se h\u00e1 tarifas adicionais ou custos embutidos na nova proposta.<\/li>\n\n\n\n<li>Use o momento certo para gerar <strong>al\u00edvio financeiro<\/strong> sem comprometer o futuro.<\/li>\n<\/ul>\n\n\n\n<p>Portabilidade n\u00e3o \u00e9 apenas trocar de banco; \u00e9 usar informa\u00e7\u00e3o e timing para transformar a d\u00edvida em vantagem, criando economia real, mais f\u00f4lego mensal e escolhas que fortalecem o futuro financeiro.<\/p>\n","protected":false},"excerpt":{"rendered":"<p>A portabilidade de empr\u00e9stimo permite transferir uma d\u00edvida para outro banco que ofere\u00e7a juros menores sem mudar o valor devido. Esse direito oferece economia real ao consumidor e pode melhorar bastante o or\u00e7amento mensal. Qual \u00e9 o conceito por tr\u00e1s da portabilidade e por que ela importa? A troca de institui\u00e7\u00e3o acontece quando outro banco [&hellip;]<\/p>\n","protected":false},"author":13,"featured_media":137432,"comment_status":"open","ping_status":"open","sticky":false,"template":"","format":"standard","meta":{"jnews-multi-image_gallery":[],"jnews_single_post":{"format":"standard"},"jnews_primary_category":[],"jnews_social_meta":[],"jnews_override_counter":[],"footnotes":""},"categories":[8819],"tags":[160,684,20093,15745],"class_list":["post-137425","post","type-post","status-publish","format-standard","has-post-thumbnail","hentry","category-curiosidades","tag-economia","tag-juros","tag-portabilidade-de-emprestimo","tag-vida-financeira"],"yoast_head":"<!-- This site is optimized with the Yoast SEO plugin v23.8 - https:\/\/yoast.com\/wordpress\/plugins\/seo\/ -->\n<title>Milhares de brasileiros est\u00e3o migrando de banco para reduzir parcelas sem aumentar a d\u00edvida - Estado de Minas - Em foco<\/title>\n<meta name=\"description\" content=\"Reduza parcelas e juros com uma simples troca de banco que pode aliviar seu bolso sem mudar o valor da d\u00edvida.\" \/>\n<meta name=\"robots\" content=\"index, follow, max-snippet:-1, max-image-preview:large, max-video-preview:-1\" \/>\n<link rel=\"canonical\" href=\"https:\/\/www.em.com.br\/emfoco\/2025\/12\/09\/milhares-de-brasileiros-estao-migrando-de-banco-para-reduzir-parcelas-sem-aumentar-a-divida\/\" \/>\n<meta property=\"og:locale\" content=\"pt_BR\" \/>\n<meta property=\"og:type\" content=\"article\" \/>\n<meta property=\"og:title\" content=\"Milhares de brasileiros est\u00e3o migrando de banco para reduzir parcelas sem aumentar a d\u00edvida - Estado de Minas - Em foco\" \/>\n<meta property=\"og:description\" content=\"Reduza parcelas e juros com uma simples troca de banco que pode aliviar seu bolso sem mudar o valor da d\u00edvida.\" \/>\n<meta property=\"og:url\" content=\"https:\/\/www.em.com.br\/emfoco\/2025\/12\/09\/milhares-de-brasileiros-estao-migrando-de-banco-para-reduzir-parcelas-sem-aumentar-a-divida\/\" \/>\n<meta property=\"og:site_name\" content=\"Estado de Minas - Em foco\" \/>\n<meta property=\"article:published_time\" content=\"2025-12-09T20:15:00+00:00\" \/>\n<meta property=\"article:modified_time\" content=\"2025-12-09T01:41:42+00:00\" \/>\n<meta property=\"og:image\" content=\"https:\/\/www.em.com.br\/emfoco\/wp-content\/uploads\/2025\/12\/Juros-alto_1765217576720.jpg\" \/>\n\t<meta property=\"og:image:width\" content=\"1280\" \/>\n\t<meta property=\"og:image:height\" content=\"720\" \/>\n\t<meta property=\"og:image:type\" content=\"image\/jpeg\" \/>\n<meta name=\"author\" content=\"Gabriel Martins\" \/>\n<meta name=\"twitter:card\" content=\"summary_large_image\" \/>\n<meta name=\"twitter:label1\" content=\"Escrito por\" \/>\n\t<meta name=\"twitter:data1\" content=\"Gabriel Martins\" \/>\n\t<meta name=\"twitter:label2\" content=\"Est. tempo de leitura\" \/>\n\t<meta name=\"twitter:data2\" content=\"3 minutos\" \/>\n<!-- \/ Yoast SEO plugin. -->","yoast_head_json":{"title":"Milhares de brasileiros est\u00e3o migrando de banco para reduzir parcelas sem aumentar a d\u00edvida - Estado de Minas - Em foco","description":"Reduza parcelas e juros com uma simples troca de banco que pode aliviar seu bolso sem mudar o valor da d\u00edvida.","robots":{"index":"index","follow":"follow","max-snippet":"max-snippet:-1","max-image-preview":"max-image-preview:large","max-video-preview":"max-video-preview:-1"},"canonical":"https:\/\/www.em.com.br\/emfoco\/2025\/12\/09\/milhares-de-brasileiros-estao-migrando-de-banco-para-reduzir-parcelas-sem-aumentar-a-divida\/","og_locale":"pt_BR","og_type":"article","og_title":"Milhares de brasileiros est\u00e3o migrando de banco para reduzir parcelas sem aumentar a d\u00edvida - Estado de Minas - Em foco","og_description":"Reduza parcelas e juros com uma simples troca de banco que pode aliviar seu bolso sem mudar o valor da d\u00edvida.","og_url":"https:\/\/www.em.com.br\/emfoco\/2025\/12\/09\/milhares-de-brasileiros-estao-migrando-de-banco-para-reduzir-parcelas-sem-aumentar-a-divida\/","og_site_name":"Estado de Minas - Em foco","article_published_time":"2025-12-09T20:15:00+00:00","article_modified_time":"2025-12-09T01:41:42+00:00","og_image":[{"width":1280,"height":720,"url":"https:\/\/www.em.com.br\/emfoco\/wp-content\/uploads\/2025\/12\/Juros-alto_1765217576720.jpg","type":"image\/jpeg"}],"author":"Gabriel Martins","twitter_card":"summary_large_image","twitter_misc":{"Escrito por":"Gabriel Martins","Est. tempo de leitura":"3 minutos"},"schema":{"@context":"https:\/\/schema.org","@graph":[{"@type":"WebPage","@id":"https:\/\/www.em.com.br\/emfoco\/2025\/12\/09\/milhares-de-brasileiros-estao-migrando-de-banco-para-reduzir-parcelas-sem-aumentar-a-divida\/","url":"https:\/\/www.em.com.br\/emfoco\/2025\/12\/09\/milhares-de-brasileiros-estao-migrando-de-banco-para-reduzir-parcelas-sem-aumentar-a-divida\/","name":"Milhares de brasileiros est\u00e3o migrando de banco para reduzir parcelas sem aumentar a d\u00edvida - Estado de Minas - Em foco","isPartOf":{"@id":"https:\/\/www.em.com.br\/emfoco\/#website"},"primaryImageOfPage":{"@id":"https:\/\/www.em.com.br\/emfoco\/2025\/12\/09\/milhares-de-brasileiros-estao-migrando-de-banco-para-reduzir-parcelas-sem-aumentar-a-divida\/#primaryimage"},"image":{"@id":"https:\/\/www.em.com.br\/emfoco\/2025\/12\/09\/milhares-de-brasileiros-estao-migrando-de-banco-para-reduzir-parcelas-sem-aumentar-a-divida\/#primaryimage"},"thumbnailUrl":"https:\/\/www.em.com.br\/emfoco\/wp-content\/uploads\/2025\/12\/Juros-alto_1765217576720.jpg","datePublished":"2025-12-09T20:15:00+00:00","dateModified":"2025-12-09T01:41:42+00:00","author":{"@id":"https:\/\/www.em.com.br\/emfoco\/#\/schema\/person\/1c9ddeab18b98abeffef834667bcf08a"},"description":"Reduza parcelas e juros com uma simples troca de banco que pode aliviar seu bolso sem mudar o valor da d\u00edvida.","breadcrumb":{"@id":"https:\/\/www.em.com.br\/emfoco\/2025\/12\/09\/milhares-de-brasileiros-estao-migrando-de-banco-para-reduzir-parcelas-sem-aumentar-a-divida\/#breadcrumb"},"inLanguage":"pt-BR","potentialAction":[{"@type":"ReadAction","target":["https:\/\/www.em.com.br\/emfoco\/2025\/12\/09\/milhares-de-brasileiros-estao-migrando-de-banco-para-reduzir-parcelas-sem-aumentar-a-divida\/"]}]},{"@type":"ImageObject","inLanguage":"pt-BR","@id":"https:\/\/www.em.com.br\/emfoco\/2025\/12\/09\/milhares-de-brasileiros-estao-migrando-de-banco-para-reduzir-parcelas-sem-aumentar-a-divida\/#primaryimage","url":"https:\/\/www.em.com.br\/emfoco\/wp-content\/uploads\/2025\/12\/Juros-alto_1765217576720.jpg","contentUrl":"https:\/\/www.em.com.br\/emfoco\/wp-content\/uploads\/2025\/12\/Juros-alto_1765217576720.jpg","width":1280,"height":720,"caption":"Portabilidade permite reduzir juros sem alterar o valor da d\u00edvida - Cr\u00e9ditos: depositphotos.com \/ Elnur_"},{"@type":"BreadcrumbList","@id":"https:\/\/www.em.com.br\/emfoco\/2025\/12\/09\/milhares-de-brasileiros-estao-migrando-de-banco-para-reduzir-parcelas-sem-aumentar-a-divida\/#breadcrumb","itemListElement":[{"@type":"ListItem","position":1,"name":"In\u00edcio","item":"https:\/\/www.em.com.br\/emfoco\/"},{"@type":"ListItem","position":2,"name":"Milhares de brasileiros est\u00e3o migrando de banco para reduzir parcelas sem aumentar a d\u00edvida"}]},{"@type":"WebSite","@id":"https:\/\/www.em.com.br\/emfoco\/#website","url":"https:\/\/www.em.com.br\/emfoco\/","name":"Estado de Minas - Em foco","description":"Acompanhe as \u00faltimas not\u00edcias e fique bem informado sobre tudo o que acontece em Minas Gerais, Brasil e no mundo.","potentialAction":[{"@type":"SearchAction","target":{"@type":"EntryPoint","urlTemplate":"https:\/\/www.em.com.br\/emfoco\/?s={search_term_string}"},"query-input":{"@type":"PropertyValueSpecification","valueRequired":true,"valueName":"search_term_string"}}],"inLanguage":"pt-BR"},{"@type":"Person","@id":"https:\/\/www.em.com.br\/emfoco\/#\/schema\/person\/1c9ddeab18b98abeffef834667bcf08a","name":"Gabriel Martins","image":{"@type":"ImageObject","inLanguage":"pt-BR","@id":"https:\/\/www.em.com.br\/emfoco\/#\/schema\/person\/image\/","url":"https:\/\/secure.gravatar.com\/avatar\/f0f1e2efdfd88f1ad2cb08c5c2731e50?s=96&d=mm&r=g","contentUrl":"https:\/\/secure.gravatar.com\/avatar\/f0f1e2efdfd88f1ad2cb08c5c2731e50?s=96&d=mm&r=g","caption":"Gabriel Martins"},"sameAs":["https:\/\/www.em.com.br\/emfoco\/"],"url":"https:\/\/www.em.com.br\/emfoco\/author\/gabrielmartinsmyth\/"}]}},"_links":{"self":[{"href":"https:\/\/www.em.com.br\/emfoco\/wp-json\/wp\/v2\/posts\/137425","targetHints":{"allow":["GET"]}}],"collection":[{"href":"https:\/\/www.em.com.br\/emfoco\/wp-json\/wp\/v2\/posts"}],"about":[{"href":"https:\/\/www.em.com.br\/emfoco\/wp-json\/wp\/v2\/types\/post"}],"author":[{"embeddable":true,"href":"https:\/\/www.em.com.br\/emfoco\/wp-json\/wp\/v2\/users\/13"}],"replies":[{"embeddable":true,"href":"https:\/\/www.em.com.br\/emfoco\/wp-json\/wp\/v2\/comments?post=137425"}],"version-history":[{"count":2,"href":"https:\/\/www.em.com.br\/emfoco\/wp-json\/wp\/v2\/posts\/137425\/revisions"}],"predecessor-version":[{"id":137707,"href":"https:\/\/www.em.com.br\/emfoco\/wp-json\/wp\/v2\/posts\/137425\/revisions\/137707"}],"wp:featuredmedia":[{"embeddable":true,"href":"https:\/\/www.em.com.br\/emfoco\/wp-json\/wp\/v2\/media\/137432"}],"wp:attachment":[{"href":"https:\/\/www.em.com.br\/emfoco\/wp-json\/wp\/v2\/media?parent=137425"}],"wp:term":[{"taxonomy":"category","embeddable":true,"href":"https:\/\/www.em.com.br\/emfoco\/wp-json\/wp\/v2\/categories?post=137425"},{"taxonomy":"post_tag","embeddable":true,"href":"https:\/\/www.em.com.br\/emfoco\/wp-json\/wp\/v2\/tags?post=137425"}],"curies":[{"name":"wp","href":"https:\/\/api.w.org\/{rel}","templated":true}]}}