{"id":13737,"date":"2025-01-26T17:00:29","date_gmt":"2025-01-26T20:00:29","guid":{"rendered":"https:\/\/www.em.com.br\/emfoco\/?p=13737"},"modified":"2025-01-26T02:13:25","modified_gmt":"2025-01-26T05:13:25","slug":"voce-se-encaixa-no-perfil-do-bpc","status":"publish","type":"post","link":"https:\/\/www.em.com.br\/emfoco\/2025\/01\/26\/voce-se-encaixa-no-perfil-do-bpc\/","title":{"rendered":"Voc\u00ea se encaixa no perfil do BPC?"},"content":{"rendered":"\n<p>O Benef\u00edcio de Presta\u00e7\u00e3o Continuada (<a href=\"https:\/\/www.gov.br\/mds\/pt-br\/acoes-e-programas\/suas\/beneficios-assistenciais\/beneficio-assistencial-ao-idoso-e-a-pessoa-com-deficiencia-bpc\" target=\"_blank\" rel=\"noreferrer noopener\">BPC<\/a>) \u00e9 uma assist\u00eancia financeira do governo brasileiro voltada para <a href=\"https:\/\/www.em.com.br\/emfoco\/2024\/12\/29\/mais-de-4-800-pessoas-encontradas-o-combate-aos-desaparecimentos-em-mg\/\" target=\"_blank\" rel=\"noreferrer noopener\">pessoas <\/a>com defici\u00eancia e idosos que se encontram em situa\u00e7\u00e3o de vulnerabilidade social. Este benef\u00edcio \u00e9 uma responsabilidade do Instituto Nacional do Seguro Social (INSS) e visa garantir que esses cidad\u00e3os recebam um aux\u00edlio capaz de proporcionar condi\u00e7\u00f5es m\u00ednimas de subsist\u00eancia. A concess\u00e3o do BPC n\u00e3o depende de contribui\u00e7\u00f5es pr\u00e9vias ao INSS, sendo necess\u00e1rio apenas comprovar a baixa renda.<\/p>\n\n\n\n<p>Para ser eleg\u00edvel ao BPC, a renda familiar per capita deve ser inferior a um sal\u00e1rio m\u00ednimo. Essa linha de corte \u00e9 crucial para assegurar que o benef\u00edcio chegue a quem realmente precisa. No entanto, recentemente, t\u00eam surgido preocupa\u00e7\u00f5es relacionadas ao uso indevido deste benef\u00edcio, principalmente em atividades que n\u00e3o correspondem \u00e0s necessidades b\u00e1sicas de vida.<\/p>\n\n\n<div class=\"wp-block-image\">\n<figure class=\"aligncenter size-large\"><img loading=\"lazy\" decoding=\"async\" width=\"1024\" height=\"576\" src=\"https:\/\/www.em.com.br\/emfoco\/wp-content\/uploads\/2024\/12\/Idoso-Brasileiro_1733800902102-1024x576.jpg\" alt=\"\" class=\"wp-image-4095\" srcset=\"https:\/\/www.em.com.br\/emfoco\/wp-content\/uploads\/2024\/12\/Idoso-Brasileiro_1733800902102-1024x576.jpg 1024w, https:\/\/www.em.com.br\/emfoco\/wp-content\/uploads\/2024\/12\/Idoso-Brasileiro_1733800902102-300x169.jpg 300w, https:\/\/www.em.com.br\/emfoco\/wp-content\/uploads\/2024\/12\/Idoso-Brasileiro_1733800902102-768x432.jpg 768w, https:\/\/www.em.com.br\/emfoco\/wp-content\/uploads\/2024\/12\/Idoso-Brasileiro_1733800902102-750x422.jpg 750w, https:\/\/www.em.com.br\/emfoco\/wp-content\/uploads\/2024\/12\/Idoso-Brasileiro_1733800902102-1140x641.jpg 1140w, https:\/\/www.em.com.br\/emfoco\/wp-content\/uploads\/2024\/12\/Idoso-Brasileiro_1733800902102.jpg 1280w\" sizes=\"auto, (max-width: 1024px) 100vw, 1024px\" \/><figcaption class=\"wp-element-caption\">BPC &#8211; Cr\u00e9ditos: depositphotos.com \/ verganifotografia<\/figcaption><\/figure><\/div>\n\n\n<h2 class=\"wp-block-heading\">Que medidas est\u00e3o sendo adotadas pelo INSS?<\/h2>\n\n\n\n<p>O INSS tem tomado provid\u00eancias para garantir que o BPC seja utilizado exclusivamente para aquilo a que se destina: sustento das necessidades b\u00e1sicas de seus benefici\u00e1rios. H\u00e1 ind\u00edcios de que algumas pessoas est\u00e3o usando o benef\u00edcio para apostas online, o que desvirtua a sua finalidade. Diante desse cen\u00e1rio, o INSS est\u00e1 estudando a implementa\u00e7\u00e3o de medidas mais r\u00edgidas para evitar tais desvios.<\/p>\n\n\n\n<p>Tais medidas podem incluir o bloqueio de benef\u00edcios para aqueles que se identificarem utilizando o BPC para apostas ou outras finalidades n\u00e3o permitidas. Essa iniciativa n\u00e3o \u00e9 apenas uma quest\u00e3o de controle fiscal, mas tamb\u00e9m uma tentativa de proteger indiv\u00edduos vulner\u00e1veis das armadilhas e riscos associados ao v\u00edcio em jogos de azar.<\/p>\n\n\n\n<h2 class=\"wp-block-heading\">Por que o uso indevido do BPC preocupa?<\/h2>\n\n\n\n<p>Os recursos providos pelo BPC s\u00e3o fundamentais para fam\u00edlias em situa\u00e7\u00e3o de risco social. Quando desviados para apostas, esses recursos deixam de cumprir o seu papel essencial, que \u00e9 garantir a seguran\u00e7a alimentar, sa\u00fade e moradia dos benefici\u00e1rios. Al\u00e9m disso, o envolvimento em jogos de azar pode levar \u00e0 depend\u00eancia, agravando ainda mais a situa\u00e7\u00e3o de vulnerabilidade dessas pessoas.<\/p>\n\n\n\n<p>O uso correto do BPC \u00e9 crucial n\u00e3o apenas para a sobreviv\u00eancia dos benefici\u00e1rios, mas tamb\u00e9m para manter a integridade do sistema de assist\u00eancia social. As autoridades incentivam a popula\u00e7\u00e3o a denunciar qualquer caso de mau uso desse benef\u00edcio, a fim de garantir que ele chegue a quem realmente precisa.<\/p>\n\n\n\n<h2 class=\"wp-block-heading\">O que fazer diante de suspeitas de uso indevido do BPC?<\/h2>\n\n\n\n<p>Se houver suspeita de que o BPC est\u00e1 sendo utilizado de forma inadequada, \u00e9 essencial que tais casos sejam relatados ao INSS. A den\u00fancia pode ser feita atrav\u00e9s dos canais oficiais da institui\u00e7\u00e3o, possibilitando assim que o INSS tome medidas cab\u00edveis. Esta a\u00e7\u00e3o \u00e9 importante para preservar a efic\u00e1cia do programa e assegurar que os benefici\u00e1rios verdadeiramente necessitados continuem a receber apoio.<\/p>\n\n\n\n<p>A conscientiza\u00e7\u00e3o sobre o uso adequado dos recursos do BPC tamb\u00e9m \u00e9 vital. O benef\u00edcio deve ser empregado em despesas que visem a melhoria da qualidade de vida, como alimenta\u00e7\u00e3o, sa\u00fade e habita\u00e7\u00e3o. A responsabilidade nesse contexto \u00e9 essencial para promover a dignidade e o suporte social daqueles que mais precisam.<\/p>\n\n\n\n<h2 class=\"wp-block-heading\">Como garantir o uso correto do BPC?<\/h2>\n\n\n\n<p>Promover o uso respons\u00e1vel do BPC passa por diversas a\u00e7\u00f5es, desde a orienta\u00e7\u00e3o e educa\u00e7\u00e3o dos benefici\u00e1rios at\u00e9 a fiscaliza\u00e7\u00e3o rigorosa pelo INSS. Programas de orienta\u00e7\u00e3o podem ajudar a conscientizar os benefici\u00e1rios sobre a import\u00e2ncia de utilizar o benef\u00edcio de maneira adequada.<\/p>\n\n\n\n<p>A fiscaliza\u00e7\u00e3o tamb\u00e9m desempenha um papel crucial. Ao monitorar o uso do BPC, o INSS pode identificar padr\u00f5es irregulares de consumo e atuar preventivamente para garantir que o benef\u00edcio seja utilizado conforme sua finalidade. Essas a\u00e7\u00f5es conjuntas visam proteger tanto os benefici\u00e1rios quanto a integridade do programa de assist\u00eancia social.<\/p>\n\n\n\n<p><\/p>\n","protected":false},"excerpt":{"rendered":"<p>O Benef\u00edcio de Presta\u00e7\u00e3o Continuada (BPC) \u00e9 uma assist\u00eancia financeira do governo brasileiro voltada para pessoas com defici\u00eancia e idosos que se encontram em situa\u00e7\u00e3o de vulnerabilidade social. Este benef\u00edcio \u00e9 uma responsabilidade do Instituto Nacional do Seguro Social (INSS) e visa garantir que esses cidad\u00e3os recebam um aux\u00edlio capaz de proporcionar condi\u00e7\u00f5es m\u00ednimas de [&hellip;]<\/p>\n","protected":false},"author":7,"featured_media":5003,"comment_status":"open","ping_status":"open","sticky":false,"template":"","format":"standard","meta":{"jnews-multi-image_gallery":[],"jnews_single_post":{"format":"standard"},"jnews_primary_category":[],"jnews_social_meta":[],"jnews_override_counter":[],"footnotes":""},"categories":[28],"tags":[1664,1113,165,260,174,1516],"class_list":["post-13737","post","type-post","status-publish","format-standard","has-post-thumbnail","hentry","category-economia","tag-assistencia-financeira","tag-beneficio-de-prestacao-continuada","tag-governo-brasileiro","tag-idosos","tag-inss","tag-pessoas-com-deficiencia"],"yoast_head":"<!-- This site is optimized with the Yoast SEO plugin v23.8 - https:\/\/yoast.com\/wordpress\/plugins\/seo\/ -->\n<title>Voc\u00ea se encaixa no perfil do BPC? - Estado de Minas - Em foco<\/title>\n<meta name=\"description\" content=\"Confira medidas contra o uso indevido do benef\u00edcio e como garantir seu uso correto.\" \/>\n<meta name=\"robots\" content=\"index, follow, max-snippet:-1, max-image-preview:large, max-video-preview:-1\" \/>\n<link rel=\"canonical\" href=\"https:\/\/www.em.com.br\/emfoco\/2025\/01\/26\/voce-se-encaixa-no-perfil-do-bpc\/\" \/>\n<meta property=\"og:locale\" content=\"pt_BR\" \/>\n<meta property=\"og:type\" content=\"article\" \/>\n<meta property=\"og:title\" content=\"Voc\u00ea se encaixa no perfil do BPC? - Estado de Minas - Em foco\" \/>\n<meta property=\"og:description\" content=\"Confira medidas contra o uso indevido do benef\u00edcio e como garantir seu uso correto.\" \/>\n<meta property=\"og:url\" content=\"https:\/\/www.em.com.br\/emfoco\/2025\/01\/26\/voce-se-encaixa-no-perfil-do-bpc\/\" \/>\n<meta property=\"og:site_name\" content=\"Estado de Minas - Em foco\" \/>\n<meta property=\"article:published_time\" content=\"2025-01-26T20:00:29+00:00\" \/>\n<meta property=\"article:modified_time\" content=\"2025-01-26T05:13:25+00:00\" \/>\n<meta property=\"og:image\" content=\"https:\/\/www.em.com.br\/emfoco\/wp-content\/uploads\/2024\/12\/Idosos_1734194756779.jpg\" \/>\n\t<meta property=\"og:image:width\" content=\"1280\" \/>\n\t<meta property=\"og:image:height\" content=\"720\" \/>\n\t<meta property=\"og:image:type\" content=\"image\/jpeg\" \/>\n<meta name=\"author\" content=\"Kelvin\" \/>\n<meta name=\"twitter:card\" content=\"summary_large_image\" \/>\n<meta name=\"twitter:label1\" content=\"Escrito por\" \/>\n\t<meta name=\"twitter:data1\" content=\"Kelvin\" \/>\n\t<meta name=\"twitter:label2\" content=\"Est. tempo de leitura\" \/>\n\t<meta name=\"twitter:data2\" content=\"4 minutos\" \/>\n<!-- \/ Yoast SEO plugin. -->","yoast_head_json":{"title":"Voc\u00ea se encaixa no perfil do BPC? - Estado de Minas - Em foco","description":"Confira medidas contra o uso indevido do benef\u00edcio e como garantir seu uso correto.","robots":{"index":"index","follow":"follow","max-snippet":"max-snippet:-1","max-image-preview":"max-image-preview:large","max-video-preview":"max-video-preview:-1"},"canonical":"https:\/\/www.em.com.br\/emfoco\/2025\/01\/26\/voce-se-encaixa-no-perfil-do-bpc\/","og_locale":"pt_BR","og_type":"article","og_title":"Voc\u00ea se encaixa no perfil do BPC? - Estado de Minas - Em foco","og_description":"Confira medidas contra o uso indevido do benef\u00edcio e como garantir seu uso correto.","og_url":"https:\/\/www.em.com.br\/emfoco\/2025\/01\/26\/voce-se-encaixa-no-perfil-do-bpc\/","og_site_name":"Estado de Minas - Em foco","article_published_time":"2025-01-26T20:00:29+00:00","article_modified_time":"2025-01-26T05:13:25+00:00","og_image":[{"width":1280,"height":720,"url":"https:\/\/www.em.com.br\/emfoco\/wp-content\/uploads\/2024\/12\/Idosos_1734194756779.jpg","type":"image\/jpeg"}],"author":"Kelvin","twitter_card":"summary_large_image","twitter_misc":{"Escrito por":"Kelvin","Est. tempo de leitura":"4 minutos"},"schema":{"@context":"https:\/\/schema.org","@graph":[{"@type":"WebPage","@id":"https:\/\/www.em.com.br\/emfoco\/2025\/01\/26\/voce-se-encaixa-no-perfil-do-bpc\/","url":"https:\/\/www.em.com.br\/emfoco\/2025\/01\/26\/voce-se-encaixa-no-perfil-do-bpc\/","name":"Voc\u00ea se encaixa no perfil do BPC? - Estado de Minas - Em foco","isPartOf":{"@id":"https:\/\/www.em.com.br\/emfoco\/#website"},"primaryImageOfPage":{"@id":"https:\/\/www.em.com.br\/emfoco\/2025\/01\/26\/voce-se-encaixa-no-perfil-do-bpc\/#primaryimage"},"image":{"@id":"https:\/\/www.em.com.br\/emfoco\/2025\/01\/26\/voce-se-encaixa-no-perfil-do-bpc\/#primaryimage"},"thumbnailUrl":"https:\/\/www.em.com.br\/emfoco\/wp-content\/uploads\/2024\/12\/Idosos_1734194756779.jpg","datePublished":"2025-01-26T20:00:29+00:00","dateModified":"2025-01-26T05:13:25+00:00","author":{"@id":"https:\/\/www.em.com.br\/emfoco\/#\/schema\/person\/fb0a7f48c6fbb94b83f413a80f61917d"},"description":"Confira medidas contra o uso indevido do benef\u00edcio e como garantir seu uso correto.","breadcrumb":{"@id":"https:\/\/www.em.com.br\/emfoco\/2025\/01\/26\/voce-se-encaixa-no-perfil-do-bpc\/#breadcrumb"},"inLanguage":"pt-BR","potentialAction":[{"@type":"ReadAction","target":["https:\/\/www.em.com.br\/emfoco\/2025\/01\/26\/voce-se-encaixa-no-perfil-do-bpc\/"]}]},{"@type":"ImageObject","inLanguage":"pt-BR","@id":"https:\/\/www.em.com.br\/emfoco\/2025\/01\/26\/voce-se-encaixa-no-perfil-do-bpc\/#primaryimage","url":"https:\/\/www.em.com.br\/emfoco\/wp-content\/uploads\/2024\/12\/Idosos_1734194756779.jpg","contentUrl":"https:\/\/www.em.com.br\/emfoco\/wp-content\/uploads\/2024\/12\/Idosos_1734194756779.jpg","width":1280,"height":720,"caption":"Aponsetado - Cr\u00e9ditos: depositphotos.com \/ AndrewLozovyi"},{"@type":"BreadcrumbList","@id":"https:\/\/www.em.com.br\/emfoco\/2025\/01\/26\/voce-se-encaixa-no-perfil-do-bpc\/#breadcrumb","itemListElement":[{"@type":"ListItem","position":1,"name":"In\u00edcio","item":"https:\/\/www.em.com.br\/emfoco\/"},{"@type":"ListItem","position":2,"name":"Voc\u00ea se encaixa no perfil do BPC?"}]},{"@type":"WebSite","@id":"https:\/\/www.em.com.br\/emfoco\/#website","url":"https:\/\/www.em.com.br\/emfoco\/","name":"Estado de Minas - Em foco","description":"Acompanhe as \u00faltimas not\u00edcias e fique bem informado sobre tudo o que acontece em Minas Gerais, Brasil e no mundo.","potentialAction":[{"@type":"SearchAction","target":{"@type":"EntryPoint","urlTemplate":"https:\/\/www.em.com.br\/emfoco\/?s={search_term_string}"},"query-input":{"@type":"PropertyValueSpecification","valueRequired":true,"valueName":"search_term_string"}}],"inLanguage":"pt-BR"},{"@type":"Person","@id":"https:\/\/www.em.com.br\/emfoco\/#\/schema\/person\/fb0a7f48c6fbb94b83f413a80f61917d","name":"Kelvin","image":{"@type":"ImageObject","inLanguage":"pt-BR","@id":"https:\/\/www.em.com.br\/emfoco\/#\/schema\/person\/image\/","url":"https:\/\/secure.gravatar.com\/avatar\/e74f84337e6bf6c4c5e88fbdffa05270?s=96&d=mm&r=g","contentUrl":"https:\/\/secure.gravatar.com\/avatar\/e74f84337e6bf6c4c5e88fbdffa05270?s=96&d=mm&r=g","caption":"Kelvin"},"sameAs":["https:\/\/www.em.com.br\/emfoco"],"url":"https:\/\/www.em.com.br\/emfoco\/author\/kelvinmyth\/"}]}},"_links":{"self":[{"href":"https:\/\/www.em.com.br\/emfoco\/wp-json\/wp\/v2\/posts\/13737","targetHints":{"allow":["GET"]}}],"collection":[{"href":"https:\/\/www.em.com.br\/emfoco\/wp-json\/wp\/v2\/posts"}],"about":[{"href":"https:\/\/www.em.com.br\/emfoco\/wp-json\/wp\/v2\/types\/post"}],"author":[{"embeddable":true,"href":"https:\/\/www.em.com.br\/emfoco\/wp-json\/wp\/v2\/users\/7"}],"replies":[{"embeddable":true,"href":"https:\/\/www.em.com.br\/emfoco\/wp-json\/wp\/v2\/comments?post=13737"}],"version-history":[{"count":2,"href":"https:\/\/www.em.com.br\/emfoco\/wp-json\/wp\/v2\/posts\/13737\/revisions"}],"predecessor-version":[{"id":13740,"href":"https:\/\/www.em.com.br\/emfoco\/wp-json\/wp\/v2\/posts\/13737\/revisions\/13740"}],"wp:featuredmedia":[{"embeddable":true,"href":"https:\/\/www.em.com.br\/emfoco\/wp-json\/wp\/v2\/media\/5003"}],"wp:attachment":[{"href":"https:\/\/www.em.com.br\/emfoco\/wp-json\/wp\/v2\/media?parent=13737"}],"wp:term":[{"taxonomy":"category","embeddable":true,"href":"https:\/\/www.em.com.br\/emfoco\/wp-json\/wp\/v2\/categories?post=13737"},{"taxonomy":"post_tag","embeddable":true,"href":"https:\/\/www.em.com.br\/emfoco\/wp-json\/wp\/v2\/tags?post=13737"}],"curies":[{"name":"wp","href":"https:\/\/api.w.org\/{rel}","templated":true}]}}