{"id":137265,"date":"2025-12-09T16:05:00","date_gmt":"2025-12-09T19:05:00","guid":{"rendered":"https:\/\/www.em.com.br\/emfoco\/?p=137265"},"modified":"2025-12-08T19:29:21","modified_gmt":"2025-12-08T22:29:21","slug":"aprenda-a-cultivar-rosas-do-deserto-e-faca-suas-plantas-florescerem-o-ano-todo","status":"publish","type":"post","link":"https:\/\/www.em.com.br\/emfoco\/2025\/12\/09\/aprenda-a-cultivar-rosas-do-deserto-e-faca-suas-plantas-florescerem-o-ano-todo\/","title":{"rendered":"Aprenda a cultivar rosas do deserto e fa\u00e7a suas plantas florescerem o ano todo"},"content":{"rendered":"\n<p>Quem olha a rosa do deserto pela primeira vez nem imagina que, por tr\u00e1s dessa planta cheia de estilo, existe um passo a passo bem espec\u00edfico para ela ficar bonita e saud\u00e1vel. Apesar da fama de \u201cdif\u00edcil\u201d, com alguns cuidados b\u00e1sicos qualquer iniciante consegue manter a esp\u00e9cie firme, florida e sem podrid\u00e3o escondida no vaso, transformando o cultivo em um hobby prazeroso e acess\u00edvel.<\/p>\n\n\n\n<h2 class=\"wp-block-heading\">Como identificar uma boa rosa do deserto na hora da compra<\/h2>\n\n\n\n<p>Na primeira compra, \u00e9 comum escolher a planta s\u00f3 pela flor, mas o ideal \u00e9 ir al\u00e9m da apar\u00eancia. Observe se as folhas t\u00eam brilho, se o&nbsp;<strong>caldex<\/strong>&nbsp;(a \u201cbatata\u201d da planta) est\u00e1 firme ao toque e se a rosa do deserto aparenta vigor geral.<\/p>\n\n\n\n<p><a href=\"https:\/\/www.em.com.br\/emfoco\/2025\/12\/07\/as-folhas-verdes-mais-potentes-para-o-corpo-e-que-voce-pode-cultivar-em-casa-sem-esforco\/\" target=\"_blank\" rel=\"noreferrer noopener\">Folhas <\/a>muito amareladas, moles ou sem vida podem indicar excesso de \u00e1gua, estresse ou problemas nas ra\u00edzes. Se o estabelecimento permitir, retire o vaso com cuidado e avalie o sistema radicular: ra\u00edzes claras, muitas vezes esbranqui\u00e7adas, s\u00e3o sinal de sa\u00fade, enquanto ra\u00edzes escuras, com mau cheiro ou viscosas indicam poss\u00edvel\u00a0<strong>podrid\u00e3o<\/strong>\u00a0em andamento.<\/p>\n\n\n\n<figure class=\"wp-block-image\"><img decoding=\"async\" src=\"https:\/\/www.em.com.br\/emfoco\/wp-content\/uploads\/2025\/06\/rosa-do-deserto_1750461369008-1024x576.jpg\" alt=\"\"\/><figcaption class=\"wp-element-caption\">A rosa do deserto que virou paix\u00e3o entre iniciantes- Cr\u00e9ditos: depositphotos.com \/ khuntapoldep<\/figcaption><\/figure>\n\n\n\n<h2 class=\"wp-block-heading\">O que fazer com a rosa do deserto assim que chegar em casa<\/h2>\n\n\n\n<p>Ao chegar em casa, o primeiro passo n\u00e3o \u00e9 regar, e sim inspecionar com aten\u00e7\u00e3o. Retire a planta do vaso original, sacuda o excesso de substrato e confira se h\u00e1 cochonilhas nas ra\u00edzes, machucados, pontos escuros ou partes moles que indiquem danos ocultos.<\/p>\n\n\n\n<p>Caso encontre problemas, lave bem as ra\u00edzes, remova todo o substrato antigo e deixe a planta secar na sombra por 2 a 3 dias. Em cortes ou ferimentos, muitos cultivadores usam&nbsp;<strong>talco<\/strong>&nbsp;ou&nbsp;<strong>canela em p\u00f3<\/strong>&nbsp;para selar a \u00e1rea, reduzindo o risco de fungos, bact\u00e9rias e podrid\u00e3o se instalarem nas partes rec\u00e9m-machucadas.<\/p>\n\n\n\n<h2 class=\"wp-block-heading\">Qual \u00e9 o erro mais comum no cultivo de rosa do deserto<\/h2>\n\n\n\n<p>Entre iniciantes, o deslize mais frequente \u00e9 replantar e regar imediatamente. A rosa do deserto, por ser uma suculenta, n\u00e3o lida bem com ra\u00edzes quebradas em contato com substrato \u00famido, o que favorece fungos e acelera a podrid\u00e3o no caldex e na base do caule.<\/p>\n\n\n\n<p>A regra pr\u00e1tica \u00e9 simples: mexeu nas ra\u00edzes, cortou alguma parte ou trocou de vaso, espere antes de regar. Deixe a planta cicatrizar e o substrato secar totalmente antes da primeira rega, especialmente em regi\u00f5es mais \u00famidas, para garantir uma adapta\u00e7\u00e3o segura.<\/p>\n\n\n\n<h2 class=\"wp-block-heading\">Como preparar o substrato e o vaso ideais para a rosa do deserto<\/h2>\n\n\n\n<p>Para quem est\u00e1 come\u00e7ando, entender o substrato certo faz toda a diferen\u00e7a na sa\u00fade da planta. A rosa do deserto precisa de solo&nbsp;<strong>muito bem drenado<\/strong>, que n\u00e3o retenha \u00e1gua demais, evitando o encharcamento das ra\u00edzes e do caldex.<\/p>\n\n\n\n<p>Uma mistura b\u00e1sica \u00e9 50% terra e 50% areia grossa, criando um ambiente leve e arejado, ou o uso de substrato pronto para suculentas e cactos. O formato do vaso tamb\u00e9m importa: vasos rasos, tipo cuia, destacam o caldex, enquanto vasos fundos estimulam ra\u00edzes mais profundas.<\/p>\n\n\n\n<h2 class=\"wp-block-heading\">Quais s\u00e3o os principais cuidados com o substrato e a drenagem<\/h2>\n\n\n\n<p>Alguns pontos s\u00e3o essenciais para garantir um \u201clar\u201d est\u00e1vel e seguro para a rosa do deserto. A seguir, veja os cuidados mais importantes com substrato, vaso e drenagem para evitar problemas comuns como encharcamento e ferimentos nas ra\u00edzes.<\/p>\n\n\n\n<ul class=\"wp-block-list\">\n<li>Priorizar substrato leve, com excelente drenagem.<\/li>\n\n\n\n<li>Evitar excesso de carv\u00e3o, que pode machucar ra\u00edzes com o tempo.<\/li>\n\n\n\n<li>Usar sempre vasos com furos de drenagem adequados.<\/li>\n\n\n\n<li>Preferir vasos rasos para valorizar o caldex.<\/li>\n\n\n\n<li>Garantir que o solo de jardim n\u00e3o acumule \u00e1gua na \u00e9poca de chuvas.<\/li>\n<\/ul>\n\n\n\n<p>Selecionamos o v\u00eddeo abaixo do canal <a href=\"https:\/\/www.youtube.com\/@HenriqueButtler\" target=\"_blank\" rel=\"noreferrer noopener\">@HenriqueButtler<\/a> que possui 520 mil seguidores e ensina como lidar com a rosa do deserto:<\/p>\n\n\n\n<figure class=\"wp-block-embed is-type-video is-provider-youtube wp-block-embed-youtube wp-embed-aspect-16-9 wp-has-aspect-ratio\"><div class=\"wp-block-embed__wrapper\">\n<div class=\"jeg_video_container jeg_video_content\"><iframe loading=\"lazy\" title=\"Rosas do Deserto: Comece Seu Cultivo com Este Manual para Iniciantes! | Henrique Buttler\" width=\"500\" height=\"281\" src=\"https:\/\/www.youtube.com\/embed\/jvFDVfghUlg?feature=oembed\" frameborder=\"0\" allow=\"accelerometer; autoplay; clipboard-write; encrypted-media; gyroscope; picture-in-picture; web-share\" referrerpolicy=\"strict-origin-when-cross-origin\" allowfullscreen><\/iframe><\/div>\n<\/div><\/figure>\n\n\n\n<h2 class=\"wp-block-heading\">Como regar, identificar problemas e salvar uma rosa do deserto<\/h2>\n\n\n\n<p>Depois do replantio, o ideal \u00e9 esperar o substrato secar completamente antes da primeira rega. Com o sistema radicular bem formado, a planta suporta regas mais frequentes, desde que o vaso n\u00e3o fique encharcado; a rosa do deserto costuma sofrer mais com excesso de \u00e1gua do que com a falta.<\/p>\n\n\n\n<p>Um&nbsp;<strong>caldex mole<\/strong>&nbsp;pode indicar falta de \u00e1gua, aus\u00eancia de ra\u00edzes capilares ou in\u00edcio de podrid\u00e3o. Retire a planta do vaso e observe: ra\u00edzes claras s\u00e3o bom sinal; ra\u00edzes escuras e moles devem ser cortadas at\u00e9 a parte firme e branca, selando o corte com talco ou cola e deixando secar antes de tentar enraizar novamente. Em exemplares debilitados, podar parte das folhas reduz a desidrata\u00e7\u00e3o e ajuda na recupera\u00e7\u00e3o.<\/p>\n\n\n\n<h2 class=\"wp-block-heading\">Por que vale a pena se aprofundar no cultivo da rosa do deserto<\/h2>\n\n\n\n<p>Explorar o universo da rosa do deserto abre portas para aprender mais sobre suculentas, poda, enraizamento e montagem de cole\u00e7\u00f5es \u00fanicas. \u00c0 medida que voc\u00ea testa t\u00e9cnicas, formatos de vasos e combina\u00e7\u00f5es de substratos, pequenos ajustes se transformam em grandes resultados na forma do caldex e na intensidade da flora\u00e7\u00e3o.<\/p>\n\n\n\n<p>Se voc\u00ea tem uma rosa do deserto sofrendo ou sonha em ter uma cole\u00e7\u00e3o cheia de plantas esculturais, comece agora: revise o vaso, ajuste o substrato e corrija a rega ainda hoje. Cada dia de descuido pode significar ra\u00edzes perdidas, mas cada cuidado a mais pode salvar sua planta e transformar seu cultivo em um hobby apaixonante e urgente de colocar em pr\u00e1tica.<\/p>\n","protected":false},"excerpt":{"rendered":"<p>Quem olha a rosa do deserto pela primeira vez nem imagina que, por tr\u00e1s dessa planta cheia de estilo, existe um passo a passo bem espec\u00edfico para ela ficar bonita e saud\u00e1vel. Apesar da fama de \u201cdif\u00edcil\u201d, com alguns cuidados b\u00e1sicos qualquer iniciante consegue manter a esp\u00e9cie firme, florida e sem podrid\u00e3o escondida no vaso, [&hellip;]<\/p>\n","protected":false},"author":11,"featured_media":137632,"comment_status":"open","ping_status":"open","sticky":false,"template":"","format":"standard","meta":{"jnews-multi-image_gallery":[],"jnews_single_post":{"format":"standard"},"jnews_primary_category":[],"jnews_social_meta":[],"jnews_override_counter":[],"footnotes":""},"categories":[8819,1],"tags":[3139,12064,7596,5520],"class_list":["post-137265","post","type-post","status-publish","format-standard","has-post-thumbnail","hentry","category-curiosidades","category-noticias","tag-cultivo","tag-rega","tag-rosa-do-deserto","tag-suculentas"],"yoast_head":"<!-- This site is optimized with the Yoast SEO plugin v23.8 - https:\/\/yoast.com\/wordpress\/plugins\/seo\/ -->\n<title>Aprenda a cultivar rosas do deserto e fa\u00e7a suas plantas florescerem o ano todo - Estado de Minas - Em foco<\/title>\n<meta name=\"description\" content=\"Antes de regar ou replantar, a rosa do deserto precisa de inspe\u00e7\u00e3o cuidadosa. Um passo ignorado pode comprometer toda a planta.\" \/>\n<meta name=\"robots\" content=\"index, follow, max-snippet:-1, max-image-preview:large, max-video-preview:-1\" \/>\n<link rel=\"canonical\" href=\"https:\/\/www.em.com.br\/emfoco\/2025\/12\/09\/aprenda-a-cultivar-rosas-do-deserto-e-faca-suas-plantas-florescerem-o-ano-todo\/\" \/>\n<meta property=\"og:locale\" content=\"pt_BR\" \/>\n<meta property=\"og:type\" content=\"article\" \/>\n<meta property=\"og:title\" content=\"Aprenda a cultivar rosas do deserto e fa\u00e7a suas plantas florescerem o ano todo - Estado de Minas - Em foco\" \/>\n<meta property=\"og:description\" content=\"Antes de regar ou replantar, a rosa do deserto precisa de inspe\u00e7\u00e3o cuidadosa. Um passo ignorado pode comprometer toda a planta.\" \/>\n<meta property=\"og:url\" content=\"https:\/\/www.em.com.br\/emfoco\/2025\/12\/09\/aprenda-a-cultivar-rosas-do-deserto-e-faca-suas-plantas-florescerem-o-ano-todo\/\" \/>\n<meta property=\"og:site_name\" content=\"Estado de Minas - Em foco\" \/>\n<meta property=\"article:published_time\" content=\"2025-12-09T19:05:00+00:00\" \/>\n<meta property=\"article:modified_time\" content=\"2025-12-08T22:29:21+00:00\" \/>\n<meta property=\"og:image\" content=\"https:\/\/www.em.com.br\/emfoco\/wp-content\/uploads\/2025\/12\/Gemini_Generated_Image_kziqqnkziqqnkziq-1.png\" \/>\n\t<meta property=\"og:image:width\" content=\"1280\" \/>\n\t<meta property=\"og:image:height\" content=\"720\" \/>\n\t<meta property=\"og:image:type\" content=\"image\/png\" \/>\n<meta name=\"author\" content=\"Andre\u0301 Rangel\u00a0\" \/>\n<meta name=\"twitter:card\" content=\"summary_large_image\" \/>\n<meta name=\"twitter:label1\" content=\"Escrito por\" \/>\n\t<meta name=\"twitter:data1\" content=\"Andre\u0301 Rangel\u00a0\" \/>\n\t<meta name=\"twitter:label2\" content=\"Est. tempo de leitura\" \/>\n\t<meta name=\"twitter:data2\" content=\"6 minutos\" \/>\n<!-- \/ Yoast SEO plugin. -->","yoast_head_json":{"title":"Aprenda a cultivar rosas do deserto e fa\u00e7a suas plantas florescerem o ano todo - Estado de Minas - Em foco","description":"Antes de regar ou replantar, a rosa do deserto precisa de inspe\u00e7\u00e3o cuidadosa. Um passo ignorado pode comprometer toda a planta.","robots":{"index":"index","follow":"follow","max-snippet":"max-snippet:-1","max-image-preview":"max-image-preview:large","max-video-preview":"max-video-preview:-1"},"canonical":"https:\/\/www.em.com.br\/emfoco\/2025\/12\/09\/aprenda-a-cultivar-rosas-do-deserto-e-faca-suas-plantas-florescerem-o-ano-todo\/","og_locale":"pt_BR","og_type":"article","og_title":"Aprenda a cultivar rosas do deserto e fa\u00e7a suas plantas florescerem o ano todo - Estado de Minas - Em foco","og_description":"Antes de regar ou replantar, a rosa do deserto precisa de inspe\u00e7\u00e3o cuidadosa. Um passo ignorado pode comprometer toda a planta.","og_url":"https:\/\/www.em.com.br\/emfoco\/2025\/12\/09\/aprenda-a-cultivar-rosas-do-deserto-e-faca-suas-plantas-florescerem-o-ano-todo\/","og_site_name":"Estado de Minas - Em foco","article_published_time":"2025-12-09T19:05:00+00:00","article_modified_time":"2025-12-08T22:29:21+00:00","og_image":[{"width":1280,"height":720,"url":"https:\/\/www.em.com.br\/emfoco\/wp-content\/uploads\/2025\/12\/Gemini_Generated_Image_kziqqnkziqqnkziq-1.png","type":"image\/png"}],"author":"Andre\u0301 Rangel\u00a0","twitter_card":"summary_large_image","twitter_misc":{"Escrito por":"Andre\u0301 Rangel\u00a0","Est. tempo de leitura":"6 minutos"},"schema":{"@context":"https:\/\/schema.org","@graph":[{"@type":"WebPage","@id":"https:\/\/www.em.com.br\/emfoco\/2025\/12\/09\/aprenda-a-cultivar-rosas-do-deserto-e-faca-suas-plantas-florescerem-o-ano-todo\/","url":"https:\/\/www.em.com.br\/emfoco\/2025\/12\/09\/aprenda-a-cultivar-rosas-do-deserto-e-faca-suas-plantas-florescerem-o-ano-todo\/","name":"Aprenda a cultivar rosas do deserto e fa\u00e7a suas plantas florescerem o ano todo - Estado de Minas - Em foco","isPartOf":{"@id":"https:\/\/www.em.com.br\/emfoco\/#website"},"primaryImageOfPage":{"@id":"https:\/\/www.em.com.br\/emfoco\/2025\/12\/09\/aprenda-a-cultivar-rosas-do-deserto-e-faca-suas-plantas-florescerem-o-ano-todo\/#primaryimage"},"image":{"@id":"https:\/\/www.em.com.br\/emfoco\/2025\/12\/09\/aprenda-a-cultivar-rosas-do-deserto-e-faca-suas-plantas-florescerem-o-ano-todo\/#primaryimage"},"thumbnailUrl":"https:\/\/www.em.com.br\/emfoco\/wp-content\/uploads\/2025\/12\/Gemini_Generated_Image_kziqqnkziqqnkziq-1.png","datePublished":"2025-12-09T19:05:00+00:00","dateModified":"2025-12-08T22:29:21+00:00","author":{"@id":"https:\/\/www.em.com.br\/emfoco\/#\/schema\/person\/60eda09c1fedf0d6891f4cef4b60b8b8"},"description":"Antes de regar ou replantar, a rosa do deserto precisa de inspe\u00e7\u00e3o cuidadosa. Um passo ignorado pode comprometer toda a planta.","breadcrumb":{"@id":"https:\/\/www.em.com.br\/emfoco\/2025\/12\/09\/aprenda-a-cultivar-rosas-do-deserto-e-faca-suas-plantas-florescerem-o-ano-todo\/#breadcrumb"},"inLanguage":"pt-BR","potentialAction":[{"@type":"ReadAction","target":["https:\/\/www.em.com.br\/emfoco\/2025\/12\/09\/aprenda-a-cultivar-rosas-do-deserto-e-faca-suas-plantas-florescerem-o-ano-todo\/"]}]},{"@type":"ImageObject","inLanguage":"pt-BR","@id":"https:\/\/www.em.com.br\/emfoco\/2025\/12\/09\/aprenda-a-cultivar-rosas-do-deserto-e-faca-suas-plantas-florescerem-o-ano-todo\/#primaryimage","url":"https:\/\/www.em.com.br\/emfoco\/wp-content\/uploads\/2025\/12\/Gemini_Generated_Image_kziqqnkziqqnkziq-1.png","contentUrl":"https:\/\/www.em.com.br\/emfoco\/wp-content\/uploads\/2025\/12\/Gemini_Generated_Image_kziqqnkziqqnkziq-1.png","width":1280,"height":720,"caption":"A dica que pode impedir sua rosa do deserto de apodrecer"},{"@type":"BreadcrumbList","@id":"https:\/\/www.em.com.br\/emfoco\/2025\/12\/09\/aprenda-a-cultivar-rosas-do-deserto-e-faca-suas-plantas-florescerem-o-ano-todo\/#breadcrumb","itemListElement":[{"@type":"ListItem","position":1,"name":"In\u00edcio","item":"https:\/\/www.em.com.br\/emfoco\/"},{"@type":"ListItem","position":2,"name":"Aprenda a cultivar rosas do deserto e fa\u00e7a suas plantas florescerem o ano todo"}]},{"@type":"WebSite","@id":"https:\/\/www.em.com.br\/emfoco\/#website","url":"https:\/\/www.em.com.br\/emfoco\/","name":"Estado de Minas - Em foco","description":"Acompanhe as \u00faltimas not\u00edcias e fique bem informado sobre tudo o que acontece em Minas Gerais, Brasil e no mundo.","potentialAction":[{"@type":"SearchAction","target":{"@type":"EntryPoint","urlTemplate":"https:\/\/www.em.com.br\/emfoco\/?s={search_term_string}"},"query-input":{"@type":"PropertyValueSpecification","valueRequired":true,"valueName":"search_term_string"}}],"inLanguage":"pt-BR"},{"@type":"Person","@id":"https:\/\/www.em.com.br\/emfoco\/#\/schema\/person\/60eda09c1fedf0d6891f4cef4b60b8b8","name":"Andre\u0301 Rangel\u00a0","image":{"@type":"ImageObject","inLanguage":"pt-BR","@id":"https:\/\/www.em.com.br\/emfoco\/#\/schema\/person\/image\/","url":"https:\/\/secure.gravatar.com\/avatar\/6234dc814c77c8ef6d8bba622c787efc?s=96&d=mm&r=g","contentUrl":"https:\/\/secure.gravatar.com\/avatar\/6234dc814c77c8ef6d8bba622c787efc?s=96&d=mm&r=g","caption":"Andre\u0301 Rangel\u00a0"},"url":"https:\/\/www.em.com.br\/emfoco\/author\/luizmyth\/"}]}},"_links":{"self":[{"href":"https:\/\/www.em.com.br\/emfoco\/wp-json\/wp\/v2\/posts\/137265","targetHints":{"allow":["GET"]}}],"collection":[{"href":"https:\/\/www.em.com.br\/emfoco\/wp-json\/wp\/v2\/posts"}],"about":[{"href":"https:\/\/www.em.com.br\/emfoco\/wp-json\/wp\/v2\/types\/post"}],"author":[{"embeddable":true,"href":"https:\/\/www.em.com.br\/emfoco\/wp-json\/wp\/v2\/users\/11"}],"replies":[{"embeddable":true,"href":"https:\/\/www.em.com.br\/emfoco\/wp-json\/wp\/v2\/comments?post=137265"}],"version-history":[{"count":3,"href":"https:\/\/www.em.com.br\/emfoco\/wp-json\/wp\/v2\/posts\/137265\/revisions"}],"predecessor-version":[{"id":137631,"href":"https:\/\/www.em.com.br\/emfoco\/wp-json\/wp\/v2\/posts\/137265\/revisions\/137631"}],"wp:featuredmedia":[{"embeddable":true,"href":"https:\/\/www.em.com.br\/emfoco\/wp-json\/wp\/v2\/media\/137632"}],"wp:attachment":[{"href":"https:\/\/www.em.com.br\/emfoco\/wp-json\/wp\/v2\/media?parent=137265"}],"wp:term":[{"taxonomy":"category","embeddable":true,"href":"https:\/\/www.em.com.br\/emfoco\/wp-json\/wp\/v2\/categories?post=137265"},{"taxonomy":"post_tag","embeddable":true,"href":"https:\/\/www.em.com.br\/emfoco\/wp-json\/wp\/v2\/tags?post=137265"}],"curies":[{"name":"wp","href":"https:\/\/api.w.org\/{rel}","templated":true}]}}