{"id":137252,"date":"2025-12-09T12:45:00","date_gmt":"2025-12-09T15:45:00","guid":{"rendered":"https:\/\/www.em.com.br\/emfoco\/?p=137252"},"modified":"2025-12-08T17:46:51","modified_gmt":"2025-12-08T20:46:51","slug":"as-flores-faceis-de-cuidar-que-transformam-qualquer-cantinho-da-casa-sem-exigir-experiencia","status":"publish","type":"post","link":"https:\/\/www.em.com.br\/emfoco\/2025\/12\/09\/as-flores-faceis-de-cuidar-que-transformam-qualquer-cantinho-da-casa-sem-exigir-experiencia\/","title":{"rendered":"As flores f\u00e1ceis de cuidar que transformam qualquer cantinho da casa sem exigir experi\u00eancia"},"content":{"rendered":"\n<p>Flores mudam completamente o clima de qualquer espa\u00e7o. Al\u00e9m de ajudarem na reprodu\u00e7\u00e3o das plantas, elas transformam vasos, jardineiras e cantinhos pequenos em cen\u00e1rios cheios de cor, e hoje j\u00e1 \u00e9 poss\u00edvel montar um jardim variado mesmo em locais pequenos e com pouca experi\u00eancia em jardinagem.<\/p>\n\n\n\n<h2 class=\"wp-block-heading\">Por que apostar em flores f\u00e1ceis de cultivar em casa<\/h2>\n\n\n\n<p>Flores de f\u00e1cil cultivo permitem que qualquer pessoa tenha um jardim, mesmo em apartamentos ou \u00e1reas pequenas. Jardineiras na varanda, vasos tipo bacia ou um cantinho de parede j\u00e1 s\u00e3o suficientes para criar um ambiente colorido, desde que as esp\u00e9cies certas sejam escolhidas.<\/p>\n\n\n\n<p>O segredo est\u00e1 em optar por plantas adaptadas ao clima local e que n\u00e3o exijam muitos cuidados di\u00e1rios. Elas atraem polinizadores, como abelhas, borboletas e beija-flores, mas \u00e9 importante conhecer poss\u00edveis riscos de toxicidade antes de inseri-las em \u00e1reas com crian\u00e7as e animais.<\/p>\n\n\n\n<p>Selecionamos o v\u00eddeo abaixo do canal <a href=\"https:\/\/www.youtube.com\/@SpagnholPlantas1\" target=\"_blank\" rel=\"noreferrer noopener\">@SpagnholPlantas1<\/a> que possui mais de 1.6 milh\u00f5es de inscritos, para voc\u00ea conhecer as 10 flores f\u00e1ceis de cultivar:<\/p>\n\n\n\n<figure class=\"wp-block-embed is-type-video is-provider-youtube wp-block-embed-youtube wp-embed-aspect-16-9 wp-has-aspect-ratio\"><div class=\"wp-block-embed__wrapper\">\n<div class=\"jeg_video_container jeg_video_content\"><iframe loading=\"lazy\" title=\"10 FLORES de f\u00e1cil cultivo para o SEU VASO ou JARDIM\" width=\"500\" height=\"281\" src=\"https:\/\/www.youtube.com\/embed\/qoarcaZVF24?feature=oembed\" frameborder=\"0\" allow=\"accelerometer; autoplay; clipboard-write; encrypted-media; gyroscope; picture-in-picture; web-share\" referrerpolicy=\"strict-origin-when-cross-origin\" allowfullscreen><\/iframe><\/div>\n<\/div><\/figure>\n\n\n\n<h2 class=\"wp-block-heading\">Curiosidades sobre a tor\u00eania e a ametista no jardim<\/h2>\n\n\n\n<p>A tor\u00eania, muitas vezes chamada de \u201cflor de porcelana\u201d, \u00e9 uma planta anual que floresce intensamente por alguns meses e depois completa seu ciclo. Por ter vida curta, \u00e9 ideal para quem gosta de renovar vasos com frequ\u00eancia, testando combina\u00e7\u00f5es diferentes de cores e formatos.<\/p>\n\n\n\n<p>J\u00e1 a ametista, conhecida no paisagismo como plectranthus, chama aten\u00e7\u00e3o pela colora\u00e7\u00e3o roxa das flores e pelo aspecto ornamental mesmo em canteiros simples. \u00c9 r\u00fastica, aceita bem calor e sol moderado e se destaca quando plantada em grupo, formando manchas de cor no jardim.<\/p>\n\n\n\n<figure class=\"wp-block-image size-large\"><img loading=\"lazy\" decoding=\"async\" width=\"1024\" height=\"576\" src=\"https:\/\/www.em.com.br\/emfoco\/wp-content\/uploads\/2025\/12\/torenia-_1765220085504-1024x576.jpg\" alt=\"A planta charmosa que traz vida e alegria at\u00e9 para espa\u00e7os pequenos\" class=\"wp-image-137415\" srcset=\"https:\/\/www.em.com.br\/emfoco\/wp-content\/uploads\/2025\/12\/torenia-_1765220085504-1024x576.jpg 1024w, https:\/\/www.em.com.br\/emfoco\/wp-content\/uploads\/2025\/12\/torenia-_1765220085504-300x169.jpg 300w, https:\/\/www.em.com.br\/emfoco\/wp-content\/uploads\/2025\/12\/torenia-_1765220085504-768x432.jpg 768w, https:\/\/www.em.com.br\/emfoco\/wp-content\/uploads\/2025\/12\/torenia-_1765220085504-750x422.jpg 750w, https:\/\/www.em.com.br\/emfoco\/wp-content\/uploads\/2025\/12\/torenia-_1765220085504-1140x641.jpg 1140w, https:\/\/www.em.com.br\/emfoco\/wp-content\/uploads\/2025\/12\/torenia-_1765220085504.jpg 1280w\" sizes=\"auto, (max-width: 1024px) 100vw, 1024px\" \/><figcaption class=\"wp-element-caption\">Tor\u00eania, planta charmosa que traz vida e alegria at\u00e9 para espa\u00e7os pequenos &#8211; Cr\u00e9ditos: depositphotos.com \/ Kristanti<\/figcaption><\/figure>\n\n\n\n<h2 class=\"wp-block-heading\">Cuidados com mini coroa de Cristo e lantanas t\u00f3xicas<\/h2>\n\n\n\n<p>A mini coroa de Cristo \u00e9 uma vers\u00e3o mais compacta da esp\u00e9cie tradicional, com espinhos e flores pequenas que aparecem praticamente o ano inteiro. Essa flora\u00e7\u00e3o cont\u00ednua a torna uma op\u00e7\u00e3o recorrente para vasos em \u00e1reas ensolaradas, mas exige cuidado em casas com crian\u00e7as e pets.<\/p>\n\n\n\n<p>As lantanas tamb\u00e9m combinam beleza e aten\u00e7\u00e3o redobrada, pois partes da planta s\u00e3o t\u00f3xicas se ingeridas. Em \u00e1reas externas, ambas s\u00e3o muito usadas, e alguns pontos ajudam a decidir onde e como utiliz\u00e1-las com seguran\u00e7a:<\/p>\n\n\n\n<ul class=\"wp-block-list\">\n<li><strong>Mini coroa de Cristo<\/strong>: flores o ano inteiro, ideal para sol pleno, mas com l\u00e1tex t\u00f3xico.<\/li>\n\n\n\n<li><strong>Lantanas<\/strong>: perenes, muito flor\u00edferas, atraem borboletas, por\u00e9m t\u00f3xicas se ingeridas.<\/li>\n\n\n\n<li>Ambas se adaptam bem a vasos e jardineiras em \u00e1reas externas e ensolaradas.<\/li>\n\n\n\n<li>Podas leves ajudam a manter o formato e estimular novas flora\u00e7\u00f5es.<\/li>\n<\/ul>\n\n\n\n<h2 class=\"wp-block-heading\">Flores que atraem beija-flores e d\u00e3o destaque ao jardim<\/h2>\n\n\n\n<p>Entre as esp\u00e9cies comentadas, a crossandra se destaca pela forma\u00e7\u00e3o de bolas de flores vistosas, que funcionam como um verdadeiro chamariz para beija-flores. Em vasos, costuma ficar compacta, sendo indicada para quem quer cor e movimento em pouco espa\u00e7o.<\/p>\n\n\n\n<p>A pentas, conhecida como \u201cestrela do Egito\u201d, tamb\u00e9m atrai muitos polinizadores com suas flores em formato de estrela. Em projetos paisag\u00edsticos, a combina\u00e7\u00e3o de pentas, crossandra e lantanas cria um efeito visual marcante e aumenta a visita de aves e insetos em canteiros ensolarados.<\/p>\n\n\n\n<figure class=\"wp-block-image size-large\"><img loading=\"lazy\" decoding=\"async\" width=\"1024\" height=\"576\" src=\"https:\/\/www.em.com.br\/emfoco\/wp-content\/uploads\/2025\/12\/crossandra-_1765220178491-1024x576.jpg\" alt=\"A flor do momento que est\u00e1 conquistando quem ama jardim simples\" class=\"wp-image-137417\" srcset=\"https:\/\/www.em.com.br\/emfoco\/wp-content\/uploads\/2025\/12\/crossandra-_1765220178491-1024x576.jpg 1024w, https:\/\/www.em.com.br\/emfoco\/wp-content\/uploads\/2025\/12\/crossandra-_1765220178491-300x169.jpg 300w, https:\/\/www.em.com.br\/emfoco\/wp-content\/uploads\/2025\/12\/crossandra-_1765220178491-768x432.jpg 768w, https:\/\/www.em.com.br\/emfoco\/wp-content\/uploads\/2025\/12\/crossandra-_1765220178491-750x422.jpg 750w, https:\/\/www.em.com.br\/emfoco\/wp-content\/uploads\/2025\/12\/crossandra-_1765220178491-1140x641.jpg 1140w, https:\/\/www.em.com.br\/emfoco\/wp-content\/uploads\/2025\/12\/crossandra-_1765220178491.jpg 1280w\" sizes=\"auto, (max-width: 1024px) 100vw, 1024px\" \/><figcaption class=\"wp-element-caption\">Crossandra, flor do momento que est\u00e1 conquistando quem ama jardim simples &#8211; Cr\u00e9ditos: depositphotos.com \/ Kassandra2<\/figcaption><\/figure>\n\n\n\n<h2 class=\"wp-block-heading\">Flores ideais para sol forte e jardins quentes<\/h2>\n\n\n\n<p>Para regi\u00f5es mais quentes e \u00e1reas com bastante sol, a beg\u00f4nia Viking e a SunPatiens foram desenvolvidas justamente para suportar temperaturas elevadas e exposi\u00e7\u00e3o intensa. S\u00e3o muito usadas em jardins p\u00fablicos e canteiros de rua, onde a manuten\u00e7\u00e3o precisa ser pr\u00e1tica.<\/p>\n\n\n\n<p>O ger\u00e2nio \u00e9 uma op\u00e7\u00e3o cl\u00e1ssica para sol, com visual tradicional e aroma marcante, enquanto a beg\u00f4nia asa de drag\u00e3o surpreende por ter flores comest\u00edveis. Essas esp\u00e9cies mostram que qualquer espa\u00e7o pode ganhar vida com escolhas simples, unindo beleza, resist\u00eancia e at\u00e9 experi\u00eancias gastron\u00f4micas.<\/p>\n\n\n\n<h2 class=\"wp-block-heading\">Conclus\u00e3o sobre flores f\u00e1ceis de cultivar em casa<\/h2>\n\n\n\n<p>Ao apostar nessas dez <a href=\"https:\/\/www.em.com.br\/emfoco\/2025\/12\/05\/como-cultivar-lavanda-em-vasos-e-trazer-a-natureza-para-a-sua-varanda\/\" target=\"_blank\" rel=\"noreferrer noopener\">flores <\/a>de f\u00e1cil cultivo, voc\u00ea transforma rapidamente qualquer varanda, quintal ou cantinho em um jardim vibrante, cheio de cores e polinizadores. Mesmo com pouco tempo e experi\u00eancia, \u00e9 poss\u00edvel criar combina\u00e7\u00f5es interessantes, brincar com texturas e ter flora\u00e7\u00f5es quase o ano inteiro.<\/p>\n\n\n\n<p>N\u00e3o adie o seu jardim dos sonhos: escolha hoje algumas dessas esp\u00e9cies, comece com poucos vasos e veja seu espa\u00e7o se encher de vida semana ap\u00f3s semana. Cada muda plantada \u00e9 um passo concreto para um ambiente mais bonito, acolhedor e cheio de boas sensa\u00e7\u00f5es.<\/p>\n","protected":false},"excerpt":{"rendered":"<p>Flores mudam completamente o clima de qualquer espa\u00e7o. Al\u00e9m de ajudarem na reprodu\u00e7\u00e3o das plantas, elas transformam vasos, jardineiras e cantinhos pequenos em cen\u00e1rios cheios de cor, e hoje j\u00e1 \u00e9 poss\u00edvel montar um jardim variado mesmo em locais pequenos e com pouca experi\u00eancia em jardinagem. Por que apostar em flores f\u00e1ceis de cultivar em [&hellip;]<\/p>\n","protected":false},"author":11,"featured_media":137420,"comment_status":"open","ping_status":"open","sticky":false,"template":"","format":"standard","meta":{"jnews-multi-image_gallery":[],"jnews_single_post":{"format":"standard"},"jnews_primary_category":[],"jnews_social_meta":[],"jnews_override_counter":[],"footnotes":""},"categories":[1,9053],"tags":[3357,20085,3325,1922],"class_list":["post-137252","post","type-post","status-publish","format-standard","has-post-thumbnail","hentry","category-noticias","category-saude","tag-flores","tag-flores-crescem-rapido","tag-jardim","tag-sol"],"yoast_head":"<!-- This site is optimized with the Yoast SEO plugin v23.8 - https:\/\/yoast.com\/wordpress\/plugins\/seo\/ -->\n<title>As flores f\u00e1ceis de cuidar que transformam qualquer cantinho da casa sem exigir experi\u00eancia - Estado de Minas - Em foco<\/title>\n<meta name=\"description\" content=\"Com esp\u00e9cies resistentes e cheias de vida, \u00e9 poss\u00edvel montar um jardim vibrante em casa. A flor mais indicada para iniciantes pode te encantar.\" \/>\n<meta name=\"robots\" content=\"index, follow, max-snippet:-1, max-image-preview:large, max-video-preview:-1\" \/>\n<link rel=\"canonical\" href=\"https:\/\/www.em.com.br\/emfoco\/2025\/12\/09\/as-flores-faceis-de-cuidar-que-transformam-qualquer-cantinho-da-casa-sem-exigir-experiencia\/\" \/>\n<meta property=\"og:locale\" content=\"pt_BR\" \/>\n<meta property=\"og:type\" content=\"article\" \/>\n<meta property=\"og:title\" content=\"As flores f\u00e1ceis de cuidar que transformam qualquer cantinho da casa sem exigir experi\u00eancia - Estado de Minas - Em foco\" \/>\n<meta property=\"og:description\" content=\"Com esp\u00e9cies resistentes e cheias de vida, \u00e9 poss\u00edvel montar um jardim vibrante em casa. A flor mais indicada para iniciantes pode te encantar.\" \/>\n<meta property=\"og:url\" content=\"https:\/\/www.em.com.br\/emfoco\/2025\/12\/09\/as-flores-faceis-de-cuidar-que-transformam-qualquer-cantinho-da-casa-sem-exigir-experiencia\/\" \/>\n<meta property=\"og:site_name\" content=\"Estado de Minas - Em foco\" \/>\n<meta property=\"article:published_time\" content=\"2025-12-09T15:45:00+00:00\" \/>\n<meta property=\"article:modified_time\" content=\"2025-12-08T20:46:51+00:00\" \/>\n<meta property=\"og:image\" content=\"https:\/\/www.em.com.br\/emfoco\/wp-content\/uploads\/2025\/12\/Gemini_Generated_Image_uh5xh3uh5xh3uh5x-1.png\" \/>\n\t<meta property=\"og:image:width\" content=\"1280\" \/>\n\t<meta property=\"og:image:height\" content=\"720\" \/>\n\t<meta property=\"og:image:type\" content=\"image\/png\" \/>\n<meta name=\"author\" content=\"Andre\u0301 Rangel\u00a0\" \/>\n<meta name=\"twitter:card\" content=\"summary_large_image\" \/>\n<meta name=\"twitter:label1\" content=\"Escrito por\" \/>\n\t<meta name=\"twitter:data1\" content=\"Andre\u0301 Rangel\u00a0\" \/>\n\t<meta name=\"twitter:label2\" content=\"Est. tempo de leitura\" \/>\n\t<meta name=\"twitter:data2\" content=\"5 minutos\" \/>\n<!-- \/ Yoast SEO plugin. -->","yoast_head_json":{"title":"As flores f\u00e1ceis de cuidar que transformam qualquer cantinho da casa sem exigir experi\u00eancia - Estado de Minas - Em foco","description":"Com esp\u00e9cies resistentes e cheias de vida, \u00e9 poss\u00edvel montar um jardim vibrante em casa. A flor mais indicada para iniciantes pode te encantar.","robots":{"index":"index","follow":"follow","max-snippet":"max-snippet:-1","max-image-preview":"max-image-preview:large","max-video-preview":"max-video-preview:-1"},"canonical":"https:\/\/www.em.com.br\/emfoco\/2025\/12\/09\/as-flores-faceis-de-cuidar-que-transformam-qualquer-cantinho-da-casa-sem-exigir-experiencia\/","og_locale":"pt_BR","og_type":"article","og_title":"As flores f\u00e1ceis de cuidar que transformam qualquer cantinho da casa sem exigir experi\u00eancia - Estado de Minas - Em foco","og_description":"Com esp\u00e9cies resistentes e cheias de vida, \u00e9 poss\u00edvel montar um jardim vibrante em casa. A flor mais indicada para iniciantes pode te encantar.","og_url":"https:\/\/www.em.com.br\/emfoco\/2025\/12\/09\/as-flores-faceis-de-cuidar-que-transformam-qualquer-cantinho-da-casa-sem-exigir-experiencia\/","og_site_name":"Estado de Minas - Em foco","article_published_time":"2025-12-09T15:45:00+00:00","article_modified_time":"2025-12-08T20:46:51+00:00","og_image":[{"width":1280,"height":720,"url":"https:\/\/www.em.com.br\/emfoco\/wp-content\/uploads\/2025\/12\/Gemini_Generated_Image_uh5xh3uh5xh3uh5x-1.png","type":"image\/png"}],"author":"Andre\u0301 Rangel\u00a0","twitter_card":"summary_large_image","twitter_misc":{"Escrito por":"Andre\u0301 Rangel\u00a0","Est. tempo de leitura":"5 minutos"},"schema":{"@context":"https:\/\/schema.org","@graph":[{"@type":"WebPage","@id":"https:\/\/www.em.com.br\/emfoco\/2025\/12\/09\/as-flores-faceis-de-cuidar-que-transformam-qualquer-cantinho-da-casa-sem-exigir-experiencia\/","url":"https:\/\/www.em.com.br\/emfoco\/2025\/12\/09\/as-flores-faceis-de-cuidar-que-transformam-qualquer-cantinho-da-casa-sem-exigir-experiencia\/","name":"As flores f\u00e1ceis de cuidar que transformam qualquer cantinho da casa sem exigir experi\u00eancia - Estado de Minas - Em foco","isPartOf":{"@id":"https:\/\/www.em.com.br\/emfoco\/#website"},"primaryImageOfPage":{"@id":"https:\/\/www.em.com.br\/emfoco\/2025\/12\/09\/as-flores-faceis-de-cuidar-que-transformam-qualquer-cantinho-da-casa-sem-exigir-experiencia\/#primaryimage"},"image":{"@id":"https:\/\/www.em.com.br\/emfoco\/2025\/12\/09\/as-flores-faceis-de-cuidar-que-transformam-qualquer-cantinho-da-casa-sem-exigir-experiencia\/#primaryimage"},"thumbnailUrl":"https:\/\/www.em.com.br\/emfoco\/wp-content\/uploads\/2025\/12\/Gemini_Generated_Image_uh5xh3uh5xh3uh5x-1.png","datePublished":"2025-12-09T15:45:00+00:00","dateModified":"2025-12-08T20:46:51+00:00","author":{"@id":"https:\/\/www.em.com.br\/emfoco\/#\/schema\/person\/60eda09c1fedf0d6891f4cef4b60b8b8"},"description":"Com esp\u00e9cies resistentes e cheias de vida, \u00e9 poss\u00edvel montar um jardim vibrante em casa. A flor mais indicada para iniciantes pode te encantar.","breadcrumb":{"@id":"https:\/\/www.em.com.br\/emfoco\/2025\/12\/09\/as-flores-faceis-de-cuidar-que-transformam-qualquer-cantinho-da-casa-sem-exigir-experiencia\/#breadcrumb"},"inLanguage":"pt-BR","potentialAction":[{"@type":"ReadAction","target":["https:\/\/www.em.com.br\/emfoco\/2025\/12\/09\/as-flores-faceis-de-cuidar-que-transformam-qualquer-cantinho-da-casa-sem-exigir-experiencia\/"]}]},{"@type":"ImageObject","inLanguage":"pt-BR","@id":"https:\/\/www.em.com.br\/emfoco\/2025\/12\/09\/as-flores-faceis-de-cuidar-que-transformam-qualquer-cantinho-da-casa-sem-exigir-experiencia\/#primaryimage","url":"https:\/\/www.em.com.br\/emfoco\/wp-content\/uploads\/2025\/12\/Gemini_Generated_Image_uh5xh3uh5xh3uh5x-1.png","contentUrl":"https:\/\/www.em.com.br\/emfoco\/wp-content\/uploads\/2025\/12\/Gemini_Generated_Image_uh5xh3uh5xh3uh5x-1.png","width":1280,"height":720,"caption":"As flores f\u00e1ceis que deixam qualquer cantinho mais colorido"},{"@type":"BreadcrumbList","@id":"https:\/\/www.em.com.br\/emfoco\/2025\/12\/09\/as-flores-faceis-de-cuidar-que-transformam-qualquer-cantinho-da-casa-sem-exigir-experiencia\/#breadcrumb","itemListElement":[{"@type":"ListItem","position":1,"name":"In\u00edcio","item":"https:\/\/www.em.com.br\/emfoco\/"},{"@type":"ListItem","position":2,"name":"As flores f\u00e1ceis de cuidar que transformam qualquer cantinho da casa sem exigir experi\u00eancia"}]},{"@type":"WebSite","@id":"https:\/\/www.em.com.br\/emfoco\/#website","url":"https:\/\/www.em.com.br\/emfoco\/","name":"Estado de Minas - Em foco","description":"Acompanhe as \u00faltimas not\u00edcias e fique bem informado sobre tudo o que acontece em Minas Gerais, Brasil e no mundo.","potentialAction":[{"@type":"SearchAction","target":{"@type":"EntryPoint","urlTemplate":"https:\/\/www.em.com.br\/emfoco\/?s={search_term_string}"},"query-input":{"@type":"PropertyValueSpecification","valueRequired":true,"valueName":"search_term_string"}}],"inLanguage":"pt-BR"},{"@type":"Person","@id":"https:\/\/www.em.com.br\/emfoco\/#\/schema\/person\/60eda09c1fedf0d6891f4cef4b60b8b8","name":"Andre\u0301 Rangel\u00a0","image":{"@type":"ImageObject","inLanguage":"pt-BR","@id":"https:\/\/www.em.com.br\/emfoco\/#\/schema\/person\/image\/","url":"https:\/\/secure.gravatar.com\/avatar\/6234dc814c77c8ef6d8bba622c787efc?s=96&d=mm&r=g","contentUrl":"https:\/\/secure.gravatar.com\/avatar\/6234dc814c77c8ef6d8bba622c787efc?s=96&d=mm&r=g","caption":"Andre\u0301 Rangel\u00a0"},"url":"https:\/\/www.em.com.br\/emfoco\/author\/luizmyth\/"}]}},"_links":{"self":[{"href":"https:\/\/www.em.com.br\/emfoco\/wp-json\/wp\/v2\/posts\/137252","targetHints":{"allow":["GET"]}}],"collection":[{"href":"https:\/\/www.em.com.br\/emfoco\/wp-json\/wp\/v2\/posts"}],"about":[{"href":"https:\/\/www.em.com.br\/emfoco\/wp-json\/wp\/v2\/types\/post"}],"author":[{"embeddable":true,"href":"https:\/\/www.em.com.br\/emfoco\/wp-json\/wp\/v2\/users\/11"}],"replies":[{"embeddable":true,"href":"https:\/\/www.em.com.br\/emfoco\/wp-json\/wp\/v2\/comments?post=137252"}],"version-history":[{"count":5,"href":"https:\/\/www.em.com.br\/emfoco\/wp-json\/wp\/v2\/posts\/137252\/revisions"}],"predecessor-version":[{"id":137418,"href":"https:\/\/www.em.com.br\/emfoco\/wp-json\/wp\/v2\/posts\/137252\/revisions\/137418"}],"wp:featuredmedia":[{"embeddable":true,"href":"https:\/\/www.em.com.br\/emfoco\/wp-json\/wp\/v2\/media\/137420"}],"wp:attachment":[{"href":"https:\/\/www.em.com.br\/emfoco\/wp-json\/wp\/v2\/media?parent=137252"}],"wp:term":[{"taxonomy":"category","embeddable":true,"href":"https:\/\/www.em.com.br\/emfoco\/wp-json\/wp\/v2\/categories?post=137252"},{"taxonomy":"post_tag","embeddable":true,"href":"https:\/\/www.em.com.br\/emfoco\/wp-json\/wp\/v2\/tags?post=137252"}],"curies":[{"name":"wp","href":"https:\/\/api.w.org\/{rel}","templated":true}]}}