{"id":13725,"date":"2025-01-26T11:20:02","date_gmt":"2025-01-26T14:20:02","guid":{"rendered":"https:\/\/www.em.com.br\/emfoco\/?p=13725"},"modified":"2025-01-26T01:51:22","modified_gmt":"2025-01-26T04:51:22","slug":"o-seguro-desemprego-mudou-em-2025","status":"publish","type":"post","link":"https:\/\/www.em.com.br\/emfoco\/2025\/01\/26\/o-seguro-desemprego-mudou-em-2025\/","title":{"rendered":"O seguro-desemprego mudou em 2025?"},"content":{"rendered":"\n<p>Em 2025, o seguro-desemprego no Brasil passar\u00e1 por um reajuste <a href=\"https:\/\/www.em.com.br\/emfoco\/2025\/01\/23\/idosos-acima-de-65-anos-recebem-um-comunicado-importante-hoje\/\" target=\"_blank\" rel=\"noreferrer noopener\">importante<\/a>, impactando diretamente aqueles que perderam seus trabalhos formais. O <a href=\"https:\/\/www.gov.br\/pt-br\" target=\"_blank\" rel=\"noreferrer noopener\">governo <\/a>anunciou que o benef\u00edcio ser\u00e1 calculado de acordo com uma nova tabela, introduzindo um teto m\u00e1ximo de <strong>R$ 2.424,11<\/strong>, enquanto o valor m\u00ednimo se alinha ao sal\u00e1rio m\u00ednimo vigente, que atualmente \u00e9 de <strong>R$ 1.518,00<\/strong>. Essa medida visa proporcionar maior suporte financeiro para os trabalhadores exonerados, acompanhando as vari\u00e1veis econ\u00f4micas em escala nacional.<\/p>\n\n\n\n<p>O ajuste nos valores \u00e9 especialmente relevante para aqueles que tinham sal\u00e1rios mais altos antes de sua demiss\u00e3o, pois poder\u00e3o contar com um benef\u00edcio mais substancial. Al\u00e9m disso, tal atualiza\u00e7\u00e3o reflete as transforma\u00e7\u00f5es econ\u00f4micas, como infla\u00e7\u00e3o e custo de vida, permitindo que os benefici\u00e1rios mantenham um poder aquisitivo semelhante ao que tinham antes de perder seus empregos.<\/p>\n\n\n<div class=\"wp-block-image\">\n<figure class=\"aligncenter size-large\"><img loading=\"lazy\" decoding=\"async\" width=\"1024\" height=\"576\" src=\"https:\/\/www.em.com.br\/emfoco\/wp-content\/uploads\/2024\/12\/Salario_1735509096626-1024x576.jpg\" alt=\"\" class=\"wp-image-7548\" srcset=\"https:\/\/www.em.com.br\/emfoco\/wp-content\/uploads\/2024\/12\/Salario_1735509096626-1024x576.jpg 1024w, https:\/\/www.em.com.br\/emfoco\/wp-content\/uploads\/2024\/12\/Salario_1735509096626-300x169.jpg 300w, https:\/\/www.em.com.br\/emfoco\/wp-content\/uploads\/2024\/12\/Salario_1735509096626-768x432.jpg 768w, https:\/\/www.em.com.br\/emfoco\/wp-content\/uploads\/2024\/12\/Salario_1735509096626-750x422.jpg 750w, https:\/\/www.em.com.br\/emfoco\/wp-content\/uploads\/2024\/12\/Salario_1735509096626-1140x641.jpg 1140w, https:\/\/www.em.com.br\/emfoco\/wp-content\/uploads\/2024\/12\/Salario_1735509096626.jpg 1280w\" sizes=\"auto, (max-width: 1024px) 100vw, 1024px\" \/><figcaption class=\"wp-element-caption\">Dinheiro &#8211; Cr\u00e9ditos: depositphotos.com \/ KostyaKlimenko<\/figcaption><\/figure><\/div>\n\n\n<h2 class=\"wp-block-heading\">Quem tem Direito ao Seguro-Desemprego?<\/h2>\n\n\n\n<p>O acesso ao seguro-desemprego requer o cumprimento de certos requisitos. Em geral, \u00e9 necess\u00e1rio que o trabalhador tenha sido dispensado sem justa causa e que atenda a crit\u00e9rios espec\u00edficos em rela\u00e7\u00e3o ao tempo de contribui\u00e7\u00e3o anterior. As regras incluem:<\/p>\n\n\n\n<ol class=\"wp-block-list\">\n<li>Ter trabalhado por pelo menos 12 meses nos \u00faltimos 18 meses anteriores \u00e0 primeira solicita\u00e7\u00e3o.<\/li>\n\n\n\n<li>Ter trabalhado por pelo menos 9 meses nos \u00faltimos 12 meses antes da segunda solicita\u00e7\u00e3o.<\/li>\n\n\n\n<li>Ter trabalhado por cada um dos 6 meses imediatamente anteriores \u00e0 terceira e demais solicita\u00e7\u00f5es.<\/li>\n<\/ol>\n\n\n\n<p>Al\u00e9m desses requisitos, o trabalhador n\u00e3o pode possuir outra renda para sustento pr\u00f3prio ou de sua fam\u00edlia, e deve, tamb\u00e9m, n\u00e3o estar recebendo benef\u00edcio de presta\u00e7\u00e3o continuada da Previd\u00eancia Social, exceto pens\u00e3o por morte ou aux\u00edlio-acidente.<\/p>\n\n\n\n<h2 class=\"wp-block-heading\">Como Solicitar o Seguro-Desemprego?<\/h2>\n\n\n\n<p>A solicita\u00e7\u00e3o do seguro-desemprego pode ser feita de maneira presencial ou online, oferecendo flexibilidade ao trabalhador. Os documentos necess\u00e1rios incluem a Carteira de Trabalho, o Termo de Rescis\u00e3o do Contrato de Trabalho, o requerimento do benef\u00edcio fornecido pelo empregador, al\u00e9m de documentos pessoais como RG, CPF e comprovante de resid\u00eancia.<\/p>\n\n\n\n<p>Para o atendimento presencial, o trabalhador deve comparecer a uma das unidades do Sistema Nacional de Emprego (SINE) ou nas Superintend\u00eancias Regionais do Trabalho. Alternativamente, o pedido pode ser feito via internet, atrav\u00e9s do portal &#8220;gov.br&#8221;, onde o trabalhador precisa criar um login e senha para acessar o sistema e seguir as instru\u00e7\u00f5es para preenchimento do formul\u00e1rio digital.<\/p>\n\n\n\n<h2 class=\"wp-block-heading\">Qual \u00e9 o Impacto Econ\u00f4mico do Reajuste?<\/h2>\n\n\n\n<p>O aumento no seguro-desemprego n\u00e3o s\u00f3 oferece maior estabilidade financeira ao cidad\u00e3o, como tamb\u00e9m desempenha um papel crucial no est\u00edmulo \u00e0 economia. Com mais dinheiro em m\u00e3os, os benefici\u00e1rios s\u00e3o capazes de manter um n\u00edvel de consumo que contribui para o aquecimento dos mercados locais. Este tipo de benef\u00edcio social \u00e9 vital em momentos de alta taxa de desemprego, equilibrando a demanda por produtos e servi\u00e7os e potencialmente gerando novos postos de trabalho.<\/p>\n\n\n\n<p>Especialistas tamb\u00e9m apontam que reajustes assim ajudam a diminuir a disparidade econ\u00f4mica, garantindo que a popula\u00e7\u00e3o de baixa renda n\u00e3o seja a mais afetada em per\u00edodos de crise. A adequa\u00e7\u00e3o dos valores do seguro-desemprego ao cen\u00e1rio econ\u00f4mico \u00e9 uma estrat\u00e9gia para assegurar a preserva\u00e7\u00e3o do padr\u00e3o de vida dos trabalhadores em um contexto de desocupa\u00e7\u00e3o.<\/p>\n","protected":false},"excerpt":{"rendered":"<p>Em 2025, o seguro-desemprego no Brasil passar\u00e1 por um reajuste importante, impactando diretamente aqueles que perderam seus trabalhos formais. O governo anunciou que o benef\u00edcio ser\u00e1 calculado de acordo com uma nova tabela, introduzindo um teto m\u00e1ximo de R$ 2.424,11, enquanto o valor m\u00ednimo se alinha ao sal\u00e1rio m\u00ednimo vigente, que atualmente \u00e9 de R$ [&hellip;]<\/p>\n","protected":false},"author":7,"featured_media":6111,"comment_status":"open","ping_status":"open","sticky":false,"template":"","format":"standard","meta":{"jnews-multi-image_gallery":[],"jnews_single_post":{"format":"standard"},"jnews_primary_category":[],"jnews_social_meta":[],"jnews_override_counter":[],"footnotes":""},"categories":[28],"tags":[782,4192,1832],"class_list":["post-13725","post","type-post","status-publish","format-standard","has-post-thumbnail","hentry","category-economia","tag-782","tag-reajuste-seguro-desemprego","tag-seguro-desemprego"],"yoast_head":"<!-- This site is optimized with the Yoast SEO plugin v23.8 - https:\/\/yoast.com\/wordpress\/plugins\/seo\/ -->\n<title>O seguro-desemprego mudou em 2025? - Estado de Minas - Em foco<\/title>\n<meta name=\"description\" content=\"Veja como solicitar o benef\u00edcio e quem tem direito a ele e se aumentou nesse ano!\" \/>\n<meta name=\"robots\" content=\"index, follow, max-snippet:-1, max-image-preview:large, max-video-preview:-1\" \/>\n<link rel=\"canonical\" href=\"https:\/\/www.em.com.br\/emfoco\/2025\/01\/26\/o-seguro-desemprego-mudou-em-2025\/\" \/>\n<meta property=\"og:locale\" content=\"pt_BR\" \/>\n<meta property=\"og:type\" content=\"article\" \/>\n<meta property=\"og:title\" content=\"O seguro-desemprego mudou em 2025? - Estado de Minas - Em foco\" \/>\n<meta property=\"og:description\" content=\"Veja como solicitar o benef\u00edcio e quem tem direito a ele e se aumentou nesse ano!\" \/>\n<meta property=\"og:url\" content=\"https:\/\/www.em.com.br\/emfoco\/2025\/01\/26\/o-seguro-desemprego-mudou-em-2025\/\" \/>\n<meta property=\"og:site_name\" content=\"Estado de Minas - Em foco\" \/>\n<meta property=\"article:published_time\" content=\"2025-01-26T14:20:02+00:00\" \/>\n<meta property=\"article:modified_time\" content=\"2025-01-26T04:51:22+00:00\" \/>\n<meta property=\"og:image\" content=\"https:\/\/www.em.com.br\/emfoco\/wp-content\/uploads\/2024\/12\/CLT_1734802341009.jpg\" \/>\n\t<meta property=\"og:image:width\" content=\"1280\" \/>\n\t<meta property=\"og:image:height\" content=\"720\" \/>\n\t<meta property=\"og:image:type\" content=\"image\/jpeg\" \/>\n<meta name=\"author\" content=\"Kelvin\" \/>\n<meta name=\"twitter:card\" content=\"summary_large_image\" \/>\n<meta name=\"twitter:label1\" content=\"Escrito por\" \/>\n\t<meta name=\"twitter:data1\" content=\"Kelvin\" \/>\n\t<meta name=\"twitter:label2\" content=\"Est. tempo de leitura\" \/>\n\t<meta name=\"twitter:data2\" content=\"4 minutos\" \/>\n<!-- \/ Yoast SEO plugin. -->","yoast_head_json":{"title":"O seguro-desemprego mudou em 2025? - Estado de Minas - Em foco","description":"Veja como solicitar o benef\u00edcio e quem tem direito a ele e se aumentou nesse ano!","robots":{"index":"index","follow":"follow","max-snippet":"max-snippet:-1","max-image-preview":"max-image-preview:large","max-video-preview":"max-video-preview:-1"},"canonical":"https:\/\/www.em.com.br\/emfoco\/2025\/01\/26\/o-seguro-desemprego-mudou-em-2025\/","og_locale":"pt_BR","og_type":"article","og_title":"O seguro-desemprego mudou em 2025? - Estado de Minas - Em foco","og_description":"Veja como solicitar o benef\u00edcio e quem tem direito a ele e se aumentou nesse ano!","og_url":"https:\/\/www.em.com.br\/emfoco\/2025\/01\/26\/o-seguro-desemprego-mudou-em-2025\/","og_site_name":"Estado de Minas - Em foco","article_published_time":"2025-01-26T14:20:02+00:00","article_modified_time":"2025-01-26T04:51:22+00:00","og_image":[{"width":1280,"height":720,"url":"https:\/\/www.em.com.br\/emfoco\/wp-content\/uploads\/2024\/12\/CLT_1734802341009.jpg","type":"image\/jpeg"}],"author":"Kelvin","twitter_card":"summary_large_image","twitter_misc":{"Escrito por":"Kelvin","Est. tempo de leitura":"4 minutos"},"schema":{"@context":"https:\/\/schema.org","@graph":[{"@type":"WebPage","@id":"https:\/\/www.em.com.br\/emfoco\/2025\/01\/26\/o-seguro-desemprego-mudou-em-2025\/","url":"https:\/\/www.em.com.br\/emfoco\/2025\/01\/26\/o-seguro-desemprego-mudou-em-2025\/","name":"O seguro-desemprego mudou em 2025? - Estado de Minas - Em foco","isPartOf":{"@id":"https:\/\/www.em.com.br\/emfoco\/#website"},"primaryImageOfPage":{"@id":"https:\/\/www.em.com.br\/emfoco\/2025\/01\/26\/o-seguro-desemprego-mudou-em-2025\/#primaryimage"},"image":{"@id":"https:\/\/www.em.com.br\/emfoco\/2025\/01\/26\/o-seguro-desemprego-mudou-em-2025\/#primaryimage"},"thumbnailUrl":"https:\/\/www.em.com.br\/emfoco\/wp-content\/uploads\/2024\/12\/CLT_1734802341009.jpg","datePublished":"2025-01-26T14:20:02+00:00","dateModified":"2025-01-26T04:51:22+00:00","author":{"@id":"https:\/\/www.em.com.br\/emfoco\/#\/schema\/person\/fb0a7f48c6fbb94b83f413a80f61917d"},"description":"Veja como solicitar o benef\u00edcio e quem tem direito a ele e se aumentou nesse ano!","breadcrumb":{"@id":"https:\/\/www.em.com.br\/emfoco\/2025\/01\/26\/o-seguro-desemprego-mudou-em-2025\/#breadcrumb"},"inLanguage":"pt-BR","potentialAction":[{"@type":"ReadAction","target":["https:\/\/www.em.com.br\/emfoco\/2025\/01\/26\/o-seguro-desemprego-mudou-em-2025\/"]}]},{"@type":"ImageObject","inLanguage":"pt-BR","@id":"https:\/\/www.em.com.br\/emfoco\/2025\/01\/26\/o-seguro-desemprego-mudou-em-2025\/#primaryimage","url":"https:\/\/www.em.com.br\/emfoco\/wp-content\/uploads\/2024\/12\/CLT_1734802341009.jpg","contentUrl":"https:\/\/www.em.com.br\/emfoco\/wp-content\/uploads\/2024\/12\/CLT_1734802341009.jpg","width":1280,"height":720,"caption":"CLT - Cr\u00e9ditos: depositphotos.com \/ rafapress"},{"@type":"BreadcrumbList","@id":"https:\/\/www.em.com.br\/emfoco\/2025\/01\/26\/o-seguro-desemprego-mudou-em-2025\/#breadcrumb","itemListElement":[{"@type":"ListItem","position":1,"name":"In\u00edcio","item":"https:\/\/www.em.com.br\/emfoco\/"},{"@type":"ListItem","position":2,"name":"O seguro-desemprego mudou em 2025?"}]},{"@type":"WebSite","@id":"https:\/\/www.em.com.br\/emfoco\/#website","url":"https:\/\/www.em.com.br\/emfoco\/","name":"Estado de Minas - Em foco","description":"Acompanhe as \u00faltimas not\u00edcias e fique bem informado sobre tudo o que acontece em Minas Gerais, Brasil e no mundo.","potentialAction":[{"@type":"SearchAction","target":{"@type":"EntryPoint","urlTemplate":"https:\/\/www.em.com.br\/emfoco\/?s={search_term_string}"},"query-input":{"@type":"PropertyValueSpecification","valueRequired":true,"valueName":"search_term_string"}}],"inLanguage":"pt-BR"},{"@type":"Person","@id":"https:\/\/www.em.com.br\/emfoco\/#\/schema\/person\/fb0a7f48c6fbb94b83f413a80f61917d","name":"Kelvin","image":{"@type":"ImageObject","inLanguage":"pt-BR","@id":"https:\/\/www.em.com.br\/emfoco\/#\/schema\/person\/image\/","url":"https:\/\/secure.gravatar.com\/avatar\/e74f84337e6bf6c4c5e88fbdffa05270?s=96&d=mm&r=g","contentUrl":"https:\/\/secure.gravatar.com\/avatar\/e74f84337e6bf6c4c5e88fbdffa05270?s=96&d=mm&r=g","caption":"Kelvin"},"sameAs":["https:\/\/www.em.com.br\/emfoco"],"url":"https:\/\/www.em.com.br\/emfoco\/author\/kelvinmyth\/"}]}},"_links":{"self":[{"href":"https:\/\/www.em.com.br\/emfoco\/wp-json\/wp\/v2\/posts\/13725","targetHints":{"allow":["GET"]}}],"collection":[{"href":"https:\/\/www.em.com.br\/emfoco\/wp-json\/wp\/v2\/posts"}],"about":[{"href":"https:\/\/www.em.com.br\/emfoco\/wp-json\/wp\/v2\/types\/post"}],"author":[{"embeddable":true,"href":"https:\/\/www.em.com.br\/emfoco\/wp-json\/wp\/v2\/users\/7"}],"replies":[{"embeddable":true,"href":"https:\/\/www.em.com.br\/emfoco\/wp-json\/wp\/v2\/comments?post=13725"}],"version-history":[{"count":2,"href":"https:\/\/www.em.com.br\/emfoco\/wp-json\/wp\/v2\/posts\/13725\/revisions"}],"predecessor-version":[{"id":13727,"href":"https:\/\/www.em.com.br\/emfoco\/wp-json\/wp\/v2\/posts\/13725\/revisions\/13727"}],"wp:featuredmedia":[{"embeddable":true,"href":"https:\/\/www.em.com.br\/emfoco\/wp-json\/wp\/v2\/media\/6111"}],"wp:attachment":[{"href":"https:\/\/www.em.com.br\/emfoco\/wp-json\/wp\/v2\/media?parent=13725"}],"wp:term":[{"taxonomy":"category","embeddable":true,"href":"https:\/\/www.em.com.br\/emfoco\/wp-json\/wp\/v2\/categories?post=13725"},{"taxonomy":"post_tag","embeddable":true,"href":"https:\/\/www.em.com.br\/emfoco\/wp-json\/wp\/v2\/tags?post=13725"}],"curies":[{"name":"wp","href":"https:\/\/api.w.org\/{rel}","templated":true}]}}