{"id":137245,"date":"2025-12-09T12:25:00","date_gmt":"2025-12-09T15:25:00","guid":{"rendered":"https:\/\/www.em.com.br\/emfoco\/?p=137245"},"modified":"2025-12-08T14:47:03","modified_gmt":"2025-12-08T17:47:03","slug":"inss-digital-facilita-aposentadoria-e-corta-filas-mesmo-em-2025","status":"publish","type":"post","link":"https:\/\/www.em.com.br\/emfoco\/2025\/12\/09\/inss-digital-facilita-aposentadoria-e-corta-filas-mesmo-em-2025\/","title":{"rendered":"INSS digital facilita aposentadoria e corta filas mesmo em 2025"},"content":{"rendered":"\n<p>O <strong>INSS <\/strong>digital se tornou o principal caminho para quem precisa pedir aposentadoria, aux\u00edlio-doen\u00e7a ou sal\u00e1rio-maternidade sem enfrentar filas em ag\u00eancias. Desde a pandemia, a maior parte dos servi\u00e7os passou a ser feita pela internet ou telefone, e essa mudan\u00e7a permaneceu em 2025, reduzindo deslocamentos, agilizando a an\u00e1lise dos pedidos e exigindo mais aten\u00e7\u00e3o na hora de usar o sistema corretamente.<\/p>\n\n\n\n<h2 class=\"wp-block-heading\">O que \u00e9 o INSS digital e quais s\u00e3o os canais de atendimento<\/h2>\n\n\n<div class=\"wp-block-image\">\n<figure class=\"aligncenter size-large\"><img loading=\"lazy\" decoding=\"async\" width=\"1024\" height=\"576\" src=\"https:\/\/www.em.com.br\/emfoco\/wp-content\/uploads\/2025\/06\/inss_1749151298371-1024x576.jpg\" alt=\"Tudo que voc\u00ea precisa saber para consultar e receber o INSS com tranquilidade\" class=\"wp-image-56498\" srcset=\"https:\/\/www.em.com.br\/emfoco\/wp-content\/uploads\/2025\/06\/inss_1749151298371-1024x576.jpg 1024w, https:\/\/www.em.com.br\/emfoco\/wp-content\/uploads\/2025\/06\/inss_1749151298371-300x169.jpg 300w, https:\/\/www.em.com.br\/emfoco\/wp-content\/uploads\/2025\/06\/inss_1749151298371-768x432.jpg 768w, https:\/\/www.em.com.br\/emfoco\/wp-content\/uploads\/2025\/06\/inss_1749151298371-750x422.jpg 750w, https:\/\/www.em.com.br\/emfoco\/wp-content\/uploads\/2025\/06\/inss_1749151298371-1140x642.jpg 1140w, https:\/\/www.em.com.br\/emfoco\/wp-content\/uploads\/2025\/06\/inss_1749151298371.jpg 1279w\" sizes=\"auto, (max-width: 1024px) 100vw, 1024px\" \/><figcaption class=\"wp-element-caption\">Per\u00edcia do INSS pelo celular sem perder prazos &#8211; Cr\u00e9ditos: depositphotos.com \/ fernandokazuo<\/figcaption><\/figure><\/div>\n\n\n<p>O termo <strong>INSS <\/strong>digital se refere ao conjunto de servi\u00e7os da <strong>Previd\u00eancia Social<\/strong> disponibilizados \u00e0 dist\u00e2ncia, sem necessidade de atendimento presencial imediato. Esses servi\u00e7os podem ser acessados principalmente por tr\u00eas canais: o aplicativo <strong>Meu INSS<\/strong>, o site oficial e o n\u00famero de telefone 135, considerados os \u00fanicos canais oficiais.<\/p>\n\n\n\n<p>No ambiente digital, o segurado consegue fazer pedidos de benef\u00edcios, consultar andamento de processos, agendar per\u00edcias, enviar documentos e obter extratos, como o <strong>CNIS<\/strong>. O acesso \u00e9 feito com login gov.br, e quem ainda n\u00e3o tem cadastro pode cri\u00e1-lo em poucos minutos, usando CPF e valida\u00e7\u00f5es de seguran\u00e7a.<\/p>\n\n\n\n<h2 class=\"wp-block-heading\">Como solicitar aposentadoria pelo INSS digital sem erros em documentos<\/h2>\n\n\n\n<p>O pedido de aposentadoria pelo <strong>INSS <\/strong>digital envolve basicamente tr\u00eas etapas: conferir o tempo de contribui\u00e7\u00e3o, escolher o tipo de aposentadoria e enviar a documenta\u00e7\u00e3o correta. No <strong>Meu INSS<\/strong>, \u00e9 poss\u00edvel simular o benef\u00edcio e verificar se o tempo registrado no sistema est\u00e1 de acordo com a realidade de trabalho da pessoa.<\/p>\n\n\n\n<p>Entre os documentos mais comuns para o pedido de aposentadoria est\u00e3o os de identifica\u00e7\u00e3o, as carteiras de trabalho e comprovantes de contribui\u00e7\u00e3o, especialmente para contribuintes individuais e <strong>MEIs<\/strong>. Quando houver v\u00ednculos faltando ou diverg\u00eancias, \u00e9 fundamental anexar provas adicionais no pr\u00f3prio requerimento.<\/p>\n\n\n\n<ul class=\"wp-block-list\">\n<li>Documento de identifica\u00e7\u00e3o com foto e CPF;<\/li>\n\n\n\n<li>Carteiras de trabalho antigas e recentes, com todas as p\u00e1ginas relevantes;<\/li>\n\n\n\n<li>Contratos de trabalho, holerites ou fichas de registro, em caso de diverg\u00eancia;<\/li>\n\n\n\n<li>Guias de recolhimento para contribuintes individuais, <strong>MEIs <\/strong>ou facultativos;<\/li>\n\n\n\n<li>Comprovantes de atividade especial, se houver exposi\u00e7\u00e3o a agentes nocivos.<\/li>\n<\/ul>\n\n\n\n<p>Leia mais: <a href=\"https:\/\/www.em.com.br\/emfoco\/2025\/12\/01\/novo-salario-minimo-para-2026-aumento-de-r-1-631-deve-elevar-aposentadorias-mudar-calculo-do-inss-e-ampliar-gastos-federais\/\" target=\"_blank\" rel=\"noreferrer noopener\">Novo sal\u00e1rio m\u00ednimo para 2026: aumento de R$ 1.631 deve elevar aposentadorias, mudar c\u00e1lculo do INSS e ampliar gastos federais<\/a><\/p>\n\n\n\n<h2 class=\"wp-block-heading\">Como funciona o pedido de aux\u00edlio-doen\u00e7a no INSS digital<\/h2>\n\n\n\n<p>O aux\u00edlio-doen\u00e7a, tamb\u00e9m chamado de benef\u00edcio por incapacidade tempor\u00e1ria, pode ser solicitado quando o segurado est\u00e1 temporariamente impossibilitado de trabalhar por doen\u00e7a ou acidente. Em muitos casos, o processo come\u00e7a com o envio de atestados e laudos m\u00e9dicos pelo <strong>Meu INSS<\/strong>, podendo ainda ser necess\u00e1ria per\u00edcia presencial.<\/p>\n\n\n\n<p>O passo a passo inclui entrar no <strong>Meu INSS<\/strong>, escolher a op\u00e7\u00e3o de benef\u00edcio por incapacidade, preencher dados como in\u00edcio do afastamento e profiss\u00e3o, anexar atestado m\u00e9dico com data, CID, tempo de afastamento, assinatura e CRM, al\u00e9m de exames e relat\u00f3rios que reforcem o quadro de sa\u00fade. Acompanhar a aba \u201c<strong>Meus pedidos<\/strong>\u201d \u00e9 essencial para verificar an\u00e1lise, per\u00edcia e eventuais exig\u00eancias.<\/p>\n\n\n\n<h2 class=\"wp-block-heading\">Quem tem direito ao sal\u00e1rio-maternidade digital e como comprovar<\/h2>\n\n\n<div class=\"wp-block-image\">\n<figure class=\"aligncenter size-large\"><img loading=\"lazy\" decoding=\"async\" width=\"1024\" height=\"576\" src=\"https:\/\/www.em.com.br\/emfoco\/wp-content\/uploads\/2025\/08\/pai-e-filho_1754716976031-1024x576.jpg\" alt=\"Pais ter\u00e3o 30 dias de licen\u00e7a! O impacto na economia do lar\" class=\"wp-image-89052\" srcset=\"https:\/\/www.em.com.br\/emfoco\/wp-content\/uploads\/2025\/08\/pai-e-filho_1754716976031-1024x576.jpg 1024w, https:\/\/www.em.com.br\/emfoco\/wp-content\/uploads\/2025\/08\/pai-e-filho_1754716976031-300x169.jpg 300w, https:\/\/www.em.com.br\/emfoco\/wp-content\/uploads\/2025\/08\/pai-e-filho_1754716976031-768x432.jpg 768w, https:\/\/www.em.com.br\/emfoco\/wp-content\/uploads\/2025\/08\/pai-e-filho_1754716976031-750x422.jpg 750w, https:\/\/www.em.com.br\/emfoco\/wp-content\/uploads\/2025\/08\/pai-e-filho_1754716976031-1140x642.jpg 1140w, https:\/\/www.em.com.br\/emfoco\/wp-content\/uploads\/2025\/08\/pai-e-filho_1754716976031.jpg 1279w\" sizes=\"auto, (max-width: 1024px) 100vw, 1024px\" \/><figcaption class=\"wp-element-caption\">Aposentadoria mais f\u00e1cil com INSS digital &#8211; Cr\u00e9ditos: depositphotos.com \/ DmytroBandakBO<\/figcaption><\/figure><\/div>\n\n\n<p>O sal\u00e1rio-maternidade pelo <strong>INSS <\/strong>digital pode ser solicitado por trabalhadoras com carteira assinada, contribuintes individuais, <strong>MEIs<\/strong>, seguradas especiais e, em alguns casos, desempregadas que mant\u00eam qualidade de segurada. O benef\u00edcio \u00e9 concedido em situa\u00e7\u00f5es de parto, ado\u00e7\u00e3o, guarda para fins de ado\u00e7\u00e3o e, em condi\u00e7\u00f5es espec\u00edficas, em caso de natimorto ou aborto previsto em lei.<\/p>\n\n\n\n<p>Pelo <strong>Meu INSS<\/strong>, o pedido \u00e9 feito selecionando o servi\u00e7o de sal\u00e1rio-maternidade e respondendo \u00e0s perguntas do formul\u00e1rio, anexando certid\u00e3o de nascimento ou termo de guarda, documento de identifica\u00e7\u00e3o e provas de v\u00ednculo com a <strong><a href=\"https:\/\/www.gov.br\/previdencia\/pt-br\" target=\"_blank\" rel=\"noreferrer noopener\">Previd\u00eancia<\/a><\/strong>. Trabalhadoras com carteira assinada geralmente recebem pela empresa, enquanto contribuintes individuais, <strong>MEIs<\/strong> e seguradas especiais fazem o pedido diretamente ao <strong>INSS <\/strong>digital.<\/p>\n\n\n\n<p>Leia mais: <a href=\"https:\/\/www.em.com.br\/emfoco\/2025\/12\/03\/aposentadas-e-beneficiarias-do-inss-terao-calendario-especial-para-pagamentos-de-janeiro\/\" target=\"_blank\" rel=\"noreferrer noopener\">Aposentadas e benefici\u00e1rias do INSS ter\u00e3o calend\u00e1rio especial para pagamentos de janeiro<\/a><\/p>\n\n\n\n<h2 class=\"wp-block-heading\">Como evitar erros comuns ao usar o INSS digital<\/h2>\n\n\n\n<p>Alguns cuidados simples ajudam a reduzir problemas em pedidos de aposentadoria, aux\u00edlio-doen\u00e7a ou sal\u00e1rio-maternidade feitos pela internet. Manter dados cadastrais atualizados e consultar o extrato de contribui\u00e7\u00f5es (CNIS) antes de solicitar o benef\u00edcio s\u00e3o medidas que evitam lacunas e dificuldades na an\u00e1lise.<\/p>\n\n\n\n<p> Tamb\u00e9m \u00e9 importante organizar previamente os documentos, checar a legibilidade de imagens e PDFs e confirmar se o tipo de benef\u00edcio selecionado corresponde \u00e0 situa\u00e7\u00e3o real. Acompanhar o andamento do pedido pelo <strong>Meu INSS<\/strong> ou pelo 135 permite identificar exig\u00eancias dentro do prazo e tornar o processo mais previs\u00edvel em 2025.<\/p>\n","protected":false},"excerpt":{"rendered":"<p>O INSS digital se tornou o principal caminho para quem precisa pedir aposentadoria, aux\u00edlio-doen\u00e7a ou sal\u00e1rio-maternidade sem enfrentar filas em ag\u00eancias. Desde a pandemia, a maior parte dos servi\u00e7os passou a ser feita pela internet ou telefone, e essa mudan\u00e7a permaneceu em 2025, reduzindo deslocamentos, agilizando a an\u00e1lise dos pedidos e exigindo mais aten\u00e7\u00e3o na [&hellip;]<\/p>\n","protected":false},"author":20,"featured_media":134251,"comment_status":"open","ping_status":"open","sticky":false,"template":"","format":"standard","meta":{"jnews-multi-image_gallery":[],"jnews_single_post":{"format":"standard"},"jnews_primary_category":[],"jnews_social_meta":[],"jnews_override_counter":[],"footnotes":""},"categories":[28,1],"tags":[174,8646],"class_list":["post-137245","post","type-post","status-publish","format-standard","has-post-thumbnail","hentry","category-economia","category-noticias","tag-inss","tag-salario-maternidade"],"yoast_head":"<!-- This site is optimized with the Yoast SEO plugin v23.8 - https:\/\/yoast.com\/wordpress\/plugins\/seo\/ -->\n<title>INSS digital facilita aposentadoria e corta filas mesmo em 2025 - Estado de Minas - Em foco<\/title>\n<meta name=\"description\" content=\"INSS digital facilita a aposentadoria e reduz filas em 2025, oferecendo praticidade, rapidez e acesso simplificado aos servi\u00e7os essenciais.\" \/>\n<meta name=\"robots\" content=\"index, follow, max-snippet:-1, max-image-preview:large, max-video-preview:-1\" \/>\n<link rel=\"canonical\" href=\"https:\/\/www.em.com.br\/emfoco\/2025\/12\/09\/inss-digital-facilita-aposentadoria-e-corta-filas-mesmo-em-2025\/\" \/>\n<meta property=\"og:locale\" content=\"pt_BR\" \/>\n<meta property=\"og:type\" content=\"article\" \/>\n<meta property=\"og:title\" content=\"INSS digital facilita aposentadoria e corta filas mesmo em 2025 - Estado de Minas - Em foco\" \/>\n<meta property=\"og:description\" content=\"INSS digital facilita a aposentadoria e reduz filas em 2025, oferecendo praticidade, rapidez e acesso simplificado aos servi\u00e7os essenciais.\" \/>\n<meta property=\"og:url\" content=\"https:\/\/www.em.com.br\/emfoco\/2025\/12\/09\/inss-digital-facilita-aposentadoria-e-corta-filas-mesmo-em-2025\/\" \/>\n<meta property=\"og:site_name\" content=\"Estado de Minas - Em foco\" \/>\n<meta property=\"article:published_time\" content=\"2025-12-09T15:25:00+00:00\" \/>\n<meta property=\"article:modified_time\" content=\"2025-12-08T17:47:03+00:00\" \/>\n<meta property=\"og:image\" content=\"https:\/\/www.em.com.br\/emfoco\/wp-content\/uploads\/2025\/12\/imagem_2025-11-22_214913090-e1764623116419-1024x576.png\" \/>\n\t<meta property=\"og:image:width\" content=\"1024\" \/>\n\t<meta property=\"og:image:height\" content=\"576\" \/>\n\t<meta property=\"og:image:type\" content=\"image\/png\" \/>\n<meta name=\"author\" content=\"Ingrid Diniz\" \/>\n<meta name=\"twitter:card\" content=\"summary_large_image\" \/>\n<meta name=\"twitter:label1\" content=\"Escrito por\" \/>\n\t<meta name=\"twitter:data1\" content=\"Ingrid Diniz\" \/>\n\t<meta name=\"twitter:label2\" content=\"Est. tempo de leitura\" \/>\n\t<meta name=\"twitter:data2\" content=\"5 minutos\" \/>\n<!-- \/ Yoast SEO plugin. -->","yoast_head_json":{"title":"INSS digital facilita aposentadoria e corta filas mesmo em 2025 - Estado de Minas - Em foco","description":"INSS digital facilita a aposentadoria e reduz filas em 2025, oferecendo praticidade, rapidez e acesso simplificado aos servi\u00e7os essenciais.","robots":{"index":"index","follow":"follow","max-snippet":"max-snippet:-1","max-image-preview":"max-image-preview:large","max-video-preview":"max-video-preview:-1"},"canonical":"https:\/\/www.em.com.br\/emfoco\/2025\/12\/09\/inss-digital-facilita-aposentadoria-e-corta-filas-mesmo-em-2025\/","og_locale":"pt_BR","og_type":"article","og_title":"INSS digital facilita aposentadoria e corta filas mesmo em 2025 - Estado de Minas - Em foco","og_description":"INSS digital facilita a aposentadoria e reduz filas em 2025, oferecendo praticidade, rapidez e acesso simplificado aos servi\u00e7os essenciais.","og_url":"https:\/\/www.em.com.br\/emfoco\/2025\/12\/09\/inss-digital-facilita-aposentadoria-e-corta-filas-mesmo-em-2025\/","og_site_name":"Estado de Minas - Em foco","article_published_time":"2025-12-09T15:25:00+00:00","article_modified_time":"2025-12-08T17:47:03+00:00","og_image":[{"width":1024,"height":576,"url":"https:\/\/www.em.com.br\/emfoco\/wp-content\/uploads\/2025\/12\/imagem_2025-11-22_214913090-e1764623116419-1024x576.png","type":"image\/png"}],"author":"Ingrid Diniz","twitter_card":"summary_large_image","twitter_misc":{"Escrito por":"Ingrid Diniz","Est. tempo de leitura":"5 minutos"},"schema":{"@context":"https:\/\/schema.org","@graph":[{"@type":"WebPage","@id":"https:\/\/www.em.com.br\/emfoco\/2025\/12\/09\/inss-digital-facilita-aposentadoria-e-corta-filas-mesmo-em-2025\/","url":"https:\/\/www.em.com.br\/emfoco\/2025\/12\/09\/inss-digital-facilita-aposentadoria-e-corta-filas-mesmo-em-2025\/","name":"INSS digital facilita aposentadoria e corta filas mesmo em 2025 - Estado de Minas - Em foco","isPartOf":{"@id":"https:\/\/www.em.com.br\/emfoco\/#website"},"primaryImageOfPage":{"@id":"https:\/\/www.em.com.br\/emfoco\/2025\/12\/09\/inss-digital-facilita-aposentadoria-e-corta-filas-mesmo-em-2025\/#primaryimage"},"image":{"@id":"https:\/\/www.em.com.br\/emfoco\/2025\/12\/09\/inss-digital-facilita-aposentadoria-e-corta-filas-mesmo-em-2025\/#primaryimage"},"thumbnailUrl":"https:\/\/www.em.com.br\/emfoco\/wp-content\/uploads\/2025\/12\/imagem_2025-11-22_214913090-e1764623116419.png","datePublished":"2025-12-09T15:25:00+00:00","dateModified":"2025-12-08T17:47:03+00:00","author":{"@id":"https:\/\/www.em.com.br\/emfoco\/#\/schema\/person\/649e610b4eb8fff87ff394e54fe17b2b"},"description":"INSS digital facilita a aposentadoria e reduz filas em 2025, oferecendo praticidade, rapidez e acesso simplificado aos servi\u00e7os essenciais.","breadcrumb":{"@id":"https:\/\/www.em.com.br\/emfoco\/2025\/12\/09\/inss-digital-facilita-aposentadoria-e-corta-filas-mesmo-em-2025\/#breadcrumb"},"inLanguage":"pt-BR","potentialAction":[{"@type":"ReadAction","target":["https:\/\/www.em.com.br\/emfoco\/2025\/12\/09\/inss-digital-facilita-aposentadoria-e-corta-filas-mesmo-em-2025\/"]}]},{"@type":"ImageObject","inLanguage":"pt-BR","@id":"https:\/\/www.em.com.br\/emfoco\/2025\/12\/09\/inss-digital-facilita-aposentadoria-e-corta-filas-mesmo-em-2025\/#primaryimage","url":"https:\/\/www.em.com.br\/emfoco\/wp-content\/uploads\/2025\/12\/imagem_2025-11-22_214913090-e1764623116419.png","contentUrl":"https:\/\/www.em.com.br\/emfoco\/wp-content\/uploads\/2025\/12\/imagem_2025-11-22_214913090-e1764623116419.png","width":1280,"height":720,"caption":"BPC 2026 novo valor e quem tem direito"},{"@type":"BreadcrumbList","@id":"https:\/\/www.em.com.br\/emfoco\/2025\/12\/09\/inss-digital-facilita-aposentadoria-e-corta-filas-mesmo-em-2025\/#breadcrumb","itemListElement":[{"@type":"ListItem","position":1,"name":"In\u00edcio","item":"https:\/\/www.em.com.br\/emfoco\/"},{"@type":"ListItem","position":2,"name":"INSS digital facilita aposentadoria e corta filas mesmo em 2025"}]},{"@type":"WebSite","@id":"https:\/\/www.em.com.br\/emfoco\/#website","url":"https:\/\/www.em.com.br\/emfoco\/","name":"Estado de Minas - Em foco","description":"Acompanhe as \u00faltimas not\u00edcias e fique bem informado sobre tudo o que acontece em Minas Gerais, Brasil e no mundo.","potentialAction":[{"@type":"SearchAction","target":{"@type":"EntryPoint","urlTemplate":"https:\/\/www.em.com.br\/emfoco\/?s={search_term_string}"},"query-input":{"@type":"PropertyValueSpecification","valueRequired":true,"valueName":"search_term_string"}}],"inLanguage":"pt-BR"},{"@type":"Person","@id":"https:\/\/www.em.com.br\/emfoco\/#\/schema\/person\/649e610b4eb8fff87ff394e54fe17b2b","name":"Ingrid Diniz","image":{"@type":"ImageObject","inLanguage":"pt-BR","@id":"https:\/\/www.em.com.br\/emfoco\/#\/schema\/person\/image\/","url":"https:\/\/secure.gravatar.com\/avatar\/a3baa1449ec5c39b4c42babc9d4f3951?s=96&d=mm&r=g","contentUrl":"https:\/\/secure.gravatar.com\/avatar\/a3baa1449ec5c39b4c42babc9d4f3951?s=96&d=mm&r=g","caption":"Ingrid Diniz"},"sameAs":["https:\/\/www.em.com.br\/"],"url":"https:\/\/www.em.com.br\/emfoco\/author\/ingridmyth\/"}]}},"_links":{"self":[{"href":"https:\/\/www.em.com.br\/emfoco\/wp-json\/wp\/v2\/posts\/137245","targetHints":{"allow":["GET"]}}],"collection":[{"href":"https:\/\/www.em.com.br\/emfoco\/wp-json\/wp\/v2\/posts"}],"about":[{"href":"https:\/\/www.em.com.br\/emfoco\/wp-json\/wp\/v2\/types\/post"}],"author":[{"embeddable":true,"href":"https:\/\/www.em.com.br\/emfoco\/wp-json\/wp\/v2\/users\/20"}],"replies":[{"embeddable":true,"href":"https:\/\/www.em.com.br\/emfoco\/wp-json\/wp\/v2\/comments?post=137245"}],"version-history":[{"count":1,"href":"https:\/\/www.em.com.br\/emfoco\/wp-json\/wp\/v2\/posts\/137245\/revisions"}],"predecessor-version":[{"id":137402,"href":"https:\/\/www.em.com.br\/emfoco\/wp-json\/wp\/v2\/posts\/137245\/revisions\/137402"}],"wp:featuredmedia":[{"embeddable":true,"href":"https:\/\/www.em.com.br\/emfoco\/wp-json\/wp\/v2\/media\/134251"}],"wp:attachment":[{"href":"https:\/\/www.em.com.br\/emfoco\/wp-json\/wp\/v2\/media?parent=137245"}],"wp:term":[{"taxonomy":"category","embeddable":true,"href":"https:\/\/www.em.com.br\/emfoco\/wp-json\/wp\/v2\/categories?post=137245"},{"taxonomy":"post_tag","embeddable":true,"href":"https:\/\/www.em.com.br\/emfoco\/wp-json\/wp\/v2\/tags?post=137245"}],"curies":[{"name":"wp","href":"https:\/\/api.w.org\/{rel}","templated":true}]}}