{"id":137241,"date":"2025-12-09T07:15:00","date_gmt":"2025-12-09T10:15:00","guid":{"rendered":"https:\/\/www.em.com.br\/emfoco\/?p=137241"},"modified":"2025-12-08T13:03:58","modified_gmt":"2025-12-08T16:03:58","slug":"o-detalhe-do-cadunico-que-pode-travar-seu-bolsa-familia-sem-aviso","status":"publish","type":"post","link":"https:\/\/www.em.com.br\/emfoco\/2025\/12\/09\/o-detalhe-do-cadunico-que-pode-travar-seu-bolsa-familia-sem-aviso\/","title":{"rendered":"O detalhe do Cad\u00danico que pode travar seu Bolsa Fam\u00edlia sem aviso"},"content":{"rendered":"\n<p>Manter o <strong>Cadastro \u00danico<\/strong> (Cad\u00danico) atualizado \u00e9 essencial para que fam\u00edlias de baixa renda continuem recebendo benef\u00edcios sociais, como <strong>Bolsa Fam\u00edlia, Tarifa Social de Energia El\u00e9trica<\/strong> e programas habitacionais. Em 2025, com o refor\u00e7o dos cruzamentos de dados pelo governo federal, \u00e9 ainda mais importante que as informa\u00e7\u00f5es estejam completas, coerentes e dentro dos prazos de revis\u00e3o, reduzindo riscos de bloqueios, redu\u00e7\u00e3o de valores ou cancelamento de aux\u00edlios.<\/p>\n\n\n\n<h2 class=\"wp-block-heading\">O que \u00e9 o Cad\u00danico e por que a atualiza\u00e7\u00e3o \u00e9 necess\u00e1ria<\/h2>\n\n\n<div class=\"wp-block-image\">\n<figure class=\"aligncenter size-large\"><img loading=\"lazy\" decoding=\"async\" width=\"1024\" height=\"576\" src=\"https:\/\/www.em.com.br\/emfoco\/wp-content\/uploads\/2025\/06\/trabalho_1748978792702-1024x576.jpg\" alt=\"Nova norma da Receita facilita parcelamento de d\u00e9bitos no e-CAC\" class=\"wp-image-55054\" srcset=\"https:\/\/www.em.com.br\/emfoco\/wp-content\/uploads\/2025\/06\/trabalho_1748978792702-1024x576.jpg 1024w, https:\/\/www.em.com.br\/emfoco\/wp-content\/uploads\/2025\/06\/trabalho_1748978792702-300x169.jpg 300w, https:\/\/www.em.com.br\/emfoco\/wp-content\/uploads\/2025\/06\/trabalho_1748978792702-768x432.jpg 768w, https:\/\/www.em.com.br\/emfoco\/wp-content\/uploads\/2025\/06\/trabalho_1748978792702-750x422.jpg 750w, https:\/\/www.em.com.br\/emfoco\/wp-content\/uploads\/2025\/06\/trabalho_1748978792702-1140x641.jpg 1140w, https:\/\/www.em.com.br\/emfoco\/wp-content\/uploads\/2025\/06\/trabalho_1748978792702.jpg 1280w\" sizes=\"auto, (max-width: 1024px) 100vw, 1024px\" \/><figcaption class=\"wp-element-caption\">Erro no Cad\u00danico que bloqueia o Bolsa Fam\u00edlia &#8211; Cr\u00e9ditos: depositphotos.com \/ Krakenimages.com<\/figcaption><\/figure><\/div>\n\n\n<p>O <strong>Cadastro \u00danico<\/strong> \u00e9 um banco de dados federal que re\u00fane informa\u00e7\u00f5es sobre fam\u00edlias em situa\u00e7\u00e3o de vulnerabilidade em todo o pa\u00eds. Ele \u00e9 usado como base para definir quem pode participar de diversos programas sociais, como o <strong>Bolsa Fam\u00edlia<\/strong>, o <strong>Benef\u00edcio de Presta\u00e7\u00e3o Continuada<\/strong> (<a href=\"https:\/\/www.gov.br\/mds\/pt-br\/acoes-e-programas\/suas\/beneficios-assistenciais\/beneficio-assistencial-ao-idoso-e-a-pessoa-com-deficiencia-bpc\" target=\"_blank\" rel=\"noreferrer noopener\">BPC<\/a>), a <strong>Tarifa Social de Energia<\/strong>, programas de moradia popular e isen\u00e7\u00f5es em taxas de concursos p\u00fablicos.<\/p>\n\n\n\n<p>A atualiza\u00e7\u00e3o do <strong>Cad\u00danico <\/strong>\u00e9 obrigat\u00f3ria sempre que houver mudan\u00e7a importante na vida da fam\u00edlia, como nascimento, falecimento, separa\u00e7\u00e3o, uni\u00e3o, altera\u00e7\u00e3o de renda, troca de escola das crian\u00e7as ou mudan\u00e7a de endere\u00e7o. Mesmo sem altera\u00e7\u00f5es aparentes, o governo recomenda revisar o cadastro, em geral, a cada dois anos, para evitar avisos, bloqueios ou suspens\u00e3o tempor\u00e1ria dos benef\u00edcios.<\/p>\n\n\n\n<h2 class=\"wp-block-heading\">Como atualizar o Cad\u00danico sem perder benef\u00edcios<\/h2>\n\n\n\n<p>Para manter o <strong>Cad\u00danico <\/strong>em dia e evitar problemas, \u00e9 fundamental identificar quem \u00e9 o <strong>Respons\u00e1vel pela Unidade Familiar (RF)<\/strong>, pessoa que presta as informa\u00e7\u00f5es em nome de todos os moradores da casa. Esse respons\u00e1vel deve ter pelo menos 16 anos, preferencialmente ser mulher, e apresentar seus documentos e os dos demais integrantes da fam\u00edlia.<\/p>\n\n\n\n<p>Em geral, o processo para atualizar o <strong>Cadastro \u00danico<\/strong> segue algumas etapas b\u00e1sicas, que devem ser respeitadas dentro do prazo de convoca\u00e7\u00e3o do munic\u00edpio ou da Uni\u00e3o:<\/p>\n\n\n\n<ol class=\"wp-block-list\">\n<li>Verificar se h\u00e1 aviso de revis\u00e3o no extrato do benef\u00edcio, aplicativo oficial ou mensagem enviada pelo governo.<\/li>\n\n\n\n<li>Reunir a documenta\u00e7\u00e3o de todos os moradores do domic\u00edlio.<\/li>\n\n\n\n<li>Procurar o <strong>CRAS <\/strong>ou posto de atendimento do <strong>Cad\u00danico <\/strong>do munic\u00edpio.<\/li>\n\n\n\n<li>Informar ao atendente todas as mudan\u00e7as ocorridas na fam\u00edlia.<\/li>\n\n\n\n<li>Conferir o formul\u00e1rio antes de assinar, garantindo que os dados estejam corretos.<\/li>\n<\/ol>\n\n\n\n<p>Leia mais: <a href=\"https:\/\/www.em.com.br\/emfoco\/2025\/12\/04\/o-que-fazer-caso-o-seu-beneficio-do-bpc-seja-negado-pelo-inss\/\" target=\"_blank\" rel=\"noreferrer noopener\">O que fazer caso o seu benef\u00edcio do BPC seja negado pelo INSS<\/a><\/p>\n\n\n\n<h2 class=\"wp-block-heading\">Quais documentos s\u00e3o necess\u00e1rios para atualizar o Cadastro \u00danico<\/h2>\n\n\n\n<p>Um ponto que costuma gerar d\u00favidas \u00e9 a lista de documentos exigidos pelos postos de atendimento. Ter a documenta\u00e7\u00e3o organizada ajuda a evitar pend\u00eancias, acelerar o registro no sistema e manter os benef\u00edcios sem interrup\u00e7\u00f5es desnecess\u00e1rias, principalmente em per\u00edodos de revis\u00e3o em massa.<\/p>\n\n\n\n<p>De forma geral, s\u00e3o solicitados documentos do respons\u00e1vel familiar e de todos os moradores do domic\u00edlio:<\/p>\n\n\n\n<ul class=\"wp-block-list\">\n<li><strong>Documento de identifica\u00e7\u00e3o com foto<\/strong> (RG, carteira de trabalho, CNH ou outro documento oficial);<\/li>\n\n\n\n<li><strong>CPF<\/strong> de todos os integrantes da fam\u00edlia, inclusive crian\u00e7as, sempre que poss\u00edvel;<\/li>\n\n\n\n<li><strong>Certid\u00e3o de nascimento ou casamento<\/strong>, conforme o caso;<\/li>\n\n\n\n<li><strong>Comprovante de resid\u00eancia<\/strong> recente, como conta de \u00e1gua, luz ou contrato de aluguel;<\/li>\n\n\n\n<li><strong>Comprovante de renda<\/strong>, quando houver, como contracheques, carteira de trabalho atualizada ou declara\u00e7\u00e3o de aut\u00f4nomo.<\/li>\n<\/ul>\n\n\n\n<h2 class=\"wp-block-heading\">A atualiza\u00e7\u00e3o do Cad\u00danico provoca bloqueio imediato dos benef\u00edcios?<\/h2>\n\n\n<div class=\"wp-block-image\">\n<figure class=\"aligncenter size-large\"><img loading=\"lazy\" decoding=\"async\" width=\"1024\" height=\"576\" src=\"https:\/\/www.em.com.br\/emfoco\/wp-content\/uploads\/2025\/12\/imagem_2025-11-23_055336532-e1764692692237-1024x576.png\" alt=\"Como saber se o Bolsa Fam\u00edlia foi aprovado depois da atualiza\u00e7\u00e3o do Cad\u00danico\" class=\"wp-image-134557\" srcset=\"https:\/\/www.em.com.br\/emfoco\/wp-content\/uploads\/2025\/12\/imagem_2025-11-23_055336532-e1764692692237-1024x576.png 1024w, https:\/\/www.em.com.br\/emfoco\/wp-content\/uploads\/2025\/12\/imagem_2025-11-23_055336532-e1764692692237-300x169.png 300w, https:\/\/www.em.com.br\/emfoco\/wp-content\/uploads\/2025\/12\/imagem_2025-11-23_055336532-e1764692692237-768x432.png 768w, https:\/\/www.em.com.br\/emfoco\/wp-content\/uploads\/2025\/12\/imagem_2025-11-23_055336532-e1764692692237-750x422.png 750w, https:\/\/www.em.com.br\/emfoco\/wp-content\/uploads\/2025\/12\/imagem_2025-11-23_055336532-e1764692692237-1140x641.png 1140w, https:\/\/www.em.com.br\/emfoco\/wp-content\/uploads\/2025\/12\/imagem_2025-11-23_055336532-e1764692692237.png 1280w\" sizes=\"auto, (max-width: 1024px) 100vw, 1024px\" \/><figcaption class=\"wp-element-caption\">Erro no Cad\u00danico que bloqueia o Bolsa Fam\u00edlia<\/figcaption><\/figure><\/div>\n\n\n<p>Muitos benefici\u00e1rios temem perder direitos ao informar mudan\u00e7as de renda, endere\u00e7o ou composi\u00e7\u00e3o familiar, mas a atualiza\u00e7\u00e3o n\u00e3o implica bloqueio autom\u00e1tico. O que ocorre \u00e9 uma nova an\u00e1lise da situa\u00e7\u00e3o da fam\u00edlia com base nas regras vigentes de cada programa social, para verificar se a renda e demais crit\u00e9rios continuam sendo atendidos.<\/p>\n\n\n\n<p>O bloqueio costuma ocorrer principalmente quando o cadastro est\u00e1 muito antigo, quando h\u00e1 diverg\u00eancia com outros bancos de dados oficiais ou quando a renda familiar per capita ultrapassa o limite dos programas. Em caso de bloqueio ou suspens\u00e3o, a orienta\u00e7\u00e3o \u00e9 procurar o <strong>CRAS <\/strong>ou o setor do <strong>Cad\u00danico <\/strong>para entender o motivo e, se houver direito, regularizar as informa\u00e7\u00f5es dentro do prazo indicado.<\/p>\n\n\n\n<p>Leia mais: <a href=\"https:\/\/www.em.com.br\/emfoco\/2025\/12\/06\/veja-como-fazer-pericia-do-inss-pelo-celular-e-nao-perder-prazos-importantes\/\" target=\"_blank\" rel=\"noreferrer noopener\">Veja como fazer per\u00edcia do INSS pelo celular e n\u00e3o perder prazos importantes<\/a><\/p>\n\n\n\n<h2 class=\"wp-block-heading\">Dicas pr\u00e1ticas para manter o Cad\u00danico sempre em dia<\/h2>\n\n\n\n<p>Algumas medidas simples na rotina ajudam a reduzir o risco de problemas, responder rapidamente \u00e0s convoca\u00e7\u00f5es do governo e garantir a continuidade dos benef\u00edcios sociais que comp\u00f5em o or\u00e7amento da fam\u00edlia. Essas a\u00e7\u00f5es preventivas s\u00e3o especialmente importantes em per\u00edodos de maior fiscaliza\u00e7\u00e3o e cruzamento de dados automatizados.<\/p>\n\n\n\n<ul class=\"wp-block-list\">\n<li>Guardar extratos, notifica\u00e7\u00f5es e cartas enviadas pelos programas sociais;<\/li>\n\n\n\n<li>Registrar em papel ou no celular qualquer mudan\u00e7a de renda ou composi\u00e7\u00e3o familiar;<\/li>\n\n\n\n<li>Conferir periodicamente aplicativos oficiais, como <strong>Bolsa Fam\u00edlia<\/strong> e Gov.br, para acompanhar avisos;<\/li>\n\n\n\n<li>Evitar fornecer dados incompletos ou imprecisos, reduzindo risco de revis\u00f5es adicionais;<\/li>\n\n\n\n<li>Manter sempre pelo menos um telefone atualizado no cadastro, facilitando o contato da gest\u00e3o municipal.<\/li>\n<\/ul>\n","protected":false},"excerpt":{"rendered":"<p>Manter o Cadastro \u00danico (Cad\u00danico) atualizado \u00e9 essencial para que fam\u00edlias de baixa renda continuem recebendo benef\u00edcios sociais, como Bolsa Fam\u00edlia, Tarifa Social de Energia El\u00e9trica e programas habitacionais. Em 2025, com o refor\u00e7o dos cruzamentos de dados pelo governo federal, \u00e9 ainda mais importante que as informa\u00e7\u00f5es estejam completas, coerentes e dentro dos prazos [&hellip;]<\/p>\n","protected":false},"author":20,"featured_media":56500,"comment_status":"open","ping_status":"open","sticky":false,"template":"","format":"standard","meta":{"jnews-multi-image_gallery":[],"jnews_single_post":{"format":"standard"},"jnews_primary_category":[],"jnews_social_meta":[],"jnews_override_counter":[],"footnotes":""},"categories":[28,1],"tags":[256,209,12850],"class_list":["post-137241","post","type-post","status-publish","format-standard","has-post-thumbnail","hentry","category-economia","category-noticias","tag-beneficios","tag-bolsa-familia","tag-cadunico-2"],"yoast_head":"<!-- This site is optimized with the Yoast SEO plugin v23.8 - https:\/\/yoast.com\/wordpress\/plugins\/seo\/ -->\n<title>O detalhe do Cad\u00danico que pode travar seu Bolsa Fam\u00edlia sem aviso - Estado de Minas - Em foco<\/title>\n<meta name=\"description\" content=\"Um detalhe no Cad\u00danico pode travar seu Bolsa Fam\u00edlia sem aviso, entenda o erro comum e como evitar a suspens\u00e3o sem perceber.\" \/>\n<meta name=\"robots\" content=\"index, follow, max-snippet:-1, max-image-preview:large, max-video-preview:-1\" \/>\n<link rel=\"canonical\" href=\"https:\/\/www.em.com.br\/emfoco\/2025\/12\/09\/o-detalhe-do-cadunico-que-pode-travar-seu-bolsa-familia-sem-aviso\/\" \/>\n<meta property=\"og:locale\" content=\"pt_BR\" \/>\n<meta property=\"og:type\" content=\"article\" \/>\n<meta property=\"og:title\" content=\"O detalhe do Cad\u00danico que pode travar seu Bolsa Fam\u00edlia sem aviso - Estado de Minas - Em foco\" \/>\n<meta property=\"og:description\" content=\"Um detalhe no Cad\u00danico pode travar seu Bolsa Fam\u00edlia sem aviso, entenda o erro comum e como evitar a suspens\u00e3o sem perceber.\" \/>\n<meta property=\"og:url\" content=\"https:\/\/www.em.com.br\/emfoco\/2025\/12\/09\/o-detalhe-do-cadunico-que-pode-travar-seu-bolsa-familia-sem-aviso\/\" \/>\n<meta property=\"og:site_name\" content=\"Estado de Minas - Em foco\" \/>\n<meta property=\"article:published_time\" content=\"2025-12-09T10:15:00+00:00\" \/>\n<meta property=\"article:modified_time\" content=\"2025-12-08T16:03:58+00:00\" \/>\n<meta property=\"og:image\" content=\"https:\/\/www.em.com.br\/emfoco\/wp-content\/uploads\/2025\/06\/bolsa-familia-brasil_1749152247546.jpg\" \/>\n\t<meta property=\"og:image:width\" content=\"1280\" \/>\n\t<meta property=\"og:image:height\" content=\"720\" \/>\n\t<meta property=\"og:image:type\" content=\"image\/jpeg\" \/>\n<meta name=\"author\" content=\"Ingrid Diniz\" \/>\n<meta name=\"twitter:card\" content=\"summary_large_image\" \/>\n<meta name=\"twitter:label1\" content=\"Escrito por\" \/>\n\t<meta name=\"twitter:data1\" content=\"Ingrid Diniz\" \/>\n\t<meta name=\"twitter:label2\" content=\"Est. tempo de leitura\" \/>\n\t<meta name=\"twitter:data2\" content=\"5 minutos\" \/>\n<!-- \/ Yoast SEO plugin. -->","yoast_head_json":{"title":"O detalhe do Cad\u00danico que pode travar seu Bolsa Fam\u00edlia sem aviso - Estado de Minas - Em foco","description":"Um detalhe no Cad\u00danico pode travar seu Bolsa Fam\u00edlia sem aviso, entenda o erro comum e como evitar a suspens\u00e3o sem perceber.","robots":{"index":"index","follow":"follow","max-snippet":"max-snippet:-1","max-image-preview":"max-image-preview:large","max-video-preview":"max-video-preview:-1"},"canonical":"https:\/\/www.em.com.br\/emfoco\/2025\/12\/09\/o-detalhe-do-cadunico-que-pode-travar-seu-bolsa-familia-sem-aviso\/","og_locale":"pt_BR","og_type":"article","og_title":"O detalhe do Cad\u00danico que pode travar seu Bolsa Fam\u00edlia sem aviso - Estado de Minas - Em foco","og_description":"Um detalhe no Cad\u00danico pode travar seu Bolsa Fam\u00edlia sem aviso, entenda o erro comum e como evitar a suspens\u00e3o sem perceber.","og_url":"https:\/\/www.em.com.br\/emfoco\/2025\/12\/09\/o-detalhe-do-cadunico-que-pode-travar-seu-bolsa-familia-sem-aviso\/","og_site_name":"Estado de Minas - Em foco","article_published_time":"2025-12-09T10:15:00+00:00","article_modified_time":"2025-12-08T16:03:58+00:00","og_image":[{"width":1280,"height":720,"url":"https:\/\/www.em.com.br\/emfoco\/wp-content\/uploads\/2025\/06\/bolsa-familia-brasil_1749152247546.jpg","type":"image\/jpeg"}],"author":"Ingrid Diniz","twitter_card":"summary_large_image","twitter_misc":{"Escrito por":"Ingrid Diniz","Est. tempo de leitura":"5 minutos"},"schema":{"@context":"https:\/\/schema.org","@graph":[{"@type":"WebPage","@id":"https:\/\/www.em.com.br\/emfoco\/2025\/12\/09\/o-detalhe-do-cadunico-que-pode-travar-seu-bolsa-familia-sem-aviso\/","url":"https:\/\/www.em.com.br\/emfoco\/2025\/12\/09\/o-detalhe-do-cadunico-que-pode-travar-seu-bolsa-familia-sem-aviso\/","name":"O detalhe do Cad\u00danico que pode travar seu Bolsa Fam\u00edlia sem aviso - Estado de Minas - Em foco","isPartOf":{"@id":"https:\/\/www.em.com.br\/emfoco\/#website"},"primaryImageOfPage":{"@id":"https:\/\/www.em.com.br\/emfoco\/2025\/12\/09\/o-detalhe-do-cadunico-que-pode-travar-seu-bolsa-familia-sem-aviso\/#primaryimage"},"image":{"@id":"https:\/\/www.em.com.br\/emfoco\/2025\/12\/09\/o-detalhe-do-cadunico-que-pode-travar-seu-bolsa-familia-sem-aviso\/#primaryimage"},"thumbnailUrl":"https:\/\/www.em.com.br\/emfoco\/wp-content\/uploads\/2025\/06\/bolsa-familia-brasil_1749152247546.jpg","datePublished":"2025-12-09T10:15:00+00:00","dateModified":"2025-12-08T16:03:58+00:00","author":{"@id":"https:\/\/www.em.com.br\/emfoco\/#\/schema\/person\/649e610b4eb8fff87ff394e54fe17b2b"},"description":"Um detalhe no Cad\u00danico pode travar seu Bolsa Fam\u00edlia sem aviso, entenda o erro comum e como evitar a suspens\u00e3o sem perceber.","breadcrumb":{"@id":"https:\/\/www.em.com.br\/emfoco\/2025\/12\/09\/o-detalhe-do-cadunico-que-pode-travar-seu-bolsa-familia-sem-aviso\/#breadcrumb"},"inLanguage":"pt-BR","potentialAction":[{"@type":"ReadAction","target":["https:\/\/www.em.com.br\/emfoco\/2025\/12\/09\/o-detalhe-do-cadunico-que-pode-travar-seu-bolsa-familia-sem-aviso\/"]}]},{"@type":"ImageObject","inLanguage":"pt-BR","@id":"https:\/\/www.em.com.br\/emfoco\/2025\/12\/09\/o-detalhe-do-cadunico-que-pode-travar-seu-bolsa-familia-sem-aviso\/#primaryimage","url":"https:\/\/www.em.com.br\/emfoco\/wp-content\/uploads\/2025\/06\/bolsa-familia-brasil_1749152247546.jpg","contentUrl":"https:\/\/www.em.com.br\/emfoco\/wp-content\/uploads\/2025\/06\/bolsa-familia-brasil_1749152247546.jpg","width":1280,"height":720,"caption":"Erro no Cad\u00danico que bloqueia o Bolsa Fam\u00edlia - Cr\u00e9ditos: depositphotos.com \/ joasouza"},{"@type":"BreadcrumbList","@id":"https:\/\/www.em.com.br\/emfoco\/2025\/12\/09\/o-detalhe-do-cadunico-que-pode-travar-seu-bolsa-familia-sem-aviso\/#breadcrumb","itemListElement":[{"@type":"ListItem","position":1,"name":"In\u00edcio","item":"https:\/\/www.em.com.br\/emfoco\/"},{"@type":"ListItem","position":2,"name":"O detalhe do Cad\u00danico que pode travar seu Bolsa Fam\u00edlia sem aviso"}]},{"@type":"WebSite","@id":"https:\/\/www.em.com.br\/emfoco\/#website","url":"https:\/\/www.em.com.br\/emfoco\/","name":"Estado de Minas - Em foco","description":"Acompanhe as \u00faltimas not\u00edcias e fique bem informado sobre tudo o que acontece em Minas Gerais, Brasil e no mundo.","potentialAction":[{"@type":"SearchAction","target":{"@type":"EntryPoint","urlTemplate":"https:\/\/www.em.com.br\/emfoco\/?s={search_term_string}"},"query-input":{"@type":"PropertyValueSpecification","valueRequired":true,"valueName":"search_term_string"}}],"inLanguage":"pt-BR"},{"@type":"Person","@id":"https:\/\/www.em.com.br\/emfoco\/#\/schema\/person\/649e610b4eb8fff87ff394e54fe17b2b","name":"Ingrid Diniz","image":{"@type":"ImageObject","inLanguage":"pt-BR","@id":"https:\/\/www.em.com.br\/emfoco\/#\/schema\/person\/image\/","url":"https:\/\/secure.gravatar.com\/avatar\/a3baa1449ec5c39b4c42babc9d4f3951?s=96&d=mm&r=g","contentUrl":"https:\/\/secure.gravatar.com\/avatar\/a3baa1449ec5c39b4c42babc9d4f3951?s=96&d=mm&r=g","caption":"Ingrid Diniz"},"sameAs":["https:\/\/www.em.com.br\/"],"url":"https:\/\/www.em.com.br\/emfoco\/author\/ingridmyth\/"}]}},"_links":{"self":[{"href":"https:\/\/www.em.com.br\/emfoco\/wp-json\/wp\/v2\/posts\/137241","targetHints":{"allow":["GET"]}}],"collection":[{"href":"https:\/\/www.em.com.br\/emfoco\/wp-json\/wp\/v2\/posts"}],"about":[{"href":"https:\/\/www.em.com.br\/emfoco\/wp-json\/wp\/v2\/types\/post"}],"author":[{"embeddable":true,"href":"https:\/\/www.em.com.br\/emfoco\/wp-json\/wp\/v2\/users\/20"}],"replies":[{"embeddable":true,"href":"https:\/\/www.em.com.br\/emfoco\/wp-json\/wp\/v2\/comments?post=137241"}],"version-history":[{"count":1,"href":"https:\/\/www.em.com.br\/emfoco\/wp-json\/wp\/v2\/posts\/137241\/revisions"}],"predecessor-version":[{"id":137296,"href":"https:\/\/www.em.com.br\/emfoco\/wp-json\/wp\/v2\/posts\/137241\/revisions\/137296"}],"wp:featuredmedia":[{"embeddable":true,"href":"https:\/\/www.em.com.br\/emfoco\/wp-json\/wp\/v2\/media\/56500"}],"wp:attachment":[{"href":"https:\/\/www.em.com.br\/emfoco\/wp-json\/wp\/v2\/media?parent=137241"}],"wp:term":[{"taxonomy":"category","embeddable":true,"href":"https:\/\/www.em.com.br\/emfoco\/wp-json\/wp\/v2\/categories?post=137241"},{"taxonomy":"post_tag","embeddable":true,"href":"https:\/\/www.em.com.br\/emfoco\/wp-json\/wp\/v2\/tags?post=137241"}],"curies":[{"name":"wp","href":"https:\/\/api.w.org\/{rel}","templated":true}]}}