{"id":137227,"date":"2025-12-09T10:05:00","date_gmt":"2025-12-09T13:05:00","guid":{"rendered":"https:\/\/www.em.com.br\/emfoco\/?p=137227"},"modified":"2025-12-08T17:45:37","modified_gmt":"2025-12-08T20:45:37","slug":"adeus-a-pochete-veja-como-se-sentir-mais-livre-neste-verao","status":"publish","type":"post","link":"https:\/\/www.em.com.br\/emfoco\/2025\/12\/09\/adeus-a-pochete-veja-como-se-sentir-mais-livre-neste-verao\/","title":{"rendered":"Adeus a pochete, veja como se sentir mais livre neste ver\u00e3o"},"content":{"rendered":"\n<p>Perder a pochete abdominal e se sentir mais \u00e0 vontade no ver\u00e3o \u00e9 um desejo comum, mas n\u00e3o existe f\u00f3rmula m\u00e1gica: a redu\u00e7\u00e3o da barriga acontece como parte de uma perda geral de gordura corporal, que depende de alimenta\u00e7\u00e3o equilibrada, atividade f\u00edsica regular e ajustes consistentes no estilo de vida.<\/p>\n\n\n\n<h2 class=\"wp-block-heading\">O que \u00e9 a pochete abdominal e por que ela aparece<\/h2>\n\n\n\n<p>A chamada pochete da barriga \u00e9 o ac\u00famulo de <a href=\"https:\/\/www.msdmanuals.com\/pt\/profissional\/dist%C3%BArbios-nutricionais\/obesidade-e-s%C3%ADndrome-metab%C3%B3lica\/s%C3%ADndrome-metab%C3%B3lica\" target=\"_blank\" rel=\"noreferrer noopener\">gordura <\/a>na regi\u00e3o abaixo do umbigo, percept\u00edvel quando a roupa marca ou aperta a cintura. Esse ac\u00famulo pode estar ligado ao excesso de calorias, sedentarismo, estresse, sono insuficiente e at\u00e9 altera\u00e7\u00f5es hormonais.<\/p>\n\n\n\n<p>Do ponto de vista da sa\u00fade, a gordura abdominal merece aten\u00e7\u00e3o porque est\u00e1 associada a maior risco de resist\u00eancia \u00e0 insulina, press\u00e3o alta e altera\u00e7\u00f5es no colesterol. Assim, perder a pochete n\u00e3o \u00e9 apenas est\u00e9tica, mas tamb\u00e9m preven\u00e7\u00e3o de problemas metab\u00f3licos.<\/p>\n\n\n\n<figure class=\"wp-block-image\"><img decoding=\"async\" src=\"https:\/\/www.em.com.br\/emfoco\/wp-content\/uploads\/2025\/06\/gordura-abdominal_1749997010481-1024x576.jpg\" alt=\"\"\/><figcaption class=\"wp-element-caption\">O h\u00e1bito di\u00e1rio que deixa a barriga mais leve e o corpo mais confiante &#8211; Cr\u00e9ditos: depositphotos.com \/ nito103<\/figcaption><\/figure>\n\n\n\n<h2 class=\"wp-block-heading\">Como ajustar a alimenta\u00e7\u00e3o para perder a pochete abdominal<\/h2>\n\n\n\n<p>A alimenta\u00e7\u00e3o \u00e9 um dos pilares para diminuir a<a href=\"https:\/\/www.em.com.br\/emfoco\/2025\/09\/11\/o-que-atrapalha-a-perda-de-gordura-abdominal-apos-os-40\/\" target=\"_blank\" rel=\"noreferrer noopener\"> gordura abdominal <\/a>e afinar a cintura de forma saud\u00e1vel. Em geral, o corpo passa a queimar estoques de gordura quando consome menos calorias do que gasta ao longo do dia, sem necessidade de restri\u00e7\u00f5es extremas.<\/p>\n\n\n\n<p>Algumas mudan\u00e7as simples na rotina alimentar ajudam a controlar a fome, estabilizar a insulina e preservar massa muscular, favorecendo a redu\u00e7\u00e3o gradual da pochete. Veja alguns pontos-chave que podem fazer diferen\u00e7a no dia a dia:<\/p>\n\n\n\n<ul class=\"wp-block-list\">\n<li><strong>Reduzir a\u00e7\u00facar e farinha refinada<\/strong>&nbsp;em refrigerantes, doces, bolos, biscoitos, p\u00e3es e massas brancas.<\/li>\n\n\n\n<li><strong>Aumentar prote\u00ednas magras<\/strong>&nbsp;como ovos, frango sem pele, peixes, iogurte natural e leguminosas.<\/li>\n\n\n\n<li><strong>Priorizar fibras sol\u00faveis<\/strong>&nbsp;presentes em aveia, feij\u00e3o, lentilha, gr\u00e3o-de-bico, frutas com baga\u00e7o e linha\u00e7a.<\/li>\n\n\n\n<li><strong>Incluir gorduras boas<\/strong>&nbsp;como abacate, castanhas, sementes e azeite de oliva nas principais refei\u00e7\u00f5es.<\/li>\n<\/ul>\n\n\n\n<h2 class=\"wp-block-heading\">Quais exerc\u00edcios ajudam a reduzir a gordura abdominal<\/h2>\n\n\n\n<p>Na redu\u00e7\u00e3o da gordura abdominal, os exerc\u00edcios aumentam o gasto cal\u00f3rico e melhoram a sa\u00fade metab\u00f3lica. Abdominais tradicionais fortalecem a musculatura, mas sozinhos n\u00e3o s\u00e3o respons\u00e1veis por \u201csecar\u201d a pochete ou definir a barriga.<\/p>\n\n\n\n<p>O que mais contribui \u00e9 a combina\u00e7\u00e3o de atividades aer\u00f3bicas, treinos de for\u00e7a e, quando indicado, treinos intervalados. Especialistas sugerem ao menos 150 minutos semanais de atividade aer\u00f3bica moderada, somados a dois ou mais dias de treino de for\u00e7a.<\/p>\n\n\n\n<p>Separamos o v\u00eddeo do canal <a href=\"https:\/\/www.youtube.com\/@carolborba\" target=\"_blank\" rel=\"noreferrer noopener\">@carolborba<\/a> que possui 7,27\u00a0mih\u00f5es de inscritos, para te incentivar a come\u00e7ar o hoje a perder essa pochete sem sair de casa:<\/p>\n\n\n\n<figure class=\"wp-block-embed is-type-video is-provider-youtube wp-block-embed-youtube wp-embed-aspect-16-9 wp-has-aspect-ratio\"><div class=\"wp-block-embed__wrapper\">\n<div class=\"jeg_video_container jeg_video_content\"><iframe loading=\"lazy\" title=\"Como acabar com a pochete da barriga sem sair de casa - treino completo - Carol Borba\" width=\"500\" height=\"281\" src=\"https:\/\/www.youtube.com\/embed\/tZd7NS695_M?feature=oembed\" frameborder=\"0\" allow=\"accelerometer; autoplay; clipboard-write; encrypted-media; gyroscope; picture-in-picture; web-share\" referrerpolicy=\"strict-origin-when-cross-origin\" allowfullscreen><\/iframe><\/div>\n<\/div><\/figure>\n\n\n\n<h2 class=\"wp-block-heading\">Quais h\u00e1bitos de estilo de vida aceleram a perda da pochete<\/h2>\n\n\n\n<p>Al\u00e9m da dieta e dos exerc\u00edcios, sono, estresse, hidrata\u00e7\u00e3o e n\u00edvel de atividade di\u00e1ria influenciam diretamente na facilidade para reduzir a gordura da barriga. Mesmo com um card\u00e1pio equilibrado, descuidar desses pontos pode limitar os resultados.<\/p>\n\n\n\n<p>Estruturar melhor a rotina, com hor\u00e1rios de dormir mais regulares, pausas ao longo do dia e pequenas movimenta\u00e7\u00f5es, ajuda a equilibrar horm\u00f4nios e manter o metabolismo mais ativo, favorecendo a perda de gordura abdominal.<\/p>\n\n\n\n<h2 class=\"wp-block-heading\">Como manter o foco at\u00e9 o ver\u00e3o e garantir resultados duradouros<\/h2>\n\n\n\n<p>Ao combinar alimenta\u00e7\u00e3o ajustada, exerc\u00edcios regulares e h\u00e1bitos saud\u00e1veis, a redu\u00e7\u00e3o da pochete tende a acontecer de forma gradual, por\u00e9m consistente. O segredo \u00e9 come\u00e7ar com metas realistas, monitorar o progresso e evitar compara\u00e7\u00f5es com o corpo de outras pessoas.<\/p>\n\n\n\n<p>Se voc\u00ea quer chegar ao pr\u00f3ximo ver\u00e3o com menos gordura abdominal e mais confian\u00e7a nas roupas, comece hoje: organize as refei\u00e7\u00f5es da semana, programe seus treinos e cuide do sono j\u00e1 nos pr\u00f3ximos dias. Cada escolha feita agora encurta o caminho para um resultado vis\u00edvel e aumenta a chance de manter a sa\u00fade em primeiro lugar.<\/p>\n\n\n\n<p><\/p>\n","protected":false},"excerpt":{"rendered":"<p>Perder a pochete abdominal e se sentir mais \u00e0 vontade no ver\u00e3o \u00e9 um desejo comum, mas n\u00e3o existe f\u00f3rmula m\u00e1gica: a redu\u00e7\u00e3o da barriga acontece como parte de uma perda geral de gordura corporal, que depende de alimenta\u00e7\u00e3o equilibrada, atividade f\u00edsica regular e ajustes consistentes no estilo de vida. O que \u00e9 a pochete [&hellip;]<\/p>\n","protected":false},"author":11,"featured_media":137391,"comment_status":"open","ping_status":"open","sticky":false,"template":"","format":"standard","meta":{"jnews-multi-image_gallery":[],"jnews_single_post":{"format":"standard"},"jnews_primary_category":[],"jnews_social_meta":[],"jnews_override_counter":[],"footnotes":""},"categories":[1,9053],"tags":[11260,10374,13027,20082],"class_list":["post-137227","post","type-post","status-publish","format-standard","has-post-thumbnail","hentry","category-noticias","category-saude","tag-barriga","tag-cintura","tag-gordura","tag-pochete"],"yoast_head":"<!-- This site is optimized with the Yoast SEO plugin v23.8 - https:\/\/yoast.com\/wordpress\/plugins\/seo\/ -->\n<title>Adeus a pochete, veja como se sentir mais livre neste ver\u00e3o - Estado de Minas - Em foco<\/title>\n<meta name=\"description\" content=\"Barriga mais leve depende de alimenta\u00e7\u00e3o, movimento e rotina equilibrada. Um detalhe ignorado por muita gente faz toda diferen\u00e7a nos resultados.\" \/>\n<meta name=\"robots\" content=\"index, follow, max-snippet:-1, max-image-preview:large, max-video-preview:-1\" \/>\n<link rel=\"canonical\" href=\"https:\/\/www.em.com.br\/emfoco\/2025\/12\/09\/adeus-a-pochete-veja-como-se-sentir-mais-livre-neste-verao\/\" \/>\n<meta property=\"og:locale\" content=\"pt_BR\" \/>\n<meta property=\"og:type\" content=\"article\" \/>\n<meta property=\"og:title\" content=\"Adeus a pochete, veja como se sentir mais livre neste ver\u00e3o - Estado de Minas - Em foco\" \/>\n<meta property=\"og:description\" content=\"Barriga mais leve depende de alimenta\u00e7\u00e3o, movimento e rotina equilibrada. Um detalhe ignorado por muita gente faz toda diferen\u00e7a nos resultados.\" \/>\n<meta property=\"og:url\" content=\"https:\/\/www.em.com.br\/emfoco\/2025\/12\/09\/adeus-a-pochete-veja-como-se-sentir-mais-livre-neste-verao\/\" \/>\n<meta property=\"og:site_name\" content=\"Estado de Minas - Em foco\" \/>\n<meta property=\"article:published_time\" content=\"2025-12-09T13:05:00+00:00\" \/>\n<meta property=\"article:modified_time\" content=\"2025-12-08T20:45:37+00:00\" \/>\n<meta property=\"og:image\" content=\"https:\/\/www.em.com.br\/emfoco\/wp-content\/uploads\/2025\/12\/Gemini_Generated_Image_o9e751o9e751o9e7-1.png\" \/>\n\t<meta property=\"og:image:width\" content=\"1280\" \/>\n\t<meta property=\"og:image:height\" content=\"720\" \/>\n\t<meta property=\"og:image:type\" content=\"image\/png\" \/>\n<meta name=\"author\" content=\"Andre\u0301 Rangel\u00a0\" \/>\n<meta name=\"twitter:card\" content=\"summary_large_image\" \/>\n<meta name=\"twitter:label1\" content=\"Escrito por\" \/>\n\t<meta name=\"twitter:data1\" content=\"Andre\u0301 Rangel\u00a0\" \/>\n\t<meta name=\"twitter:label2\" content=\"Est. tempo de leitura\" \/>\n\t<meta name=\"twitter:data2\" content=\"4 minutos\" \/>\n<!-- \/ Yoast SEO plugin. -->","yoast_head_json":{"title":"Adeus a pochete, veja como se sentir mais livre neste ver\u00e3o - Estado de Minas - Em foco","description":"Barriga mais leve depende de alimenta\u00e7\u00e3o, movimento e rotina equilibrada. Um detalhe ignorado por muita gente faz toda diferen\u00e7a nos resultados.","robots":{"index":"index","follow":"follow","max-snippet":"max-snippet:-1","max-image-preview":"max-image-preview:large","max-video-preview":"max-video-preview:-1"},"canonical":"https:\/\/www.em.com.br\/emfoco\/2025\/12\/09\/adeus-a-pochete-veja-como-se-sentir-mais-livre-neste-verao\/","og_locale":"pt_BR","og_type":"article","og_title":"Adeus a pochete, veja como se sentir mais livre neste ver\u00e3o - Estado de Minas - Em foco","og_description":"Barriga mais leve depende de alimenta\u00e7\u00e3o, movimento e rotina equilibrada. Um detalhe ignorado por muita gente faz toda diferen\u00e7a nos resultados.","og_url":"https:\/\/www.em.com.br\/emfoco\/2025\/12\/09\/adeus-a-pochete-veja-como-se-sentir-mais-livre-neste-verao\/","og_site_name":"Estado de Minas - Em foco","article_published_time":"2025-12-09T13:05:00+00:00","article_modified_time":"2025-12-08T20:45:37+00:00","og_image":[{"width":1280,"height":720,"url":"https:\/\/www.em.com.br\/emfoco\/wp-content\/uploads\/2025\/12\/Gemini_Generated_Image_o9e751o9e751o9e7-1.png","type":"image\/png"}],"author":"Andre\u0301 Rangel\u00a0","twitter_card":"summary_large_image","twitter_misc":{"Escrito por":"Andre\u0301 Rangel\u00a0","Est. tempo de leitura":"4 minutos"},"schema":{"@context":"https:\/\/schema.org","@graph":[{"@type":"WebPage","@id":"https:\/\/www.em.com.br\/emfoco\/2025\/12\/09\/adeus-a-pochete-veja-como-se-sentir-mais-livre-neste-verao\/","url":"https:\/\/www.em.com.br\/emfoco\/2025\/12\/09\/adeus-a-pochete-veja-como-se-sentir-mais-livre-neste-verao\/","name":"Adeus a pochete, veja como se sentir mais livre neste ver\u00e3o - Estado de Minas - Em foco","isPartOf":{"@id":"https:\/\/www.em.com.br\/emfoco\/#website"},"primaryImageOfPage":{"@id":"https:\/\/www.em.com.br\/emfoco\/2025\/12\/09\/adeus-a-pochete-veja-como-se-sentir-mais-livre-neste-verao\/#primaryimage"},"image":{"@id":"https:\/\/www.em.com.br\/emfoco\/2025\/12\/09\/adeus-a-pochete-veja-como-se-sentir-mais-livre-neste-verao\/#primaryimage"},"thumbnailUrl":"https:\/\/www.em.com.br\/emfoco\/wp-content\/uploads\/2025\/12\/Gemini_Generated_Image_o9e751o9e751o9e7-1.png","datePublished":"2025-12-09T13:05:00+00:00","dateModified":"2025-12-08T20:45:37+00:00","author":{"@id":"https:\/\/www.em.com.br\/emfoco\/#\/schema\/person\/60eda09c1fedf0d6891f4cef4b60b8b8"},"description":"Barriga mais leve depende de alimenta\u00e7\u00e3o, movimento e rotina equilibrada. Um detalhe ignorado por muita gente faz toda diferen\u00e7a nos resultados.","breadcrumb":{"@id":"https:\/\/www.em.com.br\/emfoco\/2025\/12\/09\/adeus-a-pochete-veja-como-se-sentir-mais-livre-neste-verao\/#breadcrumb"},"inLanguage":"pt-BR","potentialAction":[{"@type":"ReadAction","target":["https:\/\/www.em.com.br\/emfoco\/2025\/12\/09\/adeus-a-pochete-veja-como-se-sentir-mais-livre-neste-verao\/"]}]},{"@type":"ImageObject","inLanguage":"pt-BR","@id":"https:\/\/www.em.com.br\/emfoco\/2025\/12\/09\/adeus-a-pochete-veja-como-se-sentir-mais-livre-neste-verao\/#primaryimage","url":"https:\/\/www.em.com.br\/emfoco\/wp-content\/uploads\/2025\/12\/Gemini_Generated_Image_o9e751o9e751o9e7-1.png","contentUrl":"https:\/\/www.em.com.br\/emfoco\/wp-content\/uploads\/2025\/12\/Gemini_Generated_Image_o9e751o9e751o9e7-1.png","width":1280,"height":720,"caption":"O m\u00e9todo saud\u00e1vel que virou queridinho para desinchar a barriga"},{"@type":"BreadcrumbList","@id":"https:\/\/www.em.com.br\/emfoco\/2025\/12\/09\/adeus-a-pochete-veja-como-se-sentir-mais-livre-neste-verao\/#breadcrumb","itemListElement":[{"@type":"ListItem","position":1,"name":"In\u00edcio","item":"https:\/\/www.em.com.br\/emfoco\/"},{"@type":"ListItem","position":2,"name":"Adeus a pochete, veja como se sentir mais livre neste ver\u00e3o"}]},{"@type":"WebSite","@id":"https:\/\/www.em.com.br\/emfoco\/#website","url":"https:\/\/www.em.com.br\/emfoco\/","name":"Estado de Minas - Em foco","description":"Acompanhe as \u00faltimas not\u00edcias e fique bem informado sobre tudo o que acontece em Minas Gerais, Brasil e no mundo.","potentialAction":[{"@type":"SearchAction","target":{"@type":"EntryPoint","urlTemplate":"https:\/\/www.em.com.br\/emfoco\/?s={search_term_string}"},"query-input":{"@type":"PropertyValueSpecification","valueRequired":true,"valueName":"search_term_string"}}],"inLanguage":"pt-BR"},{"@type":"Person","@id":"https:\/\/www.em.com.br\/emfoco\/#\/schema\/person\/60eda09c1fedf0d6891f4cef4b60b8b8","name":"Andre\u0301 Rangel\u00a0","image":{"@type":"ImageObject","inLanguage":"pt-BR","@id":"https:\/\/www.em.com.br\/emfoco\/#\/schema\/person\/image\/","url":"https:\/\/secure.gravatar.com\/avatar\/6234dc814c77c8ef6d8bba622c787efc?s=96&d=mm&r=g","contentUrl":"https:\/\/secure.gravatar.com\/avatar\/6234dc814c77c8ef6d8bba622c787efc?s=96&d=mm&r=g","caption":"Andre\u0301 Rangel\u00a0"},"url":"https:\/\/www.em.com.br\/emfoco\/author\/luizmyth\/"}]}},"_links":{"self":[{"href":"https:\/\/www.em.com.br\/emfoco\/wp-json\/wp\/v2\/posts\/137227","targetHints":{"allow":["GET"]}}],"collection":[{"href":"https:\/\/www.em.com.br\/emfoco\/wp-json\/wp\/v2\/posts"}],"about":[{"href":"https:\/\/www.em.com.br\/emfoco\/wp-json\/wp\/v2\/types\/post"}],"author":[{"embeddable":true,"href":"https:\/\/www.em.com.br\/emfoco\/wp-json\/wp\/v2\/users\/11"}],"replies":[{"embeddable":true,"href":"https:\/\/www.em.com.br\/emfoco\/wp-json\/wp\/v2\/comments?post=137227"}],"version-history":[{"count":4,"href":"https:\/\/www.em.com.br\/emfoco\/wp-json\/wp\/v2\/posts\/137227\/revisions"}],"predecessor-version":[{"id":137392,"href":"https:\/\/www.em.com.br\/emfoco\/wp-json\/wp\/v2\/posts\/137227\/revisions\/137392"}],"wp:featuredmedia":[{"embeddable":true,"href":"https:\/\/www.em.com.br\/emfoco\/wp-json\/wp\/v2\/media\/137391"}],"wp:attachment":[{"href":"https:\/\/www.em.com.br\/emfoco\/wp-json\/wp\/v2\/media?parent=137227"}],"wp:term":[{"taxonomy":"category","embeddable":true,"href":"https:\/\/www.em.com.br\/emfoco\/wp-json\/wp\/v2\/categories?post=137227"},{"taxonomy":"post_tag","embeddable":true,"href":"https:\/\/www.em.com.br\/emfoco\/wp-json\/wp\/v2\/tags?post=137227"}],"curies":[{"name":"wp","href":"https:\/\/api.w.org\/{rel}","templated":true}]}}