{"id":137215,"date":"2025-12-09T06:05:00","date_gmt":"2025-12-09T09:05:00","guid":{"rendered":"https:\/\/www.em.com.br\/emfoco\/?p=137215"},"modified":"2025-12-08T17:43:40","modified_gmt":"2025-12-08T20:43:40","slug":"as-tendencias-da-moda-2026-que-vao-definir-o-estilo-da-proxima-estacao","status":"publish","type":"post","link":"https:\/\/www.em.com.br\/emfoco\/2025\/12\/09\/as-tendencias-da-moda-2026-que-vao-definir-o-estilo-da-proxima-estacao\/","title":{"rendered":"As tend\u00eancias da moda 2026 que v\u00e3o definir o estilo da pr\u00f3xima esta\u00e7\u00e3o"},"content":{"rendered":"\n<p>A temporada de moda primavera\/ver\u00e3o 2026 chega misturando leveza, conforto e um toque de ousadia, com foco total em autenticidade. As pe\u00e7as surgem mais vers\u00e1teis, com tecidos fluidos e cortes inteligentes, e a proposta \u00e9 clara: usar as tend\u00eancias como aliadas para refor\u00e7ar o estilo pessoal, sem seguir um manual r\u00edgido ou datado.<\/p>\n\n\n\n<h2 class=\"wp-block-heading\">O que define a moda primavera\/ver\u00e3o 2026<\/h2>\n\n\n\n<p>A moda primavera\/ver\u00e3o 2026 busca um equil\u00edbrio entre fluidez e estrutura, unindo tecidos leves a modelagens mais marcadas. Os contrastes valorizam a silhueta sem abrir m\u00e3o do conforto, deixando a roupa acompanhar a rotina, e n\u00e3o o contr\u00e1rio.<\/p>\n\n\n\n<p>Nessa temporada, a palavra-chave \u00e9&nbsp;<strong>individualidade<\/strong>. Em vez de um \u00fanico padr\u00e3o de acerto, a proposta \u00e9 misturar refer\u00eancias, brincar com propor\u00e7\u00f5es e adaptar as tend\u00eancias ao guarda-roupa real de cada pessoa.<\/p>\n\n\n\n<h2 class=\"wp-block-heading\">Quais s\u00e3o as cores e estampas em destaque em 2026<\/h2>\n\n\n\n<p>A cartela de cores da <a href=\"https:\/\/www.em.com.br\/emfoco\/2025\/10\/26\/a-explosao-de-cores-vibrantes-que-vai-dominar-seu-guarda-roupa-na-primavera-verao\/\" target=\"_blank\" rel=\"noreferrer noopener\">moda primavera\/ver\u00e3o <\/a>2026 combina tons vibrantes e suaves, criando espa\u00e7o para estilos bem diferentes. Marrom e amarelo ganham for\u00e7a ao lado das\u00a0<em>candy colors<\/em>, como azul beb\u00ea, rosa suave e verde menta, permitindo desde looks discretos at\u00e9 composi\u00e7\u00f5es marcantes.<\/p>\n\n\n\n<figure class=\"wp-block-image size-large\"><img loading=\"lazy\" decoding=\"async\" width=\"1024\" height=\"576\" src=\"https:\/\/www.em.com.br\/emfoco\/wp-content\/uploads\/2025\/12\/Gemini_Generated_Image_ocq3gtocq3gtocq3-1-1024x576.png\" alt=\"A novidade da moda 2026 que promete virar febre no calor\" class=\"wp-image-137364\" srcset=\"https:\/\/www.em.com.br\/emfoco\/wp-content\/uploads\/2025\/12\/Gemini_Generated_Image_ocq3gtocq3gtocq3-1-1024x576.png 1024w, https:\/\/www.em.com.br\/emfoco\/wp-content\/uploads\/2025\/12\/Gemini_Generated_Image_ocq3gtocq3gtocq3-1-300x169.png 300w, https:\/\/www.em.com.br\/emfoco\/wp-content\/uploads\/2025\/12\/Gemini_Generated_Image_ocq3gtocq3gtocq3-1-768x432.png 768w, https:\/\/www.em.com.br\/emfoco\/wp-content\/uploads\/2025\/12\/Gemini_Generated_Image_ocq3gtocq3gtocq3-1-750x422.png 750w, https:\/\/www.em.com.br\/emfoco\/wp-content\/uploads\/2025\/12\/Gemini_Generated_Image_ocq3gtocq3gtocq3-1-1140x641.png 1140w, https:\/\/www.em.com.br\/emfoco\/wp-content\/uploads\/2025\/12\/Gemini_Generated_Image_ocq3gtocq3gtocq3-1.png 1280w\" sizes=\"auto, (max-width: 1024px) 100vw, 1024px\" \/><figcaption class=\"wp-element-caption\">A novidade da moda 2026 que promete virar febre no calor<\/figcaption><\/figure>\n\n\n\n<p>Nas estampas, cl\u00e1ssicos como po\u00e1, floral, listras e xadrez aparecem atualizados, com novas propor\u00e7\u00f5es e misturas de texturas. A transpar\u00eancia sutil surge em pontos estrat\u00e9gicos, refor\u00e7ando a eleg\u00e2ncia e valorizando o visual feminino sem exageros.<\/p>\n\n\n\n<h2 class=\"wp-block-heading\">Quais s\u00e3o as principais pe\u00e7as da moda primavera\/ver\u00e3o 2026<\/h2>\n\n\n\n<p>Entre as pe\u00e7as-chave, a cal\u00e7a aladim retorna com volume confort\u00e1vel e cintura marcada, criando um visual despojado e moderno. As camisas&nbsp;<em>oversize<\/em>&nbsp;seguem em alta, funcionando como sobreposi\u00e7\u00e3o aberta ou fechada, em propostas que v\u00e3o do casual ao urbano.<\/p>\n\n\n\n<p>Os vestidos vers\u00e1teis tamb\u00e9m ganham protagonismo, combinando bem com t\u00eanis, sand\u00e1lias ou salto. Para quem ama textura, o croch\u00ea aparece renovado, saindo do mood praia e entrando em produ\u00e7\u00f5es de dia a dia e at\u00e9 em composi\u00e7\u00f5es mais arrumadas.<\/p>\n\n\n\n<h2 class=\"wp-block-heading\">Como a est\u00e9tica artesanal e os acess\u00f3rios entram nessa tend\u00eancia<\/h2>\n\n\n\n<p>A est\u00e9tica artesanal \u00e9 uma das grandes apostas da temporada, com croch\u00ea, tric\u00f4 leve, palha e outros materiais manuais em roupas, bolsas e acabamentos. Essa linguagem refor\u00e7a um visual afetivo, conectado ao cuidado com o que se usa e a um estilo de vida mais consciente.<\/p>\n\n\n\n<p>Nos acess\u00f3rios, o maximalismo domina e cria pontos de interesse que transformam qualquer look b\u00e1sico. Alguns elementos aparecem com frequ\u00eancia e ajudam a visualizar melhor essa est\u00e9tica:<\/p>\n\n\n\n<ul class=\"wp-block-list\">\n<li><strong>Colares volumosos<\/strong>&nbsp;que elevam produ\u00e7\u00f5es simples em segundos.<\/li>\n\n\n\n<li><strong>Brincos e pulseiras com pedras naturais<\/strong>, em formatos org\u00e2nicos e \u00fanicos.<\/li>\n\n\n\n<li><strong>Bolsas de palha ou fibras naturais<\/strong>, usadas tanto na praia quanto na cidade.<\/li>\n\n\n\n<li><strong>Detalhes em croch\u00ea ou tric\u00f4<\/strong>&nbsp;em tops, sa\u00eddas e sobreposi\u00e7\u00f5es estilizadas.<\/li>\n\n\n\n<li><strong>Cores intensas<\/strong>\u00a0em acess\u00f3rios para contrastar com pe\u00e7as neutras e minimalistas.<\/li>\n<\/ul>\n\n\n\n<p>Selecionamos o v\u00eddeo do canal <a href=\"https:\/\/www.youtube.com\/@tvaparecida\" target=\"_blank\" rel=\"noreferrer noopener\">@tvaparecida<\/a> que possui 4,57\u00a0milh\u00f5es de inscritos e junto com a especialista em moda falam sobre a tend\u00eancia para primavera\/ver\u00e3o 2026:<\/p>\n\n\n\n<figure class=\"wp-block-embed is-type-video is-provider-youtube wp-block-embed-youtube wp-embed-aspect-16-9 wp-has-aspect-ratio\"><div class=\"wp-block-embed__wrapper\">\n<div class=\"jeg_video_container jeg_video_content\"><iframe loading=\"lazy\" title=\"Veja as TEND\u00caNCIAS de MODA PRIMAVERA\/VER\u00c3O 2026 | Viva a Tarde\" width=\"500\" height=\"281\" src=\"https:\/\/www.youtube.com\/embed\/Fykhc7N_yv4?feature=oembed\" frameborder=\"0\" allow=\"accelerometer; autoplay; clipboard-write; encrypted-media; gyroscope; picture-in-picture; web-share\" referrerpolicy=\"strict-origin-when-cross-origin\" allowfullscreen><\/iframe><\/div>\n<\/div><\/figure>\n\n\n\n<h2 class=\"wp-block-heading\">Quais sapatos e detalhes completam a moda primavera\/ver\u00e3o 2026<\/h2>\n\n\n\n<p>Nos cal\u00e7ados, o foco \u00e9 o conforto, com plataformas em vers\u00e3o flat e sand\u00e1lias de tiras largas garantindo estabilidade. O metalizado se firma como curinga, funcionando em produ\u00e7\u00f5es diurnas e noturnas, sem ficar restrito a looks de festa.<\/p>\n\n\n\n<p>Refer\u00eancias como o vermelho intenso e o tecido lesi aparecem modernizados em novas modelagens e acabamentos. A combina\u00e7\u00e3o de pe\u00e7as antigas com tend\u00eancias de 2026 incentiva o mix de texturas e a adapta\u00e7\u00e3o das novidades \u00e0 rotina, ao clima e ao estilo individual.<\/p>\n\n\n\n<h2 class=\"wp-block-heading\">Como aproveitar a moda primavera\/ver\u00e3o 2026 agora<\/h2>\n\n\n\n<p>A moda primavera\/ver\u00e3o 2026 abre espa\u00e7o para testes, misturas e descobertas, sempre com foco em conforto e personalidade. \u00c9 o momento ideal para revisitar o guarda-roupa, combinar pe\u00e7as que voc\u00ea j\u00e1 tem com novos elementos e criar composi\u00e7\u00f5es mais aut\u00eanticas.<\/p>\n\n\n\n<p>N\u00e3o espere a tend\u00eancia \u201cpassar\u201d para se arriscar: comece hoje a experimentar cores, estampas e texturas que conversem com quem voc\u00ea \u00e9. Use essa temporada como um convite urgente para renovar seu estilo, explorar novas refer\u00eancias e assumir, sem medo, a vers\u00e3o mais verdadeira de si no espelho.<\/p>\n","protected":false},"excerpt":{"rendered":"<p>A temporada de moda primavera\/ver\u00e3o 2026 chega misturando leveza, conforto e um toque de ousadia, com foco total em autenticidade. As pe\u00e7as surgem mais vers\u00e1teis, com tecidos fluidos e cortes inteligentes, e a proposta \u00e9 clara: usar as tend\u00eancias como aliadas para refor\u00e7ar o estilo pessoal, sem seguir um manual r\u00edgido ou datado. O que [&hellip;]<\/p>\n","protected":false},"author":11,"featured_media":137366,"comment_status":"open","ping_status":"open","sticky":false,"template":"","format":"standard","meta":{"jnews-multi-image_gallery":[],"jnews_single_post":{"format":"standard"},"jnews_primary_category":[],"jnews_social_meta":[],"jnews_override_counter":[],"footnotes":""},"categories":[8819,1],"tags":[4977,20068,1920,1827],"class_list":["post-137215","post","type-post","status-publish","format-standard","has-post-thumbnail","hentry","category-curiosidades","category-noticias","tag-moda","tag-primavera-verao-2026","tag-tendencia","tag-verao"],"yoast_head":"<!-- This site is optimized with the Yoast SEO plugin v23.8 - https:\/\/yoast.com\/wordpress\/plugins\/seo\/ -->\n<title>As tend\u00eancias da moda 2026 que v\u00e3o definir o estilo da pr\u00f3xima esta\u00e7\u00e3o - Estado de Minas - Em foco<\/title>\n<meta name=\"description\" content=\"A moda primavera ver\u00e3o 2026 traz leveza, cores marcantes e pe\u00e7as confort\u00e1veis que viraram queridinhas do p\u00fablico. O detalhe que mais conquista pode surpreender voc\u00ea.\" \/>\n<meta name=\"robots\" content=\"index, follow, max-snippet:-1, max-image-preview:large, max-video-preview:-1\" \/>\n<link rel=\"canonical\" href=\"https:\/\/www.em.com.br\/emfoco\/2025\/12\/09\/as-tendencias-da-moda-2026-que-vao-definir-o-estilo-da-proxima-estacao\/\" \/>\n<meta property=\"og:locale\" content=\"pt_BR\" \/>\n<meta property=\"og:type\" content=\"article\" \/>\n<meta property=\"og:title\" content=\"As tend\u00eancias da moda 2026 que v\u00e3o definir o estilo da pr\u00f3xima esta\u00e7\u00e3o - Estado de Minas - Em foco\" \/>\n<meta property=\"og:description\" content=\"A moda primavera ver\u00e3o 2026 traz leveza, cores marcantes e pe\u00e7as confort\u00e1veis que viraram queridinhas do p\u00fablico. O detalhe que mais conquista pode surpreender voc\u00ea.\" \/>\n<meta property=\"og:url\" content=\"https:\/\/www.em.com.br\/emfoco\/2025\/12\/09\/as-tendencias-da-moda-2026-que-vao-definir-o-estilo-da-proxima-estacao\/\" \/>\n<meta property=\"og:site_name\" content=\"Estado de Minas - Em foco\" \/>\n<meta property=\"article:published_time\" content=\"2025-12-09T09:05:00+00:00\" \/>\n<meta property=\"article:modified_time\" content=\"2025-12-08T20:43:40+00:00\" \/>\n<meta property=\"og:image\" content=\"https:\/\/www.em.com.br\/emfoco\/wp-content\/uploads\/2025\/12\/Gemini_Generated_Image_yilor8yilor8yilo-1.png\" \/>\n\t<meta property=\"og:image:width\" content=\"1280\" \/>\n\t<meta property=\"og:image:height\" content=\"720\" \/>\n\t<meta property=\"og:image:type\" content=\"image\/png\" \/>\n<meta name=\"author\" content=\"Andre\u0301 Rangel\u00a0\" \/>\n<meta name=\"twitter:card\" content=\"summary_large_image\" \/>\n<meta name=\"twitter:label1\" content=\"Escrito por\" \/>\n\t<meta name=\"twitter:data1\" content=\"Andre\u0301 Rangel\u00a0\" \/>\n\t<meta name=\"twitter:label2\" content=\"Est. tempo de leitura\" \/>\n\t<meta name=\"twitter:data2\" content=\"5 minutos\" \/>\n<!-- \/ Yoast SEO plugin. -->","yoast_head_json":{"title":"As tend\u00eancias da moda 2026 que v\u00e3o definir o estilo da pr\u00f3xima esta\u00e7\u00e3o - Estado de Minas - Em foco","description":"A moda primavera ver\u00e3o 2026 traz leveza, cores marcantes e pe\u00e7as confort\u00e1veis que viraram queridinhas do p\u00fablico. O detalhe que mais conquista pode surpreender voc\u00ea.","robots":{"index":"index","follow":"follow","max-snippet":"max-snippet:-1","max-image-preview":"max-image-preview:large","max-video-preview":"max-video-preview:-1"},"canonical":"https:\/\/www.em.com.br\/emfoco\/2025\/12\/09\/as-tendencias-da-moda-2026-que-vao-definir-o-estilo-da-proxima-estacao\/","og_locale":"pt_BR","og_type":"article","og_title":"As tend\u00eancias da moda 2026 que v\u00e3o definir o estilo da pr\u00f3xima esta\u00e7\u00e3o - Estado de Minas - Em foco","og_description":"A moda primavera ver\u00e3o 2026 traz leveza, cores marcantes e pe\u00e7as confort\u00e1veis que viraram queridinhas do p\u00fablico. O detalhe que mais conquista pode surpreender voc\u00ea.","og_url":"https:\/\/www.em.com.br\/emfoco\/2025\/12\/09\/as-tendencias-da-moda-2026-que-vao-definir-o-estilo-da-proxima-estacao\/","og_site_name":"Estado de Minas - Em foco","article_published_time":"2025-12-09T09:05:00+00:00","article_modified_time":"2025-12-08T20:43:40+00:00","og_image":[{"width":1280,"height":720,"url":"https:\/\/www.em.com.br\/emfoco\/wp-content\/uploads\/2025\/12\/Gemini_Generated_Image_yilor8yilor8yilo-1.png","type":"image\/png"}],"author":"Andre\u0301 Rangel\u00a0","twitter_card":"summary_large_image","twitter_misc":{"Escrito por":"Andre\u0301 Rangel\u00a0","Est. tempo de leitura":"5 minutos"},"schema":{"@context":"https:\/\/schema.org","@graph":[{"@type":"WebPage","@id":"https:\/\/www.em.com.br\/emfoco\/2025\/12\/09\/as-tendencias-da-moda-2026-que-vao-definir-o-estilo-da-proxima-estacao\/","url":"https:\/\/www.em.com.br\/emfoco\/2025\/12\/09\/as-tendencias-da-moda-2026-que-vao-definir-o-estilo-da-proxima-estacao\/","name":"As tend\u00eancias da moda 2026 que v\u00e3o definir o estilo da pr\u00f3xima esta\u00e7\u00e3o - Estado de Minas - Em foco","isPartOf":{"@id":"https:\/\/www.em.com.br\/emfoco\/#website"},"primaryImageOfPage":{"@id":"https:\/\/www.em.com.br\/emfoco\/2025\/12\/09\/as-tendencias-da-moda-2026-que-vao-definir-o-estilo-da-proxima-estacao\/#primaryimage"},"image":{"@id":"https:\/\/www.em.com.br\/emfoco\/2025\/12\/09\/as-tendencias-da-moda-2026-que-vao-definir-o-estilo-da-proxima-estacao\/#primaryimage"},"thumbnailUrl":"https:\/\/www.em.com.br\/emfoco\/wp-content\/uploads\/2025\/12\/Gemini_Generated_Image_yilor8yilor8yilo-1.png","datePublished":"2025-12-09T09:05:00+00:00","dateModified":"2025-12-08T20:43:40+00:00","author":{"@id":"https:\/\/www.em.com.br\/emfoco\/#\/schema\/person\/60eda09c1fedf0d6891f4cef4b60b8b8"},"description":"A moda primavera ver\u00e3o 2026 traz leveza, cores marcantes e pe\u00e7as confort\u00e1veis que viraram queridinhas do p\u00fablico. O detalhe que mais conquista pode surpreender voc\u00ea.","breadcrumb":{"@id":"https:\/\/www.em.com.br\/emfoco\/2025\/12\/09\/as-tendencias-da-moda-2026-que-vao-definir-o-estilo-da-proxima-estacao\/#breadcrumb"},"inLanguage":"pt-BR","potentialAction":[{"@type":"ReadAction","target":["https:\/\/www.em.com.br\/emfoco\/2025\/12\/09\/as-tendencias-da-moda-2026-que-vao-definir-o-estilo-da-proxima-estacao\/"]}]},{"@type":"ImageObject","inLanguage":"pt-BR","@id":"https:\/\/www.em.com.br\/emfoco\/2025\/12\/09\/as-tendencias-da-moda-2026-que-vao-definir-o-estilo-da-proxima-estacao\/#primaryimage","url":"https:\/\/www.em.com.br\/emfoco\/wp-content\/uploads\/2025\/12\/Gemini_Generated_Image_yilor8yilor8yilo-1.png","contentUrl":"https:\/\/www.em.com.br\/emfoco\/wp-content\/uploads\/2025\/12\/Gemini_Generated_Image_yilor8yilor8yilo-1.png","width":1280,"height":720,"caption":"O look fresquinho que est\u00e1 conquistando quem ama leveza e estilo"},{"@type":"BreadcrumbList","@id":"https:\/\/www.em.com.br\/emfoco\/2025\/12\/09\/as-tendencias-da-moda-2026-que-vao-definir-o-estilo-da-proxima-estacao\/#breadcrumb","itemListElement":[{"@type":"ListItem","position":1,"name":"In\u00edcio","item":"https:\/\/www.em.com.br\/emfoco\/"},{"@type":"ListItem","position":2,"name":"As tend\u00eancias da moda 2026 que v\u00e3o definir o estilo da pr\u00f3xima esta\u00e7\u00e3o"}]},{"@type":"WebSite","@id":"https:\/\/www.em.com.br\/emfoco\/#website","url":"https:\/\/www.em.com.br\/emfoco\/","name":"Estado de Minas - Em foco","description":"Acompanhe as \u00faltimas not\u00edcias e fique bem informado sobre tudo o que acontece em Minas Gerais, Brasil e no mundo.","potentialAction":[{"@type":"SearchAction","target":{"@type":"EntryPoint","urlTemplate":"https:\/\/www.em.com.br\/emfoco\/?s={search_term_string}"},"query-input":{"@type":"PropertyValueSpecification","valueRequired":true,"valueName":"search_term_string"}}],"inLanguage":"pt-BR"},{"@type":"Person","@id":"https:\/\/www.em.com.br\/emfoco\/#\/schema\/person\/60eda09c1fedf0d6891f4cef4b60b8b8","name":"Andre\u0301 Rangel\u00a0","image":{"@type":"ImageObject","inLanguage":"pt-BR","@id":"https:\/\/www.em.com.br\/emfoco\/#\/schema\/person\/image\/","url":"https:\/\/secure.gravatar.com\/avatar\/6234dc814c77c8ef6d8bba622c787efc?s=96&d=mm&r=g","contentUrl":"https:\/\/secure.gravatar.com\/avatar\/6234dc814c77c8ef6d8bba622c787efc?s=96&d=mm&r=g","caption":"Andre\u0301 Rangel\u00a0"},"url":"https:\/\/www.em.com.br\/emfoco\/author\/luizmyth\/"}]}},"_links":{"self":[{"href":"https:\/\/www.em.com.br\/emfoco\/wp-json\/wp\/v2\/posts\/137215","targetHints":{"allow":["GET"]}}],"collection":[{"href":"https:\/\/www.em.com.br\/emfoco\/wp-json\/wp\/v2\/posts"}],"about":[{"href":"https:\/\/www.em.com.br\/emfoco\/wp-json\/wp\/v2\/types\/post"}],"author":[{"embeddable":true,"href":"https:\/\/www.em.com.br\/emfoco\/wp-json\/wp\/v2\/users\/11"}],"replies":[{"embeddable":true,"href":"https:\/\/www.em.com.br\/emfoco\/wp-json\/wp\/v2\/comments?post=137215"}],"version-history":[{"count":3,"href":"https:\/\/www.em.com.br\/emfoco\/wp-json\/wp\/v2\/posts\/137215\/revisions"}],"predecessor-version":[{"id":137368,"href":"https:\/\/www.em.com.br\/emfoco\/wp-json\/wp\/v2\/posts\/137215\/revisions\/137368"}],"wp:featuredmedia":[{"embeddable":true,"href":"https:\/\/www.em.com.br\/emfoco\/wp-json\/wp\/v2\/media\/137366"}],"wp:attachment":[{"href":"https:\/\/www.em.com.br\/emfoco\/wp-json\/wp\/v2\/media?parent=137215"}],"wp:term":[{"taxonomy":"category","embeddable":true,"href":"https:\/\/www.em.com.br\/emfoco\/wp-json\/wp\/v2\/categories?post=137215"},{"taxonomy":"post_tag","embeddable":true,"href":"https:\/\/www.em.com.br\/emfoco\/wp-json\/wp\/v2\/tags?post=137215"}],"curies":[{"name":"wp","href":"https:\/\/api.w.org\/{rel}","templated":true}]}}