{"id":137179,"date":"2025-12-08T10:48:05","date_gmt":"2025-12-08T13:48:05","guid":{"rendered":"https:\/\/www.em.com.br\/emfoco\/?p=137179"},"modified":"2025-12-08T12:09:55","modified_gmt":"2025-12-08T15:09:55","slug":"testamento-contestado-vira-batalha-e-separa-familia-por-mais-de-uma-decada-paralisando-patrimonio","status":"publish","type":"post","link":"https:\/\/www.em.com.br\/emfoco\/2025\/12\/08\/testamento-contestado-vira-batalha-e-separa-familia-por-mais-de-uma-decada-paralisando-patrimonio\/","title":{"rendered":"Testamento contestado vira batalha e separa fam\u00edlia por mais de uma d\u00e9cada paralisando patrim\u00f4nio"},"content":{"rendered":"\n<p>O rel\u00f3gio marcava quase nove da manh\u00e3 quando&nbsp;<strong>Maria Cristina Nogueira<\/strong>, 54 anos, entrou mais uma vez no f\u00f3rum de Campinas, em S\u00e3o Paulo. H\u00e1 mais de dez anos ela acompanha o mesmo processo: uma disputa de heran\u00e7a que dividiu a fam\u00edlia, interrompeu contatos e transformou encontros de fim de ano em sil\u00eancio. O caso come\u00e7ou em 2013, ap\u00f3s a morte de seu pai, o comerciante aposentado&nbsp;<strong>Ant\u00f4nio Nogueira<\/strong>, ent\u00e3o com 78 anos. Desde ent\u00e3o, irm\u00e3os que antes administravam juntos uma pequena rede de mercearias passaram a se enfrentar por meio de a\u00e7\u00f5es e recursos.<\/p>\n\n\n\n<p>Na certid\u00e3o de \u00f3bito, o falecimento de Ant\u00f4nio parecia apenas mais um registro. Nos bastidores, por\u00e9m, ele deixara um patrim\u00f4nio consider\u00e1vel: tr\u00eas im\u00f3veis, uma ch\u00e1cara e participa\u00e7\u00e3o em uma empresa familiar. Sem planejamento sucess\u00f3rio e com um&nbsp;<em>testamento particular<\/em>&nbsp;contestado, abriu-se caminho para uma longa disputa entre Maria Cristina, seu irm\u00e3o&nbsp;<strong>Ricardo Nogueira<\/strong>, 50 anos, e a meia-irm\u00e3 mais velha,&nbsp;<strong>Helena Martins<\/strong>, 60 anos, fruto de um relacionamento anterior de Ant\u00f4nio.<\/p>\n\n\n\n<h2 class=\"wp-block-heading\">Como a heran\u00e7a transformou a rotina da fam\u00edlia Nogueira?<\/h2>\n\n\n\n<p>O conflito come\u00e7ou poucas semanas ap\u00f3s o vel\u00f3rio. Ao procurar documentos para o <a href=\"https:\/\/www.em.com.br\/emfoco\/2025\/11\/27\/heranca-travada-ha-anos-entenda-como-o-inventario-certo-ou-ate-a-usucapiao-podem-liberar-o-imovel-rapidamente\/\" target=\"_blank\" rel=\"noreferrer noopener\">invent\u00e1rio<\/a>, Maria Cristina encontrou um testamento de 2010, em que Ant\u00f4nio destinava a maior parte da ch\u00e1cara e das cotas da empresa para Ricardo, alegando que o filho mais novo se dedicara aos neg\u00f3cios. Helena, que morava em outra cidade, s\u00f3 soube do documento quando o advogado de Ricardo tentou registr\u00e1-lo em cart\u00f3rio. A partir da\u00ed, a rela\u00e7\u00e3o tornou-se estritamente processual.<\/p>\n\n\n\n<figure class=\"wp-block-image size-large\"><img loading=\"lazy\" decoding=\"async\" width=\"1024\" height=\"585\" src=\"https:\/\/www.em.com.br\/emfoco\/wp-content\/uploads\/2025\/12\/freepik__the-style-is-candid-image-photography-with-natural__8715-1024x585.jpeg\" alt=\"\" class=\"wp-image-137186\" srcset=\"https:\/\/www.em.com.br\/emfoco\/wp-content\/uploads\/2025\/12\/freepik__the-style-is-candid-image-photography-with-natural__8715-1024x585.jpeg 1024w, https:\/\/www.em.com.br\/emfoco\/wp-content\/uploads\/2025\/12\/freepik__the-style-is-candid-image-photography-with-natural__8715-300x171.jpeg 300w, https:\/\/www.em.com.br\/emfoco\/wp-content\/uploads\/2025\/12\/freepik__the-style-is-candid-image-photography-with-natural__8715-768x439.jpeg 768w, https:\/\/www.em.com.br\/emfoco\/wp-content\/uploads\/2025\/12\/freepik__the-style-is-candid-image-photography-with-natural__8715-1536x878.jpeg 1536w, https:\/\/www.em.com.br\/emfoco\/wp-content\/uploads\/2025\/12\/freepik__the-style-is-candid-image-photography-with-natural__8715-2048x1170.jpeg 2048w, https:\/\/www.em.com.br\/emfoco\/wp-content\/uploads\/2025\/12\/freepik__the-style-is-candid-image-photography-with-natural__8715-750x429.jpeg 750w, https:\/\/www.em.com.br\/emfoco\/wp-content\/uploads\/2025\/12\/freepik__the-style-is-candid-image-photography-with-natural__8715-1140x651.jpeg 1140w\" sizes=\"auto, (max-width: 1024px) 100vw, 1024px\" \/><figcaption class=\"wp-element-caption\">Quando a heran\u00e7a vira guerra: fam\u00edlia perde la\u00e7os e bens ap\u00f3s 10 anos de disputa<\/figcaption><\/figure>\n\n\n\n<p>A rotina familiar mudou: festas de anivers\u00e1rio foram evitadas, grupos de mensagens desfeitos e sobrinhos que conviviam diariamente deixaram de se ver. Paralelamente, acumulavam-se per\u00edcias para avaliar im\u00f3veis, pedidos de anula\u00e7\u00e3o do testamento, discuss\u00f5es sobre doa\u00e7\u00f5es em vida e questionamentos sobre a real participa\u00e7\u00e3o de cada herdeiro nos neg\u00f3cios do pai.<\/p>\n\n\n\n<h2 class=\"wp-block-heading\">Quais leis brasileiras regem a disputa de heran\u00e7a que durou mais de uma d\u00e9cada?<\/h2>\n\n\n\n<p>O caso est\u00e1 fundamentado no&nbsp;<strong>C\u00f3digo Civil brasileiro<\/strong>&nbsp;e no&nbsp;<strong>C\u00f3digo de Processo Civil<\/strong>. Destacam-se:<\/p>\n\n\n\n<ul class=\"wp-block-list\">\n<li><strong>Sucess\u00e3o leg\u00edtima e testamento<\/strong>: artigos\u00a0<strong>1.784 a 1.790<\/strong>, que tratam da abertura da sucess\u00e3o, ordem de voca\u00e7\u00e3o heredit\u00e1ria e direitos de descendentes e c\u00f4njuge.<\/li>\n\n\n\n<li><strong>Heran\u00e7a necess\u00e1ria<\/strong>: <a href=\"https:\/\/www.jusbrasil.com.br\/topicos\/10603778\/art-1846-da-lei-n-10406-de-10-de-janeiro-de-2002\" target=\"_blank\" rel=\"noreferrer noopener\">artigos\u00a0<strong>1.845 e 1.846<\/strong><\/a>, que definem os\u00a0<em>herdeiros necess\u00e1rios<\/em>\u00a0e a prote\u00e7\u00e3o da\u00a0<strong>leg\u00edtima<\/strong>, parte que n\u00e3o pode ser retirada desses herdeiros.<\/li>\n\n\n\n<li><strong>Testamento e sua validade<\/strong>: artigos\u00a0<strong>1.857 a 1.990<\/strong>, que regulam tipos de testamento, requisitos de validade e hip\u00f3teses de nulidade ou anula\u00e7\u00e3o.<\/li>\n<\/ul>\n\n\n\n<p>O invent\u00e1rio e a partilha seguem os artigos\u00a0<strong>610 a 673 do CPC<\/strong>, que disciplinam invent\u00e1rio judicial, partilha amig\u00e1vel ou litigiosa, inventariante e avalia\u00e7\u00e3o de bens. A discuss\u00e3o sobre Helena como filha e herdeira remete aos artigos\u00a0<a href=\"https:\/\/www.jusbrasil.com.br\/topicos\/10623051\/artigo-1597-da-lei-n-10406-de-10-de-janeiro-de-2002\" target=\"_blank\" rel=\"noreferrer noopener\"><strong>1.596 e 1.597 do C\u00f3digo Civil<\/strong>,<\/a> que garantem igualdade de direitos entre filhos, qualquer que seja a origem da filia\u00e7\u00e3o.<\/p>\n\n\n\n<h2 class=\"wp-block-heading\">Por que a meia-irm\u00e3 Helena decidiu contestar o testamento?<\/h2>\n\n\n\n<p>Helena alegou que o pai apresentava fragilidade f\u00edsica e lapsos de mem\u00f3ria nos \u00faltimos anos. Com base no artigo&nbsp;<strong>1.857, \u00a71\u00ba, do C\u00f3digo Civil<\/strong>, sustentou que o testador deve ter plena capacidade ao manifestar sua vontade. Para ela, o documento n\u00e3o refletia a verdadeira inten\u00e7\u00e3o de Ant\u00f4nio, mas a influ\u00eancia de Ricardo, que administrava as finan\u00e7as e acompanhava o pai.<\/p>\n\n\n\n<p>Os principais pontos levantados na a\u00e7\u00e3o foram:<\/p>\n\n\n\n<ul class=\"wp-block-list\">\n<li><strong>Capacidade do testador<\/strong>: an\u00e1lise de laudos e prontu\u00e1rios m\u00e9dicos para verificar eventual comprometimento cognitivo.<\/li>\n\n\n\n<li><strong>Forma do testamento<\/strong>: verifica\u00e7\u00e3o de requisitos legais, como testemunhas e formalidades.<\/li>\n\n\n\n<li><strong>Respeito \u00e0 leg\u00edtima<\/strong>: checar se o testamento ultrapassou a parte dispon\u00edvel do patrim\u00f4nio, prejudicando herdeiros necess\u00e1rios (arts.\u00a0<strong>1.846 e 1.857<\/strong>).<\/li>\n<\/ul>\n\n\n\n<figure class=\"wp-block-image size-large\"><img loading=\"lazy\" decoding=\"async\" width=\"1024\" height=\"585\" src=\"https:\/\/www.em.com.br\/emfoco\/wp-content\/uploads\/2025\/12\/freepik__the-style-is-candid-image-photography-with-natural__8714-1024x585.jpeg\" alt=\"\" class=\"wp-image-137184\" srcset=\"https:\/\/www.em.com.br\/emfoco\/wp-content\/uploads\/2025\/12\/freepik__the-style-is-candid-image-photography-with-natural__8714-1024x585.jpeg 1024w, https:\/\/www.em.com.br\/emfoco\/wp-content\/uploads\/2025\/12\/freepik__the-style-is-candid-image-photography-with-natural__8714-300x171.jpeg 300w, https:\/\/www.em.com.br\/emfoco\/wp-content\/uploads\/2025\/12\/freepik__the-style-is-candid-image-photography-with-natural__8714-768x439.jpeg 768w, https:\/\/www.em.com.br\/emfoco\/wp-content\/uploads\/2025\/12\/freepik__the-style-is-candid-image-photography-with-natural__8714-1536x878.jpeg 1536w, https:\/\/www.em.com.br\/emfoco\/wp-content\/uploads\/2025\/12\/freepik__the-style-is-candid-image-photography-with-natural__8714-2048x1170.jpeg 2048w, https:\/\/www.em.com.br\/emfoco\/wp-content\/uploads\/2025\/12\/freepik__the-style-is-candid-image-photography-with-natural__8714-750x429.jpeg 750w, https:\/\/www.em.com.br\/emfoco\/wp-content\/uploads\/2025\/12\/freepik__the-style-is-candid-image-photography-with-natural__8714-1140x651.jpeg 1140w\" sizes=\"auto, (max-width: 1024px) 100vw, 1024px\" \/><figcaption class=\"wp-element-caption\">Sem planejamento sucess\u00f3rio, heran\u00e7a vira dor de cabe\u00e7a e racha fam\u00edlia<\/figcaption><\/figure>\n\n\n\n<p>Com o tempo, o processo ganhou volume: e-mails, mensagens e depoimentos de amigos do pai foram anexados, criando um emaranhado de a\u00e7\u00f5es paralelas, recursos e incidentes que extrapolaram o simples pedido de invent\u00e1rio.<\/p>\n\n\n\n<h2 class=\"wp-block-heading\">Como o processo de invent\u00e1rio se arrastou por mais de dez anos?<\/h2>\n\n\n\n<p>Aberto em 2013, o invent\u00e1rio enfrentou trocas de advogados, mudan\u00e7a de ju\u00edzes e v\u00e1rias tentativas de acordo fracassadas. A falta de consenso sobre venda ou divis\u00e3o dos im\u00f3veis impediu o encerramento da partilha. Em certos per\u00edodos, a a\u00e7\u00e3o ficou meses parada \u00e0 espera de per\u00edcias ou decis\u00f5es sobre recursos.<\/p>\n\n\n\n<p>Entre os fatores que prolongaram o processo, destacam-se:<\/p>\n\n\n\n<ol class=\"wp-block-list\">\n<li><strong>Conflito entre herdeiros<\/strong>: aus\u00eancia de di\u00e1logo e recusa em propostas intermedi\u00e1rias.<\/li>\n\n\n\n<li><strong>D\u00favidas sobre bens e d\u00edvidas<\/strong>: necessidade de localizar contas, contratos e doa\u00e7\u00f5es anteriores.<\/li>\n\n\n\n<li><strong>Discuss\u00e3o do testamento<\/strong>: a\u00e7\u00e3o de anula\u00e7\u00e3o que impedia conclus\u00e3o definitiva do invent\u00e1rio.<\/li>\n\n\n\n<li><strong>Recursos sucessivos<\/strong>: uso de apela\u00e7\u00f5es e agravos, previstos no CPC, que levaram a discuss\u00e3o a inst\u00e2ncias superiores.<\/li>\n<\/ol>\n\n\n\n<p>Com os<\/p>\n\n\n\n<p><\/p>\n\n\n\n<p><\/p>\n","protected":false},"excerpt":{"rendered":"<p>O rel\u00f3gio marcava quase nove da manh\u00e3 quando&nbsp;Maria Cristina Nogueira, 54 anos, entrou mais uma vez no f\u00f3rum de Campinas, em S\u00e3o Paulo. H\u00e1 mais de dez anos ela acompanha o mesmo processo: uma disputa de heran\u00e7a que dividiu a fam\u00edlia, interrompeu contatos e transformou encontros de fim de ano em sil\u00eancio. O caso come\u00e7ou [&hellip;]<\/p>\n","protected":false},"author":19,"featured_media":137183,"comment_status":"open","ping_status":"open","sticky":false,"template":"","format":"standard","meta":{"jnews-multi-image_gallery":[],"jnews_single_post":{"format":"standard"},"jnews_primary_category":[],"jnews_social_meta":[],"jnews_override_counter":[],"footnotes":""},"categories":[1],"tags":[20063,798,1452,1454,20062],"class_list":["post-137179","post","type-post","status-publish","format-standard","has-post-thumbnail","hentry","category-noticias","tag-batalha-familiar","tag-familia","tag-heranca","tag-testamento","tag-testamento-contestado"],"yoast_head":"<!-- This site is optimized with the Yoast SEO plugin v23.8 - https:\/\/yoast.com\/wordpress\/plugins\/seo\/ -->\n<title>Testamento contestado vira batalha e separa fam\u00edlia por mais de uma d\u00e9cada paralisando patrim\u00f4nio - Estado de Minas - Em foco<\/title>\n<meta name=\"description\" content=\"Heran\u00e7a em disputa transforma fam\u00edlia em inimigos e revela segredos ocultos h\u00e1 d\u00e9cadas; entenda como a briga judicial se arrasta h\u00e1 anos.\" \/>\n<meta name=\"robots\" content=\"index, follow, max-snippet:-1, max-image-preview:large, max-video-preview:-1\" \/>\n<link rel=\"canonical\" href=\"https:\/\/www.em.com.br\/emfoco\/2025\/12\/08\/testamento-contestado-vira-batalha-e-separa-familia-por-mais-de-uma-decada-paralisando-patrimonio\/\" \/>\n<meta property=\"og:locale\" content=\"pt_BR\" \/>\n<meta property=\"og:type\" content=\"article\" \/>\n<meta property=\"og:title\" content=\"Testamento contestado vira batalha e separa fam\u00edlia por mais de uma d\u00e9cada paralisando patrim\u00f4nio - Estado de Minas - Em foco\" \/>\n<meta property=\"og:description\" content=\"Heran\u00e7a em disputa transforma fam\u00edlia em inimigos e revela segredos ocultos h\u00e1 d\u00e9cadas; entenda como a briga judicial se arrasta h\u00e1 anos.\" \/>\n<meta property=\"og:url\" content=\"https:\/\/www.em.com.br\/emfoco\/2025\/12\/08\/testamento-contestado-vira-batalha-e-separa-familia-por-mais-de-uma-decada-paralisando-patrimonio\/\" \/>\n<meta property=\"og:site_name\" content=\"Estado de Minas - Em foco\" \/>\n<meta property=\"article:published_time\" content=\"2025-12-08T13:48:05+00:00\" \/>\n<meta property=\"article:modified_time\" content=\"2025-12-08T15:09:55+00:00\" \/>\n<meta property=\"og:image\" content=\"https:\/\/www.em.com.br\/emfoco\/wp-content\/uploads\/2025\/12\/freepik__the-style-is-candid-image-photography-with-natural__8713-scaled.jpeg\" \/>\n\t<meta property=\"og:image:width\" content=\"2560\" \/>\n\t<meta property=\"og:image:height\" content=\"1463\" \/>\n\t<meta property=\"og:image:type\" content=\"image\/jpeg\" \/>\n<meta name=\"author\" content=\"Vanessa Tavares\" \/>\n<meta name=\"twitter:card\" content=\"summary_large_image\" \/>\n<meta name=\"twitter:label1\" content=\"Escrito por\" \/>\n\t<meta name=\"twitter:data1\" content=\"Vanessa Tavares\" \/>\n\t<meta name=\"twitter:label2\" content=\"Est. tempo de leitura\" \/>\n\t<meta name=\"twitter:data2\" content=\"5 minutos\" \/>\n<!-- \/ Yoast SEO plugin. -->","yoast_head_json":{"title":"Testamento contestado vira batalha e separa fam\u00edlia por mais de uma d\u00e9cada paralisando patrim\u00f4nio - Estado de Minas - Em foco","description":"Heran\u00e7a em disputa transforma fam\u00edlia em inimigos e revela segredos ocultos h\u00e1 d\u00e9cadas; entenda como a briga judicial se arrasta h\u00e1 anos.","robots":{"index":"index","follow":"follow","max-snippet":"max-snippet:-1","max-image-preview":"max-image-preview:large","max-video-preview":"max-video-preview:-1"},"canonical":"https:\/\/www.em.com.br\/emfoco\/2025\/12\/08\/testamento-contestado-vira-batalha-e-separa-familia-por-mais-de-uma-decada-paralisando-patrimonio\/","og_locale":"pt_BR","og_type":"article","og_title":"Testamento contestado vira batalha e separa fam\u00edlia por mais de uma d\u00e9cada paralisando patrim\u00f4nio - Estado de Minas - Em foco","og_description":"Heran\u00e7a em disputa transforma fam\u00edlia em inimigos e revela segredos ocultos h\u00e1 d\u00e9cadas; entenda como a briga judicial se arrasta h\u00e1 anos.","og_url":"https:\/\/www.em.com.br\/emfoco\/2025\/12\/08\/testamento-contestado-vira-batalha-e-separa-familia-por-mais-de-uma-decada-paralisando-patrimonio\/","og_site_name":"Estado de Minas - Em foco","article_published_time":"2025-12-08T13:48:05+00:00","article_modified_time":"2025-12-08T15:09:55+00:00","og_image":[{"width":2560,"height":1463,"url":"https:\/\/www.em.com.br\/emfoco\/wp-content\/uploads\/2025\/12\/freepik__the-style-is-candid-image-photography-with-natural__8713-scaled.jpeg","type":"image\/jpeg"}],"author":"Vanessa Tavares","twitter_card":"summary_large_image","twitter_misc":{"Escrito por":"Vanessa Tavares","Est. tempo de leitura":"5 minutos"},"schema":{"@context":"https:\/\/schema.org","@graph":[{"@type":"WebPage","@id":"https:\/\/www.em.com.br\/emfoco\/2025\/12\/08\/testamento-contestado-vira-batalha-e-separa-familia-por-mais-de-uma-decada-paralisando-patrimonio\/","url":"https:\/\/www.em.com.br\/emfoco\/2025\/12\/08\/testamento-contestado-vira-batalha-e-separa-familia-por-mais-de-uma-decada-paralisando-patrimonio\/","name":"Testamento contestado vira batalha e separa fam\u00edlia por mais de uma d\u00e9cada paralisando patrim\u00f4nio - Estado de Minas - Em foco","isPartOf":{"@id":"https:\/\/www.em.com.br\/emfoco\/#website"},"primaryImageOfPage":{"@id":"https:\/\/www.em.com.br\/emfoco\/2025\/12\/08\/testamento-contestado-vira-batalha-e-separa-familia-por-mais-de-uma-decada-paralisando-patrimonio\/#primaryimage"},"image":{"@id":"https:\/\/www.em.com.br\/emfoco\/2025\/12\/08\/testamento-contestado-vira-batalha-e-separa-familia-por-mais-de-uma-decada-paralisando-patrimonio\/#primaryimage"},"thumbnailUrl":"https:\/\/www.em.com.br\/emfoco\/wp-content\/uploads\/2025\/12\/freepik__the-style-is-candid-image-photography-with-natural__8713-scaled.jpeg","datePublished":"2025-12-08T13:48:05+00:00","dateModified":"2025-12-08T15:09:55+00:00","author":{"@id":"https:\/\/www.em.com.br\/emfoco\/#\/schema\/person\/4a7a157aac450b98edc86f15a7434f0b"},"description":"Heran\u00e7a em disputa transforma fam\u00edlia em inimigos e revela segredos ocultos h\u00e1 d\u00e9cadas; entenda como a briga judicial se arrasta h\u00e1 anos.","breadcrumb":{"@id":"https:\/\/www.em.com.br\/emfoco\/2025\/12\/08\/testamento-contestado-vira-batalha-e-separa-familia-por-mais-de-uma-decada-paralisando-patrimonio\/#breadcrumb"},"inLanguage":"pt-BR","potentialAction":[{"@type":"ReadAction","target":["https:\/\/www.em.com.br\/emfoco\/2025\/12\/08\/testamento-contestado-vira-batalha-e-separa-familia-por-mais-de-uma-decada-paralisando-patrimonio\/"]}]},{"@type":"ImageObject","inLanguage":"pt-BR","@id":"https:\/\/www.em.com.br\/emfoco\/2025\/12\/08\/testamento-contestado-vira-batalha-e-separa-familia-por-mais-de-uma-decada-paralisando-patrimonio\/#primaryimage","url":"https:\/\/www.em.com.br\/emfoco\/wp-content\/uploads\/2025\/12\/freepik__the-style-is-candid-image-photography-with-natural__8713-scaled.jpeg","contentUrl":"https:\/\/www.em.com.br\/emfoco\/wp-content\/uploads\/2025\/12\/freepik__the-style-is-candid-image-photography-with-natural__8713-scaled.jpeg","width":2560,"height":1463,"caption":"Invent\u00e1rio sem fim: como uma heran\u00e7a dividiu irm\u00e3os por mais de 10 anos (Imagem ilustrativa)"},{"@type":"BreadcrumbList","@id":"https:\/\/www.em.com.br\/emfoco\/2025\/12\/08\/testamento-contestado-vira-batalha-e-separa-familia-por-mais-de-uma-decada-paralisando-patrimonio\/#breadcrumb","itemListElement":[{"@type":"ListItem","position":1,"name":"In\u00edcio","item":"https:\/\/www.em.com.br\/emfoco\/"},{"@type":"ListItem","position":2,"name":"Testamento contestado vira batalha e separa fam\u00edlia por mais de uma d\u00e9cada paralisando patrim\u00f4nio"}]},{"@type":"WebSite","@id":"https:\/\/www.em.com.br\/emfoco\/#website","url":"https:\/\/www.em.com.br\/emfoco\/","name":"Estado de Minas - Em foco","description":"Acompanhe as \u00faltimas not\u00edcias e fique bem informado sobre tudo o que acontece em Minas Gerais, Brasil e no mundo.","potentialAction":[{"@type":"SearchAction","target":{"@type":"EntryPoint","urlTemplate":"https:\/\/www.em.com.br\/emfoco\/?s={search_term_string}"},"query-input":{"@type":"PropertyValueSpecification","valueRequired":true,"valueName":"search_term_string"}}],"inLanguage":"pt-BR"},{"@type":"Person","@id":"https:\/\/www.em.com.br\/emfoco\/#\/schema\/person\/4a7a157aac450b98edc86f15a7434f0b","name":"Vanessa Tavares","image":{"@type":"ImageObject","inLanguage":"pt-BR","@id":"https:\/\/www.em.com.br\/emfoco\/#\/schema\/person\/image\/","url":"https:\/\/secure.gravatar.com\/avatar\/088c9372da58da00f00f8e508f13d635?s=96&d=mm&r=g","contentUrl":"https:\/\/secure.gravatar.com\/avatar\/088c9372da58da00f00f8e508f13d635?s=96&d=mm&r=g","caption":"Vanessa Tavares"},"sameAs":["https:\/\/www.em.com.br\/emfoco"],"url":"https:\/\/www.em.com.br\/emfoco\/author\/vanessamyth\/"}]}},"_links":{"self":[{"href":"https:\/\/www.em.com.br\/emfoco\/wp-json\/wp\/v2\/posts\/137179","targetHints":{"allow":["GET"]}}],"collection":[{"href":"https:\/\/www.em.com.br\/emfoco\/wp-json\/wp\/v2\/posts"}],"about":[{"href":"https:\/\/www.em.com.br\/emfoco\/wp-json\/wp\/v2\/types\/post"}],"author":[{"embeddable":true,"href":"https:\/\/www.em.com.br\/emfoco\/wp-json\/wp\/v2\/users\/19"}],"replies":[{"embeddable":true,"href":"https:\/\/www.em.com.br\/emfoco\/wp-json\/wp\/v2\/comments?post=137179"}],"version-history":[{"count":5,"href":"https:\/\/www.em.com.br\/emfoco\/wp-json\/wp\/v2\/posts\/137179\/revisions"}],"predecessor-version":[{"id":137254,"href":"https:\/\/www.em.com.br\/emfoco\/wp-json\/wp\/v2\/posts\/137179\/revisions\/137254"}],"wp:featuredmedia":[{"embeddable":true,"href":"https:\/\/www.em.com.br\/emfoco\/wp-json\/wp\/v2\/media\/137183"}],"wp:attachment":[{"href":"https:\/\/www.em.com.br\/emfoco\/wp-json\/wp\/v2\/media?parent=137179"}],"wp:term":[{"taxonomy":"category","embeddable":true,"href":"https:\/\/www.em.com.br\/emfoco\/wp-json\/wp\/v2\/categories?post=137179"},{"taxonomy":"post_tag","embeddable":true,"href":"https:\/\/www.em.com.br\/emfoco\/wp-json\/wp\/v2\/tags?post=137179"}],"curies":[{"name":"wp","href":"https:\/\/api.w.org\/{rel}","templated":true}]}}