{"id":137142,"date":"2025-12-09T13:25:24","date_gmt":"2025-12-09T16:25:24","guid":{"rendered":"https:\/\/www.em.com.br\/emfoco\/?p=137142"},"modified":"2025-12-08T12:36:20","modified_gmt":"2025-12-08T15:36:20","slug":"flores-tropicais-que-atraem-borboletas-e-mantem-jardins-coloridos-por-meses","status":"publish","type":"post","link":"https:\/\/www.em.com.br\/emfoco\/2025\/12\/09\/flores-tropicais-que-atraem-borboletas-e-mantem-jardins-coloridos-por-meses\/","title":{"rendered":"Flores tropicais que atraem borboletas e mant\u00eam jardins coloridos por meses"},"content":{"rendered":"\n<p>Em jardins de clima quente, as <b>flores tropicais<\/b> que atraem <b>borboletas<\/b> se tornaram uma alternativa bastante usada para manter canteiros coloridos por muitos meses seguidos. Essas esp\u00e9cies costumam ter flores em tons vibrantes, n\u00e9ctar em abund\u00e2ncia e um longo per\u00edodo de flora\u00e7\u00e3o, o que agrada tanto aos polinizadores quanto a quem aprecia um jardim ativo o ano inteiro, especialmente em \u00e1reas urbanas onde pequenos espa\u00e7os verdes ajudam a sustentar a fauna local.<\/p>\n\n\n\n<h2 class=\"wp-block-heading\">O que torna as flores tropicais atrativas para borboletas e t\u00e3o especiais<\/h2>\n\n\n\n<p>As <b>flores tropicais<\/b> que atraem borboletas re\u00fanem caracter\u00edsticas que favorecem a visita constante desses insetos ao jardim. Em geral, apresentam cores intensas, como <b>laranja<\/b>, vermelho, amarelo, rosa e roxo, tonalidades que chamam a aten\u00e7\u00e3o das borboletas \u00e0 dist\u00e2ncia.<\/p>\n\n\n\n<p>A forma tubular ou em pequenas infloresc\u00eancias facilita o acesso ao <b>n\u00e9ctar<\/b>, principal fonte de energia dos polinizadores adultos. Al\u00e9m disso, muitas dessas esp\u00e9cies conseguem florescer por meses, criando verdadeiros \u201c<b>corredores de n\u00e9ctar<\/b>\u201d que acolhem diferentes esp\u00e9cies ao longo do ano.<\/p>\n\n\n\n<iframe loading=\"lazy\" src=\"https:\/\/assets.pinterest.com\/ext\/embed.html?id=211174978099202\" height=\"558\" width=\"345\" frameborder=\"0\" scrolling=\"no\" ><\/iframe>\n\n\n\n\n\n<p>Leia tamb\u00e9m:&nbsp;<a href=\"https:\/\/www.em.com.br\/emfoco\/2025\/12\/05\/as-especies-mais-resistentes-para-quem-quer-comecar-um-jardim-de-orquideas-sem-medo\/\" target=\"_blank\" rel=\"noopener\">As esp\u00e9cies mais resistentes para quem quer come\u00e7ar um jardim de orqu\u00eddeas sem medo<\/a><\/p>\n\n\n\n<h2 class=\"wp-block-heading\">Como as flores tropicais contribuem para a ecologia e a poliniza\u00e7\u00e3o<\/h2>\n\n\n\n<p>Ao preferir flores ricas em <b>n\u00e9ctar<\/b> e p\u00f3len, as borboletas ajudam na <b>poliniza\u00e7\u00e3o<\/b> de in\u00fameras plantas ornamentais e nativas. Assim, jardins com flores tropicais funcionam como pequenos ref\u00fagios, importantes em \u00e1reas onde o ambiente natural foi reduzido.<\/p>\n\n\n\n<p>Al\u00e9m disso, algumas esp\u00e9cies tamb\u00e9m servem de abrigo para <b>lagartas<\/b>, permitindo que todo o ciclo de vida das borboletas aconte\u00e7a no pr\u00f3prio quintal. Esse tipo de jardim urbano pode atuar como <b>corredor ecol\u00f3gico<\/b>, conectando pra\u00e7as, parques e \u00e1reas verdes maiores.<\/p>\n\n\n\n<h2 class=\"wp-block-heading\">Quais s\u00e3o as principais flores tropicais que atraem borboletas e florescem por meses<\/h2>\n\n\n\n<p>Entre as flores tropicais que mais se destacam pela longa flora\u00e7\u00e3o e grande atra\u00e7\u00e3o de <b>borboletas<\/b>, algumas esp\u00e9cies ornamentais s\u00e3o frequentemente citadas por jardineiros e paisagistas. Em geral, adaptam-se bem ao <b>sol pleno<\/b> e ao calor, desde que recebam irriga\u00e7\u00e3o adequada e solo f\u00e9rtil.<\/p>\n\n\n\n<ul class=\"wp-block-list\">\n<li><strong><b>Lantana<\/b> (cambar\u00e1, lantana-camar\u00e3o)<\/strong>: arbusto de pequeno porte, comum em jardins urbanos, que produz flores em buqu\u00eas coloridos praticamente o ano todo, sendo excelente para atrair <b>borboletas adultas<\/b>.<\/li>\n<\/ul>\n\n\n\n<iframe loading=\"lazy\" src=\"https:\/\/assets.pinterest.com\/ext\/embed.html?id=26317979068973417\" height=\"714\" width=\"345\" frameborder=\"0\" scrolling=\"no\" ><\/iframe>\n\n\n\n\n\n<ul class=\"wp-block-list\">\n<li><strong><b>Ixora<\/b> (ixora-rei, ixora-an\u00e3)<\/strong>: muito usada em cercas vivas, com infloresc\u00eancias vistosas e prolongadas, atraindo borboletas e <b>abelhas<\/b>.<\/li>\n<\/ul>\n\n\n\n<iframe loading=\"lazy\" src=\"https:\/\/assets.pinterest.com\/ext\/embed.html?id=538180224240067627\" height=\"618\" width=\"345\" frameborder=\"0\" scrolling=\"no\" ><\/iframe>\n\n\n\n\n\n<ul class=\"wp-block-list\">\n<li><strong><b>Hibisco tropical<\/b><\/strong>: conhecido pelas flores grandes, fornece n\u00e9ctar e pode florescer por v\u00e1rios meses seguidos em regi\u00f5es quentes, especialmente em <b>clima tropical<\/b> \u00famido.<\/li>\n<\/ul>\n\n\n\n<iframe loading=\"lazy\" src=\"https:\/\/assets.pinterest.com\/ext\/embed.html?id=31103053674371051\" height=\"596\" width=\"345\" frameborder=\"0\" scrolling=\"no\" ><\/iframe>\n\n\n\n\n\n<ul class=\"wp-block-list\">\n<li><strong><b>Verbena<\/b> e pentas<\/strong>: ideais para canteiros e vasos, com flora\u00e7\u00e3o quase cont\u00ednua e grande diversidade de cores, formando verdadeiros pontos de <b>alimenta\u00e7\u00e3o<\/b> para polinizadores.<\/li>\n<\/ul>\n\n\n\n<iframe loading=\"lazy\" src=\"https:\/\/assets.pinterest.com\/ext\/embed.html?id=9148005521738309\" height=\"532\" width=\"345\" frameborder=\"0\" scrolling=\"no\" ><\/iframe>\n\n\n\n\n\n<ul class=\"wp-block-list\">\n<li><strong><b>Flor-de-maio<\/b> e suculentas flor\u00edferas<\/strong>: em climas adequados, oferecem per\u00edodos prolongados de flores, complementando a oferta de alimento e trazendo diversidade ao <b>jardim tropical<\/b>.<\/li>\n<\/ul>\n\n\n\n<iframe loading=\"lazy\" src=\"https:\/\/assets.pinterest.com\/ext\/embed.html?id=655203445815569956\" height=\"481\" width=\"345\" frameborder=\"0\" scrolling=\"no\" ><\/iframe>\n\n\n\n\n\n<p>Para voc\u00ea que quer saber mais sorbe o cuidado com a Lantana, separamos um v\u00eddeo do canal <a class=\"yt-simple-endpoint style-scope yt-formatted-string\" spellcheck=\"false\" href=\"https:\/\/www.youtube.com\/@meuquintal5129\" target=\"_blank\" rel=\"noopener\">Meu Quintal<\/a> sobre o plantio e cuidados com essa planta:<\/p>\n\n\n\n<figure class=\"wp-block-embed is-type-video is-provider-youtube wp-block-embed-youtube wp-embed-aspect-16-9 wp-has-aspect-ratio\"><div class=\"wp-block-embed__wrapper\">\n<div class=\"jeg_video_container jeg_video_content\"><iframe loading=\"lazy\" title=\"COMO CUIDAR DE LANTANA CAMARA TAMB\u00c9M CONHECIDA POR PLANTA CAMBAR\u00c1 OU CAMBARAZINHO - DICAS DE CULTIVO\" width=\"500\" height=\"281\" src=\"https:\/\/www.youtube.com\/embed\/rVye0i2rv3g?feature=oembed\" frameborder=\"0\" allow=\"accelerometer; autoplay; clipboard-write; encrypted-media; gyroscope; picture-in-picture; web-share\" referrerpolicy=\"strict-origin-when-cross-origin\" allowfullscreen><\/iframe><\/div>\n<\/div><\/figure>\n\n\n\n<h2 class=\"wp-block-heading\">Como montar um jardim tropical que atrai borboletas por muito tempo<\/h2>\n\n\n\n<p>Para montar um jardim com <b>flores tropicais<\/b> que atraem borboletas e mant\u00eam a flora\u00e7\u00e3o por meses, o planejamento do espa\u00e7o \u00e9 fundamental. O primeiro passo \u00e9 observar a incid\u00eancia de <b>sol direto<\/b>: a maioria dessas esp\u00e9cies prefere sol pleno, com pelo menos quatro a seis horas de luz direta por dia.<\/p>\n\n\n\n<p>Tamb\u00e9m \u00e9 \u00fatil diversificar o tipo de planta, incluindo flores de diferentes tamanhos e formatos para ampliar o n\u00famero de esp\u00e9cies atendidas. Reservar um canto para <b>plantas hospedeiras<\/b> de lagartas e evitar <b>agrot\u00f3xicos<\/b> s\u00e3o cuidados essenciais para manter o equil\u00edbrio do pequeno ecossistema.<\/p>\n\n\n\n<h2 class=\"wp-block-heading\">Como cuidar de flores tropicais em vasos e pequenos espa\u00e7os<\/h2>\n\n\n\n<p>Grande parte das <b>flores tropicais<\/b> que atraem borboletas pode ser cultivada em vasos, jardineiras e pequenos canteiros, o que torna esse tipo de jardim acess\u00edvel para apartamentos e casas com quintais reduzidos. O ponto central \u00e9 escolher recipientes com boa <b>drenagem<\/b> e tamanho compat\u00edvel com o porte da planta.<\/p>\n\n\n\n<p>Em terra\u00e7os e varandas, esp\u00e9cies compactas como <b>pentas<\/b>, verbenas, mini-ixoras e hibiscos an\u00f5es se adaptam muito bem. Com aduba\u00e7\u00e3o equilibrada, poda leve e retirada de flores secas, \u00e9 poss\u00edvel prolongar a flora\u00e7\u00e3o e transformar qualquer \u00e1rea ensolarada em um ponto de <b>alimenta\u00e7\u00e3o<\/b> constante para borboletas.<\/p>\n","protected":false},"excerpt":{"rendered":"<p>Em jardins de clima quente, as flores tropicais que atraem borboletas se tornaram uma alternativa bastante usada para manter canteiros coloridos por muitos meses seguidos. Essas esp\u00e9cies costumam ter flores em tons vibrantes, n\u00e9ctar em abund\u00e2ncia e um longo per\u00edodo de flora\u00e7\u00e3o, o que agrada tanto aos polinizadores quanto a quem aprecia um jardim ativo [&hellip;]<\/p>\n","protected":false},"author":9,"featured_media":26720,"comment_status":"open","ping_status":"open","sticky":false,"template":"","format":"standard","meta":{"jnews-multi-image_gallery":[],"jnews_single_post":{"format":"standard"},"jnews_primary_category":[],"jnews_social_meta":[],"jnews_override_counter":[],"footnotes":""},"categories":[8691,8819,1],"tags":[17416,12595,3357],"class_list":["post-137142","post","type-post","status-publish","format-standard","has-post-thumbnail","hentry","category-bem-estar","category-curiosidades","category-noticias","tag-borboleta","tag-em-casa","tag-flores"],"yoast_head":"<!-- This site is optimized with the Yoast SEO plugin v23.8 - https:\/\/yoast.com\/wordpress\/plugins\/seo\/ -->\n<title>Flores tropicais que atraem borboletas e mant\u00eam jardins coloridos por meses - Estado de Minas - Em foco<\/title>\n<meta name=\"description\" content=\"Saiba como escolher e cuidar de flores tropicais que atraem borboletas e mant\u00eam seu jardim colorido por meses.\" \/>\n<meta name=\"robots\" content=\"index, follow, max-snippet:-1, max-image-preview:large, max-video-preview:-1\" \/>\n<link rel=\"canonical\" href=\"https:\/\/www.em.com.br\/emfoco\/2025\/12\/09\/flores-tropicais-que-atraem-borboletas-e-mantem-jardins-coloridos-por-meses\/\" \/>\n<meta property=\"og:locale\" content=\"pt_BR\" \/>\n<meta property=\"og:type\" content=\"article\" \/>\n<meta property=\"og:title\" content=\"Flores tropicais que atraem borboletas e mant\u00eam jardins coloridos por meses - Estado de Minas - Em foco\" \/>\n<meta property=\"og:description\" content=\"Saiba como escolher e cuidar de flores tropicais que atraem borboletas e mant\u00eam seu jardim colorido por meses.\" \/>\n<meta property=\"og:url\" content=\"https:\/\/www.em.com.br\/emfoco\/2025\/12\/09\/flores-tropicais-que-atraem-borboletas-e-mantem-jardins-coloridos-por-meses\/\" \/>\n<meta property=\"og:site_name\" content=\"Estado de Minas - Em foco\" \/>\n<meta property=\"article:published_time\" content=\"2025-12-09T16:25:24+00:00\" \/>\n<meta property=\"article:modified_time\" content=\"2025-12-08T15:36:20+00:00\" \/>\n<meta property=\"og:image\" content=\"https:\/\/www.em.com.br\/emfoco\/wp-content\/uploads\/2025\/03\/jardim-de-borboletas_1741443057563.jpg\" \/>\n\t<meta property=\"og:image:width\" content=\"1279\" \/>\n\t<meta property=\"og:image:height\" content=\"720\" \/>\n\t<meta property=\"og:image:type\" content=\"image\/jpeg\" \/>\n<meta name=\"author\" content=\"Daniely Cardoso\" \/>\n<meta name=\"twitter:card\" content=\"summary_large_image\" \/>\n<meta name=\"twitter:label1\" content=\"Escrito por\" \/>\n\t<meta name=\"twitter:data1\" content=\"Daniely Cardoso\" \/>\n\t<meta name=\"twitter:label2\" content=\"Est. tempo de leitura\" \/>\n\t<meta name=\"twitter:data2\" content=\"4 minutos\" \/>\n<!-- \/ Yoast SEO plugin. -->","yoast_head_json":{"title":"Flores tropicais que atraem borboletas e mant\u00eam jardins coloridos por meses - Estado de Minas - Em foco","description":"Saiba como escolher e cuidar de flores tropicais que atraem borboletas e mant\u00eam seu jardim colorido por meses.","robots":{"index":"index","follow":"follow","max-snippet":"max-snippet:-1","max-image-preview":"max-image-preview:large","max-video-preview":"max-video-preview:-1"},"canonical":"https:\/\/www.em.com.br\/emfoco\/2025\/12\/09\/flores-tropicais-que-atraem-borboletas-e-mantem-jardins-coloridos-por-meses\/","og_locale":"pt_BR","og_type":"article","og_title":"Flores tropicais que atraem borboletas e mant\u00eam jardins coloridos por meses - Estado de Minas - Em foco","og_description":"Saiba como escolher e cuidar de flores tropicais que atraem borboletas e mant\u00eam seu jardim colorido por meses.","og_url":"https:\/\/www.em.com.br\/emfoco\/2025\/12\/09\/flores-tropicais-que-atraem-borboletas-e-mantem-jardins-coloridos-por-meses\/","og_site_name":"Estado de Minas - Em foco","article_published_time":"2025-12-09T16:25:24+00:00","article_modified_time":"2025-12-08T15:36:20+00:00","og_image":[{"width":1279,"height":720,"url":"https:\/\/www.em.com.br\/emfoco\/wp-content\/uploads\/2025\/03\/jardim-de-borboletas_1741443057563.jpg","type":"image\/jpeg"}],"author":"Daniely Cardoso","twitter_card":"summary_large_image","twitter_misc":{"Escrito por":"Daniely Cardoso","Est. tempo de leitura":"4 minutos"},"schema":{"@context":"https:\/\/schema.org","@graph":[{"@type":"WebPage","@id":"https:\/\/www.em.com.br\/emfoco\/2025\/12\/09\/flores-tropicais-que-atraem-borboletas-e-mantem-jardins-coloridos-por-meses\/","url":"https:\/\/www.em.com.br\/emfoco\/2025\/12\/09\/flores-tropicais-que-atraem-borboletas-e-mantem-jardins-coloridos-por-meses\/","name":"Flores tropicais que atraem borboletas e mant\u00eam jardins coloridos por meses - Estado de Minas - Em foco","isPartOf":{"@id":"https:\/\/www.em.com.br\/emfoco\/#website"},"primaryImageOfPage":{"@id":"https:\/\/www.em.com.br\/emfoco\/2025\/12\/09\/flores-tropicais-que-atraem-borboletas-e-mantem-jardins-coloridos-por-meses\/#primaryimage"},"image":{"@id":"https:\/\/www.em.com.br\/emfoco\/2025\/12\/09\/flores-tropicais-que-atraem-borboletas-e-mantem-jardins-coloridos-por-meses\/#primaryimage"},"thumbnailUrl":"https:\/\/www.em.com.br\/emfoco\/wp-content\/uploads\/2025\/03\/jardim-de-borboletas_1741443057563.jpg","datePublished":"2025-12-09T16:25:24+00:00","dateModified":"2025-12-08T15:36:20+00:00","author":{"@id":"https:\/\/www.em.com.br\/emfoco\/#\/schema\/person\/0a8186d72f2c3a5c6276d90b41f271a0"},"description":"Saiba como escolher e cuidar de flores tropicais que atraem borboletas e mant\u00eam seu jardim colorido por meses.","breadcrumb":{"@id":"https:\/\/www.em.com.br\/emfoco\/2025\/12\/09\/flores-tropicais-que-atraem-borboletas-e-mantem-jardins-coloridos-por-meses\/#breadcrumb"},"inLanguage":"pt-BR","potentialAction":[{"@type":"ReadAction","target":["https:\/\/www.em.com.br\/emfoco\/2025\/12\/09\/flores-tropicais-que-atraem-borboletas-e-mantem-jardins-coloridos-por-meses\/"]}]},{"@type":"ImageObject","inLanguage":"pt-BR","@id":"https:\/\/www.em.com.br\/emfoco\/2025\/12\/09\/flores-tropicais-que-atraem-borboletas-e-mantem-jardins-coloridos-por-meses\/#primaryimage","url":"https:\/\/www.em.com.br\/emfoco\/wp-content\/uploads\/2025\/03\/jardim-de-borboletas_1741443057563.jpg","contentUrl":"https:\/\/www.em.com.br\/emfoco\/wp-content\/uploads\/2025\/03\/jardim-de-borboletas_1741443057563.jpg","width":1279,"height":720,"caption":"Ao contr\u00e1rio dos humanos, o gosto da comida para as borboletas n\u00e3o est\u00e1 concentrado na boca. - Cr\u00e9ditos: depositphotos.com \/ sleepyhobbit@gmail.com"},{"@type":"BreadcrumbList","@id":"https:\/\/www.em.com.br\/emfoco\/2025\/12\/09\/flores-tropicais-que-atraem-borboletas-e-mantem-jardins-coloridos-por-meses\/#breadcrumb","itemListElement":[{"@type":"ListItem","position":1,"name":"In\u00edcio","item":"https:\/\/www.em.com.br\/emfoco\/"},{"@type":"ListItem","position":2,"name":"Flores tropicais que atraem borboletas e mant\u00eam jardins coloridos por meses"}]},{"@type":"WebSite","@id":"https:\/\/www.em.com.br\/emfoco\/#website","url":"https:\/\/www.em.com.br\/emfoco\/","name":"Estado de Minas - Em foco","description":"Acompanhe as \u00faltimas not\u00edcias e fique bem informado sobre tudo o que acontece em Minas Gerais, Brasil e no mundo.","potentialAction":[{"@type":"SearchAction","target":{"@type":"EntryPoint","urlTemplate":"https:\/\/www.em.com.br\/emfoco\/?s={search_term_string}"},"query-input":{"@type":"PropertyValueSpecification","valueRequired":true,"valueName":"search_term_string"}}],"inLanguage":"pt-BR"},{"@type":"Person","@id":"https:\/\/www.em.com.br\/emfoco\/#\/schema\/person\/0a8186d72f2c3a5c6276d90b41f271a0","name":"Daniely Cardoso","image":{"@type":"ImageObject","inLanguage":"pt-BR","@id":"https:\/\/www.em.com.br\/emfoco\/#\/schema\/person\/image\/","url":"https:\/\/secure.gravatar.com\/avatar\/4b80ddbd124d1f071b626d52d62e5dff?s=96&d=mm&r=g","contentUrl":"https:\/\/secure.gravatar.com\/avatar\/4b80ddbd124d1f071b626d52d62e5dff?s=96&d=mm&r=g","caption":"Daniely Cardoso"},"url":"https:\/\/www.em.com.br\/emfoco\/author\/danielymyth\/"}]}},"_links":{"self":[{"href":"https:\/\/www.em.com.br\/emfoco\/wp-json\/wp\/v2\/posts\/137142","targetHints":{"allow":["GET"]}}],"collection":[{"href":"https:\/\/www.em.com.br\/emfoco\/wp-json\/wp\/v2\/posts"}],"about":[{"href":"https:\/\/www.em.com.br\/emfoco\/wp-json\/wp\/v2\/types\/post"}],"author":[{"embeddable":true,"href":"https:\/\/www.em.com.br\/emfoco\/wp-json\/wp\/v2\/users\/9"}],"replies":[{"embeddable":true,"href":"https:\/\/www.em.com.br\/emfoco\/wp-json\/wp\/v2\/comments?post=137142"}],"version-history":[{"count":3,"href":"https:\/\/www.em.com.br\/emfoco\/wp-json\/wp\/v2\/posts\/137142\/revisions"}],"predecessor-version":[{"id":137281,"href":"https:\/\/www.em.com.br\/emfoco\/wp-json\/wp\/v2\/posts\/137142\/revisions\/137281"}],"wp:featuredmedia":[{"embeddable":true,"href":"https:\/\/www.em.com.br\/emfoco\/wp-json\/wp\/v2\/media\/26720"}],"wp:attachment":[{"href":"https:\/\/www.em.com.br\/emfoco\/wp-json\/wp\/v2\/media?parent=137142"}],"wp:term":[{"taxonomy":"category","embeddable":true,"href":"https:\/\/www.em.com.br\/emfoco\/wp-json\/wp\/v2\/categories?post=137142"},{"taxonomy":"post_tag","embeddable":true,"href":"https:\/\/www.em.com.br\/emfoco\/wp-json\/wp\/v2\/tags?post=137142"}],"curies":[{"name":"wp","href":"https:\/\/api.w.org\/{rel}","templated":true}]}}