{"id":137087,"date":"2025-12-08T21:05:00","date_gmt":"2025-12-09T00:05:00","guid":{"rendered":"https:\/\/www.em.com.br\/emfoco\/?p=137087"},"modified":"2025-12-08T02:00:31","modified_gmt":"2025-12-08T05:00:31","slug":"a-cidade-universitaria-garante-qualidade-de-vida-e-desenvolvimento-para-quem-busca-um-novo-destino-no-sul","status":"publish","type":"post","link":"https:\/\/www.em.com.br\/emfoco\/2025\/12\/08\/a-cidade-universitaria-garante-qualidade-de-vida-e-desenvolvimento-para-quem-busca-um-novo-destino-no-sul\/","title":{"rendered":"A cidade universit\u00e1ria garante qualidade de vida e desenvolvimento para quem busca um novo destino no Sul"},"content":{"rendered":"\n<p>Considerada a &#8220;Princesa do Sul&#8221;, <strong>Pelotas<\/strong> \u00e9 um polo cultural e econ\u00f4mico estrat\u00e9gico que equilibra tradi\u00e7\u00e3o hist\u00f3rica com a vitalidade de uma cidade universit\u00e1ria. Segundo dados recentes do <strong><a href=\"https:\/\/cidades.ibge.gov.br\/brasil\/rs\/pelotas\/panorama\" target=\"_blank\" rel=\"noreferrer noopener\">Instituto Brasileiro de Geografia e Estat\u00edstica<\/a> (IBGE)<\/strong>, o munic\u00edpio ultrapassa a marca de <strong>325 mil habitantes<\/strong>, consolidando-se como a quarta cidade mais populosa do estado.<\/p>\n\n\n\n<p>Localizada \u00e0s margens do <strong>Canal S\u00e3o Gon\u00e7alo<\/strong>, a cidade atua como um ponto de conex\u00e3o vital na regi\u00e3o sul, ficando a cerca de 55 km da cidade portu\u00e1ria de <strong>Rio Grande<\/strong> e a aproximadamente 260 km da capital, <strong>Porto Alegre<\/strong>.<\/p>\n\n\n\n<h2 class=\"wp-block-heading\">Como \u00e9 a qualidade de vida na cidade?<\/h2>\n\n\n\n<p>Morar em Pelotas \u00e9 optar por um ritmo de vida que mescla a tranquilidade do interior com servi\u00e7os de metr\u00f3pole. A cidade \u00e9 um renomado polo educacional, sede de institui\u00e7\u00f5es importantes como a <strong><a href=\"https:\/\/institucional.ufpel.edu.br\/cursos\" target=\"_blank\" rel=\"noreferrer noopener\">Universidade Federal de Pelotas<\/a> (UFPel)<\/strong>, o que atrai um p\u00fablico jovem e movimenta o setor de servi\u00e7os e entretenimento.<\/p>\n\n\n\n<p>O custo de vida costuma ser mais atrativo do que na capital ga\u00facha, especialmente no quesito moradia. Bairros planejados e a preserva\u00e7\u00e3o do patrim\u00f4nio arquitet\u00f4nico do s\u00e9culo XIX oferecem um charme visual \u00fanico, transformando caminhadas cotidianas em passeios hist\u00f3ricos.<\/p>\n\n\n<div class=\"wp-block-image\">\n<figure class=\"aligncenter size-large\"><img decoding=\"async\" src=\"https:\/\/revistaforum.com.br\/forumtudo\/wp-content\/uploads\/2025\/11\/Sunset-Drones-Imagens-Aereas-Sunset-Drones-Pelotas-Vista-de-Cima-Drone-Pelotas-j5Aeln60sA4-1280x720-0m27s-1024x576.jpg\" alt=\"Pelotas - A cidade das charqueadas e dos doces que est\u00e1 conquistando viajantes brasileiros\" class=\"wp-image-5320\"\/><figcaption class=\"wp-element-caption\">Pelotas \u00e9 destino imperd\u00edvel para quem ama hist\u00f3ria e boa comida \/\/ Cr\u00e9ditos: Youtube.com\/@sunsetdrones<\/figcaption><\/figure><\/div>\n\n\n<h2 class=\"wp-block-heading\">O clima e a temperatura ao longo do ano<\/h2>\n\n\n\n<p>Situada a uma altitude baixa, de apenas 7 metros acima do n\u00edvel do mar, a cidade possui umidade constante devido \u00e0 proximidade com as \u00e1guas. O ver\u00e3o, de dezembro a mar\u00e7o, \u00e9 quente e abafado, com m\u00e9dias que oscilam entre 22\u00b0C e 29\u00b0C, ideal para aproveitar as orlas.<\/p>\n\n\n\n<p>J\u00e1 o inverno ga\u00facho mostra sua for\u00e7a entre junho e agosto. As <strong><a href=\"https:\/\/www.climatempo.com.br\/previsao-do-tempo\/cidade\/362\/pelotas-rs\" target=\"_blank\" rel=\"noreferrer noopener\">temperaturas m\u00e9dias<\/a><\/strong> caem para a casa dos 9\u00b0C a 15\u00b0C, exigindo casacos pesados e favorecendo a gastronomia de pratos quentes e vinhos. As esta\u00e7\u00f5es de transi\u00e7\u00e3o, outono e primavera, s\u00e3o as mais agrad\u00e1veis, com clima ameno entre 15\u00b0C e 24\u00b0C.<\/p>\n\n\n\n<h2 class=\"wp-block-heading\">Quais as principais atra\u00e7\u00f5es tur\u00edsticas?<\/h2>\n\n\n\n<p>O turismo local vai muito al\u00e9m do centro hist\u00f3rico. A <strong>Praia do Laranjal<\/strong>, banhada pela <strong>Lagoa dos Patos<\/strong>, \u00e9 o ref\u00fagio oficial dos moradores, oferecendo um cal\u00e7ad\u00e3o extenso, esportes n\u00e1uticos e um nascer do sol espetacular sobre a \u00e1gua doce.<\/p>\n\n\n\n<p>Outro ponto fort\u00edssimo \u00e9 o turismo rural e hist\u00f3rico nas antigas propriedades produtoras de charque. Lugares como a <strong>Charqueada S\u00e3o Jo\u00e3o<\/strong> serviram de cen\u00e1rio para produ\u00e7\u00f5es famosas e hoje abrem as portas para mostrar como a riqueza do ciclo do charque construiu a identidade da regi\u00e3o.<\/p>\n\n\n\n<p>Confira o que n\u00e3o pode faltar no seu roteiro:<\/p>\n\n\n\n<ul class=\"wp-block-list\">\n<li><strong>Mercado Central de Pelotas<\/strong>: O cora\u00e7\u00e3o pulsante da cidade, ideal para comprar artesanato e provar petiscos locais.<\/li>\n\n\n\n<li><strong>Museu Municipal Parque da Baronesa<\/strong>: Um mergulho na vida aristocr\u00e1tica do s\u00e9culo XIX com jardins impec\u00e1veis.<\/li>\n\n\n\n<li><strong>Catedral Metropolitana S\u00e3o Francisco de Paula<\/strong>: \u00cdcone arquitet\u00f4nico que abriga pinturas impressionantes do artista italiano <strong>Aldo Locatelli<\/strong>.<\/li>\n\n\n\n<li><strong>Fenadoce<\/strong>: A principal celebra\u00e7\u00e3o da tradi\u00e7\u00e3o doceira brasileira, que movimenta a cidade anualmente entre maio e junho.<\/li>\n<\/ul>\n\n\n\n<p>Quem busca ir al\u00e9m de Gramado e conhecer os encantos do sul, vai curtir esse v\u00eddeo especialmente selecionado do canal <strong>Por Onde INDO \ud83c\udf0f Rony &amp; Bruna<\/strong>, que conta com mais de 190 mil visualiza\u00e7\u00f5es, onde o casal mostra detalhadamente as belezas de <strong>Pelotas<\/strong>, revelando uma orla surpreendente na <strong>Praia do Laranjal<\/strong>, o charme hist\u00f3rico da <strong>Casa da Baronesa<\/strong> e os bairros futuristas da cidade:<\/p>\n\n\n\n<figure class=\"wp-block-embed is-type-video is-provider-youtube wp-block-embed-youtube wp-embed-aspect-16-9 wp-has-aspect-ratio\"><div class=\"wp-block-embed__wrapper\">\n<div class=\"jeg_video_container jeg_video_content\"><iframe loading=\"lazy\" title=\"FICAMOS ABISMADOS COM ISSO EM PELOTAS #ep151\" width=\"500\" height=\"281\" src=\"https:\/\/www.youtube.com\/embed\/iiitTA-Kamo?feature=oembed\" frameborder=\"0\" allow=\"accelerometer; autoplay; clipboard-write; encrypted-media; gyroscope; picture-in-picture; web-share\" referrerpolicy=\"strict-origin-when-cross-origin\" allowfullscreen><\/iframe><\/div>\n<\/div><\/figure>\n\n\n\n<h2 class=\"wp-block-heading\">Por que Pelotas \u00e9 a Capital Nacional do Doce?<\/h2>\n\n\n\n<p>A tradi\u00e7\u00e3o doceira da cidade \u00e9 reconhecida como <strong><a href=\"http:\/\/portal.iphan.gov.br\/noticias\/detalhes\/4653\/tradicao-doceira-de-pelotas-rs-e-reconhecida-como-patrimonio-imaterial-brasileiro\" target=\"_blank\" rel=\"noreferrer noopener\">Patrim\u00f4nio Imaterial do Brasil<\/a><\/strong>. Essa fama nasceu da mistura cultural entre o a\u00e7\u00facar, que chegava em abund\u00e2ncia, e as t\u00e9cnicas de confeitaria refinadas trazidas pelas fam\u00edlias portuguesas, alem\u00e3s e italianas.<\/p>\n\n\n\n<p>Diferente de outros lugares, aqui o doce fino \u2014 como o bem-casado, o ninho e o camafeu \u2014 ganhou status de arte. As receitas s\u00e3o passadas de gera\u00e7\u00e3o em gera\u00e7\u00e3o, mantendo um padr\u00e3o de qualidade rigoroso que atrai turistas focados exclusivamente na gastronomia.<\/p>\n\n\n<div class=\"wp-block-image\">\n<figure class=\"aligncenter size-large\"><img decoding=\"async\" src=\"https:\/\/revistaforum.com.br\/forumtudo\/wp-content\/uploads\/2025\/11\/Sunset-Drones-Imagens-Aereas-Sunset-Drones-Pelotas-Vista-de-Cima-Drone-Pelotas-j5Aeln60sA4-1280x720-1m22s-1024x576.jpg\" alt=\"Pelotas - A cidade das charqueadas e dos doces que est\u00e1 conquistando viajantes brasileiros\" class=\"wp-image-5319\"\/><figcaption class=\"wp-element-caption\">Pelotas preserva tradi\u00e7\u00f5es e se destaca pela hospitalidade do sul \/\/ Cr\u00e9ditos: Youtube.com\/@sunsetdrones<\/figcaption><\/figure><\/div>\n\n\n<p><strong>Leia tamb\u00e9m: <a href=\"https:\/\/www.em.com.br\/emfoco\/2025\/12\/07\/a-joia-litoranea-do-sudeste-que-se-tornou-referencia-em-qualidade-de-vida-e-modernidade\/\" target=\"_blank\" rel=\"noreferrer noopener\">A joia litor\u00e2nea do Sudeste que se tornou refer\u00eancia em qualidade de vida e modernidade<\/a><\/strong><\/p>\n\n\n\n<h2 class=\"wp-block-heading\">Segredos e curiosidades locais<\/h2>\n\n\n\n<p>Um fato curioso \u00e9 a forte influ\u00eancia europeia na arquitetura, que faz com que o centro da cidade lembre partes de <strong>Portugal<\/strong>. Os casar\u00f5es coloniais ao redor da <strong>Pra\u00e7a Coronel Pedro Os\u00f3rio<\/strong> s\u00e3o tombados e contam a hist\u00f3ria da \u00e9poca em que a cidade era t\u00e3o rica quanto a capital do imp\u00e9rio.<\/p>\n\n\n\n<p>Outro segredo \u00e9 a rota das \u00e1guas. Al\u00e9m do Laranjal, a regi\u00e3o possui recantos naturais no interior, conhecidos como col\u00f4nias, onde a cultura pomerana se mant\u00e9m viva, oferecendo caf\u00e9s coloniais fartos longe do agito urbano.<\/p>\n\n\n\n<p>Seja para estudar, investir ou apenas passear, a Princesa do Sul recebe seus visitantes de bra\u00e7os abertos e mesa farta. Considere colocar essa joia ga\u00facha nos seus planos de vida ou de viagem.<\/p>\n","protected":false},"excerpt":{"rendered":"<p>Considerada a &#8220;Princesa do Sul&#8221;, Pelotas \u00e9 um polo cultural e econ\u00f4mico estrat\u00e9gico que equilibra tradi\u00e7\u00e3o hist\u00f3rica com a vitalidade de uma cidade universit\u00e1ria. Segundo dados recentes do Instituto Brasileiro de Geografia e Estat\u00edstica (IBGE), o munic\u00edpio ultrapassa a marca de 325 mil habitantes, consolidando-se como a quarta cidade mais populosa do estado. Localizada \u00e0s [&hellip;]<\/p>\n","protected":false},"author":6,"featured_media":137119,"comment_status":"open","ping_status":"open","sticky":false,"template":"","format":"standard","meta":{"jnews-multi-image_gallery":[],"jnews_single_post":{"format":"standard"},"jnews_primary_category":[],"jnews_social_meta":[],"jnews_override_counter":[],"footnotes":""},"categories":[26],"tags":[183,5070,1506],"class_list":["post-137087","post","type-post","status-publish","format-standard","has-post-thumbnail","hentry","category-cidades","tag-cidades","tag-pelotas","tag-rio-grande-do-sul"],"yoast_head":"<!-- This site is optimized with the Yoast SEO plugin v23.8 - https:\/\/yoast.com\/wordpress\/plugins\/seo\/ -->\n<title>A cidade universit\u00e1ria garante qualidade de vida e desenvolvimento para quem busca um novo destino no Sul - Estado de Minas - Em foco<\/title>\n<meta name=\"description\" content=\"Entre jovens, pesquisa e inova\u00e7\u00e3o, esta cidade do Sul oferece vida segura, estrutura organizada e oportunidades para quem deseja recome\u00e7ar.\" \/>\n<meta name=\"robots\" content=\"index, follow, max-snippet:-1, max-image-preview:large, max-video-preview:-1\" \/>\n<link rel=\"canonical\" href=\"https:\/\/www.em.com.br\/emfoco\/2025\/12\/08\/a-cidade-universitaria-garante-qualidade-de-vida-e-desenvolvimento-para-quem-busca-um-novo-destino-no-sul\/\" \/>\n<meta property=\"og:locale\" content=\"pt_BR\" \/>\n<meta property=\"og:type\" content=\"article\" \/>\n<meta property=\"og:title\" content=\"A cidade universit\u00e1ria garante qualidade de vida e desenvolvimento para quem busca um novo destino no Sul - Estado de Minas - Em foco\" \/>\n<meta property=\"og:description\" content=\"Entre jovens, pesquisa e inova\u00e7\u00e3o, esta cidade do Sul oferece vida segura, estrutura organizada e oportunidades para quem deseja recome\u00e7ar.\" \/>\n<meta property=\"og:url\" content=\"https:\/\/www.em.com.br\/emfoco\/2025\/12\/08\/a-cidade-universitaria-garante-qualidade-de-vida-e-desenvolvimento-para-quem-busca-um-novo-destino-no-sul\/\" \/>\n<meta property=\"og:site_name\" content=\"Estado de Minas - Em foco\" \/>\n<meta property=\"article:published_time\" content=\"2025-12-09T00:05:00+00:00\" \/>\n<meta property=\"article:modified_time\" content=\"2025-12-08T05:00:31+00:00\" \/>\n<meta property=\"og:image\" content=\"https:\/\/www.em.com.br\/emfoco\/wp-content\/uploads\/2025\/12\/Pelotas.jpg\" \/>\n\t<meta property=\"og:image:width\" content=\"1280\" \/>\n\t<meta property=\"og:image:height\" content=\"720\" \/>\n\t<meta property=\"og:image:type\" content=\"image\/jpeg\" \/>\n<meta name=\"author\" content=\"Vitor Bruno\" \/>\n<meta name=\"twitter:card\" content=\"summary_large_image\" \/>\n<meta name=\"twitter:label1\" content=\"Escrito por\" \/>\n\t<meta name=\"twitter:data1\" content=\"Vitor Bruno\" \/>\n\t<meta name=\"twitter:label2\" content=\"Est. tempo de leitura\" \/>\n\t<meta name=\"twitter:data2\" content=\"5 minutos\" \/>\n<!-- \/ Yoast SEO plugin. -->","yoast_head_json":{"title":"A cidade universit\u00e1ria garante qualidade de vida e desenvolvimento para quem busca um novo destino no Sul - Estado de Minas - Em foco","description":"Entre jovens, pesquisa e inova\u00e7\u00e3o, esta cidade do Sul oferece vida segura, estrutura organizada e oportunidades para quem deseja recome\u00e7ar.","robots":{"index":"index","follow":"follow","max-snippet":"max-snippet:-1","max-image-preview":"max-image-preview:large","max-video-preview":"max-video-preview:-1"},"canonical":"https:\/\/www.em.com.br\/emfoco\/2025\/12\/08\/a-cidade-universitaria-garante-qualidade-de-vida-e-desenvolvimento-para-quem-busca-um-novo-destino-no-sul\/","og_locale":"pt_BR","og_type":"article","og_title":"A cidade universit\u00e1ria garante qualidade de vida e desenvolvimento para quem busca um novo destino no Sul - Estado de Minas - Em foco","og_description":"Entre jovens, pesquisa e inova\u00e7\u00e3o, esta cidade do Sul oferece vida segura, estrutura organizada e oportunidades para quem deseja recome\u00e7ar.","og_url":"https:\/\/www.em.com.br\/emfoco\/2025\/12\/08\/a-cidade-universitaria-garante-qualidade-de-vida-e-desenvolvimento-para-quem-busca-um-novo-destino-no-sul\/","og_site_name":"Estado de Minas - Em foco","article_published_time":"2025-12-09T00:05:00+00:00","article_modified_time":"2025-12-08T05:00:31+00:00","og_image":[{"width":1280,"height":720,"url":"https:\/\/www.em.com.br\/emfoco\/wp-content\/uploads\/2025\/12\/Pelotas.jpg","type":"image\/jpeg"}],"author":"Vitor Bruno","twitter_card":"summary_large_image","twitter_misc":{"Escrito por":"Vitor Bruno","Est. tempo de leitura":"5 minutos"},"schema":{"@context":"https:\/\/schema.org","@graph":[{"@type":"WebPage","@id":"https:\/\/www.em.com.br\/emfoco\/2025\/12\/08\/a-cidade-universitaria-garante-qualidade-de-vida-e-desenvolvimento-para-quem-busca-um-novo-destino-no-sul\/","url":"https:\/\/www.em.com.br\/emfoco\/2025\/12\/08\/a-cidade-universitaria-garante-qualidade-de-vida-e-desenvolvimento-para-quem-busca-um-novo-destino-no-sul\/","name":"A cidade universit\u00e1ria garante qualidade de vida e desenvolvimento para quem busca um novo destino no Sul - Estado de Minas - Em foco","isPartOf":{"@id":"https:\/\/www.em.com.br\/emfoco\/#website"},"primaryImageOfPage":{"@id":"https:\/\/www.em.com.br\/emfoco\/2025\/12\/08\/a-cidade-universitaria-garante-qualidade-de-vida-e-desenvolvimento-para-quem-busca-um-novo-destino-no-sul\/#primaryimage"},"image":{"@id":"https:\/\/www.em.com.br\/emfoco\/2025\/12\/08\/a-cidade-universitaria-garante-qualidade-de-vida-e-desenvolvimento-para-quem-busca-um-novo-destino-no-sul\/#primaryimage"},"thumbnailUrl":"https:\/\/www.em.com.br\/emfoco\/wp-content\/uploads\/2025\/12\/Pelotas.jpg","datePublished":"2025-12-09T00:05:00+00:00","dateModified":"2025-12-08T05:00:31+00:00","author":{"@id":"https:\/\/www.em.com.br\/emfoco\/#\/schema\/person\/364ac1852fafd00f1be20f0b8b237569"},"description":"Entre jovens, pesquisa e inova\u00e7\u00e3o, esta cidade do Sul oferece vida segura, estrutura organizada e oportunidades para quem deseja recome\u00e7ar.","breadcrumb":{"@id":"https:\/\/www.em.com.br\/emfoco\/2025\/12\/08\/a-cidade-universitaria-garante-qualidade-de-vida-e-desenvolvimento-para-quem-busca-um-novo-destino-no-sul\/#breadcrumb"},"inLanguage":"pt-BR","potentialAction":[{"@type":"ReadAction","target":["https:\/\/www.em.com.br\/emfoco\/2025\/12\/08\/a-cidade-universitaria-garante-qualidade-de-vida-e-desenvolvimento-para-quem-busca-um-novo-destino-no-sul\/"]}]},{"@type":"ImageObject","inLanguage":"pt-BR","@id":"https:\/\/www.em.com.br\/emfoco\/2025\/12\/08\/a-cidade-universitaria-garante-qualidade-de-vida-e-desenvolvimento-para-quem-busca-um-novo-destino-no-sul\/#primaryimage","url":"https:\/\/www.em.com.br\/emfoco\/wp-content\/uploads\/2025\/12\/Pelotas.jpg","contentUrl":"https:\/\/www.em.com.br\/emfoco\/wp-content\/uploads\/2025\/12\/Pelotas.jpg","width":1280,"height":720,"caption":"A cidade universit\u00e1ria garante qualidade de vida e desenvolvimento para quem busca um novo destino no Sul"},{"@type":"BreadcrumbList","@id":"https:\/\/www.em.com.br\/emfoco\/2025\/12\/08\/a-cidade-universitaria-garante-qualidade-de-vida-e-desenvolvimento-para-quem-busca-um-novo-destino-no-sul\/#breadcrumb","itemListElement":[{"@type":"ListItem","position":1,"name":"In\u00edcio","item":"https:\/\/www.em.com.br\/emfoco\/"},{"@type":"ListItem","position":2,"name":"A cidade universit\u00e1ria garante qualidade de vida e desenvolvimento para quem busca um novo destino no Sul"}]},{"@type":"WebSite","@id":"https:\/\/www.em.com.br\/emfoco\/#website","url":"https:\/\/www.em.com.br\/emfoco\/","name":"Estado de Minas - Em foco","description":"Acompanhe as \u00faltimas not\u00edcias e fique bem informado sobre tudo o que acontece em Minas Gerais, Brasil e no mundo.","potentialAction":[{"@type":"SearchAction","target":{"@type":"EntryPoint","urlTemplate":"https:\/\/www.em.com.br\/emfoco\/?s={search_term_string}"},"query-input":{"@type":"PropertyValueSpecification","valueRequired":true,"valueName":"search_term_string"}}],"inLanguage":"pt-BR"},{"@type":"Person","@id":"https:\/\/www.em.com.br\/emfoco\/#\/schema\/person\/364ac1852fafd00f1be20f0b8b237569","name":"Vitor Bruno","image":{"@type":"ImageObject","inLanguage":"pt-BR","@id":"https:\/\/www.em.com.br\/emfoco\/#\/schema\/person\/image\/","url":"https:\/\/secure.gravatar.com\/avatar\/b719e5cdede09f942064960883b5524d?s=96&d=mm&r=g","contentUrl":"https:\/\/secure.gravatar.com\/avatar\/b719e5cdede09f942064960883b5524d?s=96&d=mm&r=g","caption":"Vitor Bruno"},"sameAs":["https:\/\/www.em.com.br\/emfoco\/"],"url":"https:\/\/www.em.com.br\/emfoco\/author\/vitormyth\/"}]}},"_links":{"self":[{"href":"https:\/\/www.em.com.br\/emfoco\/wp-json\/wp\/v2\/posts\/137087","targetHints":{"allow":["GET"]}}],"collection":[{"href":"https:\/\/www.em.com.br\/emfoco\/wp-json\/wp\/v2\/posts"}],"about":[{"href":"https:\/\/www.em.com.br\/emfoco\/wp-json\/wp\/v2\/types\/post"}],"author":[{"embeddable":true,"href":"https:\/\/www.em.com.br\/emfoco\/wp-json\/wp\/v2\/users\/6"}],"replies":[{"embeddable":true,"href":"https:\/\/www.em.com.br\/emfoco\/wp-json\/wp\/v2\/comments?post=137087"}],"version-history":[{"count":4,"href":"https:\/\/www.em.com.br\/emfoco\/wp-json\/wp\/v2\/posts\/137087\/revisions"}],"predecessor-version":[{"id":137127,"href":"https:\/\/www.em.com.br\/emfoco\/wp-json\/wp\/v2\/posts\/137087\/revisions\/137127"}],"wp:featuredmedia":[{"embeddable":true,"href":"https:\/\/www.em.com.br\/emfoco\/wp-json\/wp\/v2\/media\/137119"}],"wp:attachment":[{"href":"https:\/\/www.em.com.br\/emfoco\/wp-json\/wp\/v2\/media?parent=137087"}],"wp:term":[{"taxonomy":"category","embeddable":true,"href":"https:\/\/www.em.com.br\/emfoco\/wp-json\/wp\/v2\/categories?post=137087"},{"taxonomy":"post_tag","embeddable":true,"href":"https:\/\/www.em.com.br\/emfoco\/wp-json\/wp\/v2\/tags?post=137087"}],"curies":[{"name":"wp","href":"https:\/\/api.w.org\/{rel}","templated":true}]}}