{"id":137084,"date":"2025-12-08T15:05:00","date_gmt":"2025-12-08T18:05:00","guid":{"rendered":"https:\/\/www.em.com.br\/emfoco\/?p=137084"},"modified":"2025-12-08T01:58:32","modified_gmt":"2025-12-08T04:58:32","slug":"o-paraiso-das-dunas-no-ceara-que-encanta-com-ruas-de-areia-clima-rustico-e-uma-das-praias-mais-bonitas-do-mundo","status":"publish","type":"post","link":"https:\/\/www.em.com.br\/emfoco\/2025\/12\/08\/o-paraiso-das-dunas-no-ceara-que-encanta-com-ruas-de-areia-clima-rustico-e-uma-das-praias-mais-bonitas-do-mundo\/","title":{"rendered":"O para\u00edso das dunas no Cear\u00e1 que encanta com ruas de areia, clima r\u00fastico e uma das praias mais bonitas do mundo"},"content":{"rendered":"\n<p><strong>Jericoacoara<\/strong>, carinhosamente chamada de Jeri, transcende a defini\u00e7\u00e3o de destino tur\u00edstico para se tornar um estado de esp\u00edrito no litoral do <strong>Brasil<\/strong>. Localizada a cerca de 300 km de <strong>Fortaleza<\/strong>, esta antiga vila de pescadores preserva ruas de areia e uma atmosfera r\u00fastica, j\u00e1 tendo sido eleita pelo <em><strong><a href=\"https:\/\/www.washingtonpost.com\/archive\/lifestyle\/magazine\/1987\/03\/15\/beauty-and-the-beach\/bdff84da-f4e9-48c9-baaf-8aba64a96905\/\" target=\"_blank\" rel=\"noreferrer noopener\">The Washington Post<\/a><\/strong><\/em> como uma das praias mais bonitas do mundo.<\/p>\n\n\n\n<h2 class=\"wp-block-heading\">Onde fica Jeri e o que torna a vila t\u00e3o especial?<\/h2>\n\n\n\n<p>Situada no munic\u00edpio de <strong>Jijoca de Jericoacoara<\/strong>, a vila est\u00e1 imersa em uma \u00e1rea de preserva\u00e7\u00e3o ambiental que garante paisagens intocadas. O isolamento geogr\u00e1fico, protegido por dunas m\u00f3veis, manteve o charme aut\u00eantico do <strong><a href=\"https:\/\/jeriparque.com.br\/\" target=\"_blank\" rel=\"noreferrer noopener\">Parque Nacional de Jericoacoara<\/a><\/strong> ao longo das d\u00e9cadas.<\/p>\n\n\n\n<p>A experi\u00eancia come\u00e7a na chegada: embora seja poss\u00edvel ir de carro comum ou \u00f4nibus at\u00e9 a sede do munic\u00edpio em <strong>Jijoca<\/strong>, o trecho final exige ve\u00edculos 4&#215;4 credenciados para atravessar as dunas. Ao chegar, o visitante encontra um ref\u00fagio onde o chinelo \u00e9 o cal\u00e7ado oficial e o tempo segue o ritmo da natureza.<\/p>\n\n\n<div class=\"wp-block-image\">\n<figure class=\"aligncenter size-large\"><img decoding=\"async\" src=\"https:\/\/revistaoeste.com\/oestegeral\/wp-content\/uploads\/2025\/05\/Jericoacoara_1748385052346-1024x576.jpg\" alt=\"Essa vila cearense est\u00e1 encantando o mundo com suas lagoas e p\u00f4r do sol inesquec\u00edvel\" class=\"wp-image-2590\"\/><figcaption class=\"wp-element-caption\">Jericoacoara, no Cear\u00e1 \u2013 destino paradis\u00edaco famoso por dunas douradas, lagoas cristalinas e pores do sol inesquec\u00edveis \/\/ Cr\u00e9ditos: depositphotos.com \/ xura<\/figcaption><\/figure><\/div>\n\n\n<h2 class=\"wp-block-heading\">Qual \u00e9 a melhor \u00e9poca para visitar o litoral cearense?<\/h2>\n\n\n\n<p>O clima quente predomina em <strong>Jeri<\/strong>, com muitos dias de sol ao longo do ano, concentrando a esta\u00e7\u00e3o chuvosa principalmente entre janeiro e maio. A temperatura m\u00e9dia oscila agradavelmente entre 27\u00b0C e 32\u00b0C, proporcionando calor constante amenizado pela brisa mar\u00edtima.<\/p>\n\n\n\n<p>Para quem busca lagoas cheias, o per\u00edodo logo ap\u00f3s as chuvas (junho e julho) \u00e9 ideal. J\u00e1 os amantes de esportes n\u00e1uticos encontram o cen\u00e1rio perfeito no segundo semestre, especialmente de agosto a dezembro, quando os ventos al\u00edsios sopram com vigor no litoral do <strong>Nordeste<\/strong>.<\/p>\n\n\n\n<h2 class=\"wp-block-heading\">As lagoas cristalinas s\u00e3o as protagonistas do roteiro<\/h2>\n\n\n\n<p>A famosa <strong>Lagoa do Para\u00edso<\/strong> \u00e9 parada obrigat\u00f3ria, conhecida por suas \u00e1guas em tons de azul-turquesa e redes submersas que convidam ao relaxamento absoluto. A infraestrutura local oferece clubes de praia sofisticados que harmonizam conforto com a natureza selvagem.<\/p>\n\n\n\n<p>Outra joia da regi\u00e3o \u00e9 a <strong>Lagoa Azul<\/strong>, que oferece um cen\u00e1rio mais intimista e \u00e1guas igualmente transparentes. O acesso via buggy transforma o deslocamento em uma aventura emocionante, revelando a grandiosidade do deserto tropical brasileiro.<\/p>\n\n\n\n<p>Quem sonha em conhecer o para\u00edso cearense sem gastar uma fortuna, vai curtir esse v\u00eddeo especialmente selecionado do canal <strong>Trip Partiu<\/strong>, que conta com mais de 280 mil visualiza\u00e7\u00f5es, onde <strong>Juliana<\/strong> mostra detalhadamente um roteiro completo de 4 dias em <strong>Jericoacoara<\/strong>, revelando os melhores passeios, piscinas naturais escondidas e dicas valiosas de economia com o Prime Gourmet:<\/p>\n\n\n\n<figure class=\"wp-block-embed is-type-video is-provider-youtube wp-block-embed-youtube wp-embed-aspect-16-9 wp-has-aspect-ratio\"><div class=\"wp-block-embed__wrapper\">\n<div class=\"jeg_video_container jeg_video_content\"><iframe loading=\"lazy\" title=\"JERICOACOARA Cear\u00e1 - melhores passeios + dicas de como economizar\" width=\"500\" height=\"281\" src=\"https:\/\/www.youtube.com\/embed\/19LQuM7Kpww?feature=oembed\" frameborder=\"0\" allow=\"accelerometer; autoplay; clipboard-write; encrypted-media; gyroscope; picture-in-picture; web-share\" referrerpolicy=\"strict-origin-when-cross-origin\" allowfullscreen><\/iframe><\/div>\n<\/div><\/figure>\n\n\n\n<h2 class=\"wp-block-heading\">Pedra Furada e o ritual do entardecer nas dunas<\/h2>\n\n\n\n<p>O cart\u00e3o-postal natural de <strong>Jericoacoara<\/strong>, a <strong>Pedra Furada<\/strong>, \u00e9 uma forma\u00e7\u00e3o rochosa esculpida pelo vento e pelo mar ao longo de mil\u00eanios. A caminhada at\u00e9 o local pela praia, preferencialmente na mar\u00e9 baixa, revela grutas e piscinas naturais fascinantes.<\/p>\n\n\n\n<p>No final da tarde, o fluxo de visitantes se direciona para a <strong>Duna do P\u00f4r do Sol<\/strong>. Este \u00e9 um dos raros pontos no <strong>Nordeste<\/strong> onde \u00e9 poss\u00edvel assistir ao sol mergulhar diretamente no mar, um espet\u00e1culo di\u00e1rio que arranca aplausos de turistas de todas as nacionalidades.<\/p>\n\n\n\n<h2 class=\"wp-block-heading\">Por que Jeri \u00e9 refer\u00eancia mundial nos esportes de vento?<\/h2>\n\n\n\n<p>A geografia privilegiada faz do litoral de <strong>Jijoca<\/strong> um dos principais destinos internacionais para a pr\u00e1tica de kitesurf e windsurf. Ventos constantes e \u00e1guas mornas atraem atletas profissionais e iniciantes que buscam aperfei\u00e7oar suas manobras com infraestrutura especializada.<\/p>\n\n\n\n<p>A vizinha <strong>Praia do Pre\u00e1<\/strong> complementa essa voca\u00e7\u00e3o esportiva, oferecendo condi\u00e7\u00f5es excepcionais para quem deseja velejar. Escolas na regi\u00e3o garantem seguran\u00e7a e aprendizado r\u00e1pido para quem deseja se aventurar nas \u00e1guas do <strong>Atl\u00e2ntico<\/strong>.<\/p>\n\n\n\n<h2 class=\"wp-block-heading\">Segredos e curiosidades que poucos turistas conhecem<\/h2>\n\n\n\n<p>A rede el\u00e9trica em <strong>Jeri<\/strong> \u00e9 subterr\u00e2nea e a ilumina\u00e7\u00e3o p\u00fablica \u00e9 propositalmente discreta para n\u00e3o ofuscar o brilho das estrelas. Isso cria um ambiente noturno m\u00e1gico, onde o c\u00e9u estrelado \u00e9 parte integrante da decora\u00e7\u00e3o da vila.<\/p>\n\n\n\n<p>Confira abaixo detalhes \u00fanicos para planejar sua estadia:<\/p>\n\n\n\n<ul class=\"wp-block-list\">\n<li>A vila n\u00e3o possui asfalto; todas as ruas s\u00e3o de areia, o que restringe a circula\u00e7\u00e3o de carros de passeio e preserva o clima r\u00fastico.<\/li>\n\n\n\n<li>Existe uma <strong>Taxa de Turismo Sustent\u00e1vel<\/strong> (atualmente v\u00e1lida por um per\u00edodo de at\u00e9 10 dias), destinada \u00e0 preserva\u00e7\u00e3o ambiental e limpeza da vila.<\/li>\n\n\n\n<li>A gastronomia local mistura pratos t\u00edpicos do <strong>Cear\u00e1<\/strong> e frutos do mar com culin\u00e1ria internacional, trazida por estrangeiros que adotaram o local como lar.<\/li>\n<\/ul>\n\n\n<div class=\"wp-block-image\">\n<figure class=\"aligncenter size-large\"><img decoding=\"async\" src=\"https:\/\/revistaoeste.com\/oestegeral\/wp-content\/uploads\/2025\/05\/Jericoacoara_1748384990789-1024x576.jpg\" alt=\"Essa vila cearense est\u00e1 encantando o mundo com suas lagoas e p\u00f4r do sol inesquec\u00edvel\" class=\"wp-image-2586\"\/><figcaption class=\"wp-element-caption\">Jericoacoara, no Cear\u00e1 \u2013 Famosa por suas dunas e mar cristalino, essa joia nordestina atrai viajantes do Brasil e do mundo \/\/ Cr\u00e9ditos: depositphotos.com \/ xura<\/figcaption><\/figure><\/div>\n\n\n<p><strong>Leia tamb\u00e9m: <a href=\"https:\/\/www.em.com.br\/emfoco\/2025\/12\/07\/a-joia-litoranea-do-sudeste-que-se-tornou-referencia-em-qualidade-de-vida-e-modernidade\/\" target=\"_blank\" rel=\"noreferrer noopener\">A joia litor\u00e2nea do Sudeste que se tornou refer\u00eancia em qualidade de vida e modernidade<\/a><\/strong><\/p>\n\n\n\n<h2 class=\"wp-block-heading\">O essencial para sua viagem ao para\u00edso cearense<\/h2>\n\n\n\n<p><strong>Jericoacoara<\/strong> oferece uma combina\u00e7\u00e3o rara de aventura, luxo descal\u00e7o e contato profundo com a natureza. Planeje sua visita considerando a t\u00e1bua de mar\u00e9s e a temporada de ventos para aproveitar o m\u00e1ximo que este santu\u00e1rio ecol\u00f3gico tem a oferecer.<\/p>\n\n\n\n<ul class=\"wp-block-list\">\n<li><strong>Clima Favor\u00e1vel:<\/strong> Sol na maior parte do ano, com ventos ideais para o kitesurf entre agosto e dezembro.<\/li>\n\n\n\n<li><strong>Atra\u00e7\u00f5es Imperd\u00edveis:<\/strong> Relaxar nas redes da <strong>Lagoa do Para\u00edso<\/strong> e aplaudir o fim do dia na <strong>Duna do P\u00f4r do Sol<\/strong>.<\/li>\n\n\n\n<li><strong>Vibe \u00danica:<\/strong> Um destino seguro onde a simplicidade das ruas de areia encontra servi\u00e7os de alto padr\u00e3o.<\/li>\n<\/ul>\n","protected":false},"excerpt":{"rendered":"<p>Jericoacoara, carinhosamente chamada de Jeri, transcende a defini\u00e7\u00e3o de destino tur\u00edstico para se tornar um estado de esp\u00edrito no litoral do Brasil. Localizada a cerca de 300 km de Fortaleza, esta antiga vila de pescadores preserva ruas de areia e uma atmosfera r\u00fastica, j\u00e1 tendo sido eleita pelo The Washington Post como uma das praias [&hellip;]<\/p>\n","protected":false},"author":6,"featured_media":137116,"comment_status":"open","ping_status":"open","sticky":false,"template":"","format":"standard","meta":{"jnews-multi-image_gallery":[],"jnews_single_post":{"format":"standard"},"jnews_primary_category":[],"jnews_social_meta":[],"jnews_override_counter":[],"footnotes":""},"categories":[26],"tags":[3260,183,6355],"class_list":["post-137084","post","type-post","status-publish","format-standard","has-post-thumbnail","hentry","category-cidades","tag-ceara","tag-cidades","tag-jericoacoara"],"yoast_head":"<!-- This site is optimized with the Yoast SEO plugin v23.8 - https:\/\/yoast.com\/wordpress\/plugins\/seo\/ -->\n<title>O para\u00edso das dunas no Cear\u00e1 que encanta com ruas de areia, clima r\u00fastico e uma das praias mais bonitas do mundo - Estado de Minas - Em foco<\/title>\n<meta name=\"description\" content=\"Entre dunas gigantes e ruas de areia, esse destino cearense mistura simplicidade e beleza em um dos cen\u00e1rios mais famosos do pa\u00eds.\" \/>\n<meta name=\"robots\" content=\"index, follow, max-snippet:-1, max-image-preview:large, max-video-preview:-1\" \/>\n<link rel=\"canonical\" href=\"https:\/\/www.em.com.br\/emfoco\/2025\/12\/08\/o-paraiso-das-dunas-no-ceara-que-encanta-com-ruas-de-areia-clima-rustico-e-uma-das-praias-mais-bonitas-do-mundo\/\" \/>\n<meta property=\"og:locale\" content=\"pt_BR\" \/>\n<meta property=\"og:type\" content=\"article\" \/>\n<meta property=\"og:title\" content=\"O para\u00edso das dunas no Cear\u00e1 que encanta com ruas de areia, clima r\u00fastico e uma das praias mais bonitas do mundo - Estado de Minas - Em foco\" \/>\n<meta property=\"og:description\" content=\"Entre dunas gigantes e ruas de areia, esse destino cearense mistura simplicidade e beleza em um dos cen\u00e1rios mais famosos do pa\u00eds.\" \/>\n<meta property=\"og:url\" content=\"https:\/\/www.em.com.br\/emfoco\/2025\/12\/08\/o-paraiso-das-dunas-no-ceara-que-encanta-com-ruas-de-areia-clima-rustico-e-uma-das-praias-mais-bonitas-do-mundo\/\" \/>\n<meta property=\"og:site_name\" content=\"Estado de Minas - Em foco\" \/>\n<meta property=\"article:published_time\" content=\"2025-12-08T18:05:00+00:00\" \/>\n<meta property=\"article:modified_time\" content=\"2025-12-08T04:58:32+00:00\" \/>\n<meta property=\"og:image\" content=\"https:\/\/www.em.com.br\/emfoco\/wp-content\/uploads\/2025\/12\/Jericoacoara.jpg\" \/>\n\t<meta property=\"og:image:width\" content=\"1280\" \/>\n\t<meta property=\"og:image:height\" content=\"720\" \/>\n\t<meta property=\"og:image:type\" content=\"image\/jpeg\" \/>\n<meta name=\"author\" content=\"Vitor Bruno\" \/>\n<meta name=\"twitter:card\" content=\"summary_large_image\" \/>\n<meta name=\"twitter:label1\" content=\"Escrito por\" \/>\n\t<meta name=\"twitter:data1\" content=\"Vitor Bruno\" \/>\n\t<meta name=\"twitter:label2\" content=\"Est. tempo de leitura\" \/>\n\t<meta name=\"twitter:data2\" content=\"6 minutos\" \/>\n<!-- \/ Yoast SEO plugin. -->","yoast_head_json":{"title":"O para\u00edso das dunas no Cear\u00e1 que encanta com ruas de areia, clima r\u00fastico e uma das praias mais bonitas do mundo - Estado de Minas - Em foco","description":"Entre dunas gigantes e ruas de areia, esse destino cearense mistura simplicidade e beleza em um dos cen\u00e1rios mais famosos do pa\u00eds.","robots":{"index":"index","follow":"follow","max-snippet":"max-snippet:-1","max-image-preview":"max-image-preview:large","max-video-preview":"max-video-preview:-1"},"canonical":"https:\/\/www.em.com.br\/emfoco\/2025\/12\/08\/o-paraiso-das-dunas-no-ceara-que-encanta-com-ruas-de-areia-clima-rustico-e-uma-das-praias-mais-bonitas-do-mundo\/","og_locale":"pt_BR","og_type":"article","og_title":"O para\u00edso das dunas no Cear\u00e1 que encanta com ruas de areia, clima r\u00fastico e uma das praias mais bonitas do mundo - Estado de Minas - Em foco","og_description":"Entre dunas gigantes e ruas de areia, esse destino cearense mistura simplicidade e beleza em um dos cen\u00e1rios mais famosos do pa\u00eds.","og_url":"https:\/\/www.em.com.br\/emfoco\/2025\/12\/08\/o-paraiso-das-dunas-no-ceara-que-encanta-com-ruas-de-areia-clima-rustico-e-uma-das-praias-mais-bonitas-do-mundo\/","og_site_name":"Estado de Minas - Em foco","article_published_time":"2025-12-08T18:05:00+00:00","article_modified_time":"2025-12-08T04:58:32+00:00","og_image":[{"width":1280,"height":720,"url":"https:\/\/www.em.com.br\/emfoco\/wp-content\/uploads\/2025\/12\/Jericoacoara.jpg","type":"image\/jpeg"}],"author":"Vitor Bruno","twitter_card":"summary_large_image","twitter_misc":{"Escrito por":"Vitor Bruno","Est. tempo de leitura":"6 minutos"},"schema":{"@context":"https:\/\/schema.org","@graph":[{"@type":"WebPage","@id":"https:\/\/www.em.com.br\/emfoco\/2025\/12\/08\/o-paraiso-das-dunas-no-ceara-que-encanta-com-ruas-de-areia-clima-rustico-e-uma-das-praias-mais-bonitas-do-mundo\/","url":"https:\/\/www.em.com.br\/emfoco\/2025\/12\/08\/o-paraiso-das-dunas-no-ceara-que-encanta-com-ruas-de-areia-clima-rustico-e-uma-das-praias-mais-bonitas-do-mundo\/","name":"O para\u00edso das dunas no Cear\u00e1 que encanta com ruas de areia, clima r\u00fastico e uma das praias mais bonitas do mundo - Estado de Minas - Em foco","isPartOf":{"@id":"https:\/\/www.em.com.br\/emfoco\/#website"},"primaryImageOfPage":{"@id":"https:\/\/www.em.com.br\/emfoco\/2025\/12\/08\/o-paraiso-das-dunas-no-ceara-que-encanta-com-ruas-de-areia-clima-rustico-e-uma-das-praias-mais-bonitas-do-mundo\/#primaryimage"},"image":{"@id":"https:\/\/www.em.com.br\/emfoco\/2025\/12\/08\/o-paraiso-das-dunas-no-ceara-que-encanta-com-ruas-de-areia-clima-rustico-e-uma-das-praias-mais-bonitas-do-mundo\/#primaryimage"},"thumbnailUrl":"https:\/\/www.em.com.br\/emfoco\/wp-content\/uploads\/2025\/12\/Jericoacoara.jpg","datePublished":"2025-12-08T18:05:00+00:00","dateModified":"2025-12-08T04:58:32+00:00","author":{"@id":"https:\/\/www.em.com.br\/emfoco\/#\/schema\/person\/364ac1852fafd00f1be20f0b8b237569"},"description":"Entre dunas gigantes e ruas de areia, esse destino cearense mistura simplicidade e beleza em um dos cen\u00e1rios mais famosos do pa\u00eds.","breadcrumb":{"@id":"https:\/\/www.em.com.br\/emfoco\/2025\/12\/08\/o-paraiso-das-dunas-no-ceara-que-encanta-com-ruas-de-areia-clima-rustico-e-uma-das-praias-mais-bonitas-do-mundo\/#breadcrumb"},"inLanguage":"pt-BR","potentialAction":[{"@type":"ReadAction","target":["https:\/\/www.em.com.br\/emfoco\/2025\/12\/08\/o-paraiso-das-dunas-no-ceara-que-encanta-com-ruas-de-areia-clima-rustico-e-uma-das-praias-mais-bonitas-do-mundo\/"]}]},{"@type":"ImageObject","inLanguage":"pt-BR","@id":"https:\/\/www.em.com.br\/emfoco\/2025\/12\/08\/o-paraiso-das-dunas-no-ceara-que-encanta-com-ruas-de-areia-clima-rustico-e-uma-das-praias-mais-bonitas-do-mundo\/#primaryimage","url":"https:\/\/www.em.com.br\/emfoco\/wp-content\/uploads\/2025\/12\/Jericoacoara.jpg","contentUrl":"https:\/\/www.em.com.br\/emfoco\/wp-content\/uploads\/2025\/12\/Jericoacoara.jpg","width":1280,"height":720,"caption":"Jericoacoara, carinhosamente chamada de Jeri, transcende a defini\u00e7\u00e3o de destino tur\u00edstico para se tornar um estado de esp\u00edrito no litoral do Brasil (imagem ilustrativa)"},{"@type":"BreadcrumbList","@id":"https:\/\/www.em.com.br\/emfoco\/2025\/12\/08\/o-paraiso-das-dunas-no-ceara-que-encanta-com-ruas-de-areia-clima-rustico-e-uma-das-praias-mais-bonitas-do-mundo\/#breadcrumb","itemListElement":[{"@type":"ListItem","position":1,"name":"In\u00edcio","item":"https:\/\/www.em.com.br\/emfoco\/"},{"@type":"ListItem","position":2,"name":"O para\u00edso das dunas no Cear\u00e1 que encanta com ruas de areia, clima r\u00fastico e uma das praias mais bonitas do mundo"}]},{"@type":"WebSite","@id":"https:\/\/www.em.com.br\/emfoco\/#website","url":"https:\/\/www.em.com.br\/emfoco\/","name":"Estado de Minas - Em foco","description":"Acompanhe as \u00faltimas not\u00edcias e fique bem informado sobre tudo o que acontece em Minas Gerais, Brasil e no mundo.","potentialAction":[{"@type":"SearchAction","target":{"@type":"EntryPoint","urlTemplate":"https:\/\/www.em.com.br\/emfoco\/?s={search_term_string}"},"query-input":{"@type":"PropertyValueSpecification","valueRequired":true,"valueName":"search_term_string"}}],"inLanguage":"pt-BR"},{"@type":"Person","@id":"https:\/\/www.em.com.br\/emfoco\/#\/schema\/person\/364ac1852fafd00f1be20f0b8b237569","name":"Vitor Bruno","image":{"@type":"ImageObject","inLanguage":"pt-BR","@id":"https:\/\/www.em.com.br\/emfoco\/#\/schema\/person\/image\/","url":"https:\/\/secure.gravatar.com\/avatar\/b719e5cdede09f942064960883b5524d?s=96&d=mm&r=g","contentUrl":"https:\/\/secure.gravatar.com\/avatar\/b719e5cdede09f942064960883b5524d?s=96&d=mm&r=g","caption":"Vitor Bruno"},"sameAs":["https:\/\/www.em.com.br\/emfoco\/"],"url":"https:\/\/www.em.com.br\/emfoco\/author\/vitormyth\/"}]}},"_links":{"self":[{"href":"https:\/\/www.em.com.br\/emfoco\/wp-json\/wp\/v2\/posts\/137084","targetHints":{"allow":["GET"]}}],"collection":[{"href":"https:\/\/www.em.com.br\/emfoco\/wp-json\/wp\/v2\/posts"}],"about":[{"href":"https:\/\/www.em.com.br\/emfoco\/wp-json\/wp\/v2\/types\/post"}],"author":[{"embeddable":true,"href":"https:\/\/www.em.com.br\/emfoco\/wp-json\/wp\/v2\/users\/6"}],"replies":[{"embeddable":true,"href":"https:\/\/www.em.com.br\/emfoco\/wp-json\/wp\/v2\/comments?post=137084"}],"version-history":[{"count":3,"href":"https:\/\/www.em.com.br\/emfoco\/wp-json\/wp\/v2\/posts\/137084\/revisions"}],"predecessor-version":[{"id":137125,"href":"https:\/\/www.em.com.br\/emfoco\/wp-json\/wp\/v2\/posts\/137084\/revisions\/137125"}],"wp:featuredmedia":[{"embeddable":true,"href":"https:\/\/www.em.com.br\/emfoco\/wp-json\/wp\/v2\/media\/137116"}],"wp:attachment":[{"href":"https:\/\/www.em.com.br\/emfoco\/wp-json\/wp\/v2\/media?parent=137084"}],"wp:term":[{"taxonomy":"category","embeddable":true,"href":"https:\/\/www.em.com.br\/emfoco\/wp-json\/wp\/v2\/categories?post=137084"},{"taxonomy":"post_tag","embeddable":true,"href":"https:\/\/www.em.com.br\/emfoco\/wp-json\/wp\/v2\/tags?post=137084"}],"curies":[{"name":"wp","href":"https:\/\/api.w.org\/{rel}","templated":true}]}}