{"id":137083,"date":"2025-12-08T11:25:00","date_gmt":"2025-12-08T14:25:00","guid":{"rendered":"https:\/\/www.em.com.br\/emfoco\/?p=137083"},"modified":"2025-12-08T01:56:32","modified_gmt":"2025-12-08T04:56:32","slug":"as-praias-proximas-de-belo-horizonte-que-viraram-refugio-rapido-para-quem-quer-descansar","status":"publish","type":"post","link":"https:\/\/www.em.com.br\/emfoco\/2025\/12\/08\/as-praias-proximas-de-belo-horizonte-que-viraram-refugio-rapido-para-quem-quer-descansar\/","title":{"rendered":"As praias pr\u00f3ximas de Belo Horizonte que viraram ref\u00fagio r\u00e1pido para quem quer descansar"},"content":{"rendered":"\n<p>Descobrir as <strong>melhores praias perto de Belo Horizonte<\/strong> \u00e9 o desejo n\u00famero um de quem vive na capital e precisa recarregar as energias. Embora <strong>Minas Gerais<\/strong> n\u00e3o tenha mar, a localiza\u00e7\u00e3o privilegiada permite que, em poucas horas de estrada, voc\u00ea esteja com os p\u00e9s na areia do <strong>Esp\u00edrito Santo<\/strong> ou do <strong>Rio de Janeiro<\/strong>.<\/p>\n\n\n\n<h2 class=\"wp-block-heading\">Por que Guarapari continua imbat\u00edvel?<\/h2>\n\n\n\n<p>N\u00e3o \u00e9 apenas tradi\u00e7\u00e3o: <a href=\"https:\/\/descubraoespiritosanto.es.gov.br\/cidades\/guarapari\" target=\"_blank\" rel=\"noreferrer noopener\"><strong>Guarapari<\/strong> <\/a>oferece a log\u00edstica mais eficiente para o mineiro. Conhecida carinhosamente como a &#8220;Praia dos Mineiros&#8221;, a cidade combina uma estrutura urbana robusta com belezas naturais, ficando a cerca de <strong>520 km da capital via BR-381 e BR-262<\/strong>.<\/p>\n\n\n\n<p>A familiaridade \u00e9 tanta que muitos belo-horizontinos possuem resid\u00eancia fixa l\u00e1. Isso cria um ambiente acolhedor, onde o sotaque mineiro \u00e9 predominante e a sensa\u00e7\u00e3o de &#8220;estar em casa&#8221; se mistura com a brisa do mar.<\/p>\n\n\n<div class=\"wp-block-image\">\n<figure class=\"aligncenter size-large\"><img decoding=\"async\" src=\"https:\/\/revistaforum.com.br\/forumtudo\/wp-content\/uploads\/2025\/11\/Guarapari-_1762074683822-1024x576.jpg\" alt=\"\" class=\"wp-image-4886\"\/><figcaption class=\"wp-element-caption\">Praia da Enseada Azul em Guarapari encanta visitantes no Espirito Santo \/\/ Cr\u00e9ditos: depositphotos.com \/ henrias<\/figcaption><\/figure><\/div>\n\n\n<h2 class=\"wp-block-heading\">O que priorizar no litoral capixaba?<\/h2>\n\n\n\n<p>Para otimizar sua viagem, fuja do \u00f3bvio na hora certa. A <strong>Praia do Morro<\/strong> \u00e9 excelente para quem gosta de cal\u00e7ad\u00e3o movimentado e vida noturna, mas se o objetivo \u00e9 relaxar, existem op\u00e7\u00f5es mais estrat\u00e9gicas.<\/p>\n\n\n\n<p>A famosa <strong>Praia da Areia Preta<\/strong>, no centro, atrai turistas pelas suas areias escuras ricas em monazita, que popularmente levam a fama de possu\u00edrem propriedades terap\u00eauticas ben\u00e9ficas \u00e0 sa\u00fade.<\/p>\n\n\n\n<p>Confira as paradas essenciais para um roteiro diversificado:<\/p>\n\n\n\n<ul class=\"wp-block-list\">\n<li><strong>Enseada Azul<\/strong>: Regi\u00e3o nobre que engloba <strong>Peracanga<\/strong> e <strong>Bacutia<\/strong>, ideal para o p\u00fablico jovem.<\/li>\n\n\n\n<li><strong>Mea\u00edpe<\/strong>: O destino certo para almo\u00e7ar a tradicional Moqueca Capixaba nas melhores panelas de barro.<\/li>\n\n\n\n<li><strong>Setiba<\/strong>: Um ref\u00fagio de \u00e1guas calmas e natureza preservada, perfeito para fam\u00edlias.<\/li>\n\n\n\n<li><strong>Praia das Castanheiras<\/strong>: Piscinas naturais no centro, \u00f3timas para crian\u00e7as e mergulho livre.<\/li>\n<\/ul>\n\n\n\n<p>Quem planeja viajar para o litoral capixaba, vai curtir esse v\u00eddeo especialmente selecionado do canal <strong>Trip Partiu<\/strong>, que conta com mais de 550 mil visualiza\u00e7\u00f5es, onde o <strong>casal de viajantes<\/strong> mostra detalhadamente um roteiro completo por <strong>Guarapari<\/strong>, revelando pre\u00e7os reais, onde comer e as melhores dicas para aproveitar a <strong>Praia do Morro<\/strong> e outras atra\u00e7\u00f5es imperd\u00edveis da regi\u00e3o:<\/p>\n\n\n\n<figure class=\"wp-block-embed is-type-video is-provider-youtube wp-block-embed-youtube wp-embed-aspect-16-9 wp-has-aspect-ratio\"><div class=\"wp-block-embed__wrapper\">\n<div class=\"jeg_video_container jeg_video_content\"><iframe loading=\"lazy\" title=\"GUARAPARI ESP\u00cdRITO SANTO - melhores praias + pre\u00e7os\" width=\"500\" height=\"281\" src=\"https:\/\/www.youtube.com\/embed\/q_VNIc7BY6I?feature=oembed\" frameborder=\"0\" allow=\"accelerometer; autoplay; clipboard-write; encrypted-media; gyroscope; picture-in-picture; web-share\" referrerpolicy=\"strict-origin-when-cross-origin\" allowfullscreen><\/iframe><\/div>\n<\/div><\/figure>\n\n\n\n<h2 class=\"wp-block-heading\">Cabo Frio e o vizinho &#8220;Caribe Brasileiro&#8221;<\/h2>\n\n\n\n<p>Se a inten\u00e7\u00e3o \u00e9 ver \u00e1guas em tons de turquesa, a Regi\u00e3o dos Lagos no <strong>Rio de Janeiro<\/strong> \u00e9 a escolha certa. <strong>Cabo Frio<\/strong>, a cerca de<strong> 585 km de BH<\/strong>, possui uma infraestrutura hoteleira superior e praias de areia branca e fina.<\/p>\n\n\n\n<p>A <strong>Praia do Forte<\/strong> \u00e9 o \u00edcone local, mas a grande vantagem estrat\u00e9gica de ficar em Cabo Frio \u00e9 a proximidade com <strong>Arraial do Cabo<\/strong>. A cidade vizinha, a apenas 20 minutos de carro, \u00e9 quem det\u00e9m o t\u00edtulo oficial de &#8220;Caribe Brasileiro&#8221;, permitindo que voc\u00ea aproveite o melhor dos dois mundos na mesma viagem.<\/p>\n\n\n<div class=\"wp-block-image\">\n<figure class=\"aligncenter size-large\"><img decoding=\"async\" src=\"https:\/\/revistaforum.com.br\/forumtudo\/wp-content\/uploads\/2025\/11\/Cabo-Frio_1762074797596-1024x576.jpg\" alt=\"Cabo Frio\" class=\"wp-image-4888\"\/><figcaption class=\"wp-element-caption\">Cabo Frio re\u00fane elementos naturais e culturais que se complementam, criando cen\u00e1rios perfeitos para fotografia, caminhadas e contempla\u00e7\u00e3o \/\/ Cr\u00e9ditos: depositphotos.com \/ Cristian_Lourenco<\/figcaption><\/figure><\/div>\n\n\n<h2 class=\"wp-block-heading\">Qual a \u00e9poca mais inteligente para viajar?<\/h2>\n\n\n\n<p>Fugir da alta temporada \u00e9 o segredo para uma experi\u00eancia premium. O ver\u00e3o (dezembro a mar\u00e7o) garante calor intenso, mas traz chuvas de fim de tarde e tr\u00e2nsito intenso nas serras.<\/p>\n\n\n\n<p>Os meses de abril a junho e setembro a novembro s\u00e3o o &#8220;fil\u00e9 mignon&#8221; do calend\u00e1rio. A <strong><a href=\"https:\/\/www.climatempo.com.br\/previsao-do-tempo\/cidade\/84\/vitoria-es\" target=\"_blank\" rel=\"noreferrer noopener\">temperatura m\u00e9dia<\/a><\/strong> oscila agradavelmente entre 23\u00b0C e 27\u00b0C, o sol brilha com const\u00e2ncia e as praias est\u00e3o vazias o suficiente para voc\u00ea escolher o melhor lugar na areia.<\/p>\n\n\n\n<h2 class=\"wp-block-heading\">Existe op\u00e7\u00e3o de \u00e1gua doce pr\u00f3xima?<\/h2>\n\n\n\n<p>Para quem quer encurtar a viagem pela metade, o &#8220;Mar de Minas&#8221; em <strong>Capit\u00f3lio<\/strong> \u00e9 a alternativa de luxo. Localizado a aproximadamente <strong>280 km<\/strong>, o <strong>Lago de Furnas<\/strong> impressiona pela grandiosidade que n\u00e3o deve nada ao oceano.<\/p>\n\n\n\n<p>A experi\u00eancia aqui \u00e9 n\u00e1utica: lanchas substituem a caminhada na areia, levando os turistas aos p\u00e9s de c\u00e2nions gigantescos e cachoeiras que caem direto na represa. \u00c9 a uni\u00e3o perfeita entre o frescor da \u00e1gua e a paisagem de cerrado.<\/p>\n\n\n<div class=\"wp-block-image\">\n<figure class=\"aligncenter size-large\"><img loading=\"lazy\" decoding=\"async\" width=\"1024\" height=\"576\" src=\"https:\/\/www.em.com.br\/emfoco\/wp-content\/uploads\/2025\/12\/Mar_de_Minas_Capitolio_MG_por_Eduardo_Bellon-1024x576.jpg\" alt=\"\" class=\"wp-image-137121\" srcset=\"https:\/\/www.em.com.br\/emfoco\/wp-content\/uploads\/2025\/12\/Mar_de_Minas_Capitolio_MG_por_Eduardo_Bellon-1024x576.jpg 1024w, https:\/\/www.em.com.br\/emfoco\/wp-content\/uploads\/2025\/12\/Mar_de_Minas_Capitolio_MG_por_Eduardo_Bellon-300x169.jpg 300w, https:\/\/www.em.com.br\/emfoco\/wp-content\/uploads\/2025\/12\/Mar_de_Minas_Capitolio_MG_por_Eduardo_Bellon-768x432.jpg 768w, https:\/\/www.em.com.br\/emfoco\/wp-content\/uploads\/2025\/12\/Mar_de_Minas_Capitolio_MG_por_Eduardo_Bellon-750x422.jpg 750w, https:\/\/www.em.com.br\/emfoco\/wp-content\/uploads\/2025\/12\/Mar_de_Minas_Capitolio_MG_por_Eduardo_Bellon-1140x641.jpg 1140w, https:\/\/www.em.com.br\/emfoco\/wp-content\/uploads\/2025\/12\/Mar_de_Minas_Capitolio_MG_por_Eduardo_Bellon.jpg 1280w\" sizes=\"auto, (max-width: 1024px) 100vw, 1024px\" \/><figcaption class=\"wp-element-caption\">Capit\u00f3lio, o grande Mar de Minas \/\/ Cr\u00e9ditos: Wikimedia Commons<\/figcaption><\/figure><\/div>\n\n\n<p><strong>Leia tamb\u00e9m: <a href=\"https:\/\/www.em.com.br\/emfoco\/2025\/12\/07\/a-joia-litoranea-do-sudeste-que-se-tornou-referencia-em-qualidade-de-vida-e-modernidade\/\" target=\"_blank\" rel=\"noreferrer noopener\">A joia litor\u00e2nea do Sudeste que se tornou refer\u00eancia em qualidade de vida e modernidade<\/a><\/strong><\/p>\n\n\n\n<h2 class=\"wp-block-heading\">Segredos para aproveitar o trajeto<\/h2>\n\n\n\n<p>A viagem pode come\u00e7ar antes de chegar ao mar. Quem segue para o litoral capixaba pode fazer uma parada t\u00e9cnica e charmosa em <strong>Domingos Martins<\/strong>. A cidade serrana oferece clima europeu e gastronomia alem\u00e3, quebrando o ritmo da estrada.<\/p>\n\n\n\n<p>Outra dica valiosa \u00e9 explorar <strong>Vila Velha<\/strong>, vizinha \u00e0 capital <strong>Vit\u00f3ria<\/strong>. Praias como a <strong>Praia da Costa<\/strong> oferecem um cal\u00e7ad\u00e3o organizado e \u00e1guas limpas, sendo muitas vezes uma alternativa mais tranquila que o agito central de Guarapari.<\/p>\n\n\n\n<p>Seja descendo a serra para o Esp\u00edrito Santo, cruzando a divisa para o Rio ou ficando nas \u00e1guas doces de Minas, o importante \u00e9 o movimento. Escolha seu destino, prepare a playlist e pegue a estrada.<\/p>\n","protected":false},"excerpt":{"rendered":"<p>Descobrir as melhores praias perto de Belo Horizonte \u00e9 o desejo n\u00famero um de quem vive na capital e precisa recarregar as energias. Embora Minas Gerais n\u00e3o tenha mar, a localiza\u00e7\u00e3o privilegiada permite que, em poucas horas de estrada, voc\u00ea esteja com os p\u00e9s na areia do Esp\u00edrito Santo ou do Rio de Janeiro. Por [&hellip;]<\/p>\n","protected":false},"author":6,"featured_media":137120,"comment_status":"open","ping_status":"open","sticky":false,"template":"","format":"standard","meta":{"jnews-multi-image_gallery":[],"jnews_single_post":{"format":"standard"},"jnews_primary_category":[],"jnews_social_meta":[],"jnews_override_counter":[],"footnotes":""},"categories":[26],"tags":[154,183,321],"class_list":["post-137083","post","type-post","status-publish","format-standard","has-post-thumbnail","hentry","category-cidades","tag-belo-horizonte","tag-cidades","tag-praias"],"yoast_head":"<!-- This site is optimized with the Yoast SEO plugin v23.8 - https:\/\/yoast.com\/wordpress\/plugins\/seo\/ -->\n<title>As praias pr\u00f3ximas de Belo Horizonte que viraram ref\u00fagio r\u00e1pido para quem quer descansar - Estado de Minas - Em foco<\/title>\n<meta name=\"description\" content=\"Perto de Belo Horizonte, existem algumas praias tranquilas que oferecem descanso r\u00e1pido, boa \u00e1gua para banho e um clima leve para relaxar.\" \/>\n<meta name=\"robots\" content=\"index, follow, max-snippet:-1, max-image-preview:large, max-video-preview:-1\" \/>\n<link rel=\"canonical\" href=\"https:\/\/www.em.com.br\/emfoco\/2025\/12\/08\/as-praias-proximas-de-belo-horizonte-que-viraram-refugio-rapido-para-quem-quer-descansar\/\" \/>\n<meta property=\"og:locale\" content=\"pt_BR\" \/>\n<meta property=\"og:type\" content=\"article\" \/>\n<meta property=\"og:title\" content=\"As praias pr\u00f3ximas de Belo Horizonte que viraram ref\u00fagio r\u00e1pido para quem quer descansar - Estado de Minas - Em foco\" \/>\n<meta property=\"og:description\" content=\"Perto de Belo Horizonte, existem algumas praias tranquilas que oferecem descanso r\u00e1pido, boa \u00e1gua para banho e um clima leve para relaxar.\" \/>\n<meta property=\"og:url\" content=\"https:\/\/www.em.com.br\/emfoco\/2025\/12\/08\/as-praias-proximas-de-belo-horizonte-que-viraram-refugio-rapido-para-quem-quer-descansar\/\" \/>\n<meta property=\"og:site_name\" content=\"Estado de Minas - Em foco\" \/>\n<meta property=\"article:published_time\" content=\"2025-12-08T14:25:00+00:00\" \/>\n<meta property=\"article:modified_time\" content=\"2025-12-08T04:56:32+00:00\" \/>\n<meta property=\"og:image\" content=\"https:\/\/www.em.com.br\/emfoco\/wp-content\/uploads\/2025\/12\/praia.jpg\" \/>\n\t<meta property=\"og:image:width\" content=\"1280\" \/>\n\t<meta property=\"og:image:height\" content=\"720\" \/>\n\t<meta property=\"og:image:type\" content=\"image\/jpeg\" \/>\n<meta name=\"author\" content=\"Vitor Bruno\" \/>\n<meta name=\"twitter:card\" content=\"summary_large_image\" \/>\n<meta name=\"twitter:label1\" content=\"Escrito por\" \/>\n\t<meta name=\"twitter:data1\" content=\"Vitor Bruno\" \/>\n\t<meta name=\"twitter:label2\" content=\"Est. tempo de leitura\" \/>\n\t<meta name=\"twitter:data2\" content=\"6 minutos\" \/>\n<!-- \/ Yoast SEO plugin. -->","yoast_head_json":{"title":"As praias pr\u00f3ximas de Belo Horizonte que viraram ref\u00fagio r\u00e1pido para quem quer descansar - Estado de Minas - Em foco","description":"Perto de Belo Horizonte, existem algumas praias tranquilas que oferecem descanso r\u00e1pido, boa \u00e1gua para banho e um clima leve para relaxar.","robots":{"index":"index","follow":"follow","max-snippet":"max-snippet:-1","max-image-preview":"max-image-preview:large","max-video-preview":"max-video-preview:-1"},"canonical":"https:\/\/www.em.com.br\/emfoco\/2025\/12\/08\/as-praias-proximas-de-belo-horizonte-que-viraram-refugio-rapido-para-quem-quer-descansar\/","og_locale":"pt_BR","og_type":"article","og_title":"As praias pr\u00f3ximas de Belo Horizonte que viraram ref\u00fagio r\u00e1pido para quem quer descansar - Estado de Minas - Em foco","og_description":"Perto de Belo Horizonte, existem algumas praias tranquilas que oferecem descanso r\u00e1pido, boa \u00e1gua para banho e um clima leve para relaxar.","og_url":"https:\/\/www.em.com.br\/emfoco\/2025\/12\/08\/as-praias-proximas-de-belo-horizonte-que-viraram-refugio-rapido-para-quem-quer-descansar\/","og_site_name":"Estado de Minas - Em foco","article_published_time":"2025-12-08T14:25:00+00:00","article_modified_time":"2025-12-08T04:56:32+00:00","og_image":[{"width":1280,"height":720,"url":"https:\/\/www.em.com.br\/emfoco\/wp-content\/uploads\/2025\/12\/praia.jpg","type":"image\/jpeg"}],"author":"Vitor Bruno","twitter_card":"summary_large_image","twitter_misc":{"Escrito por":"Vitor Bruno","Est. tempo de leitura":"6 minutos"},"schema":{"@context":"https:\/\/schema.org","@graph":[{"@type":"WebPage","@id":"https:\/\/www.em.com.br\/emfoco\/2025\/12\/08\/as-praias-proximas-de-belo-horizonte-que-viraram-refugio-rapido-para-quem-quer-descansar\/","url":"https:\/\/www.em.com.br\/emfoco\/2025\/12\/08\/as-praias-proximas-de-belo-horizonte-que-viraram-refugio-rapido-para-quem-quer-descansar\/","name":"As praias pr\u00f3ximas de Belo Horizonte que viraram ref\u00fagio r\u00e1pido para quem quer descansar - Estado de Minas - Em foco","isPartOf":{"@id":"https:\/\/www.em.com.br\/emfoco\/#website"},"primaryImageOfPage":{"@id":"https:\/\/www.em.com.br\/emfoco\/2025\/12\/08\/as-praias-proximas-de-belo-horizonte-que-viraram-refugio-rapido-para-quem-quer-descansar\/#primaryimage"},"image":{"@id":"https:\/\/www.em.com.br\/emfoco\/2025\/12\/08\/as-praias-proximas-de-belo-horizonte-que-viraram-refugio-rapido-para-quem-quer-descansar\/#primaryimage"},"thumbnailUrl":"https:\/\/www.em.com.br\/emfoco\/wp-content\/uploads\/2025\/12\/praia.jpg","datePublished":"2025-12-08T14:25:00+00:00","dateModified":"2025-12-08T04:56:32+00:00","author":{"@id":"https:\/\/www.em.com.br\/emfoco\/#\/schema\/person\/364ac1852fafd00f1be20f0b8b237569"},"description":"Perto de Belo Horizonte, existem algumas praias tranquilas que oferecem descanso r\u00e1pido, boa \u00e1gua para banho e um clima leve para relaxar.","breadcrumb":{"@id":"https:\/\/www.em.com.br\/emfoco\/2025\/12\/08\/as-praias-proximas-de-belo-horizonte-que-viraram-refugio-rapido-para-quem-quer-descansar\/#breadcrumb"},"inLanguage":"pt-BR","potentialAction":[{"@type":"ReadAction","target":["https:\/\/www.em.com.br\/emfoco\/2025\/12\/08\/as-praias-proximas-de-belo-horizonte-que-viraram-refugio-rapido-para-quem-quer-descansar\/"]}]},{"@type":"ImageObject","inLanguage":"pt-BR","@id":"https:\/\/www.em.com.br\/emfoco\/2025\/12\/08\/as-praias-proximas-de-belo-horizonte-que-viraram-refugio-rapido-para-quem-quer-descansar\/#primaryimage","url":"https:\/\/www.em.com.br\/emfoco\/wp-content\/uploads\/2025\/12\/praia.jpg","contentUrl":"https:\/\/www.em.com.br\/emfoco\/wp-content\/uploads\/2025\/12\/praia.jpg","width":1280,"height":720,"caption":"Descobrir as melhores praias perto de Belo Horizonte \u00e9 o desejo n\u00famero um de quem vive na capital"},{"@type":"BreadcrumbList","@id":"https:\/\/www.em.com.br\/emfoco\/2025\/12\/08\/as-praias-proximas-de-belo-horizonte-que-viraram-refugio-rapido-para-quem-quer-descansar\/#breadcrumb","itemListElement":[{"@type":"ListItem","position":1,"name":"In\u00edcio","item":"https:\/\/www.em.com.br\/emfoco\/"},{"@type":"ListItem","position":2,"name":"As praias pr\u00f3ximas de Belo Horizonte que viraram ref\u00fagio r\u00e1pido para quem quer descansar"}]},{"@type":"WebSite","@id":"https:\/\/www.em.com.br\/emfoco\/#website","url":"https:\/\/www.em.com.br\/emfoco\/","name":"Estado de Minas - Em foco","description":"Acompanhe as \u00faltimas not\u00edcias e fique bem informado sobre tudo o que acontece em Minas Gerais, Brasil e no mundo.","potentialAction":[{"@type":"SearchAction","target":{"@type":"EntryPoint","urlTemplate":"https:\/\/www.em.com.br\/emfoco\/?s={search_term_string}"},"query-input":{"@type":"PropertyValueSpecification","valueRequired":true,"valueName":"search_term_string"}}],"inLanguage":"pt-BR"},{"@type":"Person","@id":"https:\/\/www.em.com.br\/emfoco\/#\/schema\/person\/364ac1852fafd00f1be20f0b8b237569","name":"Vitor Bruno","image":{"@type":"ImageObject","inLanguage":"pt-BR","@id":"https:\/\/www.em.com.br\/emfoco\/#\/schema\/person\/image\/","url":"https:\/\/secure.gravatar.com\/avatar\/b719e5cdede09f942064960883b5524d?s=96&d=mm&r=g","contentUrl":"https:\/\/secure.gravatar.com\/avatar\/b719e5cdede09f942064960883b5524d?s=96&d=mm&r=g","caption":"Vitor Bruno"},"sameAs":["https:\/\/www.em.com.br\/emfoco\/"],"url":"https:\/\/www.em.com.br\/emfoco\/author\/vitormyth\/"}]}},"_links":{"self":[{"href":"https:\/\/www.em.com.br\/emfoco\/wp-json\/wp\/v2\/posts\/137083","targetHints":{"allow":["GET"]}}],"collection":[{"href":"https:\/\/www.em.com.br\/emfoco\/wp-json\/wp\/v2\/posts"}],"about":[{"href":"https:\/\/www.em.com.br\/emfoco\/wp-json\/wp\/v2\/types\/post"}],"author":[{"embeddable":true,"href":"https:\/\/www.em.com.br\/emfoco\/wp-json\/wp\/v2\/users\/6"}],"replies":[{"embeddable":true,"href":"https:\/\/www.em.com.br\/emfoco\/wp-json\/wp\/v2\/comments?post=137083"}],"version-history":[{"count":5,"href":"https:\/\/www.em.com.br\/emfoco\/wp-json\/wp\/v2\/posts\/137083\/revisions"}],"predecessor-version":[{"id":137122,"href":"https:\/\/www.em.com.br\/emfoco\/wp-json\/wp\/v2\/posts\/137083\/revisions\/137122"}],"wp:featuredmedia":[{"embeddable":true,"href":"https:\/\/www.em.com.br\/emfoco\/wp-json\/wp\/v2\/media\/137120"}],"wp:attachment":[{"href":"https:\/\/www.em.com.br\/emfoco\/wp-json\/wp\/v2\/media?parent=137083"}],"wp:term":[{"taxonomy":"category","embeddable":true,"href":"https:\/\/www.em.com.br\/emfoco\/wp-json\/wp\/v2\/categories?post=137083"},{"taxonomy":"post_tag","embeddable":true,"href":"https:\/\/www.em.com.br\/emfoco\/wp-json\/wp\/v2\/tags?post=137083"}],"curies":[{"name":"wp","href":"https:\/\/api.w.org\/{rel}","templated":true}]}}