{"id":137066,"date":"2025-12-08T17:35:00","date_gmt":"2025-12-08T20:35:00","guid":{"rendered":"https:\/\/www.em.com.br\/emfoco\/?p=137066"},"modified":"2025-12-06T23:06:25","modified_gmt":"2025-12-07T02:06:25","slug":"creatina-ou-proteina-qual-e-mais-eficaz-para-ganhar-forca-e-acelerar-a-recuperacao-apos-os-50-anos","status":"publish","type":"post","link":"https:\/\/www.em.com.br\/emfoco\/2025\/12\/08\/creatina-ou-proteina-qual-e-mais-eficaz-para-ganhar-forca-e-acelerar-a-recuperacao-apos-os-50-anos\/","title":{"rendered":"Creatina ou prote\u00edna, qual \u00e9 mais eficaz para ganhar for\u00e7a e acelerar a recupera\u00e7\u00e3o ap\u00f3s os 50 anos?"},"content":{"rendered":"\n<p>A busca por mais for\u00e7a e recupera\u00e7\u00e3o eficiente cresce entre mulheres acima dos 50 anos, e entender como <strong>suplementos musculares<\/strong> ajudam nessa fase \u00e9 essencial. Creatina e prote\u00edna oferecem benef\u00edcios importantes, mas atuam de formas diferentes no organismo.<\/p>\n\n\n\n<h2 class=\"wp-block-heading\">Como a creatina fortalece os m\u00fasculos depois dos 50?<\/h2>\n\n\n\n<p>A <strong>creatina<\/strong> \u00e9 produzida naturalmente pelo corpo e tamb\u00e9m obtida por alimentos ou suplementos. Para Albert Matheny, ela aumenta a energia muscular e melhora a for\u00e7a em atividades intensas, al\u00e9m de acelerar a recupera\u00e7\u00e3o entre os treinos.<\/p>\n\n\n\n<p>Steven K. Malin, da Rutgers, explicou que a creatina eleva as reservas de <strong>ATP<\/strong>, combust\u00edvel essencial para contra\u00e7\u00f5es musculares. Estudos na <strong>Current Developments in Nutrition<\/strong> e na <strong>Journal of the International Society of Sports Nutrition<\/strong> confirmam benef\u00edcios em adultos mais velhos.<\/p>\n\n\n\n<figure class=\"wp-block-image size-large\"><img loading=\"lazy\" decoding=\"async\" width=\"1024\" height=\"576\" src=\"https:\/\/www.em.com.br\/emfoco\/wp-content\/uploads\/2025\/12\/IA-IMG-1-68-1024x576.jpg\" alt=\"Creatina ou prote\u00edna, qual \u00e9 mais eficaz para ganhar for\u00e7a e acelerar a recupera\u00e7\u00e3o ap\u00f3s os 50 anos?\" class=\"wp-image-136698\" srcset=\"https:\/\/www.em.com.br\/emfoco\/wp-content\/uploads\/2025\/12\/IA-IMG-1-68-1024x576.jpg 1024w, https:\/\/www.em.com.br\/emfoco\/wp-content\/uploads\/2025\/12\/IA-IMG-1-68-300x169.jpg 300w, https:\/\/www.em.com.br\/emfoco\/wp-content\/uploads\/2025\/12\/IA-IMG-1-68-768x432.jpg 768w, https:\/\/www.em.com.br\/emfoco\/wp-content\/uploads\/2025\/12\/IA-IMG-1-68-750x422.jpg 750w, https:\/\/www.em.com.br\/emfoco\/wp-content\/uploads\/2025\/12\/IA-IMG-1-68-1140x641.jpg 1140w, https:\/\/www.em.com.br\/emfoco\/wp-content\/uploads\/2025\/12\/IA-IMG-1-68.jpg 1280w\" sizes=\"auto, (max-width: 1024px) 100vw, 1024px\" \/><figcaption class=\"wp-element-caption\">Creatina aumenta energia r\u00e1pida e melhora a performance muscular feminina<\/figcaption><\/figure>\n\n\n\n<h2 class=\"wp-block-heading\">Quais cuidados a mulher deve ter ao usar creatina?<\/h2>\n\n\n\n<p>Apesar de ser considerada segura quando usada corretamente, a creatina pode causar desconfortos em algumas fases do uso. Entre os principais efeitos que exigem aten\u00e7\u00e3o est\u00e3o os que voc\u00ea v\u00ea a seguir.<\/p>\n\n\n\n<ul class=\"wp-block-list\">\n<li><strong>Reten\u00e7\u00e3o de l\u00edquidos:<\/strong> comum no in\u00edcio, especialmente na fase de satura\u00e7\u00e3o.<\/li>\n\n\n\n<li><strong>Desconfortos digestivos:<\/strong> incluem incha\u00e7o e leve mal-estar intestinal.<\/li>\n\n\n\n<li><strong>Risco de desidrata\u00e7\u00e3o:<\/strong> exige aumento da ingest\u00e3o de \u00e1gua ao longo do dia.<\/li>\n<\/ul>\n\n\n\n<h2 class=\"wp-block-heading\">Como a prote\u00edna ajuda na recupera\u00e7\u00e3o muscular ap\u00f3s os 50?<\/h2>\n\n\n\n<p>A <strong>prote\u00edna<\/strong> \u00e9 fundamental para reparar fibras musculares e evitar perda de massa magra com o envelhecimento. Matheny afirma que amino\u00e1cidos s\u00f3 funcionam plenamente quando combinados com treino regular, favorecendo o ganho de for\u00e7a e a manuten\u00e7\u00e3o da funcionalidade.<\/p>\n\n\n\n<p>Chaney destaca que mulheres maduras precisam de mais prote\u00edna para prevenir sarcopenia, refor\u00e7ando estudos publicados nos <strong>Anais de Medicina Interna<\/strong> e no <strong><a href=\"https:\/\/www.tandfonline.com\/doi\/full\/10.1186\/s12970-021-00412-w\" target=\"_blank\" rel=\"noreferrer noopener\">American Journal of Clinical Nutrition<\/a><\/strong>, que associam prote\u00edna adequada ao envelhecimento saud\u00e1vel e melhor recupera\u00e7\u00e3o.<\/p>\n\n\n\n<figure class=\"wp-block-image size-large\"><img loading=\"lazy\" decoding=\"async\" width=\"1024\" height=\"576\" src=\"https:\/\/www.em.com.br\/emfoco\/wp-content\/uploads\/2025\/12\/Proteina-em-po_1764994376040-1024x576.jpg\" alt=\"Creatina ou prote\u00edna, qual \u00e9 mais eficaz para ganhar for\u00e7a e acelerar a recupera\u00e7\u00e3o ap\u00f3s os 50 anos?\" class=\"wp-image-136699\" srcset=\"https:\/\/www.em.com.br\/emfoco\/wp-content\/uploads\/2025\/12\/Proteina-em-po_1764994376040-1024x576.jpg 1024w, https:\/\/www.em.com.br\/emfoco\/wp-content\/uploads\/2025\/12\/Proteina-em-po_1764994376040-300x169.jpg 300w, https:\/\/www.em.com.br\/emfoco\/wp-content\/uploads\/2025\/12\/Proteina-em-po_1764994376040-768x432.jpg 768w, https:\/\/www.em.com.br\/emfoco\/wp-content\/uploads\/2025\/12\/Proteina-em-po_1764994376040-750x422.jpg 750w, https:\/\/www.em.com.br\/emfoco\/wp-content\/uploads\/2025\/12\/Proteina-em-po_1764994376040-1140x641.jpg 1140w, https:\/\/www.em.com.br\/emfoco\/wp-content\/uploads\/2025\/12\/Proteina-em-po_1764994376040.jpg 1280w\" sizes=\"auto, (max-width: 1024px) 100vw, 1024px\" \/><figcaption class=\"wp-element-caption\">Prote\u00edna sustenta reparo muscular essencial e previne perda de for\u00e7a &#8211; Cr\u00e9ditos: depositphotos.com \/ KostyaKlimenko<\/figcaption><\/figure>\n\n\n\n<p><em>Leia mais: <strong><a href=\"https:\/\/www.em.com.br\/emfoco\/2025\/11\/25\/quais-os-melhores-suplementos-para-idosos\/\" target=\"_blank\" rel=\"noreferrer noopener\">Quais os melhores suplementos para idosos?<\/a><\/strong><\/em><\/p>\n\n\n\n<h2 class=\"wp-block-heading\">Quando creatina e prote\u00edna podem ser usadas juntas com seguran\u00e7a?<\/h2>\n\n\n\n<p>A combina\u00e7\u00e3o dos dois suplementos traz benef\u00edcios complementares, mas Kenton Fibel, da Cedars-Sinai, alerta que a <strong>qualidade<\/strong> dos produtos varia muito. Por isso, recomenda supervis\u00e3o m\u00e9dica antes de iniciar qualquer uso. Entre os cuidados essenciais est\u00e3o os que voc\u00ea v\u00ea a seguir.<\/p>\n\n\n\n<ul class=\"wp-block-list\">\n<li><strong>Avaliar intera\u00e7\u00f5es:<\/strong> m\u00e9dicos identificam se creatina ou prote\u00edna interferem em medicamentos.<\/li>\n\n\n\n<li><strong>Ajustar dosagem:<\/strong> maioria das mulheres precisa de 3 a 5 g de creatina e 0,8 g\/kg de prote\u00edna.<\/li>\n\n\n\n<li><strong>Evitar excessos:<\/strong> prote\u00edna al\u00e9m da necessidade pode virar gordura e causar desconfortos.<\/li>\n<\/ul>\n\n\n\n<p>Creatina e prote\u00edna podem ser fortes aliadas na for\u00e7a e recupera\u00e7\u00e3o ap\u00f3s os 50, desde que usadas com orienta\u00e7\u00e3o profissional. Cuidar da sa\u00fade muscular nessa fase \u00e9 um investimento em autonomia, vitalidade e qualidade de vida \u2014 um passo poderoso que come\u00e7a com escolhas informadas.<\/p>\n","protected":false},"excerpt":{"rendered":"<p>A busca por mais for\u00e7a e recupera\u00e7\u00e3o eficiente cresce entre mulheres acima dos 50 anos, e entender como suplementos musculares ajudam nessa fase \u00e9 essencial. Creatina e prote\u00edna oferecem benef\u00edcios importantes, mas atuam de formas diferentes no organismo. Como a creatina fortalece os m\u00fasculos depois dos 50? A creatina \u00e9 produzida naturalmente pelo corpo e [&hellip;]<\/p>\n","protected":false},"author":13,"featured_media":136696,"comment_status":"open","ping_status":"open","sticky":false,"template":"","format":"standard","meta":{"jnews-multi-image_gallery":[],"jnews_single_post":{"format":"standard"},"jnews_primary_category":[],"jnews_social_meta":[],"jnews_override_counter":[],"footnotes":""},"categories":[9053],"tags":[4072,20046,3113,6981],"class_list":["post-137066","post","type-post","status-publish","format-standard","has-post-thumbnail","hentry","category-saude","tag-creatina","tag-pessoas-de-50-anos","tag-proteina","tag-suplementos"],"yoast_head":"<!-- This site is optimized with the Yoast SEO plugin v23.8 - https:\/\/yoast.com\/wordpress\/plugins\/seo\/ -->\n<title>Creatina ou prote\u00edna, qual \u00e9 mais eficaz para ganhar for\u00e7a e acelerar a recupera\u00e7\u00e3o ap\u00f3s os 50 anos? - Estado de Minas - Em foco<\/title>\n<meta name=\"description\" content=\"Creatina e prote\u00edna ajudam mulheres 50+ a ganhar for\u00e7a e manter m\u00fasculos. Entenda como usar com seguran\u00e7a e melhorar a recupera\u00e7\u00e3o.\" \/>\n<meta name=\"robots\" content=\"index, follow, max-snippet:-1, max-image-preview:large, max-video-preview:-1\" \/>\n<link rel=\"canonical\" href=\"https:\/\/www.em.com.br\/emfoco\/2025\/12\/08\/creatina-ou-proteina-qual-e-mais-eficaz-para-ganhar-forca-e-acelerar-a-recuperacao-apos-os-50-anos\/\" \/>\n<meta property=\"og:locale\" content=\"pt_BR\" \/>\n<meta property=\"og:type\" content=\"article\" \/>\n<meta property=\"og:title\" content=\"Creatina ou prote\u00edna, qual \u00e9 mais eficaz para ganhar for\u00e7a e acelerar a recupera\u00e7\u00e3o ap\u00f3s os 50 anos? - Estado de Minas - Em foco\" \/>\n<meta property=\"og:description\" content=\"Creatina e prote\u00edna ajudam mulheres 50+ a ganhar for\u00e7a e manter m\u00fasculos. Entenda como usar com seguran\u00e7a e melhorar a recupera\u00e7\u00e3o.\" \/>\n<meta property=\"og:url\" content=\"https:\/\/www.em.com.br\/emfoco\/2025\/12\/08\/creatina-ou-proteina-qual-e-mais-eficaz-para-ganhar-forca-e-acelerar-a-recuperacao-apos-os-50-anos\/\" \/>\n<meta property=\"og:site_name\" content=\"Estado de Minas - Em foco\" \/>\n<meta property=\"article:published_time\" content=\"2025-12-08T20:35:00+00:00\" \/>\n<meta property=\"article:modified_time\" content=\"2025-12-07T02:06:25+00:00\" \/>\n<meta property=\"og:image\" content=\"https:\/\/www.em.com.br\/emfoco\/wp-content\/uploads\/2025\/12\/IA-IMG-89.jpg\" \/>\n\t<meta property=\"og:image:width\" content=\"1280\" \/>\n\t<meta property=\"og:image:height\" content=\"720\" \/>\n\t<meta property=\"og:image:type\" content=\"image\/jpeg\" \/>\n<meta name=\"author\" content=\"Gabriel Martins\" \/>\n<meta name=\"twitter:card\" content=\"summary_large_image\" \/>\n<meta name=\"twitter:label1\" content=\"Escrito por\" \/>\n\t<meta name=\"twitter:data1\" content=\"Gabriel Martins\" \/>\n\t<meta name=\"twitter:label2\" content=\"Est. tempo de leitura\" \/>\n\t<meta name=\"twitter:data2\" content=\"4 minutos\" \/>\n<!-- \/ Yoast SEO plugin. -->","yoast_head_json":{"title":"Creatina ou prote\u00edna, qual \u00e9 mais eficaz para ganhar for\u00e7a e acelerar a recupera\u00e7\u00e3o ap\u00f3s os 50 anos? - Estado de Minas - Em foco","description":"Creatina e prote\u00edna ajudam mulheres 50+ a ganhar for\u00e7a e manter m\u00fasculos. Entenda como usar com seguran\u00e7a e melhorar a recupera\u00e7\u00e3o.","robots":{"index":"index","follow":"follow","max-snippet":"max-snippet:-1","max-image-preview":"max-image-preview:large","max-video-preview":"max-video-preview:-1"},"canonical":"https:\/\/www.em.com.br\/emfoco\/2025\/12\/08\/creatina-ou-proteina-qual-e-mais-eficaz-para-ganhar-forca-e-acelerar-a-recuperacao-apos-os-50-anos\/","og_locale":"pt_BR","og_type":"article","og_title":"Creatina ou prote\u00edna, qual \u00e9 mais eficaz para ganhar for\u00e7a e acelerar a recupera\u00e7\u00e3o ap\u00f3s os 50 anos? - Estado de Minas - Em foco","og_description":"Creatina e prote\u00edna ajudam mulheres 50+ a ganhar for\u00e7a e manter m\u00fasculos. Entenda como usar com seguran\u00e7a e melhorar a recupera\u00e7\u00e3o.","og_url":"https:\/\/www.em.com.br\/emfoco\/2025\/12\/08\/creatina-ou-proteina-qual-e-mais-eficaz-para-ganhar-forca-e-acelerar-a-recuperacao-apos-os-50-anos\/","og_site_name":"Estado de Minas - Em foco","article_published_time":"2025-12-08T20:35:00+00:00","article_modified_time":"2025-12-07T02:06:25+00:00","og_image":[{"width":1280,"height":720,"url":"https:\/\/www.em.com.br\/emfoco\/wp-content\/uploads\/2025\/12\/IA-IMG-89.jpg","type":"image\/jpeg"}],"author":"Gabriel Martins","twitter_card":"summary_large_image","twitter_misc":{"Escrito por":"Gabriel Martins","Est. tempo de leitura":"4 minutos"},"schema":{"@context":"https:\/\/schema.org","@graph":[{"@type":"WebPage","@id":"https:\/\/www.em.com.br\/emfoco\/2025\/12\/08\/creatina-ou-proteina-qual-e-mais-eficaz-para-ganhar-forca-e-acelerar-a-recuperacao-apos-os-50-anos\/","url":"https:\/\/www.em.com.br\/emfoco\/2025\/12\/08\/creatina-ou-proteina-qual-e-mais-eficaz-para-ganhar-forca-e-acelerar-a-recuperacao-apos-os-50-anos\/","name":"Creatina ou prote\u00edna, qual \u00e9 mais eficaz para ganhar for\u00e7a e acelerar a recupera\u00e7\u00e3o ap\u00f3s os 50 anos? - Estado de Minas - Em foco","isPartOf":{"@id":"https:\/\/www.em.com.br\/emfoco\/#website"},"primaryImageOfPage":{"@id":"https:\/\/www.em.com.br\/emfoco\/2025\/12\/08\/creatina-ou-proteina-qual-e-mais-eficaz-para-ganhar-forca-e-acelerar-a-recuperacao-apos-os-50-anos\/#primaryimage"},"image":{"@id":"https:\/\/www.em.com.br\/emfoco\/2025\/12\/08\/creatina-ou-proteina-qual-e-mais-eficaz-para-ganhar-forca-e-acelerar-a-recuperacao-apos-os-50-anos\/#primaryimage"},"thumbnailUrl":"https:\/\/www.em.com.br\/emfoco\/wp-content\/uploads\/2025\/12\/IA-IMG-89.jpg","datePublished":"2025-12-08T20:35:00+00:00","dateModified":"2025-12-07T02:06:25+00:00","author":{"@id":"https:\/\/www.em.com.br\/emfoco\/#\/schema\/person\/1c9ddeab18b98abeffef834667bcf08a"},"description":"Creatina e prote\u00edna ajudam mulheres 50+ a ganhar for\u00e7a e manter m\u00fasculos. Entenda como usar com seguran\u00e7a e melhorar a recupera\u00e7\u00e3o.","breadcrumb":{"@id":"https:\/\/www.em.com.br\/emfoco\/2025\/12\/08\/creatina-ou-proteina-qual-e-mais-eficaz-para-ganhar-forca-e-acelerar-a-recuperacao-apos-os-50-anos\/#breadcrumb"},"inLanguage":"pt-BR","potentialAction":[{"@type":"ReadAction","target":["https:\/\/www.em.com.br\/emfoco\/2025\/12\/08\/creatina-ou-proteina-qual-e-mais-eficaz-para-ganhar-forca-e-acelerar-a-recuperacao-apos-os-50-anos\/"]}]},{"@type":"ImageObject","inLanguage":"pt-BR","@id":"https:\/\/www.em.com.br\/emfoco\/2025\/12\/08\/creatina-ou-proteina-qual-e-mais-eficaz-para-ganhar-forca-e-acelerar-a-recuperacao-apos-os-50-anos\/#primaryimage","url":"https:\/\/www.em.com.br\/emfoco\/wp-content\/uploads\/2025\/12\/IA-IMG-89.jpg","contentUrl":"https:\/\/www.em.com.br\/emfoco\/wp-content\/uploads\/2025\/12\/IA-IMG-89.jpg","width":1280,"height":720,"caption":"Creatina e prote\u00edna fortalecem m\u00fasculos femininos ap\u00f3s os cinquenta anos"},{"@type":"BreadcrumbList","@id":"https:\/\/www.em.com.br\/emfoco\/2025\/12\/08\/creatina-ou-proteina-qual-e-mais-eficaz-para-ganhar-forca-e-acelerar-a-recuperacao-apos-os-50-anos\/#breadcrumb","itemListElement":[{"@type":"ListItem","position":1,"name":"In\u00edcio","item":"https:\/\/www.em.com.br\/emfoco\/"},{"@type":"ListItem","position":2,"name":"Creatina ou prote\u00edna, qual \u00e9 mais eficaz para ganhar for\u00e7a e acelerar a recupera\u00e7\u00e3o ap\u00f3s os 50 anos?"}]},{"@type":"WebSite","@id":"https:\/\/www.em.com.br\/emfoco\/#website","url":"https:\/\/www.em.com.br\/emfoco\/","name":"Estado de Minas - Em foco","description":"Acompanhe as \u00faltimas not\u00edcias e fique bem informado sobre tudo o que acontece em Minas Gerais, Brasil e no mundo.","potentialAction":[{"@type":"SearchAction","target":{"@type":"EntryPoint","urlTemplate":"https:\/\/www.em.com.br\/emfoco\/?s={search_term_string}"},"query-input":{"@type":"PropertyValueSpecification","valueRequired":true,"valueName":"search_term_string"}}],"inLanguage":"pt-BR"},{"@type":"Person","@id":"https:\/\/www.em.com.br\/emfoco\/#\/schema\/person\/1c9ddeab18b98abeffef834667bcf08a","name":"Gabriel Martins","image":{"@type":"ImageObject","inLanguage":"pt-BR","@id":"https:\/\/www.em.com.br\/emfoco\/#\/schema\/person\/image\/","url":"https:\/\/secure.gravatar.com\/avatar\/f0f1e2efdfd88f1ad2cb08c5c2731e50?s=96&d=mm&r=g","contentUrl":"https:\/\/secure.gravatar.com\/avatar\/f0f1e2efdfd88f1ad2cb08c5c2731e50?s=96&d=mm&r=g","caption":"Gabriel Martins"},"sameAs":["https:\/\/www.em.com.br\/emfoco\/"],"url":"https:\/\/www.em.com.br\/emfoco\/author\/gabrielmartinsmyth\/"}]}},"_links":{"self":[{"href":"https:\/\/www.em.com.br\/emfoco\/wp-json\/wp\/v2\/posts\/137066","targetHints":{"allow":["GET"]}}],"collection":[{"href":"https:\/\/www.em.com.br\/emfoco\/wp-json\/wp\/v2\/posts"}],"about":[{"href":"https:\/\/www.em.com.br\/emfoco\/wp-json\/wp\/v2\/types\/post"}],"author":[{"embeddable":true,"href":"https:\/\/www.em.com.br\/emfoco\/wp-json\/wp\/v2\/users\/13"}],"replies":[{"embeddable":true,"href":"https:\/\/www.em.com.br\/emfoco\/wp-json\/wp\/v2\/comments?post=137066"}],"version-history":[{"count":1,"href":"https:\/\/www.em.com.br\/emfoco\/wp-json\/wp\/v2\/posts\/137066\/revisions"}],"predecessor-version":[{"id":137067,"href":"https:\/\/www.em.com.br\/emfoco\/wp-json\/wp\/v2\/posts\/137066\/revisions\/137067"}],"wp:featuredmedia":[{"embeddable":true,"href":"https:\/\/www.em.com.br\/emfoco\/wp-json\/wp\/v2\/media\/136696"}],"wp:attachment":[{"href":"https:\/\/www.em.com.br\/emfoco\/wp-json\/wp\/v2\/media?parent=137066"}],"wp:term":[{"taxonomy":"category","embeddable":true,"href":"https:\/\/www.em.com.br\/emfoco\/wp-json\/wp\/v2\/categories?post=137066"},{"taxonomy":"post_tag","embeddable":true,"href":"https:\/\/www.em.com.br\/emfoco\/wp-json\/wp\/v2\/tags?post=137066"}],"curies":[{"name":"wp","href":"https:\/\/api.w.org\/{rel}","templated":true}]}}