{"id":137048,"date":"2025-12-08T10:05:00","date_gmt":"2025-12-08T13:05:00","guid":{"rendered":"https:\/\/www.em.com.br\/emfoco\/?p=137048"},"modified":"2025-12-06T22:49:49","modified_gmt":"2025-12-07T01:49:49","slug":"operadora-que-acumulou-r-100-milhoes-em-dividas-enfrenta-falencia-no-brasil","status":"publish","type":"post","link":"https:\/\/www.em.com.br\/emfoco\/2025\/12\/08\/operadora-que-acumulou-r-100-milhoes-em-dividas-enfrenta-falencia-no-brasil\/","title":{"rendered":"Operadora que acumulou R$ 100 milh\u00f5es em d\u00edvidas enfrenta fal\u00eancia no Brasil"},"content":{"rendered":"\n<p>A fal\u00eancia da <strong>operadora Aeiou<\/strong> virou s\u00edmbolo de como promessas de inova\u00e7\u00e3o n\u00e3o bastam para sustentar uma empresa no competitivo mercado de telefonia. O colapso exp\u00f4s falhas graves de gest\u00e3o e deixou milhares de clientes sem suporte.<\/p>\n\n\n\n<h2 class=\"wp-block-heading\">O que levou uma operadora promissora a perder espa\u00e7o t\u00e3o r\u00e1pido?<\/h2>\n\n\n\n<p>A <strong>Aeiou<\/strong> surgiu como alternativa moderna \u00e0s gigantes do setor, oferecendo planos acess\u00edveis e atendimento digital. Apesar do in\u00edcio empolgante, a operadora enfrentou dificuldades t\u00e9cnicas logo nos primeiros anos, abalando a confian\u00e7a do p\u00fablico e comprometendo sua expans\u00e3o.<\/p>\n\n\n\n<p>Com reclama\u00e7\u00f5es acumuladas e suporte cada vez mais prec\u00e1rio, a empresa passou a figurar entre os piores \u00edndices de atendimento da <strong><a href=\"https:\/\/www.gov.br\/anatel\/pt-br\" target=\"_blank\" rel=\"noreferrer noopener\">Anatel<\/a><\/strong>. Esse desgaste abriu caminho para uma crise financeira que cresceu de forma acelerada.<\/p>\n\n\n\n<figure class=\"wp-block-image size-large\"><img loading=\"lazy\" decoding=\"async\" width=\"1024\" height=\"576\" src=\"https:\/\/www.em.com.br\/emfoco\/wp-content\/uploads\/2025\/12\/Dividas_1765041621704-1024x576.jpg\" alt=\"Operadora que acumulou R$ 100 milh\u00f5es em d\u00edvidas enfrenta fal\u00eancia no Brasil\" class=\"wp-image-136894\" srcset=\"https:\/\/www.em.com.br\/emfoco\/wp-content\/uploads\/2025\/12\/Dividas_1765041621704-1024x576.jpg 1024w, https:\/\/www.em.com.br\/emfoco\/wp-content\/uploads\/2025\/12\/Dividas_1765041621704-300x169.jpg 300w, https:\/\/www.em.com.br\/emfoco\/wp-content\/uploads\/2025\/12\/Dividas_1765041621704-768x432.jpg 768w, https:\/\/www.em.com.br\/emfoco\/wp-content\/uploads\/2025\/12\/Dividas_1765041621704-750x422.jpg 750w, https:\/\/www.em.com.br\/emfoco\/wp-content\/uploads\/2025\/12\/Dividas_1765041621704-1140x641.jpg 1140w, https:\/\/www.em.com.br\/emfoco\/wp-content\/uploads\/2025\/12\/Dividas_1765041621704.jpg 1280w\" sizes=\"auto, (max-width: 1024px) 100vw, 1024px\" \/><figcaption class=\"wp-element-caption\">Problemas t\u00e9cnicos e queda de qualidade destru\u00edram rapidamente a confian\u00e7a p\u00fablica &#8211; Cr\u00e9ditos: depositphotos.com \/ YevgeniySam25<\/figcaption><\/figure>\n\n\n\n<h2 class=\"wp-block-heading\">Quais acontecimentos levaram a Aeiou ao colapso definitivo?<\/h2>\n\n\n\n<p>A fal\u00eancia da empresa n\u00e3o ocorreu de forma repentina. A trajet\u00f3ria foi marcada por erros de gest\u00e3o e desacertos estruturais que se intensificaram ao longo do tempo. Entre os epis\u00f3dios mais determinantes est\u00e3o os que voc\u00ea v\u00ea a seguir.<\/p>\n\n\n\n<ul class=\"wp-block-list\">\n<li><strong>Problemas t\u00e9cnicos:<\/strong> quedas de sinal e falhas constantes minaram a experi\u00eancia do usu\u00e1rio.<\/li>\n\n\n\n<li><strong>Atendimento insuficiente:<\/strong> reclama\u00e7\u00f5es sem resposta contribu\u00edram para desgaste p\u00fablico.<\/li>\n\n\n\n<li><strong>D\u00edvidas crescentes:<\/strong> a controladora <strong>Unicel<\/strong> acumulou d\u00e9bitos que ultrapassaram R$ 100 milh\u00f5es.<\/li>\n<\/ul>\n\n\n\n<p><em>Leia mais: <strong><a href=\"https:\/\/www.em.com.br\/emfoco\/2025\/12\/01\/marca-famosa-entre-jovens-nao-resistiu-ao-novo-jeito-de-consumir-e-decreta-falencia\/\" target=\"_blank\" rel=\"noreferrer noopener\">Marca famosa entre jovens n\u00e3o resistiu ao novo jeito de consumir e decreta fal\u00eancia<\/a><\/strong><\/em><\/p>\n\n\n\n<h2 class=\"wp-block-heading\">Como a situa\u00e7\u00e3o financeira saiu do controle em t\u00e3o pouco tempo?<\/h2>\n\n\n\n<p>O endividamento da <strong>Unicel Telecomunica\u00e7\u00f5es<\/strong> avan\u00e7ou de forma acelerada, incluindo valores pendentes com fornecedores e com a pr\u00f3pria ag\u00eancia reguladora. Sem capital para honrar compromissos, a empresa mergulhou em um ciclo de inadimpl\u00eancia sem possibilidade de recupera\u00e7\u00e3o.<\/p>\n\n\n\n<p>Quando a <strong>Anatel<\/strong> tentou contato para intervir, a operadora j\u00e1 n\u00e3o atendia mais solicita\u00e7\u00f5es. Muitos clientes relataram que suas linhas deixaram de funcionar de forma repentina, refor\u00e7ando a percep\u00e7\u00e3o de abandono administrativo.<\/p>\n\n\n\n<figure class=\"wp-block-image size-large\"><img loading=\"lazy\" decoding=\"async\" width=\"1024\" height=\"576\" src=\"https:\/\/www.em.com.br\/emfoco\/wp-content\/uploads\/2025\/12\/Falencia_1765041693009-1024x576.jpg\" alt=\"Operadora que acumulou R$ 100 milh\u00f5es em d\u00edvidas enfrenta fal\u00eancia no Brasil\" class=\"wp-image-136895\" srcset=\"https:\/\/www.em.com.br\/emfoco\/wp-content\/uploads\/2025\/12\/Falencia_1765041693009-1024x576.jpg 1024w, https:\/\/www.em.com.br\/emfoco\/wp-content\/uploads\/2025\/12\/Falencia_1765041693009-300x169.jpg 300w, https:\/\/www.em.com.br\/emfoco\/wp-content\/uploads\/2025\/12\/Falencia_1765041693009-768x432.jpg 768w, https:\/\/www.em.com.br\/emfoco\/wp-content\/uploads\/2025\/12\/Falencia_1765041693009-750x422.jpg 750w, https:\/\/www.em.com.br\/emfoco\/wp-content\/uploads\/2025\/12\/Falencia_1765041693009-1140x641.jpg 1140w, https:\/\/www.em.com.br\/emfoco\/wp-content\/uploads\/2025\/12\/Falencia_1765041693009.jpg 1280w\" sizes=\"auto, (max-width: 1024px) 100vw, 1024px\" \/><figcaption class=\"wp-element-caption\">Clientes ficaram sem suporte e perderam n\u00fameros ap\u00f3s abandono completo &#8211; Cr\u00e9ditos: depositphotos.com \/ VitalikRadko<\/figcaption><\/figure>\n\n\n\n<h2 class=\"wp-block-heading\">Quais li\u00e7\u00f5es o caso deixa para o mercado de telefonia?<\/h2>\n\n\n\n<p>A queda da Aeiou, apesar da pequena participa\u00e7\u00e3o de cerca de 14 mil usu\u00e1rios, exp\u00f4s fragilidades que atingem novas operadoras que tentam competir em um setor altamente regulado. Entre os aprendizados essenciais est\u00e3o os pontos a seguir.<\/p>\n\n\n\n<ul class=\"wp-block-list\">\n<li><strong>Estrutura s\u00f3lida:<\/strong> modelos de baixo custo precisam de suporte t\u00e9cnico robusto.<\/li>\n\n\n\n<li><strong>Planejamento estrat\u00e9gico:<\/strong> a entrada no mercado exige proje\u00e7\u00f5es realistas e capital de resili\u00eancia.<\/li>\n\n\n\n<li><strong>Transpar\u00eancia com usu\u00e1rios:<\/strong> falhas prolongadas sem comunica\u00e7\u00e3o ampliam danos irrevers\u00edveis.<\/li>\n<\/ul>\n\n\n\n<p>A hist\u00f3ria da <strong>Aeiou<\/strong> confirma que o mercado de telefonia exige mais que boas ideias: requer gest\u00e3o competente, investimentos cont\u00ednuos e responsabilidade com o consumidor. Quando esses pilares falham, at\u00e9 a promessa mais inovadora pode se transformar em colapso.<\/p>\n","protected":false},"excerpt":{"rendered":"<p>A fal\u00eancia da operadora Aeiou virou s\u00edmbolo de como promessas de inova\u00e7\u00e3o n\u00e3o bastam para sustentar uma empresa no competitivo mercado de telefonia. O colapso exp\u00f4s falhas graves de gest\u00e3o e deixou milhares de clientes sem suporte. O que levou uma operadora promissora a perder espa\u00e7o t\u00e3o r\u00e1pido? A Aeiou surgiu como alternativa moderna \u00e0s [&hellip;]<\/p>\n","protected":false},"author":13,"featured_media":136893,"comment_status":"open","ping_status":"open","sticky":false,"template":"","format":"standard","meta":{"jnews-multi-image_gallery":[],"jnews_single_post":{"format":"standard"},"jnews_primary_category":[],"jnews_social_meta":[],"jnews_override_counter":[],"footnotes":""},"categories":[8819],"tags":[20003,4447,5478],"class_list":["post-137048","post","type-post","status-publish","format-standard","has-post-thumbnail","hentry","category-curiosidades","tag-aeiou","tag-anatel","tag-falencia"],"yoast_head":"<!-- This site is optimized with the Yoast SEO plugin v23.8 - https:\/\/yoast.com\/wordpress\/plugins\/seo\/ -->\n<title>Operadora que acumulou R$ 100 milh\u00f5es em d\u00edvidas enfrenta fal\u00eancia no Brasil - Estado de Minas - Em foco<\/title>\n<meta name=\"description\" content=\"A fal\u00eancia da Aeiou escancarou os erros de gest\u00e3o e mostrou que no setor de telefonia, prometer inova\u00e7\u00e3o sem estrutura leva ao colapso.\" \/>\n<meta name=\"robots\" content=\"index, follow, max-snippet:-1, max-image-preview:large, max-video-preview:-1\" \/>\n<link rel=\"canonical\" href=\"https:\/\/www.em.com.br\/emfoco\/2025\/12\/08\/operadora-que-acumulou-r-100-milhoes-em-dividas-enfrenta-falencia-no-brasil\/\" \/>\n<meta property=\"og:locale\" content=\"pt_BR\" \/>\n<meta property=\"og:type\" content=\"article\" \/>\n<meta property=\"og:title\" content=\"Operadora que acumulou R$ 100 milh\u00f5es em d\u00edvidas enfrenta fal\u00eancia no Brasil - Estado de Minas - Em foco\" \/>\n<meta property=\"og:description\" content=\"A fal\u00eancia da Aeiou escancarou os erros de gest\u00e3o e mostrou que no setor de telefonia, prometer inova\u00e7\u00e3o sem estrutura leva ao colapso.\" \/>\n<meta property=\"og:url\" content=\"https:\/\/www.em.com.br\/emfoco\/2025\/12\/08\/operadora-que-acumulou-r-100-milhoes-em-dividas-enfrenta-falencia-no-brasil\/\" \/>\n<meta property=\"og:site_name\" content=\"Estado de Minas - Em foco\" \/>\n<meta property=\"article:published_time\" content=\"2025-12-08T13:05:00+00:00\" \/>\n<meta property=\"article:modified_time\" content=\"2025-12-07T01:49:49+00:00\" \/>\n<meta property=\"og:image\" content=\"https:\/\/www.em.com.br\/emfoco\/wp-content\/uploads\/2025\/12\/IA-IMG-1-74.jpg\" \/>\n\t<meta property=\"og:image:width\" content=\"1280\" \/>\n\t<meta property=\"og:image:height\" content=\"720\" \/>\n\t<meta property=\"og:image:type\" content=\"image\/jpeg\" \/>\n<meta name=\"author\" content=\"Gabriel Martins\" \/>\n<meta name=\"twitter:card\" content=\"summary_large_image\" \/>\n<meta name=\"twitter:label1\" content=\"Escrito por\" \/>\n\t<meta name=\"twitter:data1\" content=\"Gabriel Martins\" \/>\n\t<meta name=\"twitter:label2\" content=\"Est. tempo de leitura\" \/>\n\t<meta name=\"twitter:data2\" content=\"4 minutos\" \/>\n<!-- \/ Yoast SEO plugin. -->","yoast_head_json":{"title":"Operadora que acumulou R$ 100 milh\u00f5es em d\u00edvidas enfrenta fal\u00eancia no Brasil - Estado de Minas - Em foco","description":"A fal\u00eancia da Aeiou escancarou os erros de gest\u00e3o e mostrou que no setor de telefonia, prometer inova\u00e7\u00e3o sem estrutura leva ao colapso.","robots":{"index":"index","follow":"follow","max-snippet":"max-snippet:-1","max-image-preview":"max-image-preview:large","max-video-preview":"max-video-preview:-1"},"canonical":"https:\/\/www.em.com.br\/emfoco\/2025\/12\/08\/operadora-que-acumulou-r-100-milhoes-em-dividas-enfrenta-falencia-no-brasil\/","og_locale":"pt_BR","og_type":"article","og_title":"Operadora que acumulou R$ 100 milh\u00f5es em d\u00edvidas enfrenta fal\u00eancia no Brasil - Estado de Minas - Em foco","og_description":"A fal\u00eancia da Aeiou escancarou os erros de gest\u00e3o e mostrou que no setor de telefonia, prometer inova\u00e7\u00e3o sem estrutura leva ao colapso.","og_url":"https:\/\/www.em.com.br\/emfoco\/2025\/12\/08\/operadora-que-acumulou-r-100-milhoes-em-dividas-enfrenta-falencia-no-brasil\/","og_site_name":"Estado de Minas - Em foco","article_published_time":"2025-12-08T13:05:00+00:00","article_modified_time":"2025-12-07T01:49:49+00:00","og_image":[{"width":1280,"height":720,"url":"https:\/\/www.em.com.br\/emfoco\/wp-content\/uploads\/2025\/12\/IA-IMG-1-74.jpg","type":"image\/jpeg"}],"author":"Gabriel Martins","twitter_card":"summary_large_image","twitter_misc":{"Escrito por":"Gabriel Martins","Est. tempo de leitura":"4 minutos"},"schema":{"@context":"https:\/\/schema.org","@graph":[{"@type":"WebPage","@id":"https:\/\/www.em.com.br\/emfoco\/2025\/12\/08\/operadora-que-acumulou-r-100-milhoes-em-dividas-enfrenta-falencia-no-brasil\/","url":"https:\/\/www.em.com.br\/emfoco\/2025\/12\/08\/operadora-que-acumulou-r-100-milhoes-em-dividas-enfrenta-falencia-no-brasil\/","name":"Operadora que acumulou R$ 100 milh\u00f5es em d\u00edvidas enfrenta fal\u00eancia no Brasil - Estado de Minas - Em foco","isPartOf":{"@id":"https:\/\/www.em.com.br\/emfoco\/#website"},"primaryImageOfPage":{"@id":"https:\/\/www.em.com.br\/emfoco\/2025\/12\/08\/operadora-que-acumulou-r-100-milhoes-em-dividas-enfrenta-falencia-no-brasil\/#primaryimage"},"image":{"@id":"https:\/\/www.em.com.br\/emfoco\/2025\/12\/08\/operadora-que-acumulou-r-100-milhoes-em-dividas-enfrenta-falencia-no-brasil\/#primaryimage"},"thumbnailUrl":"https:\/\/www.em.com.br\/emfoco\/wp-content\/uploads\/2025\/12\/IA-IMG-1-74.jpg","datePublished":"2025-12-08T13:05:00+00:00","dateModified":"2025-12-07T01:49:49+00:00","author":{"@id":"https:\/\/www.em.com.br\/emfoco\/#\/schema\/person\/1c9ddeab18b98abeffef834667bcf08a"},"description":"A fal\u00eancia da Aeiou escancarou os erros de gest\u00e3o e mostrou que no setor de telefonia, prometer inova\u00e7\u00e3o sem estrutura leva ao colapso.","breadcrumb":{"@id":"https:\/\/www.em.com.br\/emfoco\/2025\/12\/08\/operadora-que-acumulou-r-100-milhoes-em-dividas-enfrenta-falencia-no-brasil\/#breadcrumb"},"inLanguage":"pt-BR","potentialAction":[{"@type":"ReadAction","target":["https:\/\/www.em.com.br\/emfoco\/2025\/12\/08\/operadora-que-acumulou-r-100-milhoes-em-dividas-enfrenta-falencia-no-brasil\/"]}]},{"@type":"ImageObject","inLanguage":"pt-BR","@id":"https:\/\/www.em.com.br\/emfoco\/2025\/12\/08\/operadora-que-acumulou-r-100-milhoes-em-dividas-enfrenta-falencia-no-brasil\/#primaryimage","url":"https:\/\/www.em.com.br\/emfoco\/wp-content\/uploads\/2025\/12\/IA-IMG-1-74.jpg","contentUrl":"https:\/\/www.em.com.br\/emfoco\/wp-content\/uploads\/2025\/12\/IA-IMG-1-74.jpg","width":1280,"height":720,"caption":"A Aeiou colapsou ap\u00f3s d\u00edvidas, falhas t\u00e9cnicas e abandono operacional"},{"@type":"BreadcrumbList","@id":"https:\/\/www.em.com.br\/emfoco\/2025\/12\/08\/operadora-que-acumulou-r-100-milhoes-em-dividas-enfrenta-falencia-no-brasil\/#breadcrumb","itemListElement":[{"@type":"ListItem","position":1,"name":"In\u00edcio","item":"https:\/\/www.em.com.br\/emfoco\/"},{"@type":"ListItem","position":2,"name":"Operadora que acumulou R$ 100 milh\u00f5es em d\u00edvidas enfrenta fal\u00eancia no Brasil"}]},{"@type":"WebSite","@id":"https:\/\/www.em.com.br\/emfoco\/#website","url":"https:\/\/www.em.com.br\/emfoco\/","name":"Estado de Minas - Em foco","description":"Acompanhe as \u00faltimas not\u00edcias e fique bem informado sobre tudo o que acontece em Minas Gerais, Brasil e no mundo.","potentialAction":[{"@type":"SearchAction","target":{"@type":"EntryPoint","urlTemplate":"https:\/\/www.em.com.br\/emfoco\/?s={search_term_string}"},"query-input":{"@type":"PropertyValueSpecification","valueRequired":true,"valueName":"search_term_string"}}],"inLanguage":"pt-BR"},{"@type":"Person","@id":"https:\/\/www.em.com.br\/emfoco\/#\/schema\/person\/1c9ddeab18b98abeffef834667bcf08a","name":"Gabriel Martins","image":{"@type":"ImageObject","inLanguage":"pt-BR","@id":"https:\/\/www.em.com.br\/emfoco\/#\/schema\/person\/image\/","url":"https:\/\/secure.gravatar.com\/avatar\/f0f1e2efdfd88f1ad2cb08c5c2731e50?s=96&d=mm&r=g","contentUrl":"https:\/\/secure.gravatar.com\/avatar\/f0f1e2efdfd88f1ad2cb08c5c2731e50?s=96&d=mm&r=g","caption":"Gabriel Martins"},"sameAs":["https:\/\/www.em.com.br\/emfoco\/"],"url":"https:\/\/www.em.com.br\/emfoco\/author\/gabrielmartinsmyth\/"}]}},"_links":{"self":[{"href":"https:\/\/www.em.com.br\/emfoco\/wp-json\/wp\/v2\/posts\/137048","targetHints":{"allow":["GET"]}}],"collection":[{"href":"https:\/\/www.em.com.br\/emfoco\/wp-json\/wp\/v2\/posts"}],"about":[{"href":"https:\/\/www.em.com.br\/emfoco\/wp-json\/wp\/v2\/types\/post"}],"author":[{"embeddable":true,"href":"https:\/\/www.em.com.br\/emfoco\/wp-json\/wp\/v2\/users\/13"}],"replies":[{"embeddable":true,"href":"https:\/\/www.em.com.br\/emfoco\/wp-json\/wp\/v2\/comments?post=137048"}],"version-history":[{"count":2,"href":"https:\/\/www.em.com.br\/emfoco\/wp-json\/wp\/v2\/posts\/137048\/revisions"}],"predecessor-version":[{"id":137073,"href":"https:\/\/www.em.com.br\/emfoco\/wp-json\/wp\/v2\/posts\/137048\/revisions\/137073"}],"wp:featuredmedia":[{"embeddable":true,"href":"https:\/\/www.em.com.br\/emfoco\/wp-json\/wp\/v2\/media\/136893"}],"wp:attachment":[{"href":"https:\/\/www.em.com.br\/emfoco\/wp-json\/wp\/v2\/media?parent=137048"}],"wp:term":[{"taxonomy":"category","embeddable":true,"href":"https:\/\/www.em.com.br\/emfoco\/wp-json\/wp\/v2\/categories?post=137048"},{"taxonomy":"post_tag","embeddable":true,"href":"https:\/\/www.em.com.br\/emfoco\/wp-json\/wp\/v2\/tags?post=137048"}],"curies":[{"name":"wp","href":"https:\/\/api.w.org\/{rel}","templated":true}]}}