{"id":137029,"date":"2025-12-08T16:45:00","date_gmt":"2025-12-08T19:45:00","guid":{"rendered":"https:\/\/www.em.com.br\/emfoco\/?p=137029"},"modified":"2025-12-06T22:29:36","modified_gmt":"2025-12-07T01:29:36","slug":"perfis-de-luminarias-que-transformam-a-sala-sem-reforma-nenhuma","status":"publish","type":"post","link":"https:\/\/www.em.com.br\/emfoco\/2025\/12\/08\/perfis-de-luminarias-que-transformam-a-sala-sem-reforma-nenhuma\/","title":{"rendered":"Perfis de lumin\u00e1rias que transformam a sala sem reforma nenhuma"},"content":{"rendered":"\n<p>Uma sala iluminada apenas por um plafon antigo costuma parecer sem vida, menor e pouco acolhedora. Mas pequenas mudan\u00e7as de <strong>ilumina\u00e7\u00e3o estrat\u00e9gica<\/strong> conseguem renovar o ambiente sem obra alguma, criando profundidade, aconchego e atmosfera moderna apenas com o toque de um interruptor.<\/p>\n\n\n\n<h2 class=\"wp-block-heading\">Por que a ilumina\u00e7\u00e3o muda completamente a percep\u00e7\u00e3o da sua sala?<\/h2>\n\n\n\n<p>A luz tem o poder de ampliar visualmente o espa\u00e7o, destacar texturas e criar zonas de conviv\u00eancia. Quando bem distribu\u00edda, ela substitui a sensa\u00e7\u00e3o de ambiente apagado por um clima <strong>mais acolhedor e funcional<\/strong>, trazendo beleza sem exigir reformas estruturais.<\/p>\n\n\n\n<p>Perfis variados de ilumina\u00e7\u00e3o permitem construir camadas de luz \u2014 geral, focal e decorativa. Essa combina\u00e7\u00e3o torna a sala mais vers\u00e1til para assistir TV, relaxar, receber visitas ou ler, gra\u00e7as ao efeito de <strong>profundidade luminosa<\/strong> que transforma a atmosfera.<\/p>\n\n\n\n<figure class=\"wp-block-image size-large\"><img loading=\"lazy\" decoding=\"async\" width=\"1024\" height=\"576\" src=\"https:\/\/www.em.com.br\/emfoco\/wp-content\/uploads\/2025\/12\/IA-IMG-93-1024x576.jpg\" alt=\"Perfis de lumin\u00e1rias que transformam a sala sem reforma nenhuma\" class=\"wp-image-136848\" srcset=\"https:\/\/www.em.com.br\/emfoco\/wp-content\/uploads\/2025\/12\/IA-IMG-93-1024x576.jpg 1024w, https:\/\/www.em.com.br\/emfoco\/wp-content\/uploads\/2025\/12\/IA-IMG-93-300x169.jpg 300w, https:\/\/www.em.com.br\/emfoco\/wp-content\/uploads\/2025\/12\/IA-IMG-93-768x432.jpg 768w, https:\/\/www.em.com.br\/emfoco\/wp-content\/uploads\/2025\/12\/IA-IMG-93-750x422.jpg 750w, https:\/\/www.em.com.br\/emfoco\/wp-content\/uploads\/2025\/12\/IA-IMG-93-1140x641.jpg 1140w, https:\/\/www.em.com.br\/emfoco\/wp-content\/uploads\/2025\/12\/IA-IMG-93.jpg 1280w\" sizes=\"auto, (max-width: 1024px) 100vw, 1024px\" \/><figcaption class=\"wp-element-caption\">Luz bem distribu\u00edda cria profundidade, aconchego e amplitude imediata no ambiente<\/figcaption><\/figure>\n\n\n\n<h2 class=\"wp-block-heading\">Quais perfis de lumin\u00e1rias mais transformam a sala sem obra?<\/h2>\n\n\n\n<p>Cada tipo de lumin\u00e1ria cumpre uma fun\u00e7\u00e3o est\u00e9tica e pr\u00e1tica, criando diferentes sensa\u00e7\u00f5es no espa\u00e7o. Elas podem ser combinadas para formar um ambiente equilibrado e moderno sem quebrar nada. Entre as op\u00e7\u00f5es que mais fazem diferen\u00e7a est\u00e3o as que voc\u00ea v\u00ea a seguir.<\/p>\n\n\n\n<ul class=\"wp-block-list\">\n<li><strong>Pendentes:<\/strong> definem \u00e1reas de conviv\u00eancia e criam ponto focal elegante.<\/li>\n\n\n\n<li><strong>Trilhos com spots:<\/strong> permitem direcionar luz para quadros, prateleiras e cantos de leitura.<\/li>\n\n\n\n<li><strong>LED linear ou fitas:<\/strong> geram ilumina\u00e7\u00e3o indireta suave em sancas, m\u00f3veis e rodap\u00e9s.<\/li>\n<\/ul>\n\n\n\n<h2 class=\"wp-block-heading\">Como escolher a luz ideal para criar aconchego e funcionalidade?<\/h2>\n\n\n\n<p>O primeiro passo \u00e9 observar tamanho da sala, p\u00e9-direito, disposi\u00e7\u00e3o dos m\u00f3veis e como o espa\u00e7o \u00e9 usado. Assim, a combina\u00e7\u00e3o da luz quente para aconchego e da luz neutra para leitura cria um ambiente <strong>equilibrado e adapt\u00e1vel<\/strong> \u00e0s rotinas di\u00e1rias.<\/p>\n\n\n\n<p>Luz quente proporciona clima intimista, enquanto luz difusa evita sombras duras. Juntas, elas criam camadas luminosas que fazem a sala parecer mais agrad\u00e1vel e visualmente ampla, refor\u00e7ando um estilo <strong>moderno e confort\u00e1vel<\/strong>.<\/p>\n\n\n\n<figure class=\"wp-block-image size-large\"><img loading=\"lazy\" decoding=\"async\" width=\"1024\" height=\"576\" src=\"https:\/\/www.em.com.br\/emfoco\/wp-content\/uploads\/2025\/12\/Luminarias-em-casa_1765038326729-1024x576.jpg\" alt=\"Perfis de lumin\u00e1rias que transformam a sala sem reforma nenhuma\" class=\"wp-image-136849\" srcset=\"https:\/\/www.em.com.br\/emfoco\/wp-content\/uploads\/2025\/12\/Luminarias-em-casa_1765038326729-1024x576.jpg 1024w, https:\/\/www.em.com.br\/emfoco\/wp-content\/uploads\/2025\/12\/Luminarias-em-casa_1765038326729-300x169.jpg 300w, https:\/\/www.em.com.br\/emfoco\/wp-content\/uploads\/2025\/12\/Luminarias-em-casa_1765038326729-768x432.jpg 768w, https:\/\/www.em.com.br\/emfoco\/wp-content\/uploads\/2025\/12\/Luminarias-em-casa_1765038326729-750x422.jpg 750w, https:\/\/www.em.com.br\/emfoco\/wp-content\/uploads\/2025\/12\/Luminarias-em-casa_1765038326729-1140x641.jpg 1140w, https:\/\/www.em.com.br\/emfoco\/wp-content\/uploads\/2025\/12\/Luminarias-em-casa_1765038326729.jpg 1280w\" sizes=\"auto, (max-width: 1024px) 100vw, 1024px\" \/><figcaption class=\"wp-element-caption\">A temperatura da cor define o clima e funcionalidade da sala &#8211; Cr\u00e9ditos: depositphotos.com \/ kuprin33<\/figcaption><\/figure>\n\n\n\n<p><em>Leia mais: <strong><a href=\"https:\/\/www.em.com.br\/emfoco\/2025\/12\/04\/uma-especialista-em-decoracao-revela-com-esses-itens-faceis-voce-tera-um-lindo-arranjo-de-mesa-para-o-natal\/\" target=\"_blank\" rel=\"noreferrer noopener\">Uma especialista em decora\u00e7\u00e3o, revela: \u201cCom esses itens f\u00e1ceis, voc\u00ea ter\u00e1 um lindo arranjo de mesa para o Natal.\u201d<\/a><\/strong><\/em><\/p>\n\n\n\n<h2 class=\"wp-block-heading\">Quais lumin\u00e1rias podem ser instaladas sem reforma alguma?<\/h2>\n\n\n\n<p>A maioria das solu\u00e7\u00f5es modernas dispensa obra e exige apenas tomadas, ganchos ou fixa\u00e7\u00e3o simples. Essas alternativas s\u00e3o ideais para quem quer renovar o ambiente com rapidez. Entre as op\u00e7\u00f5es mais pr\u00e1ticas est\u00e3o as que voc\u00ea v\u00ea a seguir.<\/p>\n\n\n\n<ul class=\"wp-block-list\">\n<li><strong>Fitas LED adesivas:<\/strong> aplicadas atr\u00e1s de pain\u00e9is ou prateleiras criam luz indireta imediata.<\/li>\n\n\n\n<li><strong>Lumin\u00e1rias de ch\u00e3o:<\/strong> adicionam textura de luz e ampliam a sensa\u00e7\u00e3o de profundidade.<\/li>\n\n\n\n<li><strong>Trilhos fixados com parafusos:<\/strong> recebem spots ou pendentes sem mexer na estrutura.<\/li>\n<\/ul>\n\n\n\n<p>Transformar sua sala com perfis luminosos n\u00e3o exige talento de designer nem reformas caras. \u00c0s vezes, tudo o que o ambiente precisa para renascer \u00e9 uma boa estrat\u00e9gia de luz \u2014 a verdadeira reforma invis\u00edvel que acontece sem poeira, sem obra e com um simples acender de interruptor.<\/p>\n","protected":false},"excerpt":{"rendered":"<p>Uma sala iluminada apenas por um plafon antigo costuma parecer sem vida, menor e pouco acolhedora. Mas pequenas mudan\u00e7as de ilumina\u00e7\u00e3o estrat\u00e9gica conseguem renovar o ambiente sem obra alguma, criando profundidade, aconchego e atmosfera moderna apenas com o toque de um interruptor. Por que a ilumina\u00e7\u00e3o muda completamente a percep\u00e7\u00e3o da sua sala? A luz [&hellip;]<\/p>\n","protected":false},"author":13,"featured_media":136847,"comment_status":"open","ping_status":"open","sticky":false,"template":"","format":"standard","meta":{"jnews-multi-image_gallery":[],"jnews_single_post":{"format":"standard"},"jnews_primary_category":[],"jnews_social_meta":[],"jnews_override_counter":[],"footnotes":""},"categories":[8819],"tags":[4687,15970,20019],"class_list":["post-137029","post","type-post","status-publish","format-standard","has-post-thumbnail","hentry","category-curiosidades","tag-decoracao","tag-decoracao-da-sala","tag-luminaria"],"yoast_head":"<!-- This site is optimized with the Yoast SEO plugin v23.8 - https:\/\/yoast.com\/wordpress\/plugins\/seo\/ -->\n<title>Perfis de lumin\u00e1rias que transformam a sala sem reforma nenhuma - Estado de Minas - Em foco<\/title>\n<meta name=\"description\" content=\"Ilumina\u00e7\u00e3o estrat\u00e9gica deixa sua sala mais aconchegante, moderna e ampla sem obra. Veja ideias f\u00e1ceis para transformar com luz.\" \/>\n<meta name=\"robots\" content=\"index, follow, max-snippet:-1, max-image-preview:large, max-video-preview:-1\" \/>\n<link rel=\"canonical\" href=\"https:\/\/www.em.com.br\/emfoco\/2025\/12\/08\/perfis-de-luminarias-que-transformam-a-sala-sem-reforma-nenhuma\/\" \/>\n<meta property=\"og:locale\" content=\"pt_BR\" \/>\n<meta property=\"og:type\" content=\"article\" \/>\n<meta property=\"og:title\" content=\"Perfis de lumin\u00e1rias que transformam a sala sem reforma nenhuma - Estado de Minas - Em foco\" \/>\n<meta property=\"og:description\" content=\"Ilumina\u00e7\u00e3o estrat\u00e9gica deixa sua sala mais aconchegante, moderna e ampla sem obra. Veja ideias f\u00e1ceis para transformar com luz.\" \/>\n<meta property=\"og:url\" content=\"https:\/\/www.em.com.br\/emfoco\/2025\/12\/08\/perfis-de-luminarias-que-transformam-a-sala-sem-reforma-nenhuma\/\" \/>\n<meta property=\"og:site_name\" content=\"Estado de Minas - Em foco\" \/>\n<meta property=\"article:published_time\" content=\"2025-12-08T19:45:00+00:00\" \/>\n<meta property=\"article:modified_time\" content=\"2025-12-07T01:29:36+00:00\" \/>\n<meta property=\"og:image\" content=\"https:\/\/www.em.com.br\/emfoco\/wp-content\/uploads\/2025\/12\/Luminarias-em-casa_1765038252965.jpg\" \/>\n\t<meta property=\"og:image:width\" content=\"1280\" \/>\n\t<meta property=\"og:image:height\" content=\"720\" \/>\n\t<meta property=\"og:image:type\" content=\"image\/jpeg\" \/>\n<meta name=\"author\" content=\"Gabriel Martins\" \/>\n<meta name=\"twitter:card\" content=\"summary_large_image\" \/>\n<meta name=\"twitter:label1\" content=\"Escrito por\" \/>\n\t<meta name=\"twitter:data1\" content=\"Gabriel Martins\" \/>\n\t<meta name=\"twitter:label2\" content=\"Est. tempo de leitura\" \/>\n\t<meta name=\"twitter:data2\" content=\"4 minutos\" \/>\n<!-- \/ Yoast SEO plugin. -->","yoast_head_json":{"title":"Perfis de lumin\u00e1rias que transformam a sala sem reforma nenhuma - Estado de Minas - Em foco","description":"Ilumina\u00e7\u00e3o estrat\u00e9gica deixa sua sala mais aconchegante, moderna e ampla sem obra. Veja ideias f\u00e1ceis para transformar com luz.","robots":{"index":"index","follow":"follow","max-snippet":"max-snippet:-1","max-image-preview":"max-image-preview:large","max-video-preview":"max-video-preview:-1"},"canonical":"https:\/\/www.em.com.br\/emfoco\/2025\/12\/08\/perfis-de-luminarias-que-transformam-a-sala-sem-reforma-nenhuma\/","og_locale":"pt_BR","og_type":"article","og_title":"Perfis de lumin\u00e1rias que transformam a sala sem reforma nenhuma - Estado de Minas - Em foco","og_description":"Ilumina\u00e7\u00e3o estrat\u00e9gica deixa sua sala mais aconchegante, moderna e ampla sem obra. Veja ideias f\u00e1ceis para transformar com luz.","og_url":"https:\/\/www.em.com.br\/emfoco\/2025\/12\/08\/perfis-de-luminarias-que-transformam-a-sala-sem-reforma-nenhuma\/","og_site_name":"Estado de Minas - Em foco","article_published_time":"2025-12-08T19:45:00+00:00","article_modified_time":"2025-12-07T01:29:36+00:00","og_image":[{"width":1280,"height":720,"url":"https:\/\/www.em.com.br\/emfoco\/wp-content\/uploads\/2025\/12\/Luminarias-em-casa_1765038252965.jpg","type":"image\/jpeg"}],"author":"Gabriel Martins","twitter_card":"summary_large_image","twitter_misc":{"Escrito por":"Gabriel Martins","Est. tempo de leitura":"4 minutos"},"schema":{"@context":"https:\/\/schema.org","@graph":[{"@type":"WebPage","@id":"https:\/\/www.em.com.br\/emfoco\/2025\/12\/08\/perfis-de-luminarias-que-transformam-a-sala-sem-reforma-nenhuma\/","url":"https:\/\/www.em.com.br\/emfoco\/2025\/12\/08\/perfis-de-luminarias-que-transformam-a-sala-sem-reforma-nenhuma\/","name":"Perfis de lumin\u00e1rias que transformam a sala sem reforma nenhuma - Estado de Minas - Em foco","isPartOf":{"@id":"https:\/\/www.em.com.br\/emfoco\/#website"},"primaryImageOfPage":{"@id":"https:\/\/www.em.com.br\/emfoco\/2025\/12\/08\/perfis-de-luminarias-que-transformam-a-sala-sem-reforma-nenhuma\/#primaryimage"},"image":{"@id":"https:\/\/www.em.com.br\/emfoco\/2025\/12\/08\/perfis-de-luminarias-que-transformam-a-sala-sem-reforma-nenhuma\/#primaryimage"},"thumbnailUrl":"https:\/\/www.em.com.br\/emfoco\/wp-content\/uploads\/2025\/12\/Luminarias-em-casa_1765038252965.jpg","datePublished":"2025-12-08T19:45:00+00:00","dateModified":"2025-12-07T01:29:36+00:00","author":{"@id":"https:\/\/www.em.com.br\/emfoco\/#\/schema\/person\/1c9ddeab18b98abeffef834667bcf08a"},"description":"Ilumina\u00e7\u00e3o estrat\u00e9gica deixa sua sala mais aconchegante, moderna e ampla sem obra. Veja ideias f\u00e1ceis para transformar com luz.","breadcrumb":{"@id":"https:\/\/www.em.com.br\/emfoco\/2025\/12\/08\/perfis-de-luminarias-que-transformam-a-sala-sem-reforma-nenhuma\/#breadcrumb"},"inLanguage":"pt-BR","potentialAction":[{"@type":"ReadAction","target":["https:\/\/www.em.com.br\/emfoco\/2025\/12\/08\/perfis-de-luminarias-que-transformam-a-sala-sem-reforma-nenhuma\/"]}]},{"@type":"ImageObject","inLanguage":"pt-BR","@id":"https:\/\/www.em.com.br\/emfoco\/2025\/12\/08\/perfis-de-luminarias-que-transformam-a-sala-sem-reforma-nenhuma\/#primaryimage","url":"https:\/\/www.em.com.br\/emfoco\/wp-content\/uploads\/2025\/12\/Luminarias-em-casa_1765038252965.jpg","contentUrl":"https:\/\/www.em.com.br\/emfoco\/wp-content\/uploads\/2025\/12\/Luminarias-em-casa_1765038252965.jpg","width":1280,"height":720,"caption":"A ilumina\u00e7\u00e3o estrat\u00e9gica transforma completamente a sala sem necessidade de reforma - Cr\u00e9ditos: depositphotos.com \/ meepoohyaphoto"},{"@type":"BreadcrumbList","@id":"https:\/\/www.em.com.br\/emfoco\/2025\/12\/08\/perfis-de-luminarias-que-transformam-a-sala-sem-reforma-nenhuma\/#breadcrumb","itemListElement":[{"@type":"ListItem","position":1,"name":"In\u00edcio","item":"https:\/\/www.em.com.br\/emfoco\/"},{"@type":"ListItem","position":2,"name":"Perfis de lumin\u00e1rias que transformam a sala sem reforma nenhuma"}]},{"@type":"WebSite","@id":"https:\/\/www.em.com.br\/emfoco\/#website","url":"https:\/\/www.em.com.br\/emfoco\/","name":"Estado de Minas - Em foco","description":"Acompanhe as \u00faltimas not\u00edcias e fique bem informado sobre tudo o que acontece em Minas Gerais, Brasil e no mundo.","potentialAction":[{"@type":"SearchAction","target":{"@type":"EntryPoint","urlTemplate":"https:\/\/www.em.com.br\/emfoco\/?s={search_term_string}"},"query-input":{"@type":"PropertyValueSpecification","valueRequired":true,"valueName":"search_term_string"}}],"inLanguage":"pt-BR"},{"@type":"Person","@id":"https:\/\/www.em.com.br\/emfoco\/#\/schema\/person\/1c9ddeab18b98abeffef834667bcf08a","name":"Gabriel Martins","image":{"@type":"ImageObject","inLanguage":"pt-BR","@id":"https:\/\/www.em.com.br\/emfoco\/#\/schema\/person\/image\/","url":"https:\/\/secure.gravatar.com\/avatar\/f0f1e2efdfd88f1ad2cb08c5c2731e50?s=96&d=mm&r=g","contentUrl":"https:\/\/secure.gravatar.com\/avatar\/f0f1e2efdfd88f1ad2cb08c5c2731e50?s=96&d=mm&r=g","caption":"Gabriel Martins"},"sameAs":["https:\/\/www.em.com.br\/emfoco\/"],"url":"https:\/\/www.em.com.br\/emfoco\/author\/gabrielmartinsmyth\/"}]}},"_links":{"self":[{"href":"https:\/\/www.em.com.br\/emfoco\/wp-json\/wp\/v2\/posts\/137029","targetHints":{"allow":["GET"]}}],"collection":[{"href":"https:\/\/www.em.com.br\/emfoco\/wp-json\/wp\/v2\/posts"}],"about":[{"href":"https:\/\/www.em.com.br\/emfoco\/wp-json\/wp\/v2\/types\/post"}],"author":[{"embeddable":true,"href":"https:\/\/www.em.com.br\/emfoco\/wp-json\/wp\/v2\/users\/13"}],"replies":[{"embeddable":true,"href":"https:\/\/www.em.com.br\/emfoco\/wp-json\/wp\/v2\/comments?post=137029"}],"version-history":[{"count":1,"href":"https:\/\/www.em.com.br\/emfoco\/wp-json\/wp\/v2\/posts\/137029\/revisions"}],"predecessor-version":[{"id":137030,"href":"https:\/\/www.em.com.br\/emfoco\/wp-json\/wp\/v2\/posts\/137029\/revisions\/137030"}],"wp:featuredmedia":[{"embeddable":true,"href":"https:\/\/www.em.com.br\/emfoco\/wp-json\/wp\/v2\/media\/136847"}],"wp:attachment":[{"href":"https:\/\/www.em.com.br\/emfoco\/wp-json\/wp\/v2\/media?parent=137029"}],"wp:term":[{"taxonomy":"category","embeddable":true,"href":"https:\/\/www.em.com.br\/emfoco\/wp-json\/wp\/v2\/categories?post=137029"},{"taxonomy":"post_tag","embeddable":true,"href":"https:\/\/www.em.com.br\/emfoco\/wp-json\/wp\/v2\/tags?post=137029"}],"curies":[{"name":"wp","href":"https:\/\/api.w.org\/{rel}","templated":true}]}}