{"id":137024,"date":"2025-12-08T11:00:00","date_gmt":"2025-12-08T14:00:00","guid":{"rendered":"https:\/\/www.em.com.br\/emfoco\/?p=137024"},"modified":"2025-12-07T22:56:45","modified_gmt":"2025-12-08T01:56:45","slug":"governo-bloqueia-contas-bancarias-e-bens-de-quem-esta-nessa-lista","status":"publish","type":"post","link":"https:\/\/www.em.com.br\/emfoco\/2025\/12\/08\/governo-bloqueia-contas-bancarias-e-bens-de-quem-esta-nessa-lista\/","title":{"rendered":"Governo bloqueia contas banc\u00e1rias e bens de quem est\u00e1 nessa lista"},"content":{"rendered":"\n<p>A discuss\u00e3o sobre o confisco de bens de imigrantes em situa\u00e7\u00e3o irregular nos Estados Unidos ganhou destaque com propostas ligadas ao chamado \u201cProjeto Volte para Casa\u201d, que usa press\u00e3o financeira \u2014 como bloqueio de contas banc\u00e1rias e apreens\u00e3o de propriedades \u2014 para for\u00e7ar a sa\u00edda do pa\u00eds. Esse cen\u00e1rio coloca em jogo n\u00e3o s\u00f3 regras de imigra\u00e7\u00e3o, mas tamb\u00e9m princ\u00edpios constitucionais, normas tribut\u00e1rias e quest\u00f5es de privacidade financeira que afetam qualquer pessoa com ativos no sistema banc\u00e1rio norte-americano.<\/p>\n\n\n\n<h2 class=\"wp-block-heading\">O que \u00e9 o Projeto Volte para Casa e qual \u00e9 sua l\u00f3gica central?<\/h2>\n\n\n\n<p>A express\u00e3o&nbsp;<strong>\u201cProjeto Volte para Casa\u201d<\/strong>&nbsp;descreve uma pol\u00edtica de endurecimento migrat\u00f3rio que vincula o status irregular \u00e0 poss\u00edvel perda de patrim\u00f4nio, buscando incentivar a sa\u00edda por press\u00e3o econ\u00f4mica. A ideia \u00e9 associar a perman\u00eancia no pa\u00eds ap\u00f3s ordem definitiva de remo\u00e7\u00e3o a medidas como bloqueio de bens, multas di\u00e1rias e apreens\u00e3o de contas banc\u00e1rias.<\/p>\n\n\n\n<p>Defensores da proposta citam casos de recusa em deixar o pa\u00eds, n\u00e3o pagamento de multas e exist\u00eancia de decis\u00f5es finais de <a href=\"https:\/\/www.dhs.gov\/cbphome\" target=\"_blank\" rel=\"noreferrer noopener\">deporta\u00e7\u00e3o<\/a>, em que o confisco surgiria como forma de dar efic\u00e1cia \u00e0s ordens administrativas. Em cen\u00e1rio extremo, fala-se at\u00e9 em puni\u00e7\u00f5es adicionais em situa\u00e7\u00f5es de crimes relacionados \u00e0 imigra\u00e7\u00e3o, ampliando o alcance dessas san\u00e7\u00f5es patrimoniais e criando forte efeito dissuas\u00f3rio.<\/p>\n\n\n\n<figure class=\"wp-block-image\"><img decoding=\"async\" src=\"https:\/\/www.em.com.br\/emfoco\/wp-content\/uploads\/2025\/12\/Gemini_Generated_Image_l0i01kl0i01kl0i0-1-1024x576.png\" alt=\"\"\/><figcaption class=\"wp-element-caption\">Validade do passaporte quando \u00e9 preciso emitir outro<\/figcaption><\/figure>\n\n\n\n<h2 class=\"wp-block-heading\">Como o Projeto Volte para Casa impacta contas banc\u00e1rias e patrim\u00f4nio?<\/h2>\n\n\n\n<p>Um dos pontos mais sens\u00edveis do&nbsp;<strong>Projeto Volte para Casa<\/strong>&nbsp;\u00e9 o efeito sobre contas banc\u00e1rias, ve\u00edculos e im\u00f3veis em nome de estrangeiros sem status regular, especialmente ap\u00f3s o descumprimento de ordens de sa\u00edda ou n\u00e3o pagamento de multas. Nesses casos, o governo poderia buscar o bloqueio e a apreens\u00e3o de ativos para garantir o recebimento de valores devidos ou pressionar o cumprimento da deporta\u00e7\u00e3o.<\/p>\n\n\n\n<p>A complexidade aumenta quando entram em cena bancos internacionais com opera\u00e7\u00f5es nos Estados Unidos, pois subsidi\u00e1rias e contas locais ficam sujeitas \u00e0s regras americanas. Diante disso, surgem d\u00favidas sobre a extens\u00e3o do poder estatal para ordenar bloqueios em massa sem ordem judicial individualizada, bem como sobre o alinhamento com acordos internacionais e padr\u00f5es globais de compliance banc\u00e1rio.<\/p>\n\n\n\n<ul class=\"wp-block-list\">\n<li><strong>Contas correntes e de poupan\u00e7a<\/strong>&nbsp;podem ser congeladas para garantir pagamento de multas e taxas administrativas.<\/li>\n\n\n\n<li><strong>Ve\u00edculos e im\u00f3veis<\/strong>&nbsp;podem ser apreendidos em caso de d\u00edvidas civis ligadas \u00e0 imigra\u00e7\u00e3o ou ordens de remo\u00e7\u00e3o descumpridas.<\/li>\n\n\n\n<li><strong>Ativos em bancos estrangeiros com presen\u00e7a nos EUA<\/strong>&nbsp;podem gerar disputas sobre jurisdi\u00e7\u00e3o, coopera\u00e7\u00e3o internacional e limites regulat\u00f3rios.<\/li>\n<\/ul>\n\n\n\n<h2 class=\"wp-block-heading\">Quais prote\u00e7\u00f5es a Quarta Emenda oferece contra confisco de bens?<\/h2>\n\n\n\n<p>A&nbsp;<strong>Quarta Emenda<\/strong>&nbsp;da Constitui\u00e7\u00e3o dos Estados Unidos protege todas as pessoas em territ\u00f3rio americano, independentemente de nacionalidade ou status migrat\u00f3rio, contra buscas e apreens\u00f5es \u201cirrazo\u00e1veis\u201d. Em regra, \u00e9 necess\u00e1ria ordem judicial baseada em causa prov\u00e1vel para acessar dados financeiros, bloquear contas ou apreender bens de forma leg\u00edtima.<\/p>\n\n\n\n<p>A Suprema Corte j\u00e1 reconheceu que imigrantes sem documentos tamb\u00e9m s\u00e3o titulares dessas garantias, o que impede que a mera irregularidade migrat\u00f3ria autorize confisco autom\u00e1tico. Assim, qualquer medida ampla de bloqueio de ativos associada ao&nbsp;<em>Projeto Volte para Casa<\/em>&nbsp;precisa respeitar o devido processo legal, com base normativa clara, notifica\u00e7\u00e3o, possibilidade de defesa e an\u00e1lise caso a caso por autoridades competentes.<\/p>\n\n\n\n<figure class=\"wp-block-image\"><img decoding=\"async\" src=\"https:\/\/www.em.com.br\/emfoco\/wp-content\/uploads\/2025\/08\/Banco-_1755530279625-1024x576.jpg\" alt=\"\"\/><figcaption class=\"wp-element-caption\">Contas podem ser encerrada com projeto americano &#8211; Cr\u00e9ditos: depositphotos.com \/ tussiksmail.gmail.com<\/figcaption><\/figure>\n\n\n\n<h2 class=\"wp-block-heading\">\u00c9 legal confiscar bens apenas em raz\u00e3o do status migrat\u00f3rio?<\/h2>\n\n\n\n<p>No sistema jur\u00eddico americano, estar em situa\u00e7\u00e3o migrat\u00f3ria irregular \u00e9, em regra,&nbsp;<strong>infra\u00e7\u00e3o civil<\/strong>, e n\u00e3o crime penal, o que afasta automaticamente a equipara\u00e7\u00e3o a delitos como lavagem de dinheiro ou tr\u00e1fico. Por isso, a apreens\u00e3o de bens exclusivamente com base no status migrat\u00f3rio enfrenta barreiras constitucionais relevantes, ligadas \u00e0 proporcionalidade e ao devido processo.<\/p>\n\n\n\n<p>Para sustentar uma pol\u00edtica de confisco ampla vinculada ao&nbsp;<strong>Projeto Volte para Casa<\/strong>, seriam necess\u00e1rias leis espec\u00edficas aprovadas pelo Congresso ou mudan\u00e7as interpretativas significativas nos tribunais. Mesmo assim, qualquer nova norma teria de se ajustar a limites constitucionais, e \u00e9 prov\u00e1vel que grandes centros urbanos vejam rea\u00e7\u00f5es intensas de organiza\u00e7\u00f5es de direitos civis e de defesa de imigrantes.<\/p>\n\n\n\n<h2 class=\"wp-block-heading\">Quais desafios legais, sociais e financeiros est\u00e3o em jogo?<\/h2>\n\n\n\n<p>A implementa\u00e7\u00e3o de um programa de confisco de bens ligado \u00e0 imigra\u00e7\u00e3o tende a acionar forte disputa jur\u00eddica, com tribunais avaliando compatibilidade com a Constitui\u00e7\u00e3o, leis federais e tratados internacionais. Ao mesmo tempo, comunidades de imigrantes, entidades religiosas, associa\u00e7\u00f5es profissionais e grupos de direitos humanos devem reagir com campanhas p\u00fablicas, a\u00e7\u00f5es coletivas e redes de apoio jur\u00eddico.<\/p>\n\n\n\n<p>O setor financeiro tamb\u00e9m se v\u00ea no centro do debate, pois bloqueios em massa podem atingir familiares com status regular, empresas leg\u00edtimas e parceiros comerciais internacionais. Em um cen\u00e1rio p\u00f3s-2025, o equil\u00edbrio entre controle migrat\u00f3rio, seguran\u00e7a jur\u00eddica e prote\u00e7\u00e3o de direitos fundamentais definir\u00e1 o alcance real do \u201cProjeto Volte para Casa\u201d \u2014 e, se voc\u00ea ou sua fam\u00edlia podem ser afetados, o momento de buscar orienta\u00e7\u00e3o jur\u00eddica especializada e revisar sua exposi\u00e7\u00e3o patrimonial \u00e9 agora, antes que eventuais medidas mais duras saiam do papel.<\/p>\n","protected":false},"excerpt":{"rendered":"<p>A discuss\u00e3o sobre o confisco de bens de imigrantes em situa\u00e7\u00e3o irregular nos Estados Unidos ganhou destaque com propostas ligadas ao chamado \u201cProjeto Volte para Casa\u201d, que usa press\u00e3o financeira \u2014 como bloqueio de contas banc\u00e1rias e apreens\u00e3o de propriedades \u2014 para for\u00e7ar a sa\u00edda do pa\u00eds. Esse cen\u00e1rio coloca em jogo n\u00e3o s\u00f3 regras [&hellip;]<\/p>\n","protected":false},"author":11,"featured_media":112401,"comment_status":"open","ping_status":"open","sticky":false,"template":"","format":"standard","meta":{"jnews-multi-image_gallery":[],"jnews_single_post":{"format":"standard"},"jnews_primary_category":[],"jnews_social_meta":[],"jnews_override_counter":[],"footnotes":""},"categories":[28,1],"tags":[3003,5305,16189,5004,1290,2558],"class_list":["post-137024","post","type-post","status-publish","format-standard","has-post-thumbnail","hentry","category-economia","category-noticias","tag-banco","tag-conta","tag-contas-bancarias","tag-donald-trump","tag-eua","tag-imigracao"],"yoast_head":"<!-- This site is optimized with the Yoast SEO plugin v23.8 - https:\/\/yoast.com\/wordpress\/plugins\/seo\/ -->\n<title>Governo bloqueia contas banc\u00e1rias e bens de quem est\u00e1 nessa lista - Estado de Minas - Em foco<\/title>\n<meta name=\"description\" content=\"Pol\u00edtica prev\u00ea multas, confisco de bens e fechamento de contas banc\u00e1rias. Veja quem pode ser afetado e o que est\u00e1 em jogo.\" \/>\n<meta name=\"robots\" content=\"index, follow, max-snippet:-1, max-image-preview:large, max-video-preview:-1\" \/>\n<link rel=\"canonical\" href=\"https:\/\/www.em.com.br\/emfoco\/2025\/12\/08\/governo-bloqueia-contas-bancarias-e-bens-de-quem-esta-nessa-lista\/\" \/>\n<meta property=\"og:locale\" content=\"pt_BR\" \/>\n<meta property=\"og:type\" content=\"article\" \/>\n<meta property=\"og:title\" content=\"Governo bloqueia contas banc\u00e1rias e bens de quem est\u00e1 nessa lista - Estado de Minas - Em foco\" \/>\n<meta property=\"og:description\" content=\"Pol\u00edtica prev\u00ea multas, confisco de bens e fechamento de contas banc\u00e1rias. Veja quem pode ser afetado e o que est\u00e1 em jogo.\" \/>\n<meta property=\"og:url\" content=\"https:\/\/www.em.com.br\/emfoco\/2025\/12\/08\/governo-bloqueia-contas-bancarias-e-bens-de-quem-esta-nessa-lista\/\" \/>\n<meta property=\"og:site_name\" content=\"Estado de Minas - Em foco\" \/>\n<meta property=\"article:published_time\" content=\"2025-12-08T14:00:00+00:00\" \/>\n<meta property=\"article:modified_time\" content=\"2025-12-08T01:56:45+00:00\" \/>\n<meta property=\"og:image\" content=\"https:\/\/www.em.com.br\/emfoco\/wp-content\/uploads\/2025\/10\/unnamed-6.jpg\" \/>\n\t<meta property=\"og:image:width\" content=\"1280\" \/>\n\t<meta property=\"og:image:height\" content=\"720\" \/>\n\t<meta property=\"og:image:type\" content=\"image\/jpeg\" \/>\n<meta name=\"author\" content=\"Andre\u0301 Rangel\u00a0\" \/>\n<meta name=\"twitter:card\" content=\"summary_large_image\" \/>\n<meta name=\"twitter:label1\" content=\"Escrito por\" \/>\n\t<meta name=\"twitter:data1\" content=\"Andre\u0301 Rangel\u00a0\" \/>\n\t<meta name=\"twitter:label2\" content=\"Est. tempo de leitura\" \/>\n\t<meta name=\"twitter:data2\" content=\"6 minutos\" \/>\n<!-- \/ Yoast SEO plugin. -->","yoast_head_json":{"title":"Governo bloqueia contas banc\u00e1rias e bens de quem est\u00e1 nessa lista - Estado de Minas - Em foco","description":"Pol\u00edtica prev\u00ea multas, confisco de bens e fechamento de contas banc\u00e1rias. Veja quem pode ser afetado e o que est\u00e1 em jogo.","robots":{"index":"index","follow":"follow","max-snippet":"max-snippet:-1","max-image-preview":"max-image-preview:large","max-video-preview":"max-video-preview:-1"},"canonical":"https:\/\/www.em.com.br\/emfoco\/2025\/12\/08\/governo-bloqueia-contas-bancarias-e-bens-de-quem-esta-nessa-lista\/","og_locale":"pt_BR","og_type":"article","og_title":"Governo bloqueia contas banc\u00e1rias e bens de quem est\u00e1 nessa lista - Estado de Minas - Em foco","og_description":"Pol\u00edtica prev\u00ea multas, confisco de bens e fechamento de contas banc\u00e1rias. Veja quem pode ser afetado e o que est\u00e1 em jogo.","og_url":"https:\/\/www.em.com.br\/emfoco\/2025\/12\/08\/governo-bloqueia-contas-bancarias-e-bens-de-quem-esta-nessa-lista\/","og_site_name":"Estado de Minas - Em foco","article_published_time":"2025-12-08T14:00:00+00:00","article_modified_time":"2025-12-08T01:56:45+00:00","og_image":[{"width":1280,"height":720,"url":"https:\/\/www.em.com.br\/emfoco\/wp-content\/uploads\/2025\/10\/unnamed-6.jpg","type":"image\/jpeg"}],"author":"Andre\u0301 Rangel\u00a0","twitter_card":"summary_large_image","twitter_misc":{"Escrito por":"Andre\u0301 Rangel\u00a0","Est. tempo de leitura":"6 minutos"},"schema":{"@context":"https:\/\/schema.org","@graph":[{"@type":"WebPage","@id":"https:\/\/www.em.com.br\/emfoco\/2025\/12\/08\/governo-bloqueia-contas-bancarias-e-bens-de-quem-esta-nessa-lista\/","url":"https:\/\/www.em.com.br\/emfoco\/2025\/12\/08\/governo-bloqueia-contas-bancarias-e-bens-de-quem-esta-nessa-lista\/","name":"Governo bloqueia contas banc\u00e1rias e bens de quem est\u00e1 nessa lista - Estado de Minas - Em foco","isPartOf":{"@id":"https:\/\/www.em.com.br\/emfoco\/#website"},"primaryImageOfPage":{"@id":"https:\/\/www.em.com.br\/emfoco\/2025\/12\/08\/governo-bloqueia-contas-bancarias-e-bens-de-quem-esta-nessa-lista\/#primaryimage"},"image":{"@id":"https:\/\/www.em.com.br\/emfoco\/2025\/12\/08\/governo-bloqueia-contas-bancarias-e-bens-de-quem-esta-nessa-lista\/#primaryimage"},"thumbnailUrl":"https:\/\/www.em.com.br\/emfoco\/wp-content\/uploads\/2025\/10\/unnamed-6.jpg","datePublished":"2025-12-08T14:00:00+00:00","dateModified":"2025-12-08T01:56:45+00:00","author":{"@id":"https:\/\/www.em.com.br\/emfoco\/#\/schema\/person\/60eda09c1fedf0d6891f4cef4b60b8b8"},"description":"Pol\u00edtica prev\u00ea multas, confisco de bens e fechamento de contas banc\u00e1rias. Veja quem pode ser afetado e o que est\u00e1 em jogo.","breadcrumb":{"@id":"https:\/\/www.em.com.br\/emfoco\/2025\/12\/08\/governo-bloqueia-contas-bancarias-e-bens-de-quem-esta-nessa-lista\/#breadcrumb"},"inLanguage":"pt-BR","potentialAction":[{"@type":"ReadAction","target":["https:\/\/www.em.com.br\/emfoco\/2025\/12\/08\/governo-bloqueia-contas-bancarias-e-bens-de-quem-esta-nessa-lista\/"]}]},{"@type":"ImageObject","inLanguage":"pt-BR","@id":"https:\/\/www.em.com.br\/emfoco\/2025\/12\/08\/governo-bloqueia-contas-bancarias-e-bens-de-quem-esta-nessa-lista\/#primaryimage","url":"https:\/\/www.em.com.br\/emfoco\/wp-content\/uploads\/2025\/10\/unnamed-6.jpg","contentUrl":"https:\/\/www.em.com.br\/emfoco\/wp-content\/uploads\/2025\/10\/unnamed-6.jpg","width":1280,"height":720,"caption":"Politica americana visa bloqueio de contas e bens"},{"@type":"BreadcrumbList","@id":"https:\/\/www.em.com.br\/emfoco\/2025\/12\/08\/governo-bloqueia-contas-bancarias-e-bens-de-quem-esta-nessa-lista\/#breadcrumb","itemListElement":[{"@type":"ListItem","position":1,"name":"In\u00edcio","item":"https:\/\/www.em.com.br\/emfoco\/"},{"@type":"ListItem","position":2,"name":"Governo bloqueia contas banc\u00e1rias e bens de quem est\u00e1 nessa lista"}]},{"@type":"WebSite","@id":"https:\/\/www.em.com.br\/emfoco\/#website","url":"https:\/\/www.em.com.br\/emfoco\/","name":"Estado de Minas - Em foco","description":"Acompanhe as \u00faltimas not\u00edcias e fique bem informado sobre tudo o que acontece em Minas Gerais, Brasil e no mundo.","potentialAction":[{"@type":"SearchAction","target":{"@type":"EntryPoint","urlTemplate":"https:\/\/www.em.com.br\/emfoco\/?s={search_term_string}"},"query-input":{"@type":"PropertyValueSpecification","valueRequired":true,"valueName":"search_term_string"}}],"inLanguage":"pt-BR"},{"@type":"Person","@id":"https:\/\/www.em.com.br\/emfoco\/#\/schema\/person\/60eda09c1fedf0d6891f4cef4b60b8b8","name":"Andre\u0301 Rangel\u00a0","image":{"@type":"ImageObject","inLanguage":"pt-BR","@id":"https:\/\/www.em.com.br\/emfoco\/#\/schema\/person\/image\/","url":"https:\/\/secure.gravatar.com\/avatar\/6234dc814c77c8ef6d8bba622c787efc?s=96&d=mm&r=g","contentUrl":"https:\/\/secure.gravatar.com\/avatar\/6234dc814c77c8ef6d8bba622c787efc?s=96&d=mm&r=g","caption":"Andre\u0301 Rangel\u00a0"},"url":"https:\/\/www.em.com.br\/emfoco\/author\/luizmyth\/"}]}},"_links":{"self":[{"href":"https:\/\/www.em.com.br\/emfoco\/wp-json\/wp\/v2\/posts\/137024","targetHints":{"allow":["GET"]}}],"collection":[{"href":"https:\/\/www.em.com.br\/emfoco\/wp-json\/wp\/v2\/posts"}],"about":[{"href":"https:\/\/www.em.com.br\/emfoco\/wp-json\/wp\/v2\/types\/post"}],"author":[{"embeddable":true,"href":"https:\/\/www.em.com.br\/emfoco\/wp-json\/wp\/v2\/users\/11"}],"replies":[{"embeddable":true,"href":"https:\/\/www.em.com.br\/emfoco\/wp-json\/wp\/v2\/comments?post=137024"}],"version-history":[{"count":3,"href":"https:\/\/www.em.com.br\/emfoco\/wp-json\/wp\/v2\/posts\/137024\/revisions"}],"predecessor-version":[{"id":137110,"href":"https:\/\/www.em.com.br\/emfoco\/wp-json\/wp\/v2\/posts\/137024\/revisions\/137110"}],"wp:featuredmedia":[{"embeddable":true,"href":"https:\/\/www.em.com.br\/emfoco\/wp-json\/wp\/v2\/media\/112401"}],"wp:attachment":[{"href":"https:\/\/www.em.com.br\/emfoco\/wp-json\/wp\/v2\/media?parent=137024"}],"wp:term":[{"taxonomy":"category","embeddable":true,"href":"https:\/\/www.em.com.br\/emfoco\/wp-json\/wp\/v2\/categories?post=137024"},{"taxonomy":"post_tag","embeddable":true,"href":"https:\/\/www.em.com.br\/emfoco\/wp-json\/wp\/v2\/tags?post=137024"}],"curies":[{"name":"wp","href":"https:\/\/api.w.org\/{rel}","templated":true}]}}