{"id":136984,"date":"2025-12-07T11:00:00","date_gmt":"2025-12-07T14:00:00","guid":{"rendered":"https:\/\/www.em.com.br\/emfoco\/?p=136984"},"modified":"2025-12-07T09:35:47","modified_gmt":"2025-12-07T12:35:47","slug":"as-folhas-verdes-mais-potentes-para-o-corpo-e-que-voce-pode-cultivar-em-casa-sem-esforco","status":"publish","type":"post","link":"https:\/\/www.em.com.br\/emfoco\/2025\/12\/07\/as-folhas-verdes-mais-potentes-para-o-corpo-e-que-voce-pode-cultivar-em-casa-sem-esforco\/","title":{"rendered":"As folhas verdes mais potentes para o corpo e que voc\u00ea pode cultivar em casa sem esfor\u00e7o"},"content":{"rendered":"\n<p>As folhas verde-escuras, como <strong>couve<\/strong>, <strong>espinafre<\/strong>, <strong>r\u00facula <\/strong>e <strong>mostarda<\/strong>, v\u00eam ganhando espa\u00e7o na rotina de quem busca uma alimenta\u00e7\u00e3o mais equilibrada e pr\u00e1tica. Ricas em ferro, c\u00e1lcio, vitaminas e fibras, elas se destacam pelo valor nutricional, pela versatilidade na cozinha e pela possibilidade de cultivo em casa, mesmo em espa\u00e7os pequenos, garantindo alimentos frescos, sem agrot\u00f3xicos e com mais conex\u00e3o entre quem planta e quem consome.<\/p>\n\n\n\n<h2 class=\"wp-block-heading\">Por que as folhas verde-escuras s\u00e3o t\u00e3o importantes para a sa\u00fade<\/h2>\n\n\n\n<p>\u00c9 nesse grupo de vegetais que concentra <a href=\"https:\/\/vidasaudavel.einstein.br\/tipos-de-vitaminas\/\" target=\"_blank\" rel=\"noreferrer noopener\">vitaminas A, C e K<\/a>, al\u00e9m de minerais como ferro, c\u00e1lcio e magn\u00e9sio. Esses nutrientes participam da forma\u00e7\u00e3o de ossos, produ\u00e7\u00e3o de c\u00e9lulas sangu\u00edneas, prote\u00e7\u00e3o das mucosas e apoio \u00e0 imunidade.<\/p>\n\n\n\n<p>A presen\u00e7a de clorofila est\u00e1 associada a processos naturais de desintoxica\u00e7\u00e3o do corpo, ajudando a eliminar subst\u00e2ncias indesejadas. O alto teor de fibras favorece a digest\u00e3o, aumenta a saciedade e auxilia no controle do colesterol, refletindo na sa\u00fade da pele, vis\u00e3o e densidade \u00f3ssea quando aliado a outros h\u00e1bitos saud\u00e1veis.<\/p>\n\n\n\n<figure class=\"wp-block-image\"><img decoding=\"async\" src=\"https:\/\/www.em.com.br\/emfoco\/wp-content\/uploads\/2025\/05\/Couve-galega_at_Madeira_Island_01-1024x576.jpg\" alt=\"\"\/><figcaption class=\"wp-element-caption\">Cultivo pr\u00e1tico que garante folhas frescas e cheias de nutrientes &#8211; Cr\u00e9ditos: Divulga\u00e7\u00e3o\/Wikimedia Commons<\/figcaption><\/figure>\n\n\n\n<h2 class=\"wp-block-heading\">Como cultivar folhas verde-escuras em espa\u00e7os pequenos em casa<\/h2>\n\n\n\n<p>O cultivo de&nbsp;<strong>folhas verde-escuras em casa<\/strong>&nbsp;\u00e9 vi\u00e1vel em varandas, sacadas e quintais reduzidos, desde que haja algumas horas de sol por dia. Em locais muito quentes, \u00e9 comum priorizar o sol da manh\u00e3 ou do fim da tarde para reduzir o estresse nas folhas e evitar murchas constantes.<\/p>\n\n\n\n<p>Vasos, jardineiras ou baldes reaproveitados servem bem, desde que tenham furos para drenagem. O solo precisa ser leve, f\u00e9rtil e bem drenado, misturando terra, composto org\u00e2nico e, se poss\u00edvel, um pouco de areia, com regas regulares para manter o substrato \u00famido, mas sem encharcar.<\/p>\n\n\n\n<h2 class=\"wp-block-heading\">Principais tipos de folhas verde-escuras para ter na horta<\/h2>\n\n\n\n<p>Algumas esp\u00e9cies se adaptam melhor a espa\u00e7os pequenos e oferecem colheitas frequentes ao longo do ano. Escolher variedades r\u00fasticas facilita o cuidado di\u00e1rio e aumenta as chances de manter uma horta produtiva mesmo para iniciantes.<\/p>\n\n\n\n<ul class=\"wp-block-list\">\n<li><strong>Couve:<\/strong>\u00a0planta r\u00fastica, tolera bem varia\u00e7\u00f5es de temperatura e pode ser colhida por v\u00e1rios meses.<\/li>\n\n\n\n<li><strong>Espinafre:<\/strong>\u00a0prefere solo sempre \u00famido, tem crescimento r\u00e1pido e rende bem em vasos.<\/li>\n\n\n\n<li><strong>R\u00facula:<\/strong>\u00a0apresenta ciclo curto, permitindo colheitas em poucas semanas ap\u00f3s o plantio.<\/li>\n\n\n\n<li><strong>Mostarda:<\/strong>\u00a0adapta-se bem a canteiros e vasos, oferecendo folhas com sabor marcante.<\/li>\n<\/ul>\n\n\n\n<h2 class=\"wp-block-heading\">Como fazer mudas e garantir colheita cont\u00ednua de folhas verde-escuras<\/h2>\n\n\n\n<p>Manter&nbsp;<strong>folhas verdes frescas<\/strong>&nbsp;sempre dispon\u00edveis exige organizar a produ\u00e7\u00e3o de mudas em ciclos. A maioria das hortali\u00e7as folhosas nasce bem a partir de sementes colocadas em sementeiras, bandejas ou pequenos vasos com substrato fino, aerado e rico em mat\u00e9ria org\u00e2nica.<\/p>\n\n\n\n<figure class=\"wp-block-image\"><img decoding=\"async\" src=\"https:\/\/www.em.com.br\/emfoco\/wp-content\/uploads\/2025\/10\/cabbage_1760885614316-1024x576.jpg\" alt=\"\"\/><figcaption class=\"wp-element-caption\">O sumo de couve mais potente para desinchar e energizar Contribuem para digest\u00e3o saud\u00e1vel e controle natural do colesterol &#8211; Cr\u00e9ditos: depositphotos.com \/ VadimVasenin<\/figcaption><\/figure>\n\n\n\n<p>Algumas variedades de couve podem ser cultivadas por estacas, colocando um peda\u00e7o do caule diretamente no solo para enraizar. Com umidade constante, sem encharcar, as mudas crescem firmes e, quando apresentam algumas folhas bem formadas, podem ser transplantadas para o local definitivo.<\/p>\n\n\n\n<ol class=\"wp-block-list\">\n<li>Preparar o substrato leve e rico em mat\u00e9ria org\u00e2nica.<\/li>\n\n\n\n<li>Semear ou plantar estacas em recipientes apropriados.<\/li>\n\n\n\n<li>Manter em local iluminado, com regas frequentes e suaves.<\/li>\n\n\n\n<li>Transplantar quando as mudas estiverem firmes e bem enraizadas.<\/li>\n\n\n\n<li>Realizar colheitas parciais, retirando apenas as folhas externas.<\/li>\n<\/ol>\n\n\n\n<h2 class=\"wp-block-heading\">Como proteger as folhas verde-escuras e aproveitar melhor seus nutrientes<\/h2>\n\n\n\n<p>A prote\u00e7\u00e3o das hortali\u00e7as folhosas pode ser feita com solu\u00e7\u00f5es simples e de baixo impacto, como preparos \u00e0 base de alho, pimenta, vinagre ou sab\u00e3o neutro dilu\u00eddo em \u00e1gua. Essas misturas ajudam a afastar pragas em hortas caseiras sem deixar res\u00edduos qu\u00edmicos nas folhas e sem prejudicar o consumo.<\/p>\n\n\n\n<p>A forma de preparo tamb\u00e9m interfere diretamente no aproveitamento dos nutrientes das&nbsp;<strong>folhas verde-escuras<\/strong>. Alternar entre consumo cru e cozido \u00e9 uma boa estrat\u00e9gia: cruas preservam vitaminas sens\u00edveis ao calor, enquanto levemente refogadas ou cozidas no vapor podem facilitar a digest\u00e3o e melhorar a disponibilidade de alguns minerais.<\/p>\n\n\n\n<h2 class=\"wp-block-heading\">Inclua j\u00e1 as folhas verde-escuras na sua rotina alimentar di\u00e1ria<\/h2>\n\n\n\n<p>Ao integrar essas hortali\u00e7as ao dia a dia, \u00e9 poss\u00edvel unir praticidade, sabor e mais qualidade nutricional nas refei\u00e7\u00f5es, com maior controle sobre a origem dos alimentos. Comece hoje mesmo: escolha duas ou tr\u00eas variedades, plante em vasos simples e inclua por\u00e7\u00f5es de folhas verde-escuras em pelo menos uma refei\u00e7\u00e3o di\u00e1ria.<\/p>\n\n\n\n<p>N\u00e3o adie esse cuidado com sua sa\u00fade e da sua fam\u00edlia: organize sua pequena horta, teste novas receitas e transforme as folhas verde-escuras em presen\u00e7a constante no prato. Quanto mais cedo voc\u00ea come\u00e7ar, mais r\u00e1pido sentir\u00e1 os benef\u00edcios de uma alimenta\u00e7\u00e3o fresca, colorida e nutritiva na sua rotina.<\/p>\n","protected":false},"excerpt":{"rendered":"<p>As folhas verde-escuras, como couve, espinafre, r\u00facula e mostarda, v\u00eam ganhando espa\u00e7o na rotina de quem busca uma alimenta\u00e7\u00e3o mais equilibrada e pr\u00e1tica. Ricas em ferro, c\u00e1lcio, vitaminas e fibras, elas se destacam pelo valor nutricional, pela versatilidade na cozinha e pela possibilidade de cultivo em casa, mesmo em espa\u00e7os pequenos, garantindo alimentos frescos, sem [&hellip;]<\/p>\n","protected":false},"author":11,"featured_media":136985,"comment_status":"open","ping_status":"open","sticky":false,"template":"","format":"standard","meta":{"jnews-multi-image_gallery":[],"jnews_single_post":{"format":"standard"},"jnews_primary_category":[],"jnews_social_meta":[],"jnews_override_counter":[],"footnotes":""},"categories":[8819,1],"tags":[7701,9580,3792,12756,5611],"class_list":["post-136984","post","type-post","status-publish","format-standard","has-post-thumbnail","hentry","category-curiosidades","category-noticias","tag-como-plantar","tag-folhas-verdes","tag-horta","tag-saude-2","tag-vitaminas"],"yoast_head":"<!-- This site is optimized with the Yoast SEO plugin v23.8 - https:\/\/yoast.com\/wordpress\/plugins\/seo\/ -->\n<title>As folhas verdes mais potentes para o corpo e que voc\u00ea pode cultivar em casa sem esfor\u00e7o - Estado de Minas - Em foco<\/title>\n<meta name=\"description\" content=\"Hortas caseiras est\u00e3o transformando a sa\u00fade de muitas fam\u00edlias. Folhas escuras s\u00e3o ricas em ferro e f\u00e1ceis de cuidar.\" \/>\n<meta name=\"robots\" content=\"index, follow, max-snippet:-1, max-image-preview:large, max-video-preview:-1\" \/>\n<link rel=\"canonical\" href=\"https:\/\/www.em.com.br\/emfoco\/2025\/12\/07\/as-folhas-verdes-mais-potentes-para-o-corpo-e-que-voce-pode-cultivar-em-casa-sem-esforco\/\" \/>\n<meta property=\"og:locale\" content=\"pt_BR\" \/>\n<meta property=\"og:type\" content=\"article\" \/>\n<meta property=\"og:title\" content=\"As folhas verdes mais potentes para o corpo e que voc\u00ea pode cultivar em casa sem esfor\u00e7o - Estado de Minas - Em foco\" \/>\n<meta property=\"og:description\" content=\"Hortas caseiras est\u00e3o transformando a sa\u00fade de muitas fam\u00edlias. Folhas escuras s\u00e3o ricas em ferro e f\u00e1ceis de cuidar.\" \/>\n<meta property=\"og:url\" content=\"https:\/\/www.em.com.br\/emfoco\/2025\/12\/07\/as-folhas-verdes-mais-potentes-para-o-corpo-e-que-voce-pode-cultivar-em-casa-sem-esforco\/\" \/>\n<meta property=\"og:site_name\" content=\"Estado de Minas - Em foco\" \/>\n<meta property=\"article:published_time\" content=\"2025-12-07T14:00:00+00:00\" \/>\n<meta property=\"article:modified_time\" content=\"2025-12-07T12:35:47+00:00\" \/>\n<meta property=\"og:image\" content=\"https:\/\/www.em.com.br\/emfoco\/wp-content\/uploads\/2025\/12\/Gemini_Generated_Image_z3z65rz3z65rz3z6-1.png\" \/>\n\t<meta property=\"og:image:width\" content=\"1280\" \/>\n\t<meta property=\"og:image:height\" content=\"720\" \/>\n\t<meta property=\"og:image:type\" content=\"image\/png\" \/>\n<meta name=\"author\" content=\"Andre\u0301 Rangel\u00a0\" \/>\n<meta name=\"twitter:card\" content=\"summary_large_image\" \/>\n<meta name=\"twitter:label1\" content=\"Escrito por\" \/>\n\t<meta name=\"twitter:data1\" content=\"Andre\u0301 Rangel\u00a0\" \/>\n\t<meta name=\"twitter:label2\" content=\"Est. tempo de leitura\" \/>\n\t<meta name=\"twitter:data2\" content=\"5 minutos\" \/>\n<!-- \/ Yoast SEO plugin. -->","yoast_head_json":{"title":"As folhas verdes mais potentes para o corpo e que voc\u00ea pode cultivar em casa sem esfor\u00e7o - Estado de Minas - Em foco","description":"Hortas caseiras est\u00e3o transformando a sa\u00fade de muitas fam\u00edlias. Folhas escuras s\u00e3o ricas em ferro e f\u00e1ceis de cuidar.","robots":{"index":"index","follow":"follow","max-snippet":"max-snippet:-1","max-image-preview":"max-image-preview:large","max-video-preview":"max-video-preview:-1"},"canonical":"https:\/\/www.em.com.br\/emfoco\/2025\/12\/07\/as-folhas-verdes-mais-potentes-para-o-corpo-e-que-voce-pode-cultivar-em-casa-sem-esforco\/","og_locale":"pt_BR","og_type":"article","og_title":"As folhas verdes mais potentes para o corpo e que voc\u00ea pode cultivar em casa sem esfor\u00e7o - Estado de Minas - Em foco","og_description":"Hortas caseiras est\u00e3o transformando a sa\u00fade de muitas fam\u00edlias. Folhas escuras s\u00e3o ricas em ferro e f\u00e1ceis de cuidar.","og_url":"https:\/\/www.em.com.br\/emfoco\/2025\/12\/07\/as-folhas-verdes-mais-potentes-para-o-corpo-e-que-voce-pode-cultivar-em-casa-sem-esforco\/","og_site_name":"Estado de Minas - Em foco","article_published_time":"2025-12-07T14:00:00+00:00","article_modified_time":"2025-12-07T12:35:47+00:00","og_image":[{"width":1280,"height":720,"url":"https:\/\/www.em.com.br\/emfoco\/wp-content\/uploads\/2025\/12\/Gemini_Generated_Image_z3z65rz3z65rz3z6-1.png","type":"image\/png"}],"author":"Andre\u0301 Rangel\u00a0","twitter_card":"summary_large_image","twitter_misc":{"Escrito por":"Andre\u0301 Rangel\u00a0","Est. tempo de leitura":"5 minutos"},"schema":{"@context":"https:\/\/schema.org","@graph":[{"@type":"WebPage","@id":"https:\/\/www.em.com.br\/emfoco\/2025\/12\/07\/as-folhas-verdes-mais-potentes-para-o-corpo-e-que-voce-pode-cultivar-em-casa-sem-esforco\/","url":"https:\/\/www.em.com.br\/emfoco\/2025\/12\/07\/as-folhas-verdes-mais-potentes-para-o-corpo-e-que-voce-pode-cultivar-em-casa-sem-esforco\/","name":"As folhas verdes mais potentes para o corpo e que voc\u00ea pode cultivar em casa sem esfor\u00e7o - Estado de Minas - Em foco","isPartOf":{"@id":"https:\/\/www.em.com.br\/emfoco\/#website"},"primaryImageOfPage":{"@id":"https:\/\/www.em.com.br\/emfoco\/2025\/12\/07\/as-folhas-verdes-mais-potentes-para-o-corpo-e-que-voce-pode-cultivar-em-casa-sem-esforco\/#primaryimage"},"image":{"@id":"https:\/\/www.em.com.br\/emfoco\/2025\/12\/07\/as-folhas-verdes-mais-potentes-para-o-corpo-e-que-voce-pode-cultivar-em-casa-sem-esforco\/#primaryimage"},"thumbnailUrl":"https:\/\/www.em.com.br\/emfoco\/wp-content\/uploads\/2025\/12\/Gemini_Generated_Image_z3z65rz3z65rz3z6-1.png","datePublished":"2025-12-07T14:00:00+00:00","dateModified":"2025-12-07T12:35:47+00:00","author":{"@id":"https:\/\/www.em.com.br\/emfoco\/#\/schema\/person\/60eda09c1fedf0d6891f4cef4b60b8b8"},"description":"Hortas caseiras est\u00e3o transformando a sa\u00fade de muitas fam\u00edlias. Folhas escuras s\u00e3o ricas em ferro e f\u00e1ceis de cuidar.","breadcrumb":{"@id":"https:\/\/www.em.com.br\/emfoco\/2025\/12\/07\/as-folhas-verdes-mais-potentes-para-o-corpo-e-que-voce-pode-cultivar-em-casa-sem-esforco\/#breadcrumb"},"inLanguage":"pt-BR","potentialAction":[{"@type":"ReadAction","target":["https:\/\/www.em.com.br\/emfoco\/2025\/12\/07\/as-folhas-verdes-mais-potentes-para-o-corpo-e-que-voce-pode-cultivar-em-casa-sem-esforco\/"]}]},{"@type":"ImageObject","inLanguage":"pt-BR","@id":"https:\/\/www.em.com.br\/emfoco\/2025\/12\/07\/as-folhas-verdes-mais-potentes-para-o-corpo-e-que-voce-pode-cultivar-em-casa-sem-esforco\/#primaryimage","url":"https:\/\/www.em.com.br\/emfoco\/wp-content\/uploads\/2025\/12\/Gemini_Generated_Image_z3z65rz3z65rz3z6-1.png","contentUrl":"https:\/\/www.em.com.br\/emfoco\/wp-content\/uploads\/2025\/12\/Gemini_Generated_Image_z3z65rz3z65rz3z6-1.png","width":1280,"height":720,"caption":"Op\u00e7\u00e3o sustent\u00e1vel e livre de agrot\u00f3xicos para alimenta\u00e7\u00e3o equilibrada"},{"@type":"BreadcrumbList","@id":"https:\/\/www.em.com.br\/emfoco\/2025\/12\/07\/as-folhas-verdes-mais-potentes-para-o-corpo-e-que-voce-pode-cultivar-em-casa-sem-esforco\/#breadcrumb","itemListElement":[{"@type":"ListItem","position":1,"name":"In\u00edcio","item":"https:\/\/www.em.com.br\/emfoco\/"},{"@type":"ListItem","position":2,"name":"As folhas verdes mais potentes para o corpo e que voc\u00ea pode cultivar em casa sem esfor\u00e7o"}]},{"@type":"WebSite","@id":"https:\/\/www.em.com.br\/emfoco\/#website","url":"https:\/\/www.em.com.br\/emfoco\/","name":"Estado de Minas - Em foco","description":"Acompanhe as \u00faltimas not\u00edcias e fique bem informado sobre tudo o que acontece em Minas Gerais, Brasil e no mundo.","potentialAction":[{"@type":"SearchAction","target":{"@type":"EntryPoint","urlTemplate":"https:\/\/www.em.com.br\/emfoco\/?s={search_term_string}"},"query-input":{"@type":"PropertyValueSpecification","valueRequired":true,"valueName":"search_term_string"}}],"inLanguage":"pt-BR"},{"@type":"Person","@id":"https:\/\/www.em.com.br\/emfoco\/#\/schema\/person\/60eda09c1fedf0d6891f4cef4b60b8b8","name":"Andre\u0301 Rangel\u00a0","image":{"@type":"ImageObject","inLanguage":"pt-BR","@id":"https:\/\/www.em.com.br\/emfoco\/#\/schema\/person\/image\/","url":"https:\/\/secure.gravatar.com\/avatar\/6234dc814c77c8ef6d8bba622c787efc?s=96&d=mm&r=g","contentUrl":"https:\/\/secure.gravatar.com\/avatar\/6234dc814c77c8ef6d8bba622c787efc?s=96&d=mm&r=g","caption":"Andre\u0301 Rangel\u00a0"},"url":"https:\/\/www.em.com.br\/emfoco\/author\/luizmyth\/"}]}},"_links":{"self":[{"href":"https:\/\/www.em.com.br\/emfoco\/wp-json\/wp\/v2\/posts\/136984","targetHints":{"allow":["GET"]}}],"collection":[{"href":"https:\/\/www.em.com.br\/emfoco\/wp-json\/wp\/v2\/posts"}],"about":[{"href":"https:\/\/www.em.com.br\/emfoco\/wp-json\/wp\/v2\/types\/post"}],"author":[{"embeddable":true,"href":"https:\/\/www.em.com.br\/emfoco\/wp-json\/wp\/v2\/users\/11"}],"replies":[{"embeddable":true,"href":"https:\/\/www.em.com.br\/emfoco\/wp-json\/wp\/v2\/comments?post=136984"}],"version-history":[{"count":2,"href":"https:\/\/www.em.com.br\/emfoco\/wp-json\/wp\/v2\/posts\/136984\/revisions"}],"predecessor-version":[{"id":136987,"href":"https:\/\/www.em.com.br\/emfoco\/wp-json\/wp\/v2\/posts\/136984\/revisions\/136987"}],"wp:featuredmedia":[{"embeddable":true,"href":"https:\/\/www.em.com.br\/emfoco\/wp-json\/wp\/v2\/media\/136985"}],"wp:attachment":[{"href":"https:\/\/www.em.com.br\/emfoco\/wp-json\/wp\/v2\/media?parent=136984"}],"wp:term":[{"taxonomy":"category","embeddable":true,"href":"https:\/\/www.em.com.br\/emfoco\/wp-json\/wp\/v2\/categories?post=136984"},{"taxonomy":"post_tag","embeddable":true,"href":"https:\/\/www.em.com.br\/emfoco\/wp-json\/wp\/v2\/tags?post=136984"}],"curies":[{"name":"wp","href":"https:\/\/api.w.org\/{rel}","templated":true}]}}