{"id":136974,"date":"2025-12-07T21:05:00","date_gmt":"2025-12-08T00:05:00","guid":{"rendered":"https:\/\/www.em.com.br\/emfoco\/?p=136974"},"modified":"2025-12-06T22:49:57","modified_gmt":"2025-12-07T01:49:57","slug":"essa-e-a-cidade-com-cultura-de-outro-mundo-que-todo-brasileiro-sonha-em-conhecer","status":"publish","type":"post","link":"https:\/\/www.em.com.br\/emfoco\/2025\/12\/07\/essa-e-a-cidade-com-cultura-de-outro-mundo-que-todo-brasileiro-sonha-em-conhecer\/","title":{"rendered":"Essa \u00e9 a cidade com cultura de outro mundo que todo brasileiro sonha em conhecer"},"content":{"rendered":"\n<p><strong>T\u00f3quio<\/strong> redefiniu o conceito de metr\u00f3pole global, mesclando a tradi\u00e7\u00e3o milenar com arranha-c\u00e9us futuristas em uma harmonia que impressiona qualquer visitante. Famosa internacionalmente por sua ilumina\u00e7\u00e3o noturna vibrante e ritmo incans\u00e1vel, a cidade serve como o cora\u00e7\u00e3o pulsante da regi\u00e3o de <strong>Kanto<\/strong>, vizinha a destinos importantes como <strong>Yokohama<\/strong> e a hist\u00f3rica <strong>Kamakura<\/strong>.<\/p>\n\n\n\n<p>A imensid\u00e3o da \u00e1rea metropolitana pode parecer intimidante, mas a cidade conta com um dos sistemas de transporte mais eficientes e pontuais do mundo, conectando cada bairro com precis\u00e3o absoluta. Visitar a capital do <strong>Jap\u00e3o<\/strong> \u00e9 mergulhar em uma cultura onde o respeito ao pr\u00f3ximo e a inova\u00e7\u00e3o tecnol\u00f3gica caminham de m\u00e3os dadas.<\/p>\n\n\n\n<h2 class=\"wp-block-heading\">Por que a experi\u00eancia de turismo aqui \u00e9 incompar\u00e1vel?<\/h2>\n\n\n\n<p>A seguran\u00e7a p\u00fablica \u00e9 um dos maiores trunfos da cidade, permitindo que turistas explorem vielas e avenidas a qualquer hora do dia ou da noite com total tranquilidade. O conceito de <strong>Omotenashi<\/strong>, a hospitalidade japonesa que antecipa as necessidades do cliente, eleva o atendimento em lojas e restaurantes a um n\u00edvel de excel\u00eancia dif\u00edcil de encontrar em outro lugar.<\/p>\n\n\n\n<p>Al\u00e9m disso, a limpeza urbana \u00e9 impec\u00e1vel, fruto de uma consci\u00eancia coletiva que transforma o cuidado com o espa\u00e7o p\u00fablico em um dever de todos. Caminhar por bairros sofisticados como <strong>Ginza<\/strong> \u00e9 testemunhar como a modernidade pode coexistir com a organiza\u00e7\u00e3o e o sil\u00eancio respeitoso.<\/p>\n\n\n<div class=\"wp-block-image\">\n<figure class=\"aligncenter size-large\"><img loading=\"lazy\" decoding=\"async\" width=\"1024\" height=\"576\" src=\"https:\/\/www.em.com.br\/emfoco\/wp-content\/uploads\/2025\/12\/tokyo_1765069952858-1024x576.jpg\" alt=\"\" class=\"wp-image-137027\" srcset=\"https:\/\/www.em.com.br\/emfoco\/wp-content\/uploads\/2025\/12\/tokyo_1765069952858-1024x576.jpg 1024w, https:\/\/www.em.com.br\/emfoco\/wp-content\/uploads\/2025\/12\/tokyo_1765069952858-300x169.jpg 300w, https:\/\/www.em.com.br\/emfoco\/wp-content\/uploads\/2025\/12\/tokyo_1765069952858-768x432.jpg 768w, https:\/\/www.em.com.br\/emfoco\/wp-content\/uploads\/2025\/12\/tokyo_1765069952858-750x422.jpg 750w, https:\/\/www.em.com.br\/emfoco\/wp-content\/uploads\/2025\/12\/tokyo_1765069952858-1140x641.jpg 1140w, https:\/\/www.em.com.br\/emfoco\/wp-content\/uploads\/2025\/12\/tokyo_1765069952858.jpg 1280w\" sizes=\"auto, (max-width: 1024px) 100vw, 1024px\" \/><figcaption class=\"wp-element-caption\"> Seguran\u00e7a p\u00fablica \u00e9 um dos maiores trunfos de T\u00f3quio \/\/ Cr\u00e9ditos: depositphotos.com \/ sepavone<\/figcaption><\/figure><\/div>\n\n\n<h2 class=\"wp-block-heading\">Quais s\u00e3o as paradas obrigat\u00f3rias no seu roteiro?<\/h2>\n\n\n\n<p>O contraste hist\u00f3rico come\u00e7a em <strong>Asakusa<\/strong>, onde o templo <strong>Senso-ji<\/strong> \u2014 o mais antigo da cidade, fundado no s\u00e9culo VII \u2014 transporta o viajante para a atmosfera do Jap\u00e3o antigo. Em contrapartida, o bairro de <strong>Shibuya<\/strong> oferece a energia ca\u00f3tica e organizada do cruzamento mais movimentado do mundo, cercado por tel\u00f5es gigantescos.<\/p>\n\n\n\n<p>Para os amantes da cultura pop e tecnologia, <strong>Akihabara<\/strong> \u00e9 o para\u00edso dos eletr\u00f4nicos e animes, repleto de lojas coloridas e tem\u00e1ticas. J\u00e1 quem busca uma vista panor\u00e2mica deve subir na <strong>Tokyo Skytree<\/strong> ou no edif\u00edcio do <strong>Governo Metropolitano de T\u00f3quio<\/strong> em <strong>Shinjuku<\/strong>, onde, em dias claros, \u00e9 poss\u00edvel avistar a silhueta do <strong>Monte Fuji<\/strong>.<\/p>\n\n\n\n<p>Quem sonha em conhecer o Jap\u00e3o e sua vibrante capital, vai curtir esse v\u00eddeo especialmente selecionado do canal <strong>Viajantes de Esta\u00e7\u00e3o em Esta\u00e7\u00e3o<\/strong>, que conta com milhares de visualiza\u00e7\u00f5es, onde o casal <strong>Igor e Liliam<\/strong> mostra detalhadamente um roteiro com <strong>20 pontos tur\u00edsticos<\/strong> imperd\u00edveis em <strong>T\u00f3quio<\/strong>, passando por templos hist\u00f3ricos, o famoso cruzamento de <strong>Shibuya<\/strong> e a exclusiva <strong>DisneySea<\/strong>, al\u00e9m de dicas valiosas de transporte e hospedagem:<\/p>\n\n\n\n<figure class=\"wp-block-embed is-type-video is-provider-youtube wp-block-embed-youtube wp-embed-aspect-16-9 wp-has-aspect-ratio\"><div class=\"wp-block-embed__wrapper\">\n<div class=\"jeg_video_container jeg_video_content\"><iframe loading=\"lazy\" title=\"T\u00d3QUIO, JAP\u00c3O | 20 PONTOS TUR\u00cdSTICOS para conhecer + Dicas de viagem! 4K\" width=\"500\" height=\"281\" src=\"https:\/\/www.youtube.com\/embed\/zZMTHaxIwKg?feature=oembed\" frameborder=\"0\" allow=\"accelerometer; autoplay; clipboard-write; encrypted-media; gyroscope; picture-in-picture; web-share\" referrerpolicy=\"strict-origin-when-cross-origin\" allowfullscreen><\/iframe><\/div>\n<\/div><\/figure>\n\n\n\n<h2 class=\"wp-block-heading\">Como o clima e as esta\u00e7\u00f5es definem a melhor \u00e9poca para ir?<\/h2>\n\n\n\n<p>O clima temperado oferece quatro esta\u00e7\u00f5es distintas, cada uma proporcionando uma paisagem completamente nova. <strong><a href=\"https:\/\/www.data.jma.go.jp\/multi\/index.html?lang=pt\" target=\"_blank\" rel=\"noreferrer noopener\">Dados climatol\u00f3gicos hist\u00f3ricos da ag\u00eancia japonesa<\/a> (JMA)<\/strong> indicam um padr\u00e3o onde a primavera e o outono continuam sendo os favoritos dos turistas devido \u00e0s temperaturas amenas e baixa pluviosidade.<\/p>\n\n\n\n<p>Planejar a mala exige aten\u00e7\u00e3o ao calend\u00e1rio, pois a umidade do ver\u00e3o e o vento seco do inverno mudam a din\u00e2mica da viagem. Entenda o que esperar de cada per\u00edodo:<\/p>\n\n\n\n<ul class=\"wp-block-list\">\n<li class=\"has-medium-font-size\"><strong>Primavera (Mar\u00e7o a Maio):<\/strong> \u00c9 a \u00e9poca m\u00e1gica das cerejeiras (Sakura), com temperaturas agrad\u00e1veis entre 13\u00b0C e 23\u00b0C.<\/li>\n\n\n\n<li class=\"has-medium-font-size\"><strong>Ver\u00e3o (Junho a Agosto):<\/strong> Quente e \u00famido, com m\u00e9dias de 24\u00b0C a 31\u00b0C, ideal para festivais de fogos de artif\u00edcio.<\/li>\n\n\n\n<li class=\"has-medium-font-size\"><strong>Outono (Setembro a Novembro):<\/strong> As folhas ganham tons de vermelho e dourado (Koyo), com clima fresco variando de 15\u00b0C a 22\u00b0C.<\/li>\n\n\n\n<li class=\"has-medium-font-size\"><strong>Inverno (Dezembro a Fevereiro):<\/strong> Dias ensolarados, por\u00e9m frios e secos, com term\u00f4metros marcando entre 5\u00b0C e 12\u00b0C.<\/li>\n<\/ul>\n\n\n\n<h2 class=\"wp-block-heading\">Segredos gastron\u00f4micos al\u00e9m do Sushi<\/h2>\n\n\n\n<p>Engana-se quem pensa que s\u00f3 de peixe cru vive a culin\u00e1ria local; o <strong>Ramen<\/strong> \u00e9 uma institui\u00e7\u00e3o sagrada, com casas especializadas em cada esquina servindo caldos complexos e saborosos. O <strong>Tsukiji Outer Market<\/strong> continua sendo o local perfeito para provar frutos do mar frescos e omeletes japoneses logo pela manh\u00e3.<\/p>\n\n\n\n<p>Para uma experi\u00eancia noturna aut\u00eantica, explore os <strong>Izakayas<\/strong>, bares tradicionais onde se servem petiscos e bebidas locais em um ambiente descontra\u00eddo. Pequenos becos como o <strong>Omoide Yokocho<\/strong> oferecem uma atmosfera nost\u00e1lgica, com fuma\u00e7a de espetinhos grelhados (Yakitori) e conversas animadas.<\/p>\n\n\n<div class=\"wp-block-image\">\n<figure class=\"aligncenter size-large\"><img loading=\"lazy\" decoding=\"async\" width=\"1024\" height=\"576\" src=\"https:\/\/www.em.com.br\/emfoco\/wp-content\/uploads\/2025\/12\/tokyo_1765069894628-1024x576.jpg\" alt=\"\" class=\"wp-image-137026\" srcset=\"https:\/\/www.em.com.br\/emfoco\/wp-content\/uploads\/2025\/12\/tokyo_1765069894628-1024x576.jpg 1024w, https:\/\/www.em.com.br\/emfoco\/wp-content\/uploads\/2025\/12\/tokyo_1765069894628-300x169.jpg 300w, https:\/\/www.em.com.br\/emfoco\/wp-content\/uploads\/2025\/12\/tokyo_1765069894628-768x432.jpg 768w, https:\/\/www.em.com.br\/emfoco\/wp-content\/uploads\/2025\/12\/tokyo_1765069894628-750x422.jpg 750w, https:\/\/www.em.com.br\/emfoco\/wp-content\/uploads\/2025\/12\/tokyo_1765069894628-1140x641.jpg 1140w, https:\/\/www.em.com.br\/emfoco\/wp-content\/uploads\/2025\/12\/tokyo_1765069894628.jpg 1280w\" sizes=\"auto, (max-width: 1024px) 100vw, 1024px\" \/><figcaption class=\"wp-element-caption\">T\u00f3quio abriga o maior n\u00famero de estrelas Michelin do mundo, superando capitais gastron\u00f4micas europeias \/\/ Cr\u00e9ditos: depositphotos.com \/ sepavone<\/figcaption><\/figure><\/div>\n\n\n<p><strong>Leia tamb\u00e9m: <a href=\"https:\/\/www.em.com.br\/emfoco\/2025\/12\/06\/o-paraiso-rustico-do-litoral-baiano-onde-carros-sao-proibidos-e-o-tempo-parece-desacelerar-entre-rio-e-mar\/\" target=\"_blank\" rel=\"noreferrer noopener\">O para\u00edso r\u00fastico do litoral baiano onde carros s\u00e3o proibidos e o tempo parece desacelerar entre rio e mar<\/a><\/strong><\/p>\n\n\n\n<h2 class=\"wp-block-heading\">Curiosidades fascinantes da metr\u00f3pole<\/h2>\n\n\n\n<p><strong><a href=\"https:\/\/metropolisjapan-com.translate.goog\/michelin-star-ranking\/?_x_tr_sl=en&amp;_x_tr_tl=pt&amp;_x_tr_hl=pt&amp;_x_tr_pto=tc\" target=\"_blank\" rel=\"noreferrer noopener\">T\u00f3quio abriga o maior n\u00famero de estrelas Michelin do mundo<\/a><\/strong>, superando capitais gastron\u00f4micas europeias, o que prova a dedica\u00e7\u00e3o dos chefs locais \u00e0 perfei\u00e7\u00e3o. Outra peculiaridade \u00e9 a onipresen\u00e7a das &#8220;Vending Machines&#8221;, m\u00e1quinas autom\u00e1ticas que vendem de tudo, desde bebidas quentes at\u00e9 sopas, em praticamente qualquer rua.<\/p>\n\n\n\n<p>Existe tamb\u00e9m um &#8220;sil\u00eancio social&#8221; nos transportes p\u00fablicos: falar ao celular dentro de trens e metr\u00f4s \u00e9 considerado rude. Esse respeito m\u00fatuo garante que, mesmo em vag\u00f5es lotados, a viagem seja pac\u00edfica e livre de polui\u00e7\u00e3o sonora excessiva.<\/p>\n\n\n\n<h2 class=\"wp-block-heading\">Venha descobrir o futuro no oriente<\/h2>\n\n\n\n<p>Visitar este destino \u00e9 aceitar o convite para expandir seus horizontes e vivenciar uma sociedade que valoriza a tradi\u00e7\u00e3o enquanto constr\u00f3i o amanh\u00e3. Prepare seu esp\u00edrito para ser tocado pela gentileza, pela est\u00e9tica e pela energia inesgot\u00e1vel desta cidade \u00fanica.<\/p>\n","protected":false},"excerpt":{"rendered":"<p>T\u00f3quio redefiniu o conceito de metr\u00f3pole global, mesclando a tradi\u00e7\u00e3o milenar com arranha-c\u00e9us futuristas em uma harmonia que impressiona qualquer visitante. Famosa internacionalmente por sua ilumina\u00e7\u00e3o noturna vibrante e ritmo incans\u00e1vel, a cidade serve como o cora\u00e7\u00e3o pulsante da regi\u00e3o de Kanto, vizinha a destinos importantes como Yokohama e a hist\u00f3rica Kamakura. A imensid\u00e3o da [&hellip;]<\/p>\n","protected":false},"author":6,"featured_media":137028,"comment_status":"open","ping_status":"open","sticky":false,"template":"","format":"standard","meta":{"jnews-multi-image_gallery":[],"jnews_single_post":{"format":"standard"},"jnews_primary_category":[],"jnews_social_meta":[],"jnews_override_counter":[],"footnotes":""},"categories":[26],"tags":[183,2088,8552],"class_list":["post-136974","post","type-post","status-publish","format-standard","has-post-thumbnail","hentry","category-cidades","tag-cidades","tag-japao","tag-toquio"],"yoast_head":"<!-- This site is optimized with the Yoast SEO plugin v23.8 - https:\/\/yoast.com\/wordpress\/plugins\/seo\/ -->\n<title>Essa \u00e9 a cidade com cultura de outro mundo que todo brasileiro sonha em conhecer - Estado de Minas - Em foco<\/title>\n<meta name=\"description\" content=\"Cheia de hist\u00f3ria, sabores \u00fanicos e cen\u00e1rios vibrantes, esta cidade oferece uma imers\u00e3o cultural que marca qualquer viajante.\" \/>\n<meta name=\"robots\" content=\"index, follow, max-snippet:-1, max-image-preview:large, max-video-preview:-1\" \/>\n<link rel=\"canonical\" href=\"https:\/\/www.em.com.br\/emfoco\/2025\/12\/07\/essa-e-a-cidade-com-cultura-de-outro-mundo-que-todo-brasileiro-sonha-em-conhecer\/\" \/>\n<meta property=\"og:locale\" content=\"pt_BR\" \/>\n<meta property=\"og:type\" content=\"article\" \/>\n<meta property=\"og:title\" content=\"Essa \u00e9 a cidade com cultura de outro mundo que todo brasileiro sonha em conhecer - Estado de Minas - Em foco\" \/>\n<meta property=\"og:description\" content=\"Cheia de hist\u00f3ria, sabores \u00fanicos e cen\u00e1rios vibrantes, esta cidade oferece uma imers\u00e3o cultural que marca qualquer viajante.\" \/>\n<meta property=\"og:url\" content=\"https:\/\/www.em.com.br\/emfoco\/2025\/12\/07\/essa-e-a-cidade-com-cultura-de-outro-mundo-que-todo-brasileiro-sonha-em-conhecer\/\" \/>\n<meta property=\"og:site_name\" content=\"Estado de Minas - Em foco\" \/>\n<meta property=\"article:published_time\" content=\"2025-12-08T00:05:00+00:00\" \/>\n<meta property=\"article:modified_time\" content=\"2025-12-07T01:49:57+00:00\" \/>\n<meta property=\"og:image\" content=\"https:\/\/www.em.com.br\/emfoco\/wp-content\/uploads\/2025\/12\/tokyo_1765069967711.jpg\" \/>\n\t<meta property=\"og:image:width\" content=\"1280\" \/>\n\t<meta property=\"og:image:height\" content=\"720\" \/>\n\t<meta property=\"og:image:type\" content=\"image\/jpeg\" \/>\n<meta name=\"author\" content=\"Vitor Bruno\" \/>\n<meta name=\"twitter:card\" content=\"summary_large_image\" \/>\n<meta name=\"twitter:label1\" content=\"Escrito por\" \/>\n\t<meta name=\"twitter:data1\" content=\"Vitor Bruno\" \/>\n\t<meta name=\"twitter:label2\" content=\"Est. tempo de leitura\" \/>\n\t<meta name=\"twitter:data2\" content=\"6 minutos\" \/>\n<!-- \/ Yoast SEO plugin. -->","yoast_head_json":{"title":"Essa \u00e9 a cidade com cultura de outro mundo que todo brasileiro sonha em conhecer - Estado de Minas - Em foco","description":"Cheia de hist\u00f3ria, sabores \u00fanicos e cen\u00e1rios vibrantes, esta cidade oferece uma imers\u00e3o cultural que marca qualquer viajante.","robots":{"index":"index","follow":"follow","max-snippet":"max-snippet:-1","max-image-preview":"max-image-preview:large","max-video-preview":"max-video-preview:-1"},"canonical":"https:\/\/www.em.com.br\/emfoco\/2025\/12\/07\/essa-e-a-cidade-com-cultura-de-outro-mundo-que-todo-brasileiro-sonha-em-conhecer\/","og_locale":"pt_BR","og_type":"article","og_title":"Essa \u00e9 a cidade com cultura de outro mundo que todo brasileiro sonha em conhecer - Estado de Minas - Em foco","og_description":"Cheia de hist\u00f3ria, sabores \u00fanicos e cen\u00e1rios vibrantes, esta cidade oferece uma imers\u00e3o cultural que marca qualquer viajante.","og_url":"https:\/\/www.em.com.br\/emfoco\/2025\/12\/07\/essa-e-a-cidade-com-cultura-de-outro-mundo-que-todo-brasileiro-sonha-em-conhecer\/","og_site_name":"Estado de Minas - Em foco","article_published_time":"2025-12-08T00:05:00+00:00","article_modified_time":"2025-12-07T01:49:57+00:00","og_image":[{"width":1280,"height":720,"url":"https:\/\/www.em.com.br\/emfoco\/wp-content\/uploads\/2025\/12\/tokyo_1765069967711.jpg","type":"image\/jpeg"}],"author":"Vitor Bruno","twitter_card":"summary_large_image","twitter_misc":{"Escrito por":"Vitor Bruno","Est. tempo de leitura":"6 minutos"},"schema":{"@context":"https:\/\/schema.org","@graph":[{"@type":"WebPage","@id":"https:\/\/www.em.com.br\/emfoco\/2025\/12\/07\/essa-e-a-cidade-com-cultura-de-outro-mundo-que-todo-brasileiro-sonha-em-conhecer\/","url":"https:\/\/www.em.com.br\/emfoco\/2025\/12\/07\/essa-e-a-cidade-com-cultura-de-outro-mundo-que-todo-brasileiro-sonha-em-conhecer\/","name":"Essa \u00e9 a cidade com cultura de outro mundo que todo brasileiro sonha em conhecer - Estado de Minas - Em foco","isPartOf":{"@id":"https:\/\/www.em.com.br\/emfoco\/#website"},"primaryImageOfPage":{"@id":"https:\/\/www.em.com.br\/emfoco\/2025\/12\/07\/essa-e-a-cidade-com-cultura-de-outro-mundo-que-todo-brasileiro-sonha-em-conhecer\/#primaryimage"},"image":{"@id":"https:\/\/www.em.com.br\/emfoco\/2025\/12\/07\/essa-e-a-cidade-com-cultura-de-outro-mundo-que-todo-brasileiro-sonha-em-conhecer\/#primaryimage"},"thumbnailUrl":"https:\/\/www.em.com.br\/emfoco\/wp-content\/uploads\/2025\/12\/tokyo_1765069967711.jpg","datePublished":"2025-12-08T00:05:00+00:00","dateModified":"2025-12-07T01:49:57+00:00","author":{"@id":"https:\/\/www.em.com.br\/emfoco\/#\/schema\/person\/364ac1852fafd00f1be20f0b8b237569"},"description":"Cheia de hist\u00f3ria, sabores \u00fanicos e cen\u00e1rios vibrantes, esta cidade oferece uma imers\u00e3o cultural que marca qualquer viajante.","breadcrumb":{"@id":"https:\/\/www.em.com.br\/emfoco\/2025\/12\/07\/essa-e-a-cidade-com-cultura-de-outro-mundo-que-todo-brasileiro-sonha-em-conhecer\/#breadcrumb"},"inLanguage":"pt-BR","potentialAction":[{"@type":"ReadAction","target":["https:\/\/www.em.com.br\/emfoco\/2025\/12\/07\/essa-e-a-cidade-com-cultura-de-outro-mundo-que-todo-brasileiro-sonha-em-conhecer\/"]}]},{"@type":"ImageObject","inLanguage":"pt-BR","@id":"https:\/\/www.em.com.br\/emfoco\/2025\/12\/07\/essa-e-a-cidade-com-cultura-de-outro-mundo-que-todo-brasileiro-sonha-em-conhecer\/#primaryimage","url":"https:\/\/www.em.com.br\/emfoco\/wp-content\/uploads\/2025\/12\/tokyo_1765069967711.jpg","contentUrl":"https:\/\/www.em.com.br\/emfoco\/wp-content\/uploads\/2025\/12\/tokyo_1765069967711.jpg","width":1280,"height":720,"caption":"T\u00f3quio redefiniu o conceito de metr\u00f3pole global, mesclando a tradi\u00e7\u00e3o milenar com arranha-c\u00e9us futuristas \/\/ Cr\u00e9ditos: depositphotos.com \/ sepavone"},{"@type":"BreadcrumbList","@id":"https:\/\/www.em.com.br\/emfoco\/2025\/12\/07\/essa-e-a-cidade-com-cultura-de-outro-mundo-que-todo-brasileiro-sonha-em-conhecer\/#breadcrumb","itemListElement":[{"@type":"ListItem","position":1,"name":"In\u00edcio","item":"https:\/\/www.em.com.br\/emfoco\/"},{"@type":"ListItem","position":2,"name":"Essa \u00e9 a cidade com cultura de outro mundo que todo brasileiro sonha em conhecer"}]},{"@type":"WebSite","@id":"https:\/\/www.em.com.br\/emfoco\/#website","url":"https:\/\/www.em.com.br\/emfoco\/","name":"Estado de Minas - Em foco","description":"Acompanhe as \u00faltimas not\u00edcias e fique bem informado sobre tudo o que acontece em Minas Gerais, Brasil e no mundo.","potentialAction":[{"@type":"SearchAction","target":{"@type":"EntryPoint","urlTemplate":"https:\/\/www.em.com.br\/emfoco\/?s={search_term_string}"},"query-input":{"@type":"PropertyValueSpecification","valueRequired":true,"valueName":"search_term_string"}}],"inLanguage":"pt-BR"},{"@type":"Person","@id":"https:\/\/www.em.com.br\/emfoco\/#\/schema\/person\/364ac1852fafd00f1be20f0b8b237569","name":"Vitor Bruno","image":{"@type":"ImageObject","inLanguage":"pt-BR","@id":"https:\/\/www.em.com.br\/emfoco\/#\/schema\/person\/image\/","url":"https:\/\/secure.gravatar.com\/avatar\/b719e5cdede09f942064960883b5524d?s=96&d=mm&r=g","contentUrl":"https:\/\/secure.gravatar.com\/avatar\/b719e5cdede09f942064960883b5524d?s=96&d=mm&r=g","caption":"Vitor Bruno"},"sameAs":["https:\/\/www.em.com.br\/emfoco\/"],"url":"https:\/\/www.em.com.br\/emfoco\/author\/vitormyth\/"}]}},"_links":{"self":[{"href":"https:\/\/www.em.com.br\/emfoco\/wp-json\/wp\/v2\/posts\/136974","targetHints":{"allow":["GET"]}}],"collection":[{"href":"https:\/\/www.em.com.br\/emfoco\/wp-json\/wp\/v2\/posts"}],"about":[{"href":"https:\/\/www.em.com.br\/emfoco\/wp-json\/wp\/v2\/types\/post"}],"author":[{"embeddable":true,"href":"https:\/\/www.em.com.br\/emfoco\/wp-json\/wp\/v2\/users\/6"}],"replies":[{"embeddable":true,"href":"https:\/\/www.em.com.br\/emfoco\/wp-json\/wp\/v2\/comments?post=136974"}],"version-history":[{"count":3,"href":"https:\/\/www.em.com.br\/emfoco\/wp-json\/wp\/v2\/posts\/136974\/revisions"}],"predecessor-version":[{"id":137059,"href":"https:\/\/www.em.com.br\/emfoco\/wp-json\/wp\/v2\/posts\/136974\/revisions\/137059"}],"wp:featuredmedia":[{"embeddable":true,"href":"https:\/\/www.em.com.br\/emfoco\/wp-json\/wp\/v2\/media\/137028"}],"wp:attachment":[{"href":"https:\/\/www.em.com.br\/emfoco\/wp-json\/wp\/v2\/media?parent=136974"}],"wp:term":[{"taxonomy":"category","embeddable":true,"href":"https:\/\/www.em.com.br\/emfoco\/wp-json\/wp\/v2\/categories?post=136974"},{"taxonomy":"post_tag","embeddable":true,"href":"https:\/\/www.em.com.br\/emfoco\/wp-json\/wp\/v2\/tags?post=136974"}],"curies":[{"name":"wp","href":"https:\/\/api.w.org\/{rel}","templated":true}]}}